{"id":8833,"date":"2022-05-23T15:07:55","date_gmt":"2022-05-23T18:07:55","guid":{"rendered":"https:\/\/contabilidadecaxias.com.br\/index.php\/2022\/05\/23\/comissao-define-acoes-da-semana-de-combate-ao-assedio-e-a-discriminacao\/"},"modified":"2022-05-23T15:07:55","modified_gmt":"2022-05-23T18:07:55","slug":"comissao-define-acoes-da-semana-de-combate-ao-assedio-e-a-discriminacao","status":"publish","type":"post","link":"https:\/\/contabilidadecaxias.com.br\/index.php\/2022\/05\/23\/comissao-define-acoes-da-semana-de-combate-ao-assedio-e-a-discriminacao\/","title":{"rendered":"Comiss\u00e3o define a\u00e7\u00f5es da Semana de Combate ao Ass\u00e9dio e \u00e0 Discrimina\u00e7\u00e3o"},"content":{"rendered":"<p><em>Atividades, que v\u00e3o ocorrer no final de maio no TST,\u00a0foram definidas na primeira reuni\u00e3o do comit\u00ea de combate aos ass\u00e9dios moral e sexual<\/em><\/p>\n<p>23\/05\/2022 &#8211; O Comit\u00ea de Combate ao Ass\u00e9dio Moral e ao Ass\u00e9dio Sexual no \u00e2mbito do TST e do CSJT realizou, na \u00faltima quinta-feira (12), sua primeira reuni\u00e3o ordin\u00e1ria. No encontro, houve a apresenta\u00e7\u00e3o dos objetivos e dos\u00a0integrantes do grupo, al\u00e9m da defini\u00e7\u00e3o das a\u00e7\u00f5es da Semana de Combate ao Ass\u00e9dio e \u00e0 Discrimina\u00e7\u00e3o, institu\u00edda pelo Conselho Nacional de Justi\u00e7a (CNJ) na Resolu\u00e7\u00e3o CNJ n\u00ba 450, de 12 de abril de 2022.<\/p>\n<p>No TST e no CSJT, a programa\u00e7\u00e3o ser\u00e1 realizada em 27 de maio e contar\u00e1 com a palestra \u201cEntendendo o ass\u00e9dio no trabalho &#8211; estrat\u00e9gias de prote\u00e7\u00e3o&#8221;, em formato presencial e uma roda de conversa com especialistas sobre o tema. Os eventos ter\u00e3o inscri\u00e7\u00f5es abertas em breve.\u00a0<\/p>\n<p>Ainda durante a programa\u00e7\u00e3o, haver\u00e1 divulga\u00e7\u00e3o de materiais did\u00e1ticos e informativos para servidores e prestadores de servi\u00e7o. A ideia \u00e9 esclarecer e orientar o p\u00fablico interno do TST a prevenir e denunciar a pr\u00e1tica.<\/p>\n<p>Outro tema tratado na primeira reuni\u00e3o da comiss\u00e3o foi a\u00a0necessidade de atualiza\u00e7\u00e3o do\u00a0<a href=\"https:\/\/juslaboris.tst.jus.br\/bitstream\/handle\/20.500.12178\/152330\/2019_atc0008_tst_csjt.pdf?sequence=1&amp;isAllowed=y\" target=\"_blank\" rel=\"noopener\"><strong>Ato Conjunto TST.CSJT.GP n\u00ba 8<\/strong><\/a>, de 21 de mar\u00e7o de 2019, que instituiu a Pol\u00edtica de Preven\u00e7\u00e3o e Combate ao Ass\u00e9dio Moral no \u00e2mbito do TST e do CSJT. O objetivo \u00e9 incluir a pol\u00edtica de preven\u00e7\u00e3o e combate ao ass\u00e9dio sexual, bem como para definir os canais de den\u00fancia e o fluxo de tratamento das den\u00fancias no \u00e2mbito do tribunal.<\/p>\n<p><strong>Boas pr\u00e1ticas<\/strong><\/p>\n<p>Ciente de que os Tribunais Regionais do Trabalho (TRTs) t\u00eam v\u00e1rias a\u00e7\u00f5es de preven\u00e7\u00e3o e combate aos ass\u00e9dios, bem como canais de den\u00fancia e fluxo de apura\u00e7\u00e3o e tratamento institucional bem definidos, o comit\u00ea far\u00e1 consulta aos TRTs para saber mais sobre as boas pr\u00e1ticas adotadas.\u00a0<\/p>\n<p>(Guilherme Castro)<\/p>\n","protected":false},"excerpt":{"rendered":"<p>Atividades, que v\u00e3o ocorrer no final de maio no TST,\u00a0foram definidas na primeira reuni\u00e3o do comit\u00ea de combate aos ass\u00e9dios moral e sexual 23\/05\/2022 &#8211; O Comit\u00ea de Combate ao Ass\u00e9dio Moral e ao Ass\u00e9dio Sexual no \u00e2mbito do TST e do CSJT realizou, na \u00faltima quinta-feira (12), sua primeira reuni\u00e3o ordin\u00e1ria. No encontro, houve [&hellip;]<\/p>\n","protected":false},"author":0,"featured_media":0,"comment_status":"open","ping_status":"","sticky":false,"template":"","format":"standard","meta":{"footnotes":""},"categories":[5],"tags":[],"class_list":["post-8833","post","type-post","status-publish","format-standard","hentry","category-noticias-educacao-financeira"],"blocksy_meta":{"styles_descriptor":{"styles":{"desktop":"","tablet":"","mobile":""},"google_fonts":[],"version":6}},"yoast_head":"<!-- This site is optimized with the Yoast SEO plugin v27.5 - https:\/\/yoast.com\/product\/yoast-seo-wordpress\/ -->\n<title>Comiss\u00e3o define a\u00e7\u00f5es da Semana de Combate ao Ass\u00e9dio e \u00e0 Discrimina\u00e7\u00e3o - Contabilidade Caxias<\/title>\n<meta name=\"robots\" content=\"index, follow, max-snippet:-1, max-image-preview:large, max-video-preview:-1\" \/>\n<link rel=\"canonical\" href=\"https:\/\/contabilidadecaxias.com.br\/index.php\/2022\/05\/23\/comissao-define-acoes-da-semana-de-combate-ao-assedio-e-a-discriminacao\/\" \/>\n<meta property=\"og:locale\" content=\"pt_BR\" \/>\n<meta property=\"og:type\" content=\"article\" \/>\n<meta property=\"og:title\" content=\"Comiss\u00e3o define a\u00e7\u00f5es da Semana de Combate ao Ass\u00e9dio e \u00e0 Discrimina\u00e7\u00e3o - Contabilidade Caxias\" \/>\n<meta property=\"og:description\" content=\"Atividades, que v\u00e3o ocorrer no final de maio no TST,\u00a0foram definidas na primeira reuni\u00e3o do comit\u00ea de combate aos ass\u00e9dios moral e sexual 23\/05\/2022 &#8211; O Comit\u00ea de Combate ao Ass\u00e9dio Moral e ao Ass\u00e9dio Sexual no \u00e2mbito do TST e do CSJT realizou, na \u00faltima quinta-feira (12), sua primeira reuni\u00e3o ordin\u00e1ria. No encontro, houve [&hellip;]\" \/>\n<meta property=\"og:url\" content=\"https:\/\/contabilidadecaxias.com.br\/index.php\/2022\/05\/23\/comissao-define-acoes-da-semana-de-combate-ao-assedio-e-a-discriminacao\/\" \/>\n<meta property=\"og:site_name\" content=\"Contabilidade Caxias\" \/>\n<meta property=\"article:published_time\" content=\"2022-05-23T18:07:55+00:00\" \/>\n<meta name=\"twitter:card\" content=\"summary_large_image\" \/>\n<meta name=\"twitter:label1\" content=\"Est. tempo de leitura\" \/>\n\t<meta name=\"twitter:data1\" content=\"2 minutos\" \/>\n<script type=\"application\/ld+json\" class=\"yoast-schema-graph\">{\"@context\":\"https:\\\/\\\/schema.org\",\"@graph\":[{\"@type\":\"Article\",\"@id\":\"https:\\\/\\\/contabilidadecaxias.com.br\\\/index.php\\\/2022\\\/05\\\/23\\\/comissao-define-acoes-da-semana-de-combate-ao-assedio-e-a-discriminacao\\\/#article\",\"isPartOf\":{\"@id\":\"https:\\\/\\\/contabilidadecaxias.com.br\\\/index.php\\\/2022\\\/05\\\/23\\\/comissao-define-acoes-da-semana-de-combate-ao-assedio-e-a-discriminacao\\\/\"},\"author\":{\"name\":\"\",\"@id\":\"\"},\"headline\":\"Comiss\u00e3o define a\u00e7\u00f5es da Semana de Combate ao Ass\u00e9dio e \u00e0 Discrimina\u00e7\u00e3o\",\"datePublished\":\"2022-05-23T18:07:55+00:00\",\"mainEntityOfPage\":{\"@id\":\"https:\\\/\\\/contabilidadecaxias.com.br\\\/index.php\\\/2022\\\/05\\\/23\\\/comissao-define-acoes-da-semana-de-combate-ao-assedio-e-a-discriminacao\\\/\"},\"wordCount\":357,\"commentCount\":0,\"articleSection\":[\"Educa\u00e7\u00e3o Financeira\"],\"inLanguage\":\"pt-BR\",\"potentialAction\":[{\"@type\":\"CommentAction\",\"name\":\"Comment\",\"target\":[\"https:\\\/\\\/contabilidadecaxias.com.br\\\/index.php\\\/2022\\\/05\\\/23\\\/comissao-define-acoes-da-semana-de-combate-ao-assedio-e-a-discriminacao\\\/#respond\"]}]},{\"@type\":\"WebPage\",\"@id\":\"https:\\\/\\\/contabilidadecaxias.com.br\\\/index.php\\\/2022\\\/05\\\/23\\\/comissao-define-acoes-da-semana-de-combate-ao-assedio-e-a-discriminacao\\\/\",\"url\":\"https:\\\/\\\/contabilidadecaxias.com.br\\\/index.php\\\/2022\\\/05\\\/23\\\/comissao-define-acoes-da-semana-de-combate-ao-assedio-e-a-discriminacao\\\/\",\"name\":\"Comiss\u00e3o define a\u00e7\u00f5es da Semana de Combate ao Ass\u00e9dio e \u00e0 Discrimina\u00e7\u00e3o - Contabilidade Caxias\",\"isPartOf\":{\"@id\":\"https:\\\/\\\/contabilidadecaxias.com.br\\\/#website\"},\"datePublished\":\"2022-05-23T18:07:55+00:00\",\"author\":{\"@id\":\"\"},\"breadcrumb\":{\"@id\":\"https:\\\/\\\/contabilidadecaxias.com.br\\\/index.php\\\/2022\\\/05\\\/23\\\/comissao-define-acoes-da-semana-de-combate-ao-assedio-e-a-discriminacao\\\/#breadcrumb\"},\"inLanguage\":\"pt-BR\",\"potentialAction\":[{\"@type\":\"ReadAction\",\"target\":[\"https:\\\/\\\/contabilidadecaxias.com.br\\\/index.php\\\/2022\\\/05\\\/23\\\/comissao-define-acoes-da-semana-de-combate-ao-assedio-e-a-discriminacao\\\/\"]}]},{\"@type\":\"BreadcrumbList\",\"@id\":\"https:\\\/\\\/contabilidadecaxias.com.br\\\/index.php\\\/2022\\\/05\\\/23\\\/comissao-define-acoes-da-semana-de-combate-ao-assedio-e-a-discriminacao\\\/#breadcrumb\",\"itemListElement\":[{\"@type\":\"ListItem\",\"position\":1,\"name\":\"In\u00edcio\",\"item\":\"https:\\\/\\\/contabilidadecaxias.com.br\\\/\"},{\"@type\":\"ListItem\",\"position\":2,\"name\":\"Comiss\u00e3o define a\u00e7\u00f5es da Semana de Combate ao Ass\u00e9dio e \u00e0 Discrimina\u00e7\u00e3o\"}]},{\"@type\":\"WebSite\",\"@id\":\"https:\\\/\\\/contabilidadecaxias.com.br\\\/#website\",\"url\":\"https:\\\/\\\/contabilidadecaxias.com.br\\\/\",\"name\":\"Contabilidade Caxias\",\"description\":\"Site especializado em Contabilidade para Caxias.\",\"potentialAction\":[{\"@type\":\"SearchAction\",\"target\":{\"@type\":\"EntryPoint\",\"urlTemplate\":\"https:\\\/\\\/contabilidadecaxias.com.br\\\/?s={search_term_string}\"},\"query-input\":{\"@type\":\"PropertyValueSpecification\",\"valueRequired\":true,\"valueName\":\"search_term_string\"}}],\"inLanguage\":\"pt-BR\"}]}<\/script>\n<!-- \/ Yoast SEO plugin. -->","yoast_head_json":{"title":"Comiss\u00e3o define a\u00e7\u00f5es da Semana de Combate ao Ass\u00e9dio e \u00e0 Discrimina\u00e7\u00e3o - Contabilidade Caxias","robots":{"index":"index","follow":"follow","max-snippet":"max-snippet:-1","max-image-preview":"max-image-preview:large","max-video-preview":"max-video-preview:-1"},"canonical":"https:\/\/contabilidadecaxias.com.br\/index.php\/2022\/05\/23\/comissao-define-acoes-da-semana-de-combate-ao-assedio-e-a-discriminacao\/","og_locale":"pt_BR","og_type":"article","og_title":"Comiss\u00e3o define a\u00e7\u00f5es da Semana de Combate ao Ass\u00e9dio e \u00e0 Discrimina\u00e7\u00e3o - Contabilidade Caxias","og_description":"Atividades, que v\u00e3o ocorrer no final de maio no TST,\u00a0foram definidas na primeira reuni\u00e3o do comit\u00ea de combate aos ass\u00e9dios moral e sexual 23\/05\/2022 &#8211; O Comit\u00ea de Combate ao Ass\u00e9dio Moral e ao Ass\u00e9dio Sexual no \u00e2mbito do TST e do CSJT realizou, na \u00faltima quinta-feira (12), sua primeira reuni\u00e3o ordin\u00e1ria. No encontro, houve [&hellip;]","og_url":"https:\/\/contabilidadecaxias.com.br\/index.php\/2022\/05\/23\/comissao-define-acoes-da-semana-de-combate-ao-assedio-e-a-discriminacao\/","og_site_name":"Contabilidade Caxias","article_published_time":"2022-05-23T18:07:55+00:00","twitter_card":"summary_large_image","twitter_misc":{"Est. tempo de leitura":"2 minutos"},"schema":{"@context":"https:\/\/schema.org","@graph":[{"@type":"Article","@id":"https:\/\/contabilidadecaxias.com.br\/index.php\/2022\/05\/23\/comissao-define-acoes-da-semana-de-combate-ao-assedio-e-a-discriminacao\/#article","isPartOf":{"@id":"https:\/\/contabilidadecaxias.com.br\/index.php\/2022\/05\/23\/comissao-define-acoes-da-semana-de-combate-ao-assedio-e-a-discriminacao\/"},"author":{"name":"","@id":""},"headline":"Comiss\u00e3o define a\u00e7\u00f5es da Semana de Combate ao Ass\u00e9dio e \u00e0 Discrimina\u00e7\u00e3o","datePublished":"2022-05-23T18:07:55+00:00","mainEntityOfPage":{"@id":"https:\/\/contabilidadecaxias.com.br\/index.php\/2022\/05\/23\/comissao-define-acoes-da-semana-de-combate-ao-assedio-e-a-discriminacao\/"},"wordCount":357,"commentCount":0,"articleSection":["Educa\u00e7\u00e3o Financeira"],"inLanguage":"pt-BR","potentialAction":[{"@type":"CommentAction","name":"Comment","target":["https:\/\/contabilidadecaxias.com.br\/index.php\/2022\/05\/23\/comissao-define-acoes-da-semana-de-combate-ao-assedio-e-a-discriminacao\/#respond"]}]},{"@type":"WebPage","@id":"https:\/\/contabilidadecaxias.com.br\/index.php\/2022\/05\/23\/comissao-define-acoes-da-semana-de-combate-ao-assedio-e-a-discriminacao\/","url":"https:\/\/contabilidadecaxias.com.br\/index.php\/2022\/05\/23\/comissao-define-acoes-da-semana-de-combate-ao-assedio-e-a-discriminacao\/","name":"Comiss\u00e3o define a\u00e7\u00f5es da Semana de Combate ao Ass\u00e9dio e \u00e0 Discrimina\u00e7\u00e3o - Contabilidade Caxias","isPartOf":{"@id":"https:\/\/contabilidadecaxias.com.br\/#website"},"datePublished":"2022-05-23T18:07:55+00:00","author":{"@id":""},"breadcrumb":{"@id":"https:\/\/contabilidadecaxias.com.br\/index.php\/2022\/05\/23\/comissao-define-acoes-da-semana-de-combate-ao-assedio-e-a-discriminacao\/#breadcrumb"},"inLanguage":"pt-BR","potentialAction":[{"@type":"ReadAction","target":["https:\/\/contabilidadecaxias.com.br\/index.php\/2022\/05\/23\/comissao-define-acoes-da-semana-de-combate-ao-assedio-e-a-discriminacao\/"]}]},{"@type":"BreadcrumbList","@id":"https:\/\/contabilidadecaxias.com.br\/index.php\/2022\/05\/23\/comissao-define-acoes-da-semana-de-combate-ao-assedio-e-a-discriminacao\/#breadcrumb","itemListElement":[{"@type":"ListItem","position":1,"name":"In\u00edcio","item":"https:\/\/contabilidadecaxias.com.br\/"},{"@type":"ListItem","position":2,"name":"Comiss\u00e3o define a\u00e7\u00f5es da Semana de Combate ao Ass\u00e9dio e \u00e0 Discrimina\u00e7\u00e3o"}]},{"@type":"WebSite","@id":"https:\/\/contabilidadecaxias.com.br\/#website","url":"https:\/\/contabilidadecaxias.com.br\/","name":"Contabilidade Caxias","description":"Site especializado em Contabilidade para Caxias.","potentialAction":[{"@type":"SearchAction","target":{"@type":"EntryPoint","urlTemplate":"https:\/\/contabilidadecaxias.com.br\/?s={search_term_string}"},"query-input":{"@type":"PropertyValueSpecification","valueRequired":true,"valueName":"search_term_string"}}],"inLanguage":"pt-BR"}]}},"_links":{"self":[{"href":"https:\/\/contabilidadecaxias.com.br\/index.php\/wp-json\/wp\/v2\/posts\/8833","targetHints":{"allow":["GET"]}}],"collection":[{"href":"https:\/\/contabilidadecaxias.com.br\/index.php\/wp-json\/wp\/v2\/posts"}],"about":[{"href":"https:\/\/contabilidadecaxias.com.br\/index.php\/wp-json\/wp\/v2\/types\/post"}],"replies":[{"embeddable":true,"href":"https:\/\/contabilidadecaxias.com.br\/index.php\/wp-json\/wp\/v2\/comments?post=8833"}],"version-history":[{"count":0,"href":"https:\/\/contabilidadecaxias.com.br\/index.php\/wp-json\/wp\/v2\/posts\/8833\/revisions"}],"wp:attachment":[{"href":"https:\/\/contabilidadecaxias.com.br\/index.php\/wp-json\/wp\/v2\/media?parent=8833"}],"wp:term":[{"taxonomy":"category","embeddable":true,"href":"https:\/\/contabilidadecaxias.com.br\/index.php\/wp-json\/wp\/v2\/categories?post=8833"},{"taxonomy":"post_tag","embeddable":true,"href":"https:\/\/contabilidadecaxias.com.br\/index.php\/wp-json\/wp\/v2\/tags?post=8833"}],"curies":[{"name":"wp","href":"https:\/\/api.w.org\/{rel}","templated":true}]}}