{"id":8820,"date":"2022-05-23T12:12:54","date_gmt":"2022-05-23T15:12:54","guid":{"rendered":"https:\/\/contabilidadecaxias.com.br\/index.php\/2022\/05\/23\/acougueiro-tem-reconhecido-direito-a-intervalo-para-recuperacao-termica\/"},"modified":"2022-05-23T12:12:54","modified_gmt":"2022-05-23T15:12:54","slug":"acougueiro-tem-reconhecido-direito-a-intervalo-para-recuperacao-termica","status":"publish","type":"post","link":"https:\/\/contabilidadecaxias.com.br\/index.php\/2022\/05\/23\/acougueiro-tem-reconhecido-direito-a-intervalo-para-recuperacao-termica\/","title":{"rendered":"A\u00e7ougueiro tem reconhecido direito a intervalo para recupera\u00e7\u00e3o t\u00e9rmica\u00a0"},"content":{"rendered":"<div class=\"noticia-wrapper\">\n<p><em><\/p>\n<p>Ele movimentava mercadorias de c\u00e2maras frias para o ambiente externo<\/p>\n<p><\/em><\/p>\n<div class=\"social-media-share mobile\">\n        <a class=\"share-facebook\" href=\"https:\/\/www.facebook.com\/sharer.php?u=https:\/\/www.tst.jus.br\/-\/a%C3%A7ougueiro-tem-reconhecido-direito-a-intervalo-para-recupera%C3%A7%C3%A3o-t%C3%A9rmica%C2%A0\" target=\"_blank\" rel=\"noopener\"><\/a><br \/>\n        <a class=\"share-twitter\" href=\"https:\/\/twitter.com\/intent\/tweet?text=A%C3%A7ougueiro%20tem%20reconhecido%20direito%20a%20intervalo%20para%20recupera%C3%A7%C3%A3o%20t%C3%A9rmica%C2%A0%0AVeja%20mais%20em:&amp;url=https:\/\/www.tst.jus.br\/-\/a%C3%A7ougueiro-tem-reconhecido-direito-a-intervalo-para-recupera%C3%A7%C3%A3o-t%C3%A9rmica%C2%A0\" target=\"_blank\" rel=\"noopener\"><\/a><br \/>\n        <a class=\"share-linkedin\" href=\"https:\/\/www.linkedin.com\/shareArticle?mini=true&amp;url=https:\/\/www.tst.jus.br\/-\/a%C3%A7ougueiro-tem-reconhecido-direito-a-intervalo-para-recupera%C3%A7%C3%A3o-t%C3%A9rmica%C2%A0&amp;title=A%C3%A7ougueiro%20tem%20reconhecido%20direito%20a%20intervalo%20para%20recupera%C3%A7%C3%A3o%20t%C3%A9rmica%C2%A0\" target=\"_blank\" rel=\"noopener\"><\/a><br \/>\n        <a class=\"share-whatsapp\" href=\"https:\/\/web.whatsapp.com\/send?text=https:\/\/www.tst.jus.br\/-\/a%C3%A7ougueiro-tem-reconhecido-direito-a-intervalo-para-recupera%C3%A7%C3%A3o-t%C3%A9rmica%C2%A0\" target=\"_blank\" rel=\"noopener\"><\/a><br \/>\n        <a class=\"share-googleplus\" href=\"https:\/\/plus.google.com\/share?url=https:\/\/www.tst.jus.br\/-\/a%C3%A7ougueiro-tem-reconhecido-direito-a-intervalo-para-recupera%C3%A7%C3%A3o-t%C3%A9rmica%C2%A0\" target=\"_blank\" rel=\"noopener\"><\/a>\n    <\/div>\n<div class=\"news-body\">\n<div class=\"imagem-da-noticia\">\n<p>Ministro Cl\u00e1udio Brand\u00e3o<\/p>\n<div class=\"social-media-share\">\n                    <a class=\"share-facebook\" href=\"https:\/\/www.facebook.com\/sharer.php?u=https:\/\/www.tst.jus.br\/-\/a%C3%A7ougueiro-tem-reconhecido-direito-a-intervalo-para-recupera%C3%A7%C3%A3o-t%C3%A9rmica%C2%A0\" target=\"_blank\" rel=\"noopener\"><\/a><br \/>\n                    <a class=\"share-twitter\" href=\"https:\/\/twitter.com\/intent\/tweet?text=A%C3%A7ougueiro%20tem%20reconhecido%20direito%20a%20intervalo%20para%20recupera%C3%A7%C3%A3o%20t%C3%A9rmica%C2%A0%0AVeja%20mais%20em:&amp;url=https:\/\/www.tst.jus.br\/-\/a%C3%A7ougueiro-tem-reconhecido-direito-a-intervalo-para-recupera%C3%A7%C3%A3o-t%C3%A9rmica%C2%A0\" target=\"_blank\" rel=\"noopener\"><\/a><br \/>\n                    <a class=\"share-linkedin\" href=\"https:\/\/www.linkedin.com\/shareArticle?mini=true&amp;url=https:\/\/www.tst.jus.br\/-\/a%C3%A7ougueiro-tem-reconhecido-direito-a-intervalo-para-recupera%C3%A7%C3%A3o-t%C3%A9rmica%C2%A0&amp;title=A%C3%A7ougueiro%20tem%20reconhecido%20direito%20a%20intervalo%20para%20recupera%C3%A7%C3%A3o%20t%C3%A9rmica%C2%A0\" target=\"_blank\" rel=\"noopener\"><\/a><br \/>\n                    <a class=\"share-whatsapp\" href=\"https:\/\/web.whatsapp.com\/send?text=https:\/\/www.tst.jus.br\/-\/a%C3%A7ougueiro-tem-reconhecido-direito-a-intervalo-para-recupera%C3%A7%C3%A3o-t%C3%A9rmica%C2%A0\" target=\"_blank\" rel=\"noopener\"><\/a><br \/>\n                    <a class=\"share-googleplus\" href=\"https:\/\/plus.google.com\/share?url=https:\/\/www.tst.jus.br\/-\/a%C3%A7ougueiro-tem-reconhecido-direito-a-intervalo-para-recupera%C3%A7%C3%A3o-t%C3%A9rmica%C2%A0\" target=\"_blank\" rel=\"noopener\"><\/a>\n                <\/div>\n<\/p><\/div>\n<div class=\"materia\">\n<p>23\/05\/22 &#8211;\u00a0A S\u00e9tima Turma do Tribunal Superior do Trabalho condenou o Mercadinho Iazul, de S\u00e3o Bernardo do Campo (SP), a pagar horas extras a um a\u00e7ougueiro em raz\u00e3o da supress\u00e3o do intervalo para recupera\u00e7\u00e3o t\u00e9rmica previsto em lei para quem trabalha no interior de c\u00e2maras frigor\u00edficas ou movimenta mercadorias entre ambiente frio e quente ou normal. Para o colegiado, o fato de a exposi\u00e7\u00e3o \u00e0s baixas temperaturas ocorrer de forma descontinuada n\u00e3o afasta o direito ao intervalo. \u00a0<\/p>\n<h4>C\u00e2maras frigor\u00edficas<\/h4>\n<p>Na a\u00e7\u00e3o, o a\u00e7ougueiro contou que seu contrato de trabalho com o Mercadinho Iazul foi de fevereiro de 2017 a mar\u00e7o de 2019, quando fora dispensado sem justa causa. Ele argumentou que trabalhava no interior das c\u00e2maras frias do estabelecimento e movimentava mercadorias do ambiente quente ou normal para o frio, e vice-versa. Requereu, por isso, entre outras parcelas, o recebimento de horas extras em decorr\u00eancia da n\u00e3o concess\u00e3o do intervalo de 20 minutos a cada uma hora e 40 minutos de trabalho para recupera\u00e7\u00e3o t\u00e9rmica, disposto no artigo 253 da <a href=\"https:\/\/www.planalto.gov.br\/ccivil_03\/decreto-lei\/del5452.htm\" target=\"_blank\" rel=\"noopener\">CLT<\/a> e na <a href=\"https:\/\/www.tst.jus.br\/web\/guest\/sumulas\" target=\"_blank\" rel=\"noopener\">S\u00famula 438<\/a> do TST.\u00a0<\/p>\n<h4>Aus\u00eancia de trabalho cont\u00ednuo<\/h4>\n<p>O Tribunal Regional do Trabalho da 2\u00aa Regi\u00e3o (SP) julgou o pedido improcedente, com o entendimento de que o a\u00e7ougueiro n\u00e3o prestava servi\u00e7o cont\u00ednuo em c\u00e2maras frias, mas permanecia apenas de tr\u00eas a cinco minutos no seu interior, totalizando, em m\u00e9dia, cerca de uma hora di\u00e1ria de exposi\u00e7\u00e3o ao frio. Diante desse tempo, concluiu que n\u00e3o se justificava a concess\u00e3o da pausa.\u00a0<\/p>\n<h4>Prote\u00e7\u00e3o \u00e0 sa\u00fade<\/h4>\n<p>Contudo, o relator do recurso de revista do trabalhador, ministro Cl\u00e1udio Brand\u00e3o, \u00a0explicou que a finalidade do intervalo \u00e9 proteger a sa\u00fade das pessoas que exercem suas atividades submetidas a baixas temperaturas, a fim de proporcionar uma altern\u00e2ncia de trabalho e repouso para a devida recupera\u00e7\u00e3o t\u00e9rmica do corpo.\u00a0<\/p>\n<p>Ainda segundo o ministro, a jurisprud\u00eancia do TST tem adotado o entendimento de que o direito ao intervalo n\u00e3o se extingue pelo fato de a exposi\u00e7\u00e3o \u00e0s baixas temperaturas ser intermitente, ou seja, descontinuada, como no caso. Brand\u00e3o observou que a continuidade a que se refere a norma diz respeito ao tempo total de atividade, \u201cn\u00e3o importando, necessariamente, a perman\u00eancia ininterrupta dentro do ambiente refrigerado\u201d.<\/p>\n<p>A decis\u00e3o foi un\u00e2nime, com ressalva de entendimento do ministro Renato de Lacerda Paiva.\u00a0<\/p>\n<p>(LF\/CF)<\/p>\n<p>Processo: <a href=\"https:\/\/consultaprocessual.tst.jus.br\/consultaProcessual\/consultaTstNumUnica.do?consulta=Consultar&amp;conscsjt=&amp;numeroTst=1001277&amp;digitoTst=60&amp;anoTst=2019&amp;orgaoTst=5&amp;tribunalTst=02&amp;varaTst=0463&amp;submit=Consultar\" target=\"_blank\" rel=\"noopener\">RR-1001277-60.2019.5.02.0463<\/a><\/p>\n<p>O TST tem oito Turmas, cada uma composta por tr\u00eas ministros, com a atribui\u00e7\u00e3o de analisar recursos de revista, agravos, agravos de instrumento, agravos regimentais e recursos ordin\u00e1rios em a\u00e7\u00e3o cautelar. Das decis\u00f5es das Turmas, a parte ainda pode, em alguns casos, recorrer \u00e0 Subse\u00e7\u00e3o I Especializada em Diss\u00eddios Individuais (SDI-1).<\/p>\n<p>Esta mat\u00e9ria tem cunho meramente informativo.<br \/>\nPermitida a reprodu\u00e7\u00e3o mediante cita\u00e7\u00e3o da fonte.<br \/>\nSecretaria de Comunica\u00e7\u00e3o Social<br \/>\n<a href=\"https:\/\/www.tst.jus.br\/\" target=\"_blank\" rel=\"noopener\">Tribunal Superior do Trabalho<\/a><br \/>\nTel. (61) 3043-4907<br \/>\n<a href=\"mailto:secom@tst.jus.br\" target=\"\" rel=\"noopener\">secom@tst.jus.br<\/a><\/p>\n<\/div><\/div>\n<\/div>\n","protected":false},"excerpt":{"rendered":"<p>Ele movimentava mercadorias de c\u00e2maras frias para o ambiente externo Ministro Cl\u00e1udio Brand\u00e3o 23\/05\/22 &#8211;\u00a0A S\u00e9tima Turma do Tribunal Superior do Trabalho condenou o Mercadinho Iazul, de S\u00e3o Bernardo do Campo (SP), a pagar horas extras a um a\u00e7ougueiro em raz\u00e3o da supress\u00e3o do intervalo para recupera\u00e7\u00e3o t\u00e9rmica previsto em lei para quem trabalha no [&hellip;]<\/p>\n","protected":false},"author":0,"featured_media":8821,"comment_status":"open","ping_status":"","sticky":false,"template":"","format":"standard","meta":{"footnotes":""},"categories":[5],"tags":[],"class_list":["post-8820","post","type-post","status-publish","format-standard","has-post-thumbnail","hentry","category-noticias-educacao-financeira"],"blocksy_meta":{"styles_descriptor":{"styles":{"desktop":"","tablet":"","mobile":""},"google_fonts":[],"version":6}},"yoast_head":"<!-- This site is optimized with the Yoast SEO plugin v27.5 - https:\/\/yoast.com\/product\/yoast-seo-wordpress\/ -->\n<title>A\u00e7ougueiro tem reconhecido direito a intervalo para recupera\u00e7\u00e3o t\u00e9rmica\u00a0 - Contabilidade Caxias<\/title>\n<meta name=\"robots\" content=\"index, follow, max-snippet:-1, max-image-preview:large, max-video-preview:-1\" \/>\n<link rel=\"canonical\" href=\"https:\/\/contabilidadecaxias.com.br\/index.php\/2022\/05\/23\/acougueiro-tem-reconhecido-direito-a-intervalo-para-recuperacao-termica\/\" \/>\n<meta property=\"og:locale\" content=\"pt_BR\" \/>\n<meta property=\"og:type\" content=\"article\" \/>\n<meta property=\"og:title\" content=\"A\u00e7ougueiro tem reconhecido direito a intervalo para recupera\u00e7\u00e3o t\u00e9rmica\u00a0 - Contabilidade Caxias\" \/>\n<meta property=\"og:description\" content=\"Ele movimentava mercadorias de c\u00e2maras frias para o ambiente externo Ministro Cl\u00e1udio Brand\u00e3o 23\/05\/22 &#8211;\u00a0A S\u00e9tima Turma do Tribunal Superior do Trabalho condenou o Mercadinho Iazul, de S\u00e3o Bernardo do Campo (SP), a pagar horas extras a um a\u00e7ougueiro em raz\u00e3o da supress\u00e3o do intervalo para recupera\u00e7\u00e3o t\u00e9rmica previsto em lei para quem trabalha no [&hellip;]\" \/>\n<meta property=\"og:url\" content=\"https:\/\/contabilidadecaxias.com.br\/index.php\/2022\/05\/23\/acougueiro-tem-reconhecido-direito-a-intervalo-para-recuperacao-termica\/\" \/>\n<meta property=\"og:site_name\" content=\"Contabilidade Caxias\" \/>\n<meta property=\"article:published_time\" content=\"2022-05-23T15:12:54+00:00\" \/>\n<meta name=\"twitter:card\" content=\"summary_large_image\" \/>\n<meta name=\"twitter:label1\" content=\"Est. tempo de leitura\" \/>\n\t<meta name=\"twitter:data1\" content=\"3 minutos\" \/>\n<script type=\"application\/ld+json\" class=\"yoast-schema-graph\">{\"@context\":\"https:\\\/\\\/schema.org\",\"@graph\":[{\"@type\":\"Article\",\"@id\":\"https:\\\/\\\/contabilidadecaxias.com.br\\\/index.php\\\/2022\\\/05\\\/23\\\/acougueiro-tem-reconhecido-direito-a-intervalo-para-recuperacao-termica\\\/#article\",\"isPartOf\":{\"@id\":\"https:\\\/\\\/contabilidadecaxias.com.br\\\/index.php\\\/2022\\\/05\\\/23\\\/acougueiro-tem-reconhecido-direito-a-intervalo-para-recuperacao-termica\\\/\"},\"author\":{\"name\":\"\",\"@id\":\"\"},\"headline\":\"A\u00e7ougueiro tem reconhecido direito a intervalo para recupera\u00e7\u00e3o t\u00e9rmica\u00a0\",\"datePublished\":\"2022-05-23T15:12:54+00:00\",\"mainEntityOfPage\":{\"@id\":\"https:\\\/\\\/contabilidadecaxias.com.br\\\/index.php\\\/2022\\\/05\\\/23\\\/acougueiro-tem-reconhecido-direito-a-intervalo-para-recuperacao-termica\\\/\"},\"wordCount\":539,\"commentCount\":0,\"image\":{\"@id\":\"https:\\\/\\\/contabilidadecaxias.com.br\\\/index.php\\\/2022\\\/05\\\/23\\\/acougueiro-tem-reconhecido-direito-a-intervalo-para-recuperacao-termica\\\/#primaryimage\"},\"thumbnailUrl\":\"https:\\\/\\\/contabilidadecaxias.com.br\\\/wp-content\\\/uploads\\\/2022\\\/05\\\/4b1f7bfa-f153-c12c-a3ff-4cae89de8c80-sCfL1R.jpeg\",\"articleSection\":[\"Educa\u00e7\u00e3o Financeira\"],\"inLanguage\":\"pt-BR\",\"potentialAction\":[{\"@type\":\"CommentAction\",\"name\":\"Comment\",\"target\":[\"https:\\\/\\\/contabilidadecaxias.com.br\\\/index.php\\\/2022\\\/05\\\/23\\\/acougueiro-tem-reconhecido-direito-a-intervalo-para-recuperacao-termica\\\/#respond\"]}]},{\"@type\":\"WebPage\",\"@id\":\"https:\\\/\\\/contabilidadecaxias.com.br\\\/index.php\\\/2022\\\/05\\\/23\\\/acougueiro-tem-reconhecido-direito-a-intervalo-para-recuperacao-termica\\\/\",\"url\":\"https:\\\/\\\/contabilidadecaxias.com.br\\\/index.php\\\/2022\\\/05\\\/23\\\/acougueiro-tem-reconhecido-direito-a-intervalo-para-recuperacao-termica\\\/\",\"name\":\"A\u00e7ougueiro tem reconhecido direito a intervalo para recupera\u00e7\u00e3o t\u00e9rmica\u00a0 - Contabilidade Caxias\",\"isPartOf\":{\"@id\":\"https:\\\/\\\/contabilidadecaxias.com.br\\\/#website\"},\"primaryImageOfPage\":{\"@id\":\"https:\\\/\\\/contabilidadecaxias.com.br\\\/index.php\\\/2022\\\/05\\\/23\\\/acougueiro-tem-reconhecido-direito-a-intervalo-para-recuperacao-termica\\\/#primaryimage\"},\"image\":{\"@id\":\"https:\\\/\\\/contabilidadecaxias.com.br\\\/index.php\\\/2022\\\/05\\\/23\\\/acougueiro-tem-reconhecido-direito-a-intervalo-para-recuperacao-termica\\\/#primaryimage\"},\"thumbnailUrl\":\"https:\\\/\\\/contabilidadecaxias.com.br\\\/wp-content\\\/uploads\\\/2022\\\/05\\\/4b1f7bfa-f153-c12c-a3ff-4cae89de8c80-sCfL1R.jpeg\",\"datePublished\":\"2022-05-23T15:12:54+00:00\",\"author\":{\"@id\":\"\"},\"breadcrumb\":{\"@id\":\"https:\\\/\\\/contabilidadecaxias.com.br\\\/index.php\\\/2022\\\/05\\\/23\\\/acougueiro-tem-reconhecido-direito-a-intervalo-para-recuperacao-termica\\\/#breadcrumb\"},\"inLanguage\":\"pt-BR\",\"potentialAction\":[{\"@type\":\"ReadAction\",\"target\":[\"https:\\\/\\\/contabilidadecaxias.com.br\\\/index.php\\\/2022\\\/05\\\/23\\\/acougueiro-tem-reconhecido-direito-a-intervalo-para-recuperacao-termica\\\/\"]}]},{\"@type\":\"ImageObject\",\"inLanguage\":\"pt-BR\",\"@id\":\"https:\\\/\\\/contabilidadecaxias.com.br\\\/index.php\\\/2022\\\/05\\\/23\\\/acougueiro-tem-reconhecido-direito-a-intervalo-para-recuperacao-termica\\\/#primaryimage\",\"url\":\"https:\\\/\\\/contabilidadecaxias.com.br\\\/wp-content\\\/uploads\\\/2022\\\/05\\\/4b1f7bfa-f153-c12c-a3ff-4cae89de8c80-sCfL1R.jpeg\",\"contentUrl\":\"https:\\\/\\\/contabilidadecaxias.com.br\\\/wp-content\\\/uploads\\\/2022\\\/05\\\/4b1f7bfa-f153-c12c-a3ff-4cae89de8c80-sCfL1R.jpeg\",\"width\":1200,\"height\":789},{\"@type\":\"BreadcrumbList\",\"@id\":\"https:\\\/\\\/contabilidadecaxias.com.br\\\/index.php\\\/2022\\\/05\\\/23\\\/acougueiro-tem-reconhecido-direito-a-intervalo-para-recuperacao-termica\\\/#breadcrumb\",\"itemListElement\":[{\"@type\":\"ListItem\",\"position\":1,\"name\":\"In\u00edcio\",\"item\":\"https:\\\/\\\/contabilidadecaxias.com.br\\\/\"},{\"@type\":\"ListItem\",\"position\":2,\"name\":\"A\u00e7ougueiro tem reconhecido direito a intervalo para recupera\u00e7\u00e3o t\u00e9rmica\u00a0\"}]},{\"@type\":\"WebSite\",\"@id\":\"https:\\\/\\\/contabilidadecaxias.com.br\\\/#website\",\"url\":\"https:\\\/\\\/contabilidadecaxias.com.br\\\/\",\"name\":\"Contabilidade Caxias\",\"description\":\"Site especializado em Contabilidade para Caxias.\",\"potentialAction\":[{\"@type\":\"SearchAction\",\"target\":{\"@type\":\"EntryPoint\",\"urlTemplate\":\"https:\\\/\\\/contabilidadecaxias.com.br\\\/?s={search_term_string}\"},\"query-input\":{\"@type\":\"PropertyValueSpecification\",\"valueRequired\":true,\"valueName\":\"search_term_string\"}}],\"inLanguage\":\"pt-BR\"}]}<\/script>\n<!-- \/ Yoast SEO plugin. -->","yoast_head_json":{"title":"A\u00e7ougueiro tem reconhecido direito a intervalo para recupera\u00e7\u00e3o t\u00e9rmica\u00a0 - Contabilidade Caxias","robots":{"index":"index","follow":"follow","max-snippet":"max-snippet:-1","max-image-preview":"max-image-preview:large","max-video-preview":"max-video-preview:-1"},"canonical":"https:\/\/contabilidadecaxias.com.br\/index.php\/2022\/05\/23\/acougueiro-tem-reconhecido-direito-a-intervalo-para-recuperacao-termica\/","og_locale":"pt_BR","og_type":"article","og_title":"A\u00e7ougueiro tem reconhecido direito a intervalo para recupera\u00e7\u00e3o t\u00e9rmica\u00a0 - Contabilidade Caxias","og_description":"Ele movimentava mercadorias de c\u00e2maras frias para o ambiente externo Ministro Cl\u00e1udio Brand\u00e3o 23\/05\/22 &#8211;\u00a0A S\u00e9tima Turma do Tribunal Superior do Trabalho condenou o Mercadinho Iazul, de S\u00e3o Bernardo do Campo (SP), a pagar horas extras a um a\u00e7ougueiro em raz\u00e3o da supress\u00e3o do intervalo para recupera\u00e7\u00e3o t\u00e9rmica previsto em lei para quem trabalha no [&hellip;]","og_url":"https:\/\/contabilidadecaxias.com.br\/index.php\/2022\/05\/23\/acougueiro-tem-reconhecido-direito-a-intervalo-para-recuperacao-termica\/","og_site_name":"Contabilidade Caxias","article_published_time":"2022-05-23T15:12:54+00:00","twitter_card":"summary_large_image","twitter_misc":{"Est. tempo de leitura":"3 minutos"},"schema":{"@context":"https:\/\/schema.org","@graph":[{"@type":"Article","@id":"https:\/\/contabilidadecaxias.com.br\/index.php\/2022\/05\/23\/acougueiro-tem-reconhecido-direito-a-intervalo-para-recuperacao-termica\/#article","isPartOf":{"@id":"https:\/\/contabilidadecaxias.com.br\/index.php\/2022\/05\/23\/acougueiro-tem-reconhecido-direito-a-intervalo-para-recuperacao-termica\/"},"author":{"name":"","@id":""},"headline":"A\u00e7ougueiro tem reconhecido direito a intervalo para recupera\u00e7\u00e3o t\u00e9rmica\u00a0","datePublished":"2022-05-23T15:12:54+00:00","mainEntityOfPage":{"@id":"https:\/\/contabilidadecaxias.com.br\/index.php\/2022\/05\/23\/acougueiro-tem-reconhecido-direito-a-intervalo-para-recuperacao-termica\/"},"wordCount":539,"commentCount":0,"image":{"@id":"https:\/\/contabilidadecaxias.com.br\/index.php\/2022\/05\/23\/acougueiro-tem-reconhecido-direito-a-intervalo-para-recuperacao-termica\/#primaryimage"},"thumbnailUrl":"https:\/\/contabilidadecaxias.com.br\/wp-content\/uploads\/2022\/05\/4b1f7bfa-f153-c12c-a3ff-4cae89de8c80-sCfL1R.jpeg","articleSection":["Educa\u00e7\u00e3o Financeira"],"inLanguage":"pt-BR","potentialAction":[{"@type":"CommentAction","name":"Comment","target":["https:\/\/contabilidadecaxias.com.br\/index.php\/2022\/05\/23\/acougueiro-tem-reconhecido-direito-a-intervalo-para-recuperacao-termica\/#respond"]}]},{"@type":"WebPage","@id":"https:\/\/contabilidadecaxias.com.br\/index.php\/2022\/05\/23\/acougueiro-tem-reconhecido-direito-a-intervalo-para-recuperacao-termica\/","url":"https:\/\/contabilidadecaxias.com.br\/index.php\/2022\/05\/23\/acougueiro-tem-reconhecido-direito-a-intervalo-para-recuperacao-termica\/","name":"A\u00e7ougueiro tem reconhecido direito a intervalo para recupera\u00e7\u00e3o t\u00e9rmica\u00a0 - Contabilidade Caxias","isPartOf":{"@id":"https:\/\/contabilidadecaxias.com.br\/#website"},"primaryImageOfPage":{"@id":"https:\/\/contabilidadecaxias.com.br\/index.php\/2022\/05\/23\/acougueiro-tem-reconhecido-direito-a-intervalo-para-recuperacao-termica\/#primaryimage"},"image":{"@id":"https:\/\/contabilidadecaxias.com.br\/index.php\/2022\/05\/23\/acougueiro-tem-reconhecido-direito-a-intervalo-para-recuperacao-termica\/#primaryimage"},"thumbnailUrl":"https:\/\/contabilidadecaxias.com.br\/wp-content\/uploads\/2022\/05\/4b1f7bfa-f153-c12c-a3ff-4cae89de8c80-sCfL1R.jpeg","datePublished":"2022-05-23T15:12:54+00:00","author":{"@id":""},"breadcrumb":{"@id":"https:\/\/contabilidadecaxias.com.br\/index.php\/2022\/05\/23\/acougueiro-tem-reconhecido-direito-a-intervalo-para-recuperacao-termica\/#breadcrumb"},"inLanguage":"pt-BR","potentialAction":[{"@type":"ReadAction","target":["https:\/\/contabilidadecaxias.com.br\/index.php\/2022\/05\/23\/acougueiro-tem-reconhecido-direito-a-intervalo-para-recuperacao-termica\/"]}]},{"@type":"ImageObject","inLanguage":"pt-BR","@id":"https:\/\/contabilidadecaxias.com.br\/index.php\/2022\/05\/23\/acougueiro-tem-reconhecido-direito-a-intervalo-para-recuperacao-termica\/#primaryimage","url":"https:\/\/contabilidadecaxias.com.br\/wp-content\/uploads\/2022\/05\/4b1f7bfa-f153-c12c-a3ff-4cae89de8c80-sCfL1R.jpeg","contentUrl":"https:\/\/contabilidadecaxias.com.br\/wp-content\/uploads\/2022\/05\/4b1f7bfa-f153-c12c-a3ff-4cae89de8c80-sCfL1R.jpeg","width":1200,"height":789},{"@type":"BreadcrumbList","@id":"https:\/\/contabilidadecaxias.com.br\/index.php\/2022\/05\/23\/acougueiro-tem-reconhecido-direito-a-intervalo-para-recuperacao-termica\/#breadcrumb","itemListElement":[{"@type":"ListItem","position":1,"name":"In\u00edcio","item":"https:\/\/contabilidadecaxias.com.br\/"},{"@type":"ListItem","position":2,"name":"A\u00e7ougueiro tem reconhecido direito a intervalo para recupera\u00e7\u00e3o t\u00e9rmica\u00a0"}]},{"@type":"WebSite","@id":"https:\/\/contabilidadecaxias.com.br\/#website","url":"https:\/\/contabilidadecaxias.com.br\/","name":"Contabilidade Caxias","description":"Site especializado em Contabilidade para Caxias.","potentialAction":[{"@type":"SearchAction","target":{"@type":"EntryPoint","urlTemplate":"https:\/\/contabilidadecaxias.com.br\/?s={search_term_string}"},"query-input":{"@type":"PropertyValueSpecification","valueRequired":true,"valueName":"search_term_string"}}],"inLanguage":"pt-BR"}]}},"_links":{"self":[{"href":"https:\/\/contabilidadecaxias.com.br\/index.php\/wp-json\/wp\/v2\/posts\/8820","targetHints":{"allow":["GET"]}}],"collection":[{"href":"https:\/\/contabilidadecaxias.com.br\/index.php\/wp-json\/wp\/v2\/posts"}],"about":[{"href":"https:\/\/contabilidadecaxias.com.br\/index.php\/wp-json\/wp\/v2\/types\/post"}],"replies":[{"embeddable":true,"href":"https:\/\/contabilidadecaxias.com.br\/index.php\/wp-json\/wp\/v2\/comments?post=8820"}],"version-history":[{"count":0,"href":"https:\/\/contabilidadecaxias.com.br\/index.php\/wp-json\/wp\/v2\/posts\/8820\/revisions"}],"wp:featuredmedia":[{"embeddable":true,"href":"https:\/\/contabilidadecaxias.com.br\/index.php\/wp-json\/wp\/v2\/media\/8821"}],"wp:attachment":[{"href":"https:\/\/contabilidadecaxias.com.br\/index.php\/wp-json\/wp\/v2\/media?parent=8820"}],"wp:term":[{"taxonomy":"category","embeddable":true,"href":"https:\/\/contabilidadecaxias.com.br\/index.php\/wp-json\/wp\/v2\/categories?post=8820"},{"taxonomy":"post_tag","embeddable":true,"href":"https:\/\/contabilidadecaxias.com.br\/index.php\/wp-json\/wp\/v2\/tags?post=8820"}],"curies":[{"name":"wp","href":"https:\/\/api.w.org\/{rel}","templated":true}]}}