{"id":8666,"date":"2022-05-20T14:02:27","date_gmt":"2022-05-20T17:02:27","guid":{"rendered":"https:\/\/contabilidadecaxias.com.br\/index.php\/2022\/05\/20\/petrolifera-tera-de-custear-tratamento-de-aposentado-com-obesidade-morbida\/"},"modified":"2022-05-20T14:02:27","modified_gmt":"2022-05-20T17:02:27","slug":"petrolifera-tera-de-custear-tratamento-de-aposentado-com-obesidade-morbida","status":"publish","type":"post","link":"https:\/\/contabilidadecaxias.com.br\/index.php\/2022\/05\/20\/petrolifera-tera-de-custear-tratamento-de-aposentado-com-obesidade-morbida\/","title":{"rendered":"Petrol\u00edfera ter\u00e1 de custear tratamento de aposentado com obesidade m\u00f3rbida"},"content":{"rendered":"<div class=\"noticia-wrapper\">\n<p><em><\/p>\n<p>O tratamento n\u00e3o tem finalidade est\u00e9tica e n\u00e3o se enquadra nas exclus\u00f5es de cobertura<\/p>\n<p><\/em><\/p>\n<div class=\"social-media-share mobile\">\n        <a class=\"share-facebook\" href=\"https:\/\/www.facebook.com\/sharer.php?u=https:\/\/www.tst.jus.br\/-\/petrol%C3%ADfera-ter%C3%A1-de-custear-tratamento-de-aposentado-com-obesidade-m%C3%B3rbida\" target=\"_blank\" rel=\"noopener\"><\/a><br \/>\n        <a class=\"share-twitter\" href=\"https:\/\/twitter.com\/intent\/tweet?text=Petrol%C3%ADfera%20ter%C3%A1%20de%20custear%20tratamento%20de%20aposentado%20com%20obesidade%20m%C3%B3rbida%0AVeja%20mais%20em:&amp;url=https:\/\/www.tst.jus.br\/-\/petrol%C3%ADfera-ter%C3%A1-de-custear-tratamento-de-aposentado-com-obesidade-m%C3%B3rbida\" target=\"_blank\" rel=\"noopener\"><\/a><br \/>\n        <a class=\"share-linkedin\" href=\"https:\/\/www.linkedin.com\/shareArticle?mini=true&amp;url=https:\/\/www.tst.jus.br\/-\/petrol%C3%ADfera-ter%C3%A1-de-custear-tratamento-de-aposentado-com-obesidade-m%C3%B3rbida&amp;title=Petrol%C3%ADfera%20ter%C3%A1%20de%20custear%20tratamento%20de%20aposentado%20com%20obesidade%20m%C3%B3rbida\" target=\"_blank\" rel=\"noopener\"><\/a><br \/>\n        <a class=\"share-whatsapp\" href=\"https:\/\/web.whatsapp.com\/send?text=https:\/\/www.tst.jus.br\/-\/petrol%C3%ADfera-ter%C3%A1-de-custear-tratamento-de-aposentado-com-obesidade-m%C3%B3rbida\" target=\"_blank\" rel=\"noopener\"><\/a><br \/>\n        <a class=\"share-googleplus\" href=\"https:\/\/plus.google.com\/share?url=https:\/\/www.tst.jus.br\/-\/petrol%C3%ADfera-ter%C3%A1-de-custear-tratamento-de-aposentado-com-obesidade-m%C3%B3rbida\" target=\"_blank\" rel=\"noopener\"><\/a>\n    <\/div>\n<div class=\"news-body\">\n<div class=\"imagem-da-noticia\">\n<p>Ministro Alberto Balazeiro<\/p>\n<div class=\"social-media-share\">\n                    <a class=\"share-facebook\" href=\"https:\/\/www.facebook.com\/sharer.php?u=https:\/\/www.tst.jus.br\/-\/petrol%C3%ADfera-ter%C3%A1-de-custear-tratamento-de-aposentado-com-obesidade-m%C3%B3rbida\" target=\"_blank\" rel=\"noopener\"><\/a><br \/>\n                    <a class=\"share-twitter\" href=\"https:\/\/twitter.com\/intent\/tweet?text=Petrol%C3%ADfera%20ter%C3%A1%20de%20custear%20tratamento%20de%20aposentado%20com%20obesidade%20m%C3%B3rbida%0AVeja%20mais%20em:&amp;url=https:\/\/www.tst.jus.br\/-\/petrol%C3%ADfera-ter%C3%A1-de-custear-tratamento-de-aposentado-com-obesidade-m%C3%B3rbida\" target=\"_blank\" rel=\"noopener\"><\/a><br \/>\n                    <a class=\"share-linkedin\" href=\"https:\/\/www.linkedin.com\/shareArticle?mini=true&amp;url=https:\/\/www.tst.jus.br\/-\/petrol%C3%ADfera-ter%C3%A1-de-custear-tratamento-de-aposentado-com-obesidade-m%C3%B3rbida&amp;title=Petrol%C3%ADfera%20ter%C3%A1%20de%20custear%20tratamento%20de%20aposentado%20com%20obesidade%20m%C3%B3rbida\" target=\"_blank\" rel=\"noopener\"><\/a><br \/>\n                    <a class=\"share-whatsapp\" href=\"https:\/\/web.whatsapp.com\/send?text=https:\/\/www.tst.jus.br\/-\/petrol%C3%ADfera-ter%C3%A1-de-custear-tratamento-de-aposentado-com-obesidade-m%C3%B3rbida\" target=\"_blank\" rel=\"noopener\"><\/a><br \/>\n                    <a class=\"share-googleplus\" href=\"https:\/\/plus.google.com\/share?url=https:\/\/www.tst.jus.br\/-\/petrol%C3%ADfera-ter%C3%A1-de-custear-tratamento-de-aposentado-com-obesidade-m%C3%B3rbida\" target=\"_blank\" rel=\"noopener\"><\/a>\n                <\/div>\n<\/p><\/div>\n<div class=\"materia\">\n<p>20\/05\/22 &#8211;\u00a0A Subse\u00e7\u00e3o II Especializada em Diss\u00eddios Individuais (SDI-2) do Tribunal Superior do \u00a0Trabalho rejeitou mandado de seguran\u00e7a da Petr\u00f3leo Brasileiro S.A. (Petrobras) contra a concess\u00e3o de tutela de urg\u00eancia para que custeasse despesas de interna\u00e7\u00e3o em cl\u00ednica especializada para tratamento de obesidade m\u00f3rbida de um aposentado, em Salvador (BA). Segundo o colegiado, o risco da demora consiste no pr\u00f3prio risco de vida do empregado.<\/p>\n<h4>Grau III<\/h4>\n<p>Na reclama\u00e7\u00e3o trabalhista, o aposentado, de 61 anos, disse que sempre pagou em dia as mensalidades da AMS &#8211; Assist\u00eancia Multidisciplinar de Sa\u00fade, mas, em abril de 2020, ao pedir autoriza\u00e7\u00e3o para o tratamento, se viu \u201ccruelmente abandonado\u201d, sem receber nenhum posicionamento sobre o pedido. Com grau m\u00e1ximo para obesidade (Grau III \u2013 IMC 43,56 kg\/m\u00b2), o empregado explicou que a cirurgia bari\u00e1trica era contraindicada, em raz\u00e3o de comprometimento cardiovascular, e a melhor op\u00e7\u00e3o era a interna\u00e7\u00e3o em cl\u00ednica especializada. \u00a0\u00a0<\/p>\n<h4>Tutela<\/h4>\n<p>Em outubro de 2020, o ju\u00edzo da 30\u00aa Vara do Trabalho de Salvador concedeu tutela de urg\u00eancia para obrigar a Petrobras e a AMS a arcarem com o tratamento em cl\u00ednica especializada, inicialmente por 150 dias, diante do risco de vida decorrente da obesidade m\u00f3rbida severa. Ainda, conforme a decis\u00e3o, o plano dever\u00e1 manter o tratamento ap\u00f3s a alta, consistente em tr\u00eas dias de interna\u00e7\u00e3o ao m\u00eas, por 24 meses.<\/p>\n<h4>Mandado de Seguran\u00e7a<\/h4>\n<p>Diante da determina\u00e7\u00e3o, a Petrobras impetrou mandado de seguran\u00e7a no Tribunal Regional do Trabalho da 5\u00aa Regi\u00e3o (BA), sustentando que a decis\u00e3o n\u00e3o preenchia os requisitos para tutela de urg\u00eancia. Segundo a defesa, o tratamento n\u00e3o est\u00e1 previsto no regulamento da AMS nem em acordo coletivo de trabalho e n\u00e3o \u00e9 obrigat\u00f3rio pela Lei dos Planos de Sa\u00fade (<a href=\"https:\/\/www.planalto.gov.br\/ccivil_03\/leis\/l9656.htm\" target=\"_blank\" rel=\"noopener\">Lei 9.656\/1998<\/a>) para planos de autogest\u00e3o, como a AMS.<\/p>\n<p>Todavia, a seguran\u00e7a foi negada pelo Tribunal Regional.\u00a0<\/p>\n<h4>Acompanhamento ambulatorial<\/h4>\n<p>Ao TST, a Petrobras, em refor\u00e7o a sua tese, acrescentou que a Associa\u00e7\u00e3o Brasileira para o Estudo da Obesidade e da S\u00edndrome Metab\u00f3lica (Abeso) sempre indica o acompanhamento ambulatorial\/cl\u00ednico, com equipe multidisciplinar e reeduca\u00e7\u00e3o alimentar. \u201cIsto \u00e9, jamais recomenda um internamento em estabelecimento para tal objetivo\u201d. Na vis\u00e3o da petrol\u00edfera, com base na Lei dos Planos de Sa\u00fade, ela estaria exclu\u00edda da obrigatoriedade a que se referem os par\u00e1grafos\u00a02\u00ba e 3\u00ba do artigo 10, por ser pessoa jur\u00eddica que mant\u00eam sistemas de assist\u00eancia \u00e0 sa\u00fade pela modalidade de autogest\u00e3o.<\/p>\n<h4>Risco de vida<\/h4>\n<p>Para o relator do recurso, ministro Alberto Balazeiro, n\u00e3o h\u00e1 d\u00favidas quanto ao decidido pelo Tribunal Regional de que a tutela de urg\u00eancia n\u00e3o viola direito l\u00edquido e certo da Petrobras. Segundo ele, foram cumpridos os requisitos da tutela (artigo 300 do <a href=\"https:\/\/www.planalto.gov.br\/ccivil_03\/_ato2015-2018\/2015\/lei\/l13105.htm\" target=\"_blank\" rel=\"noopener\">CPC<\/a>), tendo em vista o perigo de dano com base no pr\u00f3prio risco de vida do aposentado, baseado em laudos m\u00e9dicos, exames cl\u00ednicos, relat\u00f3rios m\u00e9dicos e parecer do Conselho Regional de Medicina do Estado da Bahia.<\/p>\n<p>O relator tamb\u00e9m recha\u00e7ou a alega\u00e7\u00e3o da empresa de que estaria isenta da obrigatoriedade em rela\u00e7\u00e3o \u00e0 lei. Segundo ele, apesar de ser uma institui\u00e7\u00e3o de autogest\u00e3o, a AMS se equipara aos demais planos de sa\u00fade privados, uma vez que tamb\u00e9m est\u00e1 sujeita \u00e0 fiscaliza\u00e7\u00e3o da Ag\u00eancia Nacional de Sa\u00fade (ANS).\u00a0<\/p>\n<h4>M\u00e9dico<\/h4>\n<p>Sobre a recomenda\u00e7\u00e3o da Abeso apontada pela empresa, o ministro disse que, apesar de n\u00e3o haver consenso quanto \u00e0 superioridade dos benef\u00edcios de cada tratamento (ambulatorial ou em cl\u00ednica), cabe ao m\u00e9dico que acompanha o paciente indicar qual a metodologia de tratamento indicada para o seu caso. \u201cSe o m\u00e9dico indicou a interna\u00e7\u00e3o em cl\u00ednica especializada, diante do quadro apresentado pelo empregado, deve ser este o tratamento a ser custeado, pois \u00e9 o m\u00e9dico \u2013 e n\u00e3o o plano de sa\u00fade \u2013 o profissional habilitado para estabelecer a orienta\u00e7\u00e3o terap\u00eautica a ser dada ao usu\u00e1rio acometido pela doen\u00e7a\u201d, concluiu.<\/p>\n<p>A decis\u00e3o foi un\u00e2nime.<\/p>\n<p>(RR\/CF)<\/p>\n<p>Processo: <a href=\"https:\/\/consultaprocessual.tst.jus.br\/consultaProcessual\/consultaTstNumUnica.do?consulta=Consultar&amp;conscsjt=&amp;numeroTst=20&amp;digitoTst=93&amp;anoTst=2021&amp;orgaoTst=5&amp;tribunalTst=05&amp;varaTst=0000&amp;submit=Consultar\" target=\"_blank\" rel=\"noopener\">ROT-20-93.2021.5.05.0000 \u00a0<\/a><\/p>\n<p>A Subse\u00e7\u00e3o II Especializada em Diss\u00eddios Individuais \u00e9 formada por 10 ministros, com qu\u00f3rum m\u00ednimo de seis ministros. Entre as atribui\u00e7\u00f5es da SDI-2 est\u00e1 o julgamento de a\u00e7\u00f5es rescis\u00f3rias, mandados de seguran\u00e7a, a\u00e7\u00f5es cautelares, habeas corpus, conflitos de compet\u00eancia, recursos ordin\u00e1rios e agravos de instrumento.<\/p>\n<p>Esta mat\u00e9ria tem cunho meramente informativo.<br \/>\nPermitida a reprodu\u00e7\u00e3o mediante cita\u00e7\u00e3o da fonte.<br \/>\nSecretaria de Comunica\u00e7\u00e3o Social<br \/>\n<a href=\"https:\/\/www.tst.jus.br\/\" target=\"_blank\" rel=\"noopener\">Tribunal Superior do Trabalho<\/a><br \/>\nTel. (61) 3043-4907<br \/>\n<a href=\"mailto:secom@tst.jus.br\" target=\"\" rel=\"noopener\">secom@tst.jus.br<\/a><\/p>\n<\/div><\/div>\n<\/div>\n","protected":false},"excerpt":{"rendered":"<p>O tratamento n\u00e3o tem finalidade est\u00e9tica e n\u00e3o se enquadra nas exclus\u00f5es de cobertura Ministro Alberto Balazeiro 20\/05\/22 &#8211;\u00a0A Subse\u00e7\u00e3o II Especializada em Diss\u00eddios Individuais (SDI-2) do Tribunal Superior do \u00a0Trabalho rejeitou mandado de seguran\u00e7a da Petr\u00f3leo Brasileiro S.A. (Petrobras) contra a concess\u00e3o de tutela de urg\u00eancia para que custeasse despesas de interna\u00e7\u00e3o em cl\u00ednica [&hellip;]<\/p>\n","protected":false},"author":0,"featured_media":8667,"comment_status":"open","ping_status":"","sticky":false,"template":"","format":"standard","meta":{"footnotes":""},"categories":[5],"tags":[],"class_list":["post-8666","post","type-post","status-publish","format-standard","has-post-thumbnail","hentry","category-noticias-educacao-financeira"],"blocksy_meta":{"styles_descriptor":{"styles":{"desktop":"","tablet":"","mobile":""},"google_fonts":[],"version":6}},"yoast_head":"<!-- This site is optimized with the Yoast SEO plugin v27.5 - https:\/\/yoast.com\/product\/yoast-seo-wordpress\/ -->\n<title>Petrol\u00edfera ter\u00e1 de custear tratamento de aposentado com obesidade m\u00f3rbida - Contabilidade Caxias<\/title>\n<meta name=\"robots\" content=\"index, follow, max-snippet:-1, max-image-preview:large, max-video-preview:-1\" \/>\n<link rel=\"canonical\" href=\"https:\/\/contabilidadecaxias.com.br\/index.php\/2022\/05\/20\/petrolifera-tera-de-custear-tratamento-de-aposentado-com-obesidade-morbida\/\" \/>\n<meta property=\"og:locale\" content=\"pt_BR\" \/>\n<meta property=\"og:type\" content=\"article\" \/>\n<meta property=\"og:title\" content=\"Petrol\u00edfera ter\u00e1 de custear tratamento de aposentado com obesidade m\u00f3rbida - Contabilidade Caxias\" \/>\n<meta property=\"og:description\" content=\"O tratamento n\u00e3o tem finalidade est\u00e9tica e n\u00e3o se enquadra nas exclus\u00f5es de cobertura Ministro Alberto Balazeiro 20\/05\/22 &#8211;\u00a0A Subse\u00e7\u00e3o II Especializada em Diss\u00eddios Individuais (SDI-2) do Tribunal Superior do \u00a0Trabalho rejeitou mandado de seguran\u00e7a da Petr\u00f3leo Brasileiro S.A. (Petrobras) contra a concess\u00e3o de tutela de urg\u00eancia para que custeasse despesas de interna\u00e7\u00e3o em cl\u00ednica [&hellip;]\" \/>\n<meta property=\"og:url\" content=\"https:\/\/contabilidadecaxias.com.br\/index.php\/2022\/05\/20\/petrolifera-tera-de-custear-tratamento-de-aposentado-com-obesidade-morbida\/\" \/>\n<meta property=\"og:site_name\" content=\"Contabilidade Caxias\" \/>\n<meta property=\"article:published_time\" content=\"2022-05-20T17:02:27+00:00\" \/>\n<meta name=\"twitter:card\" content=\"summary_large_image\" \/>\n<meta name=\"twitter:label1\" content=\"Est. tempo de leitura\" \/>\n\t<meta name=\"twitter:data1\" content=\"4 minutos\" \/>\n<script type=\"application\/ld+json\" class=\"yoast-schema-graph\">{\"@context\":\"https:\\\/\\\/schema.org\",\"@graph\":[{\"@type\":\"Article\",\"@id\":\"https:\\\/\\\/contabilidadecaxias.com.br\\\/index.php\\\/2022\\\/05\\\/20\\\/petrolifera-tera-de-custear-tratamento-de-aposentado-com-obesidade-morbida\\\/#article\",\"isPartOf\":{\"@id\":\"https:\\\/\\\/contabilidadecaxias.com.br\\\/index.php\\\/2022\\\/05\\\/20\\\/petrolifera-tera-de-custear-tratamento-de-aposentado-com-obesidade-morbida\\\/\"},\"author\":{\"name\":\"\",\"@id\":\"\"},\"headline\":\"Petrol\u00edfera ter\u00e1 de custear tratamento de aposentado com obesidade m\u00f3rbida\",\"datePublished\":\"2022-05-20T17:02:27+00:00\",\"mainEntityOfPage\":{\"@id\":\"https:\\\/\\\/contabilidadecaxias.com.br\\\/index.php\\\/2022\\\/05\\\/20\\\/petrolifera-tera-de-custear-tratamento-de-aposentado-com-obesidade-morbida\\\/\"},\"wordCount\":824,\"commentCount\":0,\"image\":{\"@id\":\"https:\\\/\\\/contabilidadecaxias.com.br\\\/index.php\\\/2022\\\/05\\\/20\\\/petrolifera-tera-de-custear-tratamento-de-aposentado-com-obesidade-morbida\\\/#primaryimage\"},\"thumbnailUrl\":\"https:\\\/\\\/contabilidadecaxias.com.br\\\/wp-content\\\/uploads\\\/2022\\\/05\\\/a4680b82-79b5-a0c0-0318-5956c56f4b3c-uAG4vX.jpeg\",\"articleSection\":[\"Educa\u00e7\u00e3o Financeira\"],\"inLanguage\":\"pt-BR\",\"potentialAction\":[{\"@type\":\"CommentAction\",\"name\":\"Comment\",\"target\":[\"https:\\\/\\\/contabilidadecaxias.com.br\\\/index.php\\\/2022\\\/05\\\/20\\\/petrolifera-tera-de-custear-tratamento-de-aposentado-com-obesidade-morbida\\\/#respond\"]}]},{\"@type\":\"WebPage\",\"@id\":\"https:\\\/\\\/contabilidadecaxias.com.br\\\/index.php\\\/2022\\\/05\\\/20\\\/petrolifera-tera-de-custear-tratamento-de-aposentado-com-obesidade-morbida\\\/\",\"url\":\"https:\\\/\\\/contabilidadecaxias.com.br\\\/index.php\\\/2022\\\/05\\\/20\\\/petrolifera-tera-de-custear-tratamento-de-aposentado-com-obesidade-morbida\\\/\",\"name\":\"Petrol\u00edfera ter\u00e1 de custear tratamento de aposentado com obesidade m\u00f3rbida - Contabilidade Caxias\",\"isPartOf\":{\"@id\":\"https:\\\/\\\/contabilidadecaxias.com.br\\\/#website\"},\"primaryImageOfPage\":{\"@id\":\"https:\\\/\\\/contabilidadecaxias.com.br\\\/index.php\\\/2022\\\/05\\\/20\\\/petrolifera-tera-de-custear-tratamento-de-aposentado-com-obesidade-morbida\\\/#primaryimage\"},\"image\":{\"@id\":\"https:\\\/\\\/contabilidadecaxias.com.br\\\/index.php\\\/2022\\\/05\\\/20\\\/petrolifera-tera-de-custear-tratamento-de-aposentado-com-obesidade-morbida\\\/#primaryimage\"},\"thumbnailUrl\":\"https:\\\/\\\/contabilidadecaxias.com.br\\\/wp-content\\\/uploads\\\/2022\\\/05\\\/a4680b82-79b5-a0c0-0318-5956c56f4b3c-uAG4vX.jpeg\",\"datePublished\":\"2022-05-20T17:02:27+00:00\",\"author\":{\"@id\":\"\"},\"breadcrumb\":{\"@id\":\"https:\\\/\\\/contabilidadecaxias.com.br\\\/index.php\\\/2022\\\/05\\\/20\\\/petrolifera-tera-de-custear-tratamento-de-aposentado-com-obesidade-morbida\\\/#breadcrumb\"},\"inLanguage\":\"pt-BR\",\"potentialAction\":[{\"@type\":\"ReadAction\",\"target\":[\"https:\\\/\\\/contabilidadecaxias.com.br\\\/index.php\\\/2022\\\/05\\\/20\\\/petrolifera-tera-de-custear-tratamento-de-aposentado-com-obesidade-morbida\\\/\"]}]},{\"@type\":\"ImageObject\",\"inLanguage\":\"pt-BR\",\"@id\":\"https:\\\/\\\/contabilidadecaxias.com.br\\\/index.php\\\/2022\\\/05\\\/20\\\/petrolifera-tera-de-custear-tratamento-de-aposentado-com-obesidade-morbida\\\/#primaryimage\",\"url\":\"https:\\\/\\\/contabilidadecaxias.com.br\\\/wp-content\\\/uploads\\\/2022\\\/05\\\/a4680b82-79b5-a0c0-0318-5956c56f4b3c-uAG4vX.jpeg\",\"contentUrl\":\"https:\\\/\\\/contabilidadecaxias.com.br\\\/wp-content\\\/uploads\\\/2022\\\/05\\\/a4680b82-79b5-a0c0-0318-5956c56f4b3c-uAG4vX.jpeg\",\"width\":1280,\"height\":853},{\"@type\":\"BreadcrumbList\",\"@id\":\"https:\\\/\\\/contabilidadecaxias.com.br\\\/index.php\\\/2022\\\/05\\\/20\\\/petrolifera-tera-de-custear-tratamento-de-aposentado-com-obesidade-morbida\\\/#breadcrumb\",\"itemListElement\":[{\"@type\":\"ListItem\",\"position\":1,\"name\":\"In\u00edcio\",\"item\":\"https:\\\/\\\/contabilidadecaxias.com.br\\\/\"},{\"@type\":\"ListItem\",\"position\":2,\"name\":\"Petrol\u00edfera ter\u00e1 de custear tratamento de aposentado com obesidade m\u00f3rbida\"}]},{\"@type\":\"WebSite\",\"@id\":\"https:\\\/\\\/contabilidadecaxias.com.br\\\/#website\",\"url\":\"https:\\\/\\\/contabilidadecaxias.com.br\\\/\",\"name\":\"Contabilidade Caxias\",\"description\":\"Site especializado em Contabilidade para Caxias.\",\"potentialAction\":[{\"@type\":\"SearchAction\",\"target\":{\"@type\":\"EntryPoint\",\"urlTemplate\":\"https:\\\/\\\/contabilidadecaxias.com.br\\\/?s={search_term_string}\"},\"query-input\":{\"@type\":\"PropertyValueSpecification\",\"valueRequired\":true,\"valueName\":\"search_term_string\"}}],\"inLanguage\":\"pt-BR\"}]}<\/script>\n<!-- \/ Yoast SEO plugin. -->","yoast_head_json":{"title":"Petrol\u00edfera ter\u00e1 de custear tratamento de aposentado com obesidade m\u00f3rbida - Contabilidade Caxias","robots":{"index":"index","follow":"follow","max-snippet":"max-snippet:-1","max-image-preview":"max-image-preview:large","max-video-preview":"max-video-preview:-1"},"canonical":"https:\/\/contabilidadecaxias.com.br\/index.php\/2022\/05\/20\/petrolifera-tera-de-custear-tratamento-de-aposentado-com-obesidade-morbida\/","og_locale":"pt_BR","og_type":"article","og_title":"Petrol\u00edfera ter\u00e1 de custear tratamento de aposentado com obesidade m\u00f3rbida - Contabilidade Caxias","og_description":"O tratamento n\u00e3o tem finalidade est\u00e9tica e n\u00e3o se enquadra nas exclus\u00f5es de cobertura Ministro Alberto Balazeiro 20\/05\/22 &#8211;\u00a0A Subse\u00e7\u00e3o II Especializada em Diss\u00eddios Individuais (SDI-2) do Tribunal Superior do \u00a0Trabalho rejeitou mandado de seguran\u00e7a da Petr\u00f3leo Brasileiro S.A. (Petrobras) contra a concess\u00e3o de tutela de urg\u00eancia para que custeasse despesas de interna\u00e7\u00e3o em cl\u00ednica [&hellip;]","og_url":"https:\/\/contabilidadecaxias.com.br\/index.php\/2022\/05\/20\/petrolifera-tera-de-custear-tratamento-de-aposentado-com-obesidade-morbida\/","og_site_name":"Contabilidade Caxias","article_published_time":"2022-05-20T17:02:27+00:00","twitter_card":"summary_large_image","twitter_misc":{"Est. tempo de leitura":"4 minutos"},"schema":{"@context":"https:\/\/schema.org","@graph":[{"@type":"Article","@id":"https:\/\/contabilidadecaxias.com.br\/index.php\/2022\/05\/20\/petrolifera-tera-de-custear-tratamento-de-aposentado-com-obesidade-morbida\/#article","isPartOf":{"@id":"https:\/\/contabilidadecaxias.com.br\/index.php\/2022\/05\/20\/petrolifera-tera-de-custear-tratamento-de-aposentado-com-obesidade-morbida\/"},"author":{"name":"","@id":""},"headline":"Petrol\u00edfera ter\u00e1 de custear tratamento de aposentado com obesidade m\u00f3rbida","datePublished":"2022-05-20T17:02:27+00:00","mainEntityOfPage":{"@id":"https:\/\/contabilidadecaxias.com.br\/index.php\/2022\/05\/20\/petrolifera-tera-de-custear-tratamento-de-aposentado-com-obesidade-morbida\/"},"wordCount":824,"commentCount":0,"image":{"@id":"https:\/\/contabilidadecaxias.com.br\/index.php\/2022\/05\/20\/petrolifera-tera-de-custear-tratamento-de-aposentado-com-obesidade-morbida\/#primaryimage"},"thumbnailUrl":"https:\/\/contabilidadecaxias.com.br\/wp-content\/uploads\/2022\/05\/a4680b82-79b5-a0c0-0318-5956c56f4b3c-uAG4vX.jpeg","articleSection":["Educa\u00e7\u00e3o Financeira"],"inLanguage":"pt-BR","potentialAction":[{"@type":"CommentAction","name":"Comment","target":["https:\/\/contabilidadecaxias.com.br\/index.php\/2022\/05\/20\/petrolifera-tera-de-custear-tratamento-de-aposentado-com-obesidade-morbida\/#respond"]}]},{"@type":"WebPage","@id":"https:\/\/contabilidadecaxias.com.br\/index.php\/2022\/05\/20\/petrolifera-tera-de-custear-tratamento-de-aposentado-com-obesidade-morbida\/","url":"https:\/\/contabilidadecaxias.com.br\/index.php\/2022\/05\/20\/petrolifera-tera-de-custear-tratamento-de-aposentado-com-obesidade-morbida\/","name":"Petrol\u00edfera ter\u00e1 de custear tratamento de aposentado com obesidade m\u00f3rbida - Contabilidade Caxias","isPartOf":{"@id":"https:\/\/contabilidadecaxias.com.br\/#website"},"primaryImageOfPage":{"@id":"https:\/\/contabilidadecaxias.com.br\/index.php\/2022\/05\/20\/petrolifera-tera-de-custear-tratamento-de-aposentado-com-obesidade-morbida\/#primaryimage"},"image":{"@id":"https:\/\/contabilidadecaxias.com.br\/index.php\/2022\/05\/20\/petrolifera-tera-de-custear-tratamento-de-aposentado-com-obesidade-morbida\/#primaryimage"},"thumbnailUrl":"https:\/\/contabilidadecaxias.com.br\/wp-content\/uploads\/2022\/05\/a4680b82-79b5-a0c0-0318-5956c56f4b3c-uAG4vX.jpeg","datePublished":"2022-05-20T17:02:27+00:00","author":{"@id":""},"breadcrumb":{"@id":"https:\/\/contabilidadecaxias.com.br\/index.php\/2022\/05\/20\/petrolifera-tera-de-custear-tratamento-de-aposentado-com-obesidade-morbida\/#breadcrumb"},"inLanguage":"pt-BR","potentialAction":[{"@type":"ReadAction","target":["https:\/\/contabilidadecaxias.com.br\/index.php\/2022\/05\/20\/petrolifera-tera-de-custear-tratamento-de-aposentado-com-obesidade-morbida\/"]}]},{"@type":"ImageObject","inLanguage":"pt-BR","@id":"https:\/\/contabilidadecaxias.com.br\/index.php\/2022\/05\/20\/petrolifera-tera-de-custear-tratamento-de-aposentado-com-obesidade-morbida\/#primaryimage","url":"https:\/\/contabilidadecaxias.com.br\/wp-content\/uploads\/2022\/05\/a4680b82-79b5-a0c0-0318-5956c56f4b3c-uAG4vX.jpeg","contentUrl":"https:\/\/contabilidadecaxias.com.br\/wp-content\/uploads\/2022\/05\/a4680b82-79b5-a0c0-0318-5956c56f4b3c-uAG4vX.jpeg","width":1280,"height":853},{"@type":"BreadcrumbList","@id":"https:\/\/contabilidadecaxias.com.br\/index.php\/2022\/05\/20\/petrolifera-tera-de-custear-tratamento-de-aposentado-com-obesidade-morbida\/#breadcrumb","itemListElement":[{"@type":"ListItem","position":1,"name":"In\u00edcio","item":"https:\/\/contabilidadecaxias.com.br\/"},{"@type":"ListItem","position":2,"name":"Petrol\u00edfera ter\u00e1 de custear tratamento de aposentado com obesidade m\u00f3rbida"}]},{"@type":"WebSite","@id":"https:\/\/contabilidadecaxias.com.br\/#website","url":"https:\/\/contabilidadecaxias.com.br\/","name":"Contabilidade Caxias","description":"Site especializado em Contabilidade para Caxias.","potentialAction":[{"@type":"SearchAction","target":{"@type":"EntryPoint","urlTemplate":"https:\/\/contabilidadecaxias.com.br\/?s={search_term_string}"},"query-input":{"@type":"PropertyValueSpecification","valueRequired":true,"valueName":"search_term_string"}}],"inLanguage":"pt-BR"}]}},"_links":{"self":[{"href":"https:\/\/contabilidadecaxias.com.br\/index.php\/wp-json\/wp\/v2\/posts\/8666","targetHints":{"allow":["GET"]}}],"collection":[{"href":"https:\/\/contabilidadecaxias.com.br\/index.php\/wp-json\/wp\/v2\/posts"}],"about":[{"href":"https:\/\/contabilidadecaxias.com.br\/index.php\/wp-json\/wp\/v2\/types\/post"}],"replies":[{"embeddable":true,"href":"https:\/\/contabilidadecaxias.com.br\/index.php\/wp-json\/wp\/v2\/comments?post=8666"}],"version-history":[{"count":0,"href":"https:\/\/contabilidadecaxias.com.br\/index.php\/wp-json\/wp\/v2\/posts\/8666\/revisions"}],"wp:featuredmedia":[{"embeddable":true,"href":"https:\/\/contabilidadecaxias.com.br\/index.php\/wp-json\/wp\/v2\/media\/8667"}],"wp:attachment":[{"href":"https:\/\/contabilidadecaxias.com.br\/index.php\/wp-json\/wp\/v2\/media?parent=8666"}],"wp:term":[{"taxonomy":"category","embeddable":true,"href":"https:\/\/contabilidadecaxias.com.br\/index.php\/wp-json\/wp\/v2\/categories?post=8666"},{"taxonomy":"post_tag","embeddable":true,"href":"https:\/\/contabilidadecaxias.com.br\/index.php\/wp-json\/wp\/v2\/tags?post=8666"}],"curies":[{"name":"wp","href":"https:\/\/api.w.org\/{rel}","templated":true}]}}