{"id":8586,"date":"2022-05-19T16:34:53","date_gmt":"2022-05-19T19:34:53","guid":{"rendered":"https:\/\/contabilidadecaxias.com.br\/index.php\/2022\/05\/19\/trabalho-e-justica-ouca-o-programa-de-quinta-feira-19-05\/"},"modified":"2022-05-19T16:34:53","modified_gmt":"2022-05-19T19:34:53","slug":"trabalho-e-justica-ouca-o-programa-de-quinta-feira-19-05","status":"publish","type":"post","link":"https:\/\/contabilidadecaxias.com.br\/index.php\/2022\/05\/19\/trabalho-e-justica-ouca-o-programa-de-quinta-feira-19-05\/","title":{"rendered":"Trabalho e Justi\u00e7a | Ou\u00e7a o programa de quinta-feira (19\/05)"},"content":{"rendered":"<div>\n\u00a0<br \/>\n\u00a0\u00a0\u00a0\u00a0\u00a0\u00a0\u00a0\u00a0 \u00a0\u00a0\u00a0\u00a0\u00a0\u00a0\u00a0\u00a0 \u00a0\u00a0\u00a0\u00a0\u00a0\u00a0 <a href=\"https:\/\/www.tst.jus.br\/documents\/10157\/27885360\/PGM+1561+-+TRABALHO+E+JUSTICA.mp3\/53dd5b98-051b-a890-4322-db4855cee319?t=1652980697555\"> Baixe o \u00e1udio <\/a><\/div>\n<div><button>Reproduzir o \u00e1udio<\/button>\u00a0\u00a0<button>Pausar o \u00e1udio<\/button>\u00a0\u00a0<button>Aumentar o volume<\/button>\u00a0\u00a0<button>Diminuir o volume<\/button><\/div>\n<p>\u00a0<\/p>\n<p>19\/05\/22 &#8211;\u00a0O Programa de Combate ao Trabalho Infantil e de Est\u00edmulo a Aprendizagem da Justi\u00e7a do Trabalho promoveu\u00a0o webin\u00e1rio \u201cA Explora\u00e7\u00e3o Sexual de Crian\u00e7as e Adolescentes sob a Perspectiva \u00a0Jur\u00eddico-Trabalhista: causas e consequ\u00eancias\u201d.\u00a0O evento teve como\u00a0objetivos conscientizar a sociedade sobre\u00a0uma das\u00a0piores formas de trabalho infantil e divulgar os canais de den\u00fancia.<\/p>\n<p>Em entrevista, o\u00a0ministro do TST Breno Medeiros fala sobre os preparativos para a\u00a06\u00aa edi\u00e7\u00e3o da\u00a0 Semana Nacional da Concilia\u00e7\u00e3o Trabalhista, que ocorrer\u00e1 entre\u00a023 e 27 de maio em todo o pa\u00eds.<\/p>\n<p>Aperte o play e confira o programa na \u00edntegra.<\/p>\n","protected":false},"excerpt":{"rendered":"<p>\u00a0 \u00a0\u00a0\u00a0\u00a0\u00a0\u00a0\u00a0\u00a0 \u00a0\u00a0\u00a0\u00a0\u00a0\u00a0\u00a0\u00a0 \u00a0\u00a0\u00a0\u00a0\u00a0\u00a0 Baixe o \u00e1udio Reproduzir o \u00e1udio\u00a0\u00a0Pausar o \u00e1udio\u00a0\u00a0Aumentar o volume\u00a0\u00a0Diminuir o volume \u00a0 19\/05\/22 &#8211;\u00a0O Programa de Combate ao Trabalho Infantil e de Est\u00edmulo a Aprendizagem da Justi\u00e7a do Trabalho promoveu\u00a0o webin\u00e1rio \u201cA Explora\u00e7\u00e3o Sexual de Crian\u00e7as e Adolescentes sob a Perspectiva \u00a0Jur\u00eddico-Trabalhista: causas e consequ\u00eancias\u201d.\u00a0O evento teve como\u00a0objetivos conscientizar a [&hellip;]<\/p>\n","protected":false},"author":0,"featured_media":0,"comment_status":"open","ping_status":"","sticky":false,"template":"","format":"standard","meta":{"footnotes":""},"categories":[5],"tags":[],"class_list":["post-8586","post","type-post","status-publish","format-standard","hentry","category-noticias-educacao-financeira"],"blocksy_meta":{"styles_descriptor":{"styles":{"desktop":"","tablet":"","mobile":""},"google_fonts":[],"version":6}},"yoast_head":"<!-- This site is optimized with the Yoast SEO plugin v27.5 - https:\/\/yoast.com\/product\/yoast-seo-wordpress\/ -->\n<title>Trabalho e Justi\u00e7a | Ou\u00e7a o programa de quinta-feira (19\/05) - Contabilidade Caxias<\/title>\n<meta name=\"robots\" content=\"index, follow, max-snippet:-1, max-image-preview:large, max-video-preview:-1\" \/>\n<link rel=\"canonical\" href=\"https:\/\/contabilidadecaxias.com.br\/index.php\/2022\/05\/19\/trabalho-e-justica-ouca-o-programa-de-quinta-feira-19-05\/\" \/>\n<meta property=\"og:locale\" content=\"pt_BR\" \/>\n<meta property=\"og:type\" content=\"article\" \/>\n<meta property=\"og:title\" content=\"Trabalho e Justi\u00e7a | Ou\u00e7a o programa de quinta-feira (19\/05) - Contabilidade Caxias\" \/>\n<meta property=\"og:description\" content=\"\u00a0 \u00a0\u00a0\u00a0\u00a0\u00a0\u00a0\u00a0\u00a0 \u00a0\u00a0\u00a0\u00a0\u00a0\u00a0\u00a0\u00a0 \u00a0\u00a0\u00a0\u00a0\u00a0\u00a0 Baixe o \u00e1udio Reproduzir o \u00e1udio\u00a0\u00a0Pausar o \u00e1udio\u00a0\u00a0Aumentar o volume\u00a0\u00a0Diminuir o volume \u00a0 19\/05\/22 &#8211;\u00a0O Programa de Combate ao Trabalho Infantil e de Est\u00edmulo a Aprendizagem da Justi\u00e7a do Trabalho promoveu\u00a0o webin\u00e1rio \u201cA Explora\u00e7\u00e3o Sexual de Crian\u00e7as e Adolescentes sob a Perspectiva \u00a0Jur\u00eddico-Trabalhista: causas e consequ\u00eancias\u201d.\u00a0O evento teve como\u00a0objetivos conscientizar a [&hellip;]\" \/>\n<meta property=\"og:url\" content=\"https:\/\/contabilidadecaxias.com.br\/index.php\/2022\/05\/19\/trabalho-e-justica-ouca-o-programa-de-quinta-feira-19-05\/\" \/>\n<meta property=\"og:site_name\" content=\"Contabilidade Caxias\" \/>\n<meta property=\"article:published_time\" content=\"2022-05-19T19:34:53+00:00\" \/>\n<meta name=\"twitter:card\" content=\"summary_large_image\" \/>\n<meta name=\"twitter:label1\" content=\"Est. tempo de leitura\" \/>\n\t<meta name=\"twitter:data1\" content=\"1 minuto\" \/>\n<script type=\"application\/ld+json\" class=\"yoast-schema-graph\">{\"@context\":\"https:\\\/\\\/schema.org\",\"@graph\":[{\"@type\":\"Article\",\"@id\":\"https:\\\/\\\/contabilidadecaxias.com.br\\\/index.php\\\/2022\\\/05\\\/19\\\/trabalho-e-justica-ouca-o-programa-de-quinta-feira-19-05\\\/#article\",\"isPartOf\":{\"@id\":\"https:\\\/\\\/contabilidadecaxias.com.br\\\/index.php\\\/2022\\\/05\\\/19\\\/trabalho-e-justica-ouca-o-programa-de-quinta-feira-19-05\\\/\"},\"author\":{\"name\":\"\",\"@id\":\"\"},\"headline\":\"Trabalho e Justi\u00e7a | Ou\u00e7a o programa de quinta-feira (19\\\/05)\",\"datePublished\":\"2022-05-19T19:34:53+00:00\",\"mainEntityOfPage\":{\"@id\":\"https:\\\/\\\/contabilidadecaxias.com.br\\\/index.php\\\/2022\\\/05\\\/19\\\/trabalho-e-justica-ouca-o-programa-de-quinta-feira-19-05\\\/\"},\"wordCount\":132,\"commentCount\":0,\"articleSection\":[\"Educa\u00e7\u00e3o Financeira\"],\"inLanguage\":\"pt-BR\",\"potentialAction\":[{\"@type\":\"CommentAction\",\"name\":\"Comment\",\"target\":[\"https:\\\/\\\/contabilidadecaxias.com.br\\\/index.php\\\/2022\\\/05\\\/19\\\/trabalho-e-justica-ouca-o-programa-de-quinta-feira-19-05\\\/#respond\"]}]},{\"@type\":\"WebPage\",\"@id\":\"https:\\\/\\\/contabilidadecaxias.com.br\\\/index.php\\\/2022\\\/05\\\/19\\\/trabalho-e-justica-ouca-o-programa-de-quinta-feira-19-05\\\/\",\"url\":\"https:\\\/\\\/contabilidadecaxias.com.br\\\/index.php\\\/2022\\\/05\\\/19\\\/trabalho-e-justica-ouca-o-programa-de-quinta-feira-19-05\\\/\",\"name\":\"Trabalho e Justi\u00e7a | Ou\u00e7a o programa de quinta-feira (19\\\/05) - Contabilidade Caxias\",\"isPartOf\":{\"@id\":\"https:\\\/\\\/contabilidadecaxias.com.br\\\/#website\"},\"datePublished\":\"2022-05-19T19:34:53+00:00\",\"author\":{\"@id\":\"\"},\"breadcrumb\":{\"@id\":\"https:\\\/\\\/contabilidadecaxias.com.br\\\/index.php\\\/2022\\\/05\\\/19\\\/trabalho-e-justica-ouca-o-programa-de-quinta-feira-19-05\\\/#breadcrumb\"},\"inLanguage\":\"pt-BR\",\"potentialAction\":[{\"@type\":\"ReadAction\",\"target\":[\"https:\\\/\\\/contabilidadecaxias.com.br\\\/index.php\\\/2022\\\/05\\\/19\\\/trabalho-e-justica-ouca-o-programa-de-quinta-feira-19-05\\\/\"]}]},{\"@type\":\"BreadcrumbList\",\"@id\":\"https:\\\/\\\/contabilidadecaxias.com.br\\\/index.php\\\/2022\\\/05\\\/19\\\/trabalho-e-justica-ouca-o-programa-de-quinta-feira-19-05\\\/#breadcrumb\",\"itemListElement\":[{\"@type\":\"ListItem\",\"position\":1,\"name\":\"In\u00edcio\",\"item\":\"https:\\\/\\\/contabilidadecaxias.com.br\\\/\"},{\"@type\":\"ListItem\",\"position\":2,\"name\":\"Trabalho e Justi\u00e7a | Ou\u00e7a o programa de quinta-feira (19\\\/05)\"}]},{\"@type\":\"WebSite\",\"@id\":\"https:\\\/\\\/contabilidadecaxias.com.br\\\/#website\",\"url\":\"https:\\\/\\\/contabilidadecaxias.com.br\\\/\",\"name\":\"Contabilidade Caxias\",\"description\":\"Site especializado em Contabilidade para Caxias.\",\"potentialAction\":[{\"@type\":\"SearchAction\",\"target\":{\"@type\":\"EntryPoint\",\"urlTemplate\":\"https:\\\/\\\/contabilidadecaxias.com.br\\\/?s={search_term_string}\"},\"query-input\":{\"@type\":\"PropertyValueSpecification\",\"valueRequired\":true,\"valueName\":\"search_term_string\"}}],\"inLanguage\":\"pt-BR\"}]}<\/script>\n<!-- \/ Yoast SEO plugin. -->","yoast_head_json":{"title":"Trabalho e Justi\u00e7a | Ou\u00e7a o programa de quinta-feira (19\/05) - Contabilidade Caxias","robots":{"index":"index","follow":"follow","max-snippet":"max-snippet:-1","max-image-preview":"max-image-preview:large","max-video-preview":"max-video-preview:-1"},"canonical":"https:\/\/contabilidadecaxias.com.br\/index.php\/2022\/05\/19\/trabalho-e-justica-ouca-o-programa-de-quinta-feira-19-05\/","og_locale":"pt_BR","og_type":"article","og_title":"Trabalho e Justi\u00e7a | Ou\u00e7a o programa de quinta-feira (19\/05) - Contabilidade Caxias","og_description":"\u00a0 \u00a0\u00a0\u00a0\u00a0\u00a0\u00a0\u00a0\u00a0 \u00a0\u00a0\u00a0\u00a0\u00a0\u00a0\u00a0\u00a0 \u00a0\u00a0\u00a0\u00a0\u00a0\u00a0 Baixe o \u00e1udio Reproduzir o \u00e1udio\u00a0\u00a0Pausar o \u00e1udio\u00a0\u00a0Aumentar o volume\u00a0\u00a0Diminuir o volume \u00a0 19\/05\/22 &#8211;\u00a0O Programa de Combate ao Trabalho Infantil e de Est\u00edmulo a Aprendizagem da Justi\u00e7a do Trabalho promoveu\u00a0o webin\u00e1rio \u201cA Explora\u00e7\u00e3o Sexual de Crian\u00e7as e Adolescentes sob a Perspectiva \u00a0Jur\u00eddico-Trabalhista: causas e consequ\u00eancias\u201d.\u00a0O evento teve como\u00a0objetivos conscientizar a [&hellip;]","og_url":"https:\/\/contabilidadecaxias.com.br\/index.php\/2022\/05\/19\/trabalho-e-justica-ouca-o-programa-de-quinta-feira-19-05\/","og_site_name":"Contabilidade Caxias","article_published_time":"2022-05-19T19:34:53+00:00","twitter_card":"summary_large_image","twitter_misc":{"Est. tempo de leitura":"1 minuto"},"schema":{"@context":"https:\/\/schema.org","@graph":[{"@type":"Article","@id":"https:\/\/contabilidadecaxias.com.br\/index.php\/2022\/05\/19\/trabalho-e-justica-ouca-o-programa-de-quinta-feira-19-05\/#article","isPartOf":{"@id":"https:\/\/contabilidadecaxias.com.br\/index.php\/2022\/05\/19\/trabalho-e-justica-ouca-o-programa-de-quinta-feira-19-05\/"},"author":{"name":"","@id":""},"headline":"Trabalho e Justi\u00e7a | Ou\u00e7a o programa de quinta-feira (19\/05)","datePublished":"2022-05-19T19:34:53+00:00","mainEntityOfPage":{"@id":"https:\/\/contabilidadecaxias.com.br\/index.php\/2022\/05\/19\/trabalho-e-justica-ouca-o-programa-de-quinta-feira-19-05\/"},"wordCount":132,"commentCount":0,"articleSection":["Educa\u00e7\u00e3o Financeira"],"inLanguage":"pt-BR","potentialAction":[{"@type":"CommentAction","name":"Comment","target":["https:\/\/contabilidadecaxias.com.br\/index.php\/2022\/05\/19\/trabalho-e-justica-ouca-o-programa-de-quinta-feira-19-05\/#respond"]}]},{"@type":"WebPage","@id":"https:\/\/contabilidadecaxias.com.br\/index.php\/2022\/05\/19\/trabalho-e-justica-ouca-o-programa-de-quinta-feira-19-05\/","url":"https:\/\/contabilidadecaxias.com.br\/index.php\/2022\/05\/19\/trabalho-e-justica-ouca-o-programa-de-quinta-feira-19-05\/","name":"Trabalho e Justi\u00e7a | Ou\u00e7a o programa de quinta-feira (19\/05) - Contabilidade Caxias","isPartOf":{"@id":"https:\/\/contabilidadecaxias.com.br\/#website"},"datePublished":"2022-05-19T19:34:53+00:00","author":{"@id":""},"breadcrumb":{"@id":"https:\/\/contabilidadecaxias.com.br\/index.php\/2022\/05\/19\/trabalho-e-justica-ouca-o-programa-de-quinta-feira-19-05\/#breadcrumb"},"inLanguage":"pt-BR","potentialAction":[{"@type":"ReadAction","target":["https:\/\/contabilidadecaxias.com.br\/index.php\/2022\/05\/19\/trabalho-e-justica-ouca-o-programa-de-quinta-feira-19-05\/"]}]},{"@type":"BreadcrumbList","@id":"https:\/\/contabilidadecaxias.com.br\/index.php\/2022\/05\/19\/trabalho-e-justica-ouca-o-programa-de-quinta-feira-19-05\/#breadcrumb","itemListElement":[{"@type":"ListItem","position":1,"name":"In\u00edcio","item":"https:\/\/contabilidadecaxias.com.br\/"},{"@type":"ListItem","position":2,"name":"Trabalho e Justi\u00e7a | Ou\u00e7a o programa de quinta-feira (19\/05)"}]},{"@type":"WebSite","@id":"https:\/\/contabilidadecaxias.com.br\/#website","url":"https:\/\/contabilidadecaxias.com.br\/","name":"Contabilidade Caxias","description":"Site especializado em Contabilidade para Caxias.","potentialAction":[{"@type":"SearchAction","target":{"@type":"EntryPoint","urlTemplate":"https:\/\/contabilidadecaxias.com.br\/?s={search_term_string}"},"query-input":{"@type":"PropertyValueSpecification","valueRequired":true,"valueName":"search_term_string"}}],"inLanguage":"pt-BR"}]}},"_links":{"self":[{"href":"https:\/\/contabilidadecaxias.com.br\/index.php\/wp-json\/wp\/v2\/posts\/8586","targetHints":{"allow":["GET"]}}],"collection":[{"href":"https:\/\/contabilidadecaxias.com.br\/index.php\/wp-json\/wp\/v2\/posts"}],"about":[{"href":"https:\/\/contabilidadecaxias.com.br\/index.php\/wp-json\/wp\/v2\/types\/post"}],"replies":[{"embeddable":true,"href":"https:\/\/contabilidadecaxias.com.br\/index.php\/wp-json\/wp\/v2\/comments?post=8586"}],"version-history":[{"count":0,"href":"https:\/\/contabilidadecaxias.com.br\/index.php\/wp-json\/wp\/v2\/posts\/8586\/revisions"}],"wp:attachment":[{"href":"https:\/\/contabilidadecaxias.com.br\/index.php\/wp-json\/wp\/v2\/media?parent=8586"}],"wp:term":[{"taxonomy":"category","embeddable":true,"href":"https:\/\/contabilidadecaxias.com.br\/index.php\/wp-json\/wp\/v2\/categories?post=8586"},{"taxonomy":"post_tag","embeddable":true,"href":"https:\/\/contabilidadecaxias.com.br\/index.php\/wp-json\/wp\/v2\/tags?post=8586"}],"curies":[{"name":"wp","href":"https:\/\/api.w.org\/{rel}","templated":true}]}}