{"id":7950,"date":"2022-05-12T16:02:12","date_gmt":"2022-05-12T19:02:12","guid":{"rendered":"https:\/\/contabilidadecaxias.com.br\/index.php\/2022\/05\/12\/trabalho-e-justica-ouca-o-programa-de-quinta-feira-12-05\/"},"modified":"2022-05-12T16:02:12","modified_gmt":"2022-05-12T19:02:12","slug":"trabalho-e-justica-ouca-o-programa-de-quinta-feira-12-05","status":"publish","type":"post","link":"https:\/\/contabilidadecaxias.com.br\/index.php\/2022\/05\/12\/trabalho-e-justica-ouca-o-programa-de-quinta-feira-12-05\/","title":{"rendered":"Trabalho e Justi\u00e7a | Ou\u00e7a o programa de quinta-feira (12\/05)"},"content":{"rendered":"<div>\n\u00a0<br \/>\n\u00a0\u00a0\u00a0\u00a0\u00a0\u00a0\u00a0\u00a0 \u00a0\u00a0\u00a0\u00a0\u00a0\u00a0\u00a0\u00a0 \u00a0\u00a0\u00a0\u00a0\u00a0\u00a0 <a href=\"https:\/\/www.tst.jus.br\/documents\/10157\/27885360\/PGM+1556+-+TRABALHO+E+JUSTICA+-+CORRE%C3%87%C3%95ES.mp3\/4f6ca57a-b7e9-1bb1-f28e-675bd716b3d0?t=1652375904386\"> Baixe o \u00e1udio <\/a><\/div>\n<div><button>Reproduzir o \u00e1udio<\/button>\u00a0\u00a0<button>Pausar o \u00e1udio<\/button>\u00a0\u00a0<button>Aumentar o volume<\/button>\u00a0\u00a0<button>Diminuir o volume<\/button><\/div>\n<p>\u00a0<\/p>\n<p>12\/05\/22 &#8211; A Confec\u00e7\u00f5es de Roupas Seiki Ltda., de S\u00e3o Paulo (SP), foi condenada a pagar R$ 5 mil de indeniza\u00e7\u00e3o a uma assistente que era ofendida pela gerente da loja.<\/p>\n<p>O direito havia sido negado na\u00a0segunda inst\u00e2ncia, que entendera que as ofensas ocorriam de forma geral, contra todas as pessoas que trabalhavam no local. Mas, para a Quarta Turma do TST, isso n\u00e3o afasta a configura\u00e7\u00e3o do ass\u00e9dio moral.<\/p>\n<p>A entrevista da semana \u00e9 com o professor universit\u00e1rio Ricardo Coelho. Ele fala sobre sindicaliza\u00e7\u00e3o.<\/p>\n<p>Aperte o play e ou\u00e7a o programa na \u00edntegra.<\/p>\n","protected":false},"excerpt":{"rendered":"<p>\u00a0 \u00a0\u00a0\u00a0\u00a0\u00a0\u00a0\u00a0\u00a0 \u00a0\u00a0\u00a0\u00a0\u00a0\u00a0\u00a0\u00a0 \u00a0\u00a0\u00a0\u00a0\u00a0\u00a0 Baixe o \u00e1udio Reproduzir o \u00e1udio\u00a0\u00a0Pausar o \u00e1udio\u00a0\u00a0Aumentar o volume\u00a0\u00a0Diminuir o volume \u00a0 12\/05\/22 &#8211; A Confec\u00e7\u00f5es de Roupas Seiki Ltda., de S\u00e3o Paulo (SP), foi condenada a pagar R$ 5 mil de indeniza\u00e7\u00e3o a uma assistente que era ofendida pela gerente da loja. O direito havia sido negado na\u00a0segunda inst\u00e2ncia, [&hellip;]<\/p>\n","protected":false},"author":0,"featured_media":0,"comment_status":"open","ping_status":"","sticky":false,"template":"","format":"standard","meta":{"footnotes":""},"categories":[5],"tags":[],"class_list":["post-7950","post","type-post","status-publish","format-standard","hentry","category-noticias-educacao-financeira"],"blocksy_meta":{"styles_descriptor":{"styles":{"desktop":"","tablet":"","mobile":""},"google_fonts":[],"version":6}},"yoast_head":"<!-- This site is optimized with the Yoast SEO plugin v27.5 - https:\/\/yoast.com\/product\/yoast-seo-wordpress\/ -->\n<title>Trabalho e Justi\u00e7a | Ou\u00e7a o programa de quinta-feira (12\/05) - Contabilidade Caxias<\/title>\n<meta name=\"robots\" content=\"index, follow, max-snippet:-1, max-image-preview:large, max-video-preview:-1\" \/>\n<link rel=\"canonical\" href=\"https:\/\/contabilidadecaxias.com.br\/index.php\/2022\/05\/12\/trabalho-e-justica-ouca-o-programa-de-quinta-feira-12-05\/\" \/>\n<meta property=\"og:locale\" content=\"pt_BR\" \/>\n<meta property=\"og:type\" content=\"article\" \/>\n<meta property=\"og:title\" content=\"Trabalho e Justi\u00e7a | Ou\u00e7a o programa de quinta-feira (12\/05) - Contabilidade Caxias\" \/>\n<meta property=\"og:description\" content=\"\u00a0 \u00a0\u00a0\u00a0\u00a0\u00a0\u00a0\u00a0\u00a0 \u00a0\u00a0\u00a0\u00a0\u00a0\u00a0\u00a0\u00a0 \u00a0\u00a0\u00a0\u00a0\u00a0\u00a0 Baixe o \u00e1udio Reproduzir o \u00e1udio\u00a0\u00a0Pausar o \u00e1udio\u00a0\u00a0Aumentar o volume\u00a0\u00a0Diminuir o volume \u00a0 12\/05\/22 &#8211; A Confec\u00e7\u00f5es de Roupas Seiki Ltda., de S\u00e3o Paulo (SP), foi condenada a pagar R$ 5 mil de indeniza\u00e7\u00e3o a uma assistente que era ofendida pela gerente da loja. O direito havia sido negado na\u00a0segunda inst\u00e2ncia, [&hellip;]\" \/>\n<meta property=\"og:url\" content=\"https:\/\/contabilidadecaxias.com.br\/index.php\/2022\/05\/12\/trabalho-e-justica-ouca-o-programa-de-quinta-feira-12-05\/\" \/>\n<meta property=\"og:site_name\" content=\"Contabilidade Caxias\" \/>\n<meta property=\"article:published_time\" content=\"2022-05-12T19:02:12+00:00\" \/>\n<meta name=\"twitter:card\" content=\"summary_large_image\" \/>\n<meta name=\"twitter:label1\" content=\"Est. tempo de leitura\" \/>\n\t<meta name=\"twitter:data1\" content=\"1 minuto\" \/>\n<script type=\"application\/ld+json\" class=\"yoast-schema-graph\">{\"@context\":\"https:\\\/\\\/schema.org\",\"@graph\":[{\"@type\":\"Article\",\"@id\":\"https:\\\/\\\/contabilidadecaxias.com.br\\\/index.php\\\/2022\\\/05\\\/12\\\/trabalho-e-justica-ouca-o-programa-de-quinta-feira-12-05\\\/#article\",\"isPartOf\":{\"@id\":\"https:\\\/\\\/contabilidadecaxias.com.br\\\/index.php\\\/2022\\\/05\\\/12\\\/trabalho-e-justica-ouca-o-programa-de-quinta-feira-12-05\\\/\"},\"author\":{\"name\":\"\",\"@id\":\"\"},\"headline\":\"Trabalho e Justi\u00e7a | Ou\u00e7a o programa de quinta-feira (12\\\/05)\",\"datePublished\":\"2022-05-12T19:02:12+00:00\",\"mainEntityOfPage\":{\"@id\":\"https:\\\/\\\/contabilidadecaxias.com.br\\\/index.php\\\/2022\\\/05\\\/12\\\/trabalho-e-justica-ouca-o-programa-de-quinta-feira-12-05\\\/\"},\"wordCount\":127,\"commentCount\":0,\"articleSection\":[\"Educa\u00e7\u00e3o Financeira\"],\"inLanguage\":\"pt-BR\",\"potentialAction\":[{\"@type\":\"CommentAction\",\"name\":\"Comment\",\"target\":[\"https:\\\/\\\/contabilidadecaxias.com.br\\\/index.php\\\/2022\\\/05\\\/12\\\/trabalho-e-justica-ouca-o-programa-de-quinta-feira-12-05\\\/#respond\"]}]},{\"@type\":\"WebPage\",\"@id\":\"https:\\\/\\\/contabilidadecaxias.com.br\\\/index.php\\\/2022\\\/05\\\/12\\\/trabalho-e-justica-ouca-o-programa-de-quinta-feira-12-05\\\/\",\"url\":\"https:\\\/\\\/contabilidadecaxias.com.br\\\/index.php\\\/2022\\\/05\\\/12\\\/trabalho-e-justica-ouca-o-programa-de-quinta-feira-12-05\\\/\",\"name\":\"Trabalho e Justi\u00e7a | Ou\u00e7a o programa de quinta-feira (12\\\/05) - Contabilidade Caxias\",\"isPartOf\":{\"@id\":\"https:\\\/\\\/contabilidadecaxias.com.br\\\/#website\"},\"datePublished\":\"2022-05-12T19:02:12+00:00\",\"author\":{\"@id\":\"\"},\"breadcrumb\":{\"@id\":\"https:\\\/\\\/contabilidadecaxias.com.br\\\/index.php\\\/2022\\\/05\\\/12\\\/trabalho-e-justica-ouca-o-programa-de-quinta-feira-12-05\\\/#breadcrumb\"},\"inLanguage\":\"pt-BR\",\"potentialAction\":[{\"@type\":\"ReadAction\",\"target\":[\"https:\\\/\\\/contabilidadecaxias.com.br\\\/index.php\\\/2022\\\/05\\\/12\\\/trabalho-e-justica-ouca-o-programa-de-quinta-feira-12-05\\\/\"]}]},{\"@type\":\"BreadcrumbList\",\"@id\":\"https:\\\/\\\/contabilidadecaxias.com.br\\\/index.php\\\/2022\\\/05\\\/12\\\/trabalho-e-justica-ouca-o-programa-de-quinta-feira-12-05\\\/#breadcrumb\",\"itemListElement\":[{\"@type\":\"ListItem\",\"position\":1,\"name\":\"In\u00edcio\",\"item\":\"https:\\\/\\\/contabilidadecaxias.com.br\\\/\"},{\"@type\":\"ListItem\",\"position\":2,\"name\":\"Trabalho e Justi\u00e7a | Ou\u00e7a o programa de quinta-feira (12\\\/05)\"}]},{\"@type\":\"WebSite\",\"@id\":\"https:\\\/\\\/contabilidadecaxias.com.br\\\/#website\",\"url\":\"https:\\\/\\\/contabilidadecaxias.com.br\\\/\",\"name\":\"Contabilidade Caxias\",\"description\":\"Site especializado em Contabilidade para Caxias.\",\"potentialAction\":[{\"@type\":\"SearchAction\",\"target\":{\"@type\":\"EntryPoint\",\"urlTemplate\":\"https:\\\/\\\/contabilidadecaxias.com.br\\\/?s={search_term_string}\"},\"query-input\":{\"@type\":\"PropertyValueSpecification\",\"valueRequired\":true,\"valueName\":\"search_term_string\"}}],\"inLanguage\":\"pt-BR\"}]}<\/script>\n<!-- \/ Yoast SEO plugin. -->","yoast_head_json":{"title":"Trabalho e Justi\u00e7a | Ou\u00e7a o programa de quinta-feira (12\/05) - Contabilidade Caxias","robots":{"index":"index","follow":"follow","max-snippet":"max-snippet:-1","max-image-preview":"max-image-preview:large","max-video-preview":"max-video-preview:-1"},"canonical":"https:\/\/contabilidadecaxias.com.br\/index.php\/2022\/05\/12\/trabalho-e-justica-ouca-o-programa-de-quinta-feira-12-05\/","og_locale":"pt_BR","og_type":"article","og_title":"Trabalho e Justi\u00e7a | Ou\u00e7a o programa de quinta-feira (12\/05) - Contabilidade Caxias","og_description":"\u00a0 \u00a0\u00a0\u00a0\u00a0\u00a0\u00a0\u00a0\u00a0 \u00a0\u00a0\u00a0\u00a0\u00a0\u00a0\u00a0\u00a0 \u00a0\u00a0\u00a0\u00a0\u00a0\u00a0 Baixe o \u00e1udio Reproduzir o \u00e1udio\u00a0\u00a0Pausar o \u00e1udio\u00a0\u00a0Aumentar o volume\u00a0\u00a0Diminuir o volume \u00a0 12\/05\/22 &#8211; A Confec\u00e7\u00f5es de Roupas Seiki Ltda., de S\u00e3o Paulo (SP), foi condenada a pagar R$ 5 mil de indeniza\u00e7\u00e3o a uma assistente que era ofendida pela gerente da loja. O direito havia sido negado na\u00a0segunda inst\u00e2ncia, [&hellip;]","og_url":"https:\/\/contabilidadecaxias.com.br\/index.php\/2022\/05\/12\/trabalho-e-justica-ouca-o-programa-de-quinta-feira-12-05\/","og_site_name":"Contabilidade Caxias","article_published_time":"2022-05-12T19:02:12+00:00","twitter_card":"summary_large_image","twitter_misc":{"Est. tempo de leitura":"1 minuto"},"schema":{"@context":"https:\/\/schema.org","@graph":[{"@type":"Article","@id":"https:\/\/contabilidadecaxias.com.br\/index.php\/2022\/05\/12\/trabalho-e-justica-ouca-o-programa-de-quinta-feira-12-05\/#article","isPartOf":{"@id":"https:\/\/contabilidadecaxias.com.br\/index.php\/2022\/05\/12\/trabalho-e-justica-ouca-o-programa-de-quinta-feira-12-05\/"},"author":{"name":"","@id":""},"headline":"Trabalho e Justi\u00e7a | Ou\u00e7a o programa de quinta-feira (12\/05)","datePublished":"2022-05-12T19:02:12+00:00","mainEntityOfPage":{"@id":"https:\/\/contabilidadecaxias.com.br\/index.php\/2022\/05\/12\/trabalho-e-justica-ouca-o-programa-de-quinta-feira-12-05\/"},"wordCount":127,"commentCount":0,"articleSection":["Educa\u00e7\u00e3o Financeira"],"inLanguage":"pt-BR","potentialAction":[{"@type":"CommentAction","name":"Comment","target":["https:\/\/contabilidadecaxias.com.br\/index.php\/2022\/05\/12\/trabalho-e-justica-ouca-o-programa-de-quinta-feira-12-05\/#respond"]}]},{"@type":"WebPage","@id":"https:\/\/contabilidadecaxias.com.br\/index.php\/2022\/05\/12\/trabalho-e-justica-ouca-o-programa-de-quinta-feira-12-05\/","url":"https:\/\/contabilidadecaxias.com.br\/index.php\/2022\/05\/12\/trabalho-e-justica-ouca-o-programa-de-quinta-feira-12-05\/","name":"Trabalho e Justi\u00e7a | Ou\u00e7a o programa de quinta-feira (12\/05) - Contabilidade Caxias","isPartOf":{"@id":"https:\/\/contabilidadecaxias.com.br\/#website"},"datePublished":"2022-05-12T19:02:12+00:00","author":{"@id":""},"breadcrumb":{"@id":"https:\/\/contabilidadecaxias.com.br\/index.php\/2022\/05\/12\/trabalho-e-justica-ouca-o-programa-de-quinta-feira-12-05\/#breadcrumb"},"inLanguage":"pt-BR","potentialAction":[{"@type":"ReadAction","target":["https:\/\/contabilidadecaxias.com.br\/index.php\/2022\/05\/12\/trabalho-e-justica-ouca-o-programa-de-quinta-feira-12-05\/"]}]},{"@type":"BreadcrumbList","@id":"https:\/\/contabilidadecaxias.com.br\/index.php\/2022\/05\/12\/trabalho-e-justica-ouca-o-programa-de-quinta-feira-12-05\/#breadcrumb","itemListElement":[{"@type":"ListItem","position":1,"name":"In\u00edcio","item":"https:\/\/contabilidadecaxias.com.br\/"},{"@type":"ListItem","position":2,"name":"Trabalho e Justi\u00e7a | Ou\u00e7a o programa de quinta-feira (12\/05)"}]},{"@type":"WebSite","@id":"https:\/\/contabilidadecaxias.com.br\/#website","url":"https:\/\/contabilidadecaxias.com.br\/","name":"Contabilidade Caxias","description":"Site especializado em Contabilidade para Caxias.","potentialAction":[{"@type":"SearchAction","target":{"@type":"EntryPoint","urlTemplate":"https:\/\/contabilidadecaxias.com.br\/?s={search_term_string}"},"query-input":{"@type":"PropertyValueSpecification","valueRequired":true,"valueName":"search_term_string"}}],"inLanguage":"pt-BR"}]}},"_links":{"self":[{"href":"https:\/\/contabilidadecaxias.com.br\/index.php\/wp-json\/wp\/v2\/posts\/7950","targetHints":{"allow":["GET"]}}],"collection":[{"href":"https:\/\/contabilidadecaxias.com.br\/index.php\/wp-json\/wp\/v2\/posts"}],"about":[{"href":"https:\/\/contabilidadecaxias.com.br\/index.php\/wp-json\/wp\/v2\/types\/post"}],"replies":[{"embeddable":true,"href":"https:\/\/contabilidadecaxias.com.br\/index.php\/wp-json\/wp\/v2\/comments?post=7950"}],"version-history":[{"count":0,"href":"https:\/\/contabilidadecaxias.com.br\/index.php\/wp-json\/wp\/v2\/posts\/7950\/revisions"}],"wp:attachment":[{"href":"https:\/\/contabilidadecaxias.com.br\/index.php\/wp-json\/wp\/v2\/media?parent=7950"}],"wp:term":[{"taxonomy":"category","embeddable":true,"href":"https:\/\/contabilidadecaxias.com.br\/index.php\/wp-json\/wp\/v2\/categories?post=7950"},{"taxonomy":"post_tag","embeddable":true,"href":"https:\/\/contabilidadecaxias.com.br\/index.php\/wp-json\/wp\/v2\/tags?post=7950"}],"curies":[{"name":"wp","href":"https:\/\/api.w.org\/{rel}","templated":true}]}}