{"id":702,"date":"2022-02-12T23:05:17","date_gmt":"2022-02-13T02:05:17","guid":{"rendered":"https:\/\/contabilidadecaxias.com.br\/index.php\/2022\/02\/12\/joao-carlos-martins-e-diagnosticado-com-covid-19-e-cancela-agenda-de-concertos\/"},"modified":"2022-02-12T23:05:17","modified_gmt":"2022-02-13T02:05:17","slug":"joao-carlos-martins-e-diagnosticado-com-covid-19-e-cancela-agenda-de-concertos","status":"publish","type":"post","link":"https:\/\/contabilidadecaxias.com.br\/index.php\/2022\/02\/12\/joao-carlos-martins-e-diagnosticado-com-covid-19-e-cancela-agenda-de-concertos\/","title":{"rendered":"Jo\u00e3o Carlos Martins \u00e9 diagnosticado com Covid-19 e cancela agenda de concertos"},"content":{"rendered":"<p>S\u00c3O PAULO, SP (FOLHAPRESS) &#8211; O maestro Jo\u00e3o Carlos Martins foi diagnosticado neste s\u00e1bado (12) com Covid-19 e teve que desmarcar todos os compromissos agendados para a pr\u00f3xima semana.<\/p>\n<p>Entre eles est\u00e3o tr\u00eas concertos \u0096dois virtuais e um presencial, no Teatro do Sesi, contratado pela emissora CNN para celebrar os cem anos da Semana de Arte Moderna de 1922.<\/p>\n<p>Martins conta que fez um ensaio com a Orquestra Bachiana na manh\u00e3 deste s\u00e1bado (12). Ao voltar para casa, come\u00e7ou a sentir mal-estar, com febre e coriza.<\/p>\n<p>Ele afirma que percebeu os sintomas quando estudava piano para o concerto que far\u00e1 em 19 de novembro no Carnegie Hall, em Nova York (EUA), para celebrar os 60 anos de sua estreia na sala de espet\u00e1culos.<\/p>\n<p>Chamou um farmac\u00eautico, fez o teste e confirmou a suspeita de que estava infectado pelo coronav\u00edrus.<\/p>\n<p>O maestro diz que est\u00e1 se sentindo bem e que passar\u00e1 a semana em casa, cumprindo a quarentena.<\/p>","protected":false},"excerpt":{"rendered":"<p>S\u00c3O PAULO, SP (FOLHAPRESS) &#8211; O maestro Jo\u00e3o Carlos Martins foi diagnosticado neste s\u00e1bado (12) com Covid-19 e teve que desmarcar todos os compromissos agendados para a pr\u00f3xima semana. Entre eles est\u00e3o tr\u00eas concertos \u0096dois virtuais e um presencial, no Teatro do Sesi, contratado pela emissora CNN para celebrar os cem anos da Semana de [&hellip;]<\/p>\n","protected":false},"author":0,"featured_media":0,"comment_status":"open","ping_status":"open","sticky":false,"template":"","format":"standard","meta":{"footnotes":""},"categories":[4],"tags":[],"class_list":["post-702","post","type-post","status-publish","format-standard","hentry","category-noticias-empreendedorismo"],"blocksy_meta":{"styles_descriptor":{"styles":{"desktop":"","tablet":"","mobile":""},"google_fonts":[],"version":6}},"yoast_head":"<!-- This site is optimized with the Yoast SEO plugin v27.5 - https:\/\/yoast.com\/product\/yoast-seo-wordpress\/ -->\n<title>Jo\u00e3o Carlos Martins \u00e9 diagnosticado com Covid-19 e cancela agenda de concertos - Contabilidade Caxias<\/title>\n<meta name=\"robots\" content=\"index, follow, max-snippet:-1, max-image-preview:large, max-video-preview:-1\" \/>\n<link rel=\"canonical\" href=\"https:\/\/contabilidadecaxias.com.br\/index.php\/2022\/02\/12\/joao-carlos-martins-e-diagnosticado-com-covid-19-e-cancela-agenda-de-concertos\/\" \/>\n<meta property=\"og:locale\" content=\"pt_BR\" \/>\n<meta property=\"og:type\" content=\"article\" \/>\n<meta property=\"og:title\" content=\"Jo\u00e3o Carlos Martins \u00e9 diagnosticado com Covid-19 e cancela agenda de concertos - Contabilidade Caxias\" \/>\n<meta property=\"og:description\" content=\"S\u00c3O PAULO, SP (FOLHAPRESS) &#8211; O maestro Jo\u00e3o Carlos Martins foi diagnosticado neste s\u00e1bado (12) com Covid-19 e teve que desmarcar todos os compromissos agendados para a pr\u00f3xima semana. Entre eles est\u00e3o tr\u00eas concertos \u0096dois virtuais e um presencial, no Teatro do Sesi, contratado pela emissora CNN para celebrar os cem anos da Semana de [&hellip;]\" \/>\n<meta property=\"og:url\" content=\"https:\/\/contabilidadecaxias.com.br\/index.php\/2022\/02\/12\/joao-carlos-martins-e-diagnosticado-com-covid-19-e-cancela-agenda-de-concertos\/\" \/>\n<meta property=\"og:site_name\" content=\"Contabilidade Caxias\" \/>\n<meta property=\"article:published_time\" content=\"2022-02-13T02:05:17+00:00\" \/>\n<meta name=\"twitter:card\" content=\"summary_large_image\" \/>\n<meta name=\"twitter:label1\" content=\"Est. tempo de leitura\" \/>\n\t<meta name=\"twitter:data1\" content=\"1 minuto\" \/>\n<script type=\"application\/ld+json\" class=\"yoast-schema-graph\">{\"@context\":\"https:\\\/\\\/schema.org\",\"@graph\":[{\"@type\":\"Article\",\"@id\":\"https:\\\/\\\/contabilidadecaxias.com.br\\\/index.php\\\/2022\\\/02\\\/12\\\/joao-carlos-martins-e-diagnosticado-com-covid-19-e-cancela-agenda-de-concertos\\\/#article\",\"isPartOf\":{\"@id\":\"https:\\\/\\\/contabilidadecaxias.com.br\\\/index.php\\\/2022\\\/02\\\/12\\\/joao-carlos-martins-e-diagnosticado-com-covid-19-e-cancela-agenda-de-concertos\\\/\"},\"author\":{\"name\":\"\",\"@id\":\"\"},\"headline\":\"Jo\u00e3o Carlos Martins \u00e9 diagnosticado com Covid-19 e cancela agenda de concertos\",\"datePublished\":\"2022-02-13T02:05:17+00:00\",\"mainEntityOfPage\":{\"@id\":\"https:\\\/\\\/contabilidadecaxias.com.br\\\/index.php\\\/2022\\\/02\\\/12\\\/joao-carlos-martins-e-diagnosticado-com-covid-19-e-cancela-agenda-de-concertos\\\/\"},\"wordCount\":175,\"commentCount\":0,\"articleSection\":[\"Empreendedorismo\"],\"inLanguage\":\"pt-BR\",\"potentialAction\":[{\"@type\":\"CommentAction\",\"name\":\"Comment\",\"target\":[\"https:\\\/\\\/contabilidadecaxias.com.br\\\/index.php\\\/2022\\\/02\\\/12\\\/joao-carlos-martins-e-diagnosticado-com-covid-19-e-cancela-agenda-de-concertos\\\/#respond\"]}]},{\"@type\":\"WebPage\",\"@id\":\"https:\\\/\\\/contabilidadecaxias.com.br\\\/index.php\\\/2022\\\/02\\\/12\\\/joao-carlos-martins-e-diagnosticado-com-covid-19-e-cancela-agenda-de-concertos\\\/\",\"url\":\"https:\\\/\\\/contabilidadecaxias.com.br\\\/index.php\\\/2022\\\/02\\\/12\\\/joao-carlos-martins-e-diagnosticado-com-covid-19-e-cancela-agenda-de-concertos\\\/\",\"name\":\"Jo\u00e3o Carlos Martins \u00e9 diagnosticado com Covid-19 e cancela agenda de concertos - Contabilidade Caxias\",\"isPartOf\":{\"@id\":\"https:\\\/\\\/contabilidadecaxias.com.br\\\/#website\"},\"datePublished\":\"2022-02-13T02:05:17+00:00\",\"author\":{\"@id\":\"\"},\"breadcrumb\":{\"@id\":\"https:\\\/\\\/contabilidadecaxias.com.br\\\/index.php\\\/2022\\\/02\\\/12\\\/joao-carlos-martins-e-diagnosticado-com-covid-19-e-cancela-agenda-de-concertos\\\/#breadcrumb\"},\"inLanguage\":\"pt-BR\",\"potentialAction\":[{\"@type\":\"ReadAction\",\"target\":[\"https:\\\/\\\/contabilidadecaxias.com.br\\\/index.php\\\/2022\\\/02\\\/12\\\/joao-carlos-martins-e-diagnosticado-com-covid-19-e-cancela-agenda-de-concertos\\\/\"]}]},{\"@type\":\"BreadcrumbList\",\"@id\":\"https:\\\/\\\/contabilidadecaxias.com.br\\\/index.php\\\/2022\\\/02\\\/12\\\/joao-carlos-martins-e-diagnosticado-com-covid-19-e-cancela-agenda-de-concertos\\\/#breadcrumb\",\"itemListElement\":[{\"@type\":\"ListItem\",\"position\":1,\"name\":\"In\u00edcio\",\"item\":\"https:\\\/\\\/contabilidadecaxias.com.br\\\/\"},{\"@type\":\"ListItem\",\"position\":2,\"name\":\"Jo\u00e3o Carlos Martins \u00e9 diagnosticado com Covid-19 e cancela agenda de concertos\"}]},{\"@type\":\"WebSite\",\"@id\":\"https:\\\/\\\/contabilidadecaxias.com.br\\\/#website\",\"url\":\"https:\\\/\\\/contabilidadecaxias.com.br\\\/\",\"name\":\"Contabilidade Caxias\",\"description\":\"Site especializado em Contabilidade para Caxias.\",\"potentialAction\":[{\"@type\":\"SearchAction\",\"target\":{\"@type\":\"EntryPoint\",\"urlTemplate\":\"https:\\\/\\\/contabilidadecaxias.com.br\\\/?s={search_term_string}\"},\"query-input\":{\"@type\":\"PropertyValueSpecification\",\"valueRequired\":true,\"valueName\":\"search_term_string\"}}],\"inLanguage\":\"pt-BR\"}]}<\/script>\n<!-- \/ Yoast SEO plugin. -->","yoast_head_json":{"title":"Jo\u00e3o Carlos Martins \u00e9 diagnosticado com Covid-19 e cancela agenda de concertos - Contabilidade Caxias","robots":{"index":"index","follow":"follow","max-snippet":"max-snippet:-1","max-image-preview":"max-image-preview:large","max-video-preview":"max-video-preview:-1"},"canonical":"https:\/\/contabilidadecaxias.com.br\/index.php\/2022\/02\/12\/joao-carlos-martins-e-diagnosticado-com-covid-19-e-cancela-agenda-de-concertos\/","og_locale":"pt_BR","og_type":"article","og_title":"Jo\u00e3o Carlos Martins \u00e9 diagnosticado com Covid-19 e cancela agenda de concertos - Contabilidade Caxias","og_description":"S\u00c3O PAULO, SP (FOLHAPRESS) &#8211; O maestro Jo\u00e3o Carlos Martins foi diagnosticado neste s\u00e1bado (12) com Covid-19 e teve que desmarcar todos os compromissos agendados para a pr\u00f3xima semana. Entre eles est\u00e3o tr\u00eas concertos \u0096dois virtuais e um presencial, no Teatro do Sesi, contratado pela emissora CNN para celebrar os cem anos da Semana de [&hellip;]","og_url":"https:\/\/contabilidadecaxias.com.br\/index.php\/2022\/02\/12\/joao-carlos-martins-e-diagnosticado-com-covid-19-e-cancela-agenda-de-concertos\/","og_site_name":"Contabilidade Caxias","article_published_time":"2022-02-13T02:05:17+00:00","twitter_card":"summary_large_image","twitter_misc":{"Est. tempo de leitura":"1 minuto"},"schema":{"@context":"https:\/\/schema.org","@graph":[{"@type":"Article","@id":"https:\/\/contabilidadecaxias.com.br\/index.php\/2022\/02\/12\/joao-carlos-martins-e-diagnosticado-com-covid-19-e-cancela-agenda-de-concertos\/#article","isPartOf":{"@id":"https:\/\/contabilidadecaxias.com.br\/index.php\/2022\/02\/12\/joao-carlos-martins-e-diagnosticado-com-covid-19-e-cancela-agenda-de-concertos\/"},"author":{"name":"","@id":""},"headline":"Jo\u00e3o Carlos Martins \u00e9 diagnosticado com Covid-19 e cancela agenda de concertos","datePublished":"2022-02-13T02:05:17+00:00","mainEntityOfPage":{"@id":"https:\/\/contabilidadecaxias.com.br\/index.php\/2022\/02\/12\/joao-carlos-martins-e-diagnosticado-com-covid-19-e-cancela-agenda-de-concertos\/"},"wordCount":175,"commentCount":0,"articleSection":["Empreendedorismo"],"inLanguage":"pt-BR","potentialAction":[{"@type":"CommentAction","name":"Comment","target":["https:\/\/contabilidadecaxias.com.br\/index.php\/2022\/02\/12\/joao-carlos-martins-e-diagnosticado-com-covid-19-e-cancela-agenda-de-concertos\/#respond"]}]},{"@type":"WebPage","@id":"https:\/\/contabilidadecaxias.com.br\/index.php\/2022\/02\/12\/joao-carlos-martins-e-diagnosticado-com-covid-19-e-cancela-agenda-de-concertos\/","url":"https:\/\/contabilidadecaxias.com.br\/index.php\/2022\/02\/12\/joao-carlos-martins-e-diagnosticado-com-covid-19-e-cancela-agenda-de-concertos\/","name":"Jo\u00e3o Carlos Martins \u00e9 diagnosticado com Covid-19 e cancela agenda de concertos - Contabilidade Caxias","isPartOf":{"@id":"https:\/\/contabilidadecaxias.com.br\/#website"},"datePublished":"2022-02-13T02:05:17+00:00","author":{"@id":""},"breadcrumb":{"@id":"https:\/\/contabilidadecaxias.com.br\/index.php\/2022\/02\/12\/joao-carlos-martins-e-diagnosticado-com-covid-19-e-cancela-agenda-de-concertos\/#breadcrumb"},"inLanguage":"pt-BR","potentialAction":[{"@type":"ReadAction","target":["https:\/\/contabilidadecaxias.com.br\/index.php\/2022\/02\/12\/joao-carlos-martins-e-diagnosticado-com-covid-19-e-cancela-agenda-de-concertos\/"]}]},{"@type":"BreadcrumbList","@id":"https:\/\/contabilidadecaxias.com.br\/index.php\/2022\/02\/12\/joao-carlos-martins-e-diagnosticado-com-covid-19-e-cancela-agenda-de-concertos\/#breadcrumb","itemListElement":[{"@type":"ListItem","position":1,"name":"In\u00edcio","item":"https:\/\/contabilidadecaxias.com.br\/"},{"@type":"ListItem","position":2,"name":"Jo\u00e3o Carlos Martins \u00e9 diagnosticado com Covid-19 e cancela agenda de concertos"}]},{"@type":"WebSite","@id":"https:\/\/contabilidadecaxias.com.br\/#website","url":"https:\/\/contabilidadecaxias.com.br\/","name":"Contabilidade Caxias","description":"Site especializado em Contabilidade para Caxias.","potentialAction":[{"@type":"SearchAction","target":{"@type":"EntryPoint","urlTemplate":"https:\/\/contabilidadecaxias.com.br\/?s={search_term_string}"},"query-input":{"@type":"PropertyValueSpecification","valueRequired":true,"valueName":"search_term_string"}}],"inLanguage":"pt-BR"}]}},"_links":{"self":[{"href":"https:\/\/contabilidadecaxias.com.br\/index.php\/wp-json\/wp\/v2\/posts\/702","targetHints":{"allow":["GET"]}}],"collection":[{"href":"https:\/\/contabilidadecaxias.com.br\/index.php\/wp-json\/wp\/v2\/posts"}],"about":[{"href":"https:\/\/contabilidadecaxias.com.br\/index.php\/wp-json\/wp\/v2\/types\/post"}],"replies":[{"embeddable":true,"href":"https:\/\/contabilidadecaxias.com.br\/index.php\/wp-json\/wp\/v2\/comments?post=702"}],"version-history":[{"count":0,"href":"https:\/\/contabilidadecaxias.com.br\/index.php\/wp-json\/wp\/v2\/posts\/702\/revisions"}],"wp:attachment":[{"href":"https:\/\/contabilidadecaxias.com.br\/index.php\/wp-json\/wp\/v2\/media?parent=702"}],"wp:term":[{"taxonomy":"category","embeddable":true,"href":"https:\/\/contabilidadecaxias.com.br\/index.php\/wp-json\/wp\/v2\/categories?post=702"},{"taxonomy":"post_tag","embeddable":true,"href":"https:\/\/contabilidadecaxias.com.br\/index.php\/wp-json\/wp\/v2\/tags?post=702"}],"curies":[{"name":"wp","href":"https:\/\/api.w.org\/{rel}","templated":true}]}}