{"id":68,"date":"2022-02-09T10:24:20","date_gmt":"2022-02-09T13:24:20","guid":{"rendered":"https:\/\/contabilidadecaxias.com.br\/index.php\/2022\/02\/09\/pp-prepara-representacao-contra-kim-na-camara-por-fala-sobre-nazismo\/"},"modified":"2022-02-09T10:24:20","modified_gmt":"2022-02-09T13:24:20","slug":"pp-prepara-representacao-contra-kim-na-camara-por-fala-sobre-nazismo","status":"publish","type":"post","link":"https:\/\/contabilidadecaxias.com.br\/index.php\/2022\/02\/09\/pp-prepara-representacao-contra-kim-na-camara-por-fala-sobre-nazismo\/","title":{"rendered":"PP prepara representa\u00e7\u00e3o contra Kim na C\u00e2mara por fala sobre nazismo"},"content":{"rendered":"<p>S\u00c3O PAULO, SP (FOLHAPRESS) &#8211; O PP deve entrar com uma representa\u00e7\u00e3o no Conselho de \u00c9tica da C\u00e2mara contra o deputado Kim Kataguiri (DEM-SP) por ele ter afirmado, no Flow Podcast, que nazismo n\u00e3o deveria ser considerado crime no Brasil.<\/p>\n<p>O partido do centr\u00e3o \u00e9 hoje um dos principais pilares de sustenta\u00e7\u00e3o do presidente Jair Bolsonaro no Congresso, ao lado do PL.<\/p>\n<p>De acordo com interlocutores, a pe\u00e7a est\u00e1 em elabora\u00e7\u00e3o e deve ser apresentada no colegiado respons\u00e1vel por analisar casos de quebra de decoro parlamentar.<\/p>\n<p>Ainda segundo interlocutores, lideran\u00e7as do partido est\u00e3o debatendo se a representa\u00e7\u00e3o pedir\u00e1 a perda de mandato de Kim ou sua suspens\u00e3o.<\/p>\n<p>Kim participou do podcast ao lado do podcaster Monark (Bruno Aiub) e da deputada Taba Amaral (PSB-SP).<\/p>\n<p>Na segunda-feira (7), Monark defendeu o direito de exist\u00eancia de um partido nazista. O coment\u00e1rio lhe rendeu amplas cr\u00edticas e ele acabou desligado do podcast.<\/p>\n<p>&#8220;A esquerda radical tem muito mais espa\u00e7o que a direita radical, na minha opini\u00e3o. As duas tinham que ter espa\u00e7o, na minha opini\u00e3o &#8220;, disse Monark. &#8220;Eu acho que o nazista tinha que ter o partido nazista reconhecido pela lei.&#8221;<\/p>\n<p>Tabata Amaral rebateu o podcaster. Kim, por sua vez, foi questionado por Tabata se achava errado a Alemanha ter criminalizado o nazismo. O deputado respondeu que sim.<\/p>\n<p>Na ter\u00e7a (8), o parlamentar afirmou \u00e0 coluna M\u00f4nica Bergamo, da Folha, que o apresentador, demitido nesta ter\u00e7a (8), &#8220;falou uma grandess\u00edssima bobagem, mas n\u00e3o \u00e9 nazista&#8221;.<\/p>\n<p>O procurador-geral da Rep\u00fablica, Augusto Aras, determinou a instaura\u00e7\u00e3o de procedimento para apurar pr\u00e1tica de eventual crime de apologia ao nazismo por Kim e por Monark.<\/p>\n<p>O teor das declara\u00e7\u00f5es ser\u00e1 analisado pela assessoria criminal de Aras em fun\u00e7\u00e3o de o caso envolver parlamentar com prerrogativa de foro no STF (Supremo Tribunal Federal).<\/p>","protected":false},"excerpt":{"rendered":"<p>S\u00c3O PAULO, SP (FOLHAPRESS) &#8211; O PP deve entrar com uma representa\u00e7\u00e3o no Conselho de \u00c9tica da C\u00e2mara contra o deputado Kim Kataguiri (DEM-SP) por ele ter afirmado, no Flow Podcast, que nazismo n\u00e3o deveria ser considerado crime no Brasil. O partido do centr\u00e3o \u00e9 hoje um dos principais pilares de sustenta\u00e7\u00e3o do presidente Jair [&hellip;]<\/p>\n","protected":false},"author":1,"featured_media":0,"comment_status":"open","ping_status":"open","sticky":false,"template":"","format":"standard","meta":{"footnotes":""},"categories":[4],"tags":[],"class_list":["post-68","post","type-post","status-publish","format-standard","hentry","category-noticias-empreendedorismo"],"blocksy_meta":{"styles_descriptor":{"styles":{"desktop":"","tablet":"","mobile":""},"google_fonts":[],"version":6}},"yoast_head":"<!-- This site is optimized with the Yoast SEO plugin v27.5 - https:\/\/yoast.com\/product\/yoast-seo-wordpress\/ -->\n<title>PP prepara representa\u00e7\u00e3o contra Kim na C\u00e2mara por fala sobre nazismo - Contabilidade Caxias<\/title>\n<meta name=\"robots\" content=\"index, follow, max-snippet:-1, max-image-preview:large, max-video-preview:-1\" \/>\n<link rel=\"canonical\" href=\"https:\/\/contabilidadecaxias.com.br\/index.php\/2022\/02\/09\/pp-prepara-representacao-contra-kim-na-camara-por-fala-sobre-nazismo\/\" \/>\n<meta property=\"og:locale\" content=\"pt_BR\" \/>\n<meta property=\"og:type\" content=\"article\" \/>\n<meta property=\"og:title\" content=\"PP prepara representa\u00e7\u00e3o contra Kim na C\u00e2mara por fala sobre nazismo - Contabilidade Caxias\" \/>\n<meta property=\"og:description\" content=\"S\u00c3O PAULO, SP (FOLHAPRESS) &#8211; O PP deve entrar com uma representa\u00e7\u00e3o no Conselho de \u00c9tica da C\u00e2mara contra o deputado Kim Kataguiri (DEM-SP) por ele ter afirmado, no Flow Podcast, que nazismo n\u00e3o deveria ser considerado crime no Brasil. O partido do centr\u00e3o \u00e9 hoje um dos principais pilares de sustenta\u00e7\u00e3o do presidente Jair [&hellip;]\" \/>\n<meta property=\"og:url\" content=\"https:\/\/contabilidadecaxias.com.br\/index.php\/2022\/02\/09\/pp-prepara-representacao-contra-kim-na-camara-por-fala-sobre-nazismo\/\" \/>\n<meta property=\"og:site_name\" content=\"Contabilidade Caxias\" \/>\n<meta property=\"article:published_time\" content=\"2022-02-09T13:24:20+00:00\" \/>\n<meta name=\"author\" content=\"admin\" \/>\n<meta name=\"twitter:card\" content=\"summary_large_image\" \/>\n<meta name=\"twitter:label1\" content=\"Escrito por\" \/>\n\t<meta name=\"twitter:data1\" content=\"admin\" \/>\n\t<meta name=\"twitter:label2\" content=\"Est. tempo de leitura\" \/>\n\t<meta name=\"twitter:data2\" content=\"2 minutos\" \/>\n<script type=\"application\/ld+json\" class=\"yoast-schema-graph\">{\"@context\":\"https:\\\/\\\/schema.org\",\"@graph\":[{\"@type\":\"Article\",\"@id\":\"https:\\\/\\\/contabilidadecaxias.com.br\\\/index.php\\\/2022\\\/02\\\/09\\\/pp-prepara-representacao-contra-kim-na-camara-por-fala-sobre-nazismo\\\/#article\",\"isPartOf\":{\"@id\":\"https:\\\/\\\/contabilidadecaxias.com.br\\\/index.php\\\/2022\\\/02\\\/09\\\/pp-prepara-representacao-contra-kim-na-camara-por-fala-sobre-nazismo\\\/\"},\"author\":{\"name\":\"admin\",\"@id\":\"https:\\\/\\\/contabilidadecaxias.com.br\\\/#\\\/schema\\\/person\\\/6eb66297c8ece5db0ce60117fc4ba565\"},\"headline\":\"PP prepara representa\u00e7\u00e3o contra Kim na C\u00e2mara por fala sobre nazismo\",\"datePublished\":\"2022-02-09T13:24:20+00:00\",\"mainEntityOfPage\":{\"@id\":\"https:\\\/\\\/contabilidadecaxias.com.br\\\/index.php\\\/2022\\\/02\\\/09\\\/pp-prepara-representacao-contra-kim-na-camara-por-fala-sobre-nazismo\\\/\"},\"wordCount\":332,\"commentCount\":0,\"articleSection\":[\"Empreendedorismo\"],\"inLanguage\":\"pt-BR\",\"potentialAction\":[{\"@type\":\"CommentAction\",\"name\":\"Comment\",\"target\":[\"https:\\\/\\\/contabilidadecaxias.com.br\\\/index.php\\\/2022\\\/02\\\/09\\\/pp-prepara-representacao-contra-kim-na-camara-por-fala-sobre-nazismo\\\/#respond\"]}]},{\"@type\":\"WebPage\",\"@id\":\"https:\\\/\\\/contabilidadecaxias.com.br\\\/index.php\\\/2022\\\/02\\\/09\\\/pp-prepara-representacao-contra-kim-na-camara-por-fala-sobre-nazismo\\\/\",\"url\":\"https:\\\/\\\/contabilidadecaxias.com.br\\\/index.php\\\/2022\\\/02\\\/09\\\/pp-prepara-representacao-contra-kim-na-camara-por-fala-sobre-nazismo\\\/\",\"name\":\"PP prepara representa\u00e7\u00e3o contra Kim na C\u00e2mara por fala sobre nazismo - Contabilidade Caxias\",\"isPartOf\":{\"@id\":\"https:\\\/\\\/contabilidadecaxias.com.br\\\/#website\"},\"datePublished\":\"2022-02-09T13:24:20+00:00\",\"author\":{\"@id\":\"https:\\\/\\\/contabilidadecaxias.com.br\\\/#\\\/schema\\\/person\\\/6eb66297c8ece5db0ce60117fc4ba565\"},\"breadcrumb\":{\"@id\":\"https:\\\/\\\/contabilidadecaxias.com.br\\\/index.php\\\/2022\\\/02\\\/09\\\/pp-prepara-representacao-contra-kim-na-camara-por-fala-sobre-nazismo\\\/#breadcrumb\"},\"inLanguage\":\"pt-BR\",\"potentialAction\":[{\"@type\":\"ReadAction\",\"target\":[\"https:\\\/\\\/contabilidadecaxias.com.br\\\/index.php\\\/2022\\\/02\\\/09\\\/pp-prepara-representacao-contra-kim-na-camara-por-fala-sobre-nazismo\\\/\"]}]},{\"@type\":\"BreadcrumbList\",\"@id\":\"https:\\\/\\\/contabilidadecaxias.com.br\\\/index.php\\\/2022\\\/02\\\/09\\\/pp-prepara-representacao-contra-kim-na-camara-por-fala-sobre-nazismo\\\/#breadcrumb\",\"itemListElement\":[{\"@type\":\"ListItem\",\"position\":1,\"name\":\"In\u00edcio\",\"item\":\"https:\\\/\\\/contabilidadecaxias.com.br\\\/\"},{\"@type\":\"ListItem\",\"position\":2,\"name\":\"PP prepara representa\u00e7\u00e3o contra Kim na C\u00e2mara por fala sobre nazismo\"}]},{\"@type\":\"WebSite\",\"@id\":\"https:\\\/\\\/contabilidadecaxias.com.br\\\/#website\",\"url\":\"https:\\\/\\\/contabilidadecaxias.com.br\\\/\",\"name\":\"Contabilidade Caxias\",\"description\":\"Site especializado em Contabilidade para Caxias.\",\"potentialAction\":[{\"@type\":\"SearchAction\",\"target\":{\"@type\":\"EntryPoint\",\"urlTemplate\":\"https:\\\/\\\/contabilidadecaxias.com.br\\\/?s={search_term_string}\"},\"query-input\":{\"@type\":\"PropertyValueSpecification\",\"valueRequired\":true,\"valueName\":\"search_term_string\"}}],\"inLanguage\":\"pt-BR\"},{\"@type\":\"Person\",\"@id\":\"https:\\\/\\\/contabilidadecaxias.com.br\\\/#\\\/schema\\\/person\\\/6eb66297c8ece5db0ce60117fc4ba565\",\"name\":\"admin\",\"image\":{\"@type\":\"ImageObject\",\"inLanguage\":\"pt-BR\",\"@id\":\"https:\\\/\\\/secure.gravatar.com\\\/avatar\\\/ac44fd342abd83859b045e805a92707551091071c0b1b63daed48271ffe126e0?s=96&d=mm&r=g\",\"url\":\"https:\\\/\\\/secure.gravatar.com\\\/avatar\\\/ac44fd342abd83859b045e805a92707551091071c0b1b63daed48271ffe126e0?s=96&d=mm&r=g\",\"contentUrl\":\"https:\\\/\\\/secure.gravatar.com\\\/avatar\\\/ac44fd342abd83859b045e805a92707551091071c0b1b63daed48271ffe126e0?s=96&d=mm&r=g\",\"caption\":\"admin\"},\"sameAs\":[\"https:\\\/\\\/contabilidadecaxias.com.br\"],\"url\":\"https:\\\/\\\/contabilidadecaxias.com.br\\\/index.php\\\/author\\\/admin\\\/\"}]}<\/script>\n<!-- \/ Yoast SEO plugin. -->","yoast_head_json":{"title":"PP prepara representa\u00e7\u00e3o contra Kim na C\u00e2mara por fala sobre nazismo - Contabilidade Caxias","robots":{"index":"index","follow":"follow","max-snippet":"max-snippet:-1","max-image-preview":"max-image-preview:large","max-video-preview":"max-video-preview:-1"},"canonical":"https:\/\/contabilidadecaxias.com.br\/index.php\/2022\/02\/09\/pp-prepara-representacao-contra-kim-na-camara-por-fala-sobre-nazismo\/","og_locale":"pt_BR","og_type":"article","og_title":"PP prepara representa\u00e7\u00e3o contra Kim na C\u00e2mara por fala sobre nazismo - Contabilidade Caxias","og_description":"S\u00c3O PAULO, SP (FOLHAPRESS) &#8211; O PP deve entrar com uma representa\u00e7\u00e3o no Conselho de \u00c9tica da C\u00e2mara contra o deputado Kim Kataguiri (DEM-SP) por ele ter afirmado, no Flow Podcast, que nazismo n\u00e3o deveria ser considerado crime no Brasil. O partido do centr\u00e3o \u00e9 hoje um dos principais pilares de sustenta\u00e7\u00e3o do presidente Jair [&hellip;]","og_url":"https:\/\/contabilidadecaxias.com.br\/index.php\/2022\/02\/09\/pp-prepara-representacao-contra-kim-na-camara-por-fala-sobre-nazismo\/","og_site_name":"Contabilidade Caxias","article_published_time":"2022-02-09T13:24:20+00:00","author":"admin","twitter_card":"summary_large_image","twitter_misc":{"Escrito por":"admin","Est. tempo de leitura":"2 minutos"},"schema":{"@context":"https:\/\/schema.org","@graph":[{"@type":"Article","@id":"https:\/\/contabilidadecaxias.com.br\/index.php\/2022\/02\/09\/pp-prepara-representacao-contra-kim-na-camara-por-fala-sobre-nazismo\/#article","isPartOf":{"@id":"https:\/\/contabilidadecaxias.com.br\/index.php\/2022\/02\/09\/pp-prepara-representacao-contra-kim-na-camara-por-fala-sobre-nazismo\/"},"author":{"name":"admin","@id":"https:\/\/contabilidadecaxias.com.br\/#\/schema\/person\/6eb66297c8ece5db0ce60117fc4ba565"},"headline":"PP prepara representa\u00e7\u00e3o contra Kim na C\u00e2mara por fala sobre nazismo","datePublished":"2022-02-09T13:24:20+00:00","mainEntityOfPage":{"@id":"https:\/\/contabilidadecaxias.com.br\/index.php\/2022\/02\/09\/pp-prepara-representacao-contra-kim-na-camara-por-fala-sobre-nazismo\/"},"wordCount":332,"commentCount":0,"articleSection":["Empreendedorismo"],"inLanguage":"pt-BR","potentialAction":[{"@type":"CommentAction","name":"Comment","target":["https:\/\/contabilidadecaxias.com.br\/index.php\/2022\/02\/09\/pp-prepara-representacao-contra-kim-na-camara-por-fala-sobre-nazismo\/#respond"]}]},{"@type":"WebPage","@id":"https:\/\/contabilidadecaxias.com.br\/index.php\/2022\/02\/09\/pp-prepara-representacao-contra-kim-na-camara-por-fala-sobre-nazismo\/","url":"https:\/\/contabilidadecaxias.com.br\/index.php\/2022\/02\/09\/pp-prepara-representacao-contra-kim-na-camara-por-fala-sobre-nazismo\/","name":"PP prepara representa\u00e7\u00e3o contra Kim na C\u00e2mara por fala sobre nazismo - Contabilidade Caxias","isPartOf":{"@id":"https:\/\/contabilidadecaxias.com.br\/#website"},"datePublished":"2022-02-09T13:24:20+00:00","author":{"@id":"https:\/\/contabilidadecaxias.com.br\/#\/schema\/person\/6eb66297c8ece5db0ce60117fc4ba565"},"breadcrumb":{"@id":"https:\/\/contabilidadecaxias.com.br\/index.php\/2022\/02\/09\/pp-prepara-representacao-contra-kim-na-camara-por-fala-sobre-nazismo\/#breadcrumb"},"inLanguage":"pt-BR","potentialAction":[{"@type":"ReadAction","target":["https:\/\/contabilidadecaxias.com.br\/index.php\/2022\/02\/09\/pp-prepara-representacao-contra-kim-na-camara-por-fala-sobre-nazismo\/"]}]},{"@type":"BreadcrumbList","@id":"https:\/\/contabilidadecaxias.com.br\/index.php\/2022\/02\/09\/pp-prepara-representacao-contra-kim-na-camara-por-fala-sobre-nazismo\/#breadcrumb","itemListElement":[{"@type":"ListItem","position":1,"name":"In\u00edcio","item":"https:\/\/contabilidadecaxias.com.br\/"},{"@type":"ListItem","position":2,"name":"PP prepara representa\u00e7\u00e3o contra Kim na C\u00e2mara por fala sobre nazismo"}]},{"@type":"WebSite","@id":"https:\/\/contabilidadecaxias.com.br\/#website","url":"https:\/\/contabilidadecaxias.com.br\/","name":"Contabilidade Caxias","description":"Site especializado em Contabilidade para Caxias.","potentialAction":[{"@type":"SearchAction","target":{"@type":"EntryPoint","urlTemplate":"https:\/\/contabilidadecaxias.com.br\/?s={search_term_string}"},"query-input":{"@type":"PropertyValueSpecification","valueRequired":true,"valueName":"search_term_string"}}],"inLanguage":"pt-BR"},{"@type":"Person","@id":"https:\/\/contabilidadecaxias.com.br\/#\/schema\/person\/6eb66297c8ece5db0ce60117fc4ba565","name":"admin","image":{"@type":"ImageObject","inLanguage":"pt-BR","@id":"https:\/\/secure.gravatar.com\/avatar\/ac44fd342abd83859b045e805a92707551091071c0b1b63daed48271ffe126e0?s=96&d=mm&r=g","url":"https:\/\/secure.gravatar.com\/avatar\/ac44fd342abd83859b045e805a92707551091071c0b1b63daed48271ffe126e0?s=96&d=mm&r=g","contentUrl":"https:\/\/secure.gravatar.com\/avatar\/ac44fd342abd83859b045e805a92707551091071c0b1b63daed48271ffe126e0?s=96&d=mm&r=g","caption":"admin"},"sameAs":["https:\/\/contabilidadecaxias.com.br"],"url":"https:\/\/contabilidadecaxias.com.br\/index.php\/author\/admin\/"}]}},"_links":{"self":[{"href":"https:\/\/contabilidadecaxias.com.br\/index.php\/wp-json\/wp\/v2\/posts\/68","targetHints":{"allow":["GET"]}}],"collection":[{"href":"https:\/\/contabilidadecaxias.com.br\/index.php\/wp-json\/wp\/v2\/posts"}],"about":[{"href":"https:\/\/contabilidadecaxias.com.br\/index.php\/wp-json\/wp\/v2\/types\/post"}],"author":[{"embeddable":true,"href":"https:\/\/contabilidadecaxias.com.br\/index.php\/wp-json\/wp\/v2\/users\/1"}],"replies":[{"embeddable":true,"href":"https:\/\/contabilidadecaxias.com.br\/index.php\/wp-json\/wp\/v2\/comments?post=68"}],"version-history":[{"count":0,"href":"https:\/\/contabilidadecaxias.com.br\/index.php\/wp-json\/wp\/v2\/posts\/68\/revisions"}],"wp:attachment":[{"href":"https:\/\/contabilidadecaxias.com.br\/index.php\/wp-json\/wp\/v2\/media?parent=68"}],"wp:term":[{"taxonomy":"category","embeddable":true,"href":"https:\/\/contabilidadecaxias.com.br\/index.php\/wp-json\/wp\/v2\/categories?post=68"},{"taxonomy":"post_tag","embeddable":true,"href":"https:\/\/contabilidadecaxias.com.br\/index.php\/wp-json\/wp\/v2\/tags?post=68"}],"curies":[{"name":"wp","href":"https:\/\/api.w.org\/{rel}","templated":true}]}}