{"id":5949,"date":"2022-04-08T14:21:02","date_gmt":"2022-04-08T17:21:02","guid":{"rendered":"https:\/\/contabilidadecaxias.com.br\/index.php\/2022\/04\/08\/gremio-e-condenado-por-cantico-racista-em-gre-nal-e-recebe-multa\/"},"modified":"2022-04-08T14:21:02","modified_gmt":"2022-04-08T17:21:02","slug":"gremio-e-condenado-por-cantico-racista-em-gre-nal-e-recebe-multa","status":"publish","type":"post","link":"https:\/\/contabilidadecaxias.com.br\/index.php\/2022\/04\/08\/gremio-e-condenado-por-cantico-racista-em-gre-nal-e-recebe-multa\/","title":{"rendered":"Gr\u00eamio \u00e9 condenado por c\u00e2ntico racista em Gre-Nal e recebe multa"},"content":{"rendered":"<p>PORTO ALEGRE, RS (UOL-FOLHAPRESS) &#8211; O Gr\u00eamio foi condenado pelo c\u00e2ntico de torcedores no Gre-Nal 435, disputado em 9 de mar\u00e7o, no est\u00e1dio Beira-Rio. A estrofe &#8220;chora macaco imundo&#8221; rendeu den\u00fancia no artigo 243-G do CBJD (C\u00f3digo Brasileiro de Justi\u00e7a Desportiva) e condena\u00e7\u00e3o por unanimidade em sess\u00e3o da 2\u00aa Comiss\u00e3o Disciplinar do TJD-RS (Tribunal de Justi\u00e7a Desportiva do Rio Grande do Sul). O clube dever\u00e1 pagar multa de R$ 15 mil.<\/p>\n<p>Al\u00e9m da puni\u00e7\u00e3o pelo c\u00e2ntico, o Gr\u00eamio tamb\u00e9m levou multa de R$ 12 mil pelo arremesso de roj\u00e3o por parte de um torcedor ap\u00f3s o cl\u00e1ssico no Beira-Rio. No total, o clube ter\u00e1 de pagar R$ 27 mil pelos epis\u00f3dios no cl\u00e1ssico da fase de classifica\u00e7\u00e3o do Campeonato Ga\u00facho.<\/p>\n<p>A sess\u00e3o ocorreu na tarde de quinta-feira (7).<\/p>\n<p>O Inter tamb\u00e9m foi julgado pelo artigo 213 do CBJD, que versa sobre &#8220;deixar de tomar provid\u00eancias capazes de prevenir ou reprimir desordem&#8221;. O clube apresentou imagens do sistema de seguran\u00e7a do est\u00e1dio, que ajudaram a identificar o torcedor que arremessou roj\u00e3o ap\u00f3s o apito final, e foi absolvido.<\/p>\n<p>Na den\u00fancia sobre o c\u00e2ntico, um dos auditores chegou a votar pela perda de mando de campo. No fim, a Comiss\u00e3o Disciplinar definiu a pena somente com multa.<\/p>\n<p>&#8220;O Gr\u00eamio n\u00e3o tem antecedentes, mas tem poderio econ\u00f4mico regional distinto. Penso que a pena proposta est\u00e1 dentro desses par\u00e2metros, mas n\u00e3o h\u00e1 precedentes. Penso que a multa de R$ 15 mil \u00e9 adequada. Mas n\u00e3o acompanho voto na perda de campo. O clube tem campanhas, em redes sociais e impressos. O clube n\u00e3o se mostra indiferente \u00e0 situa\u00e7\u00e3o. Isso n\u00e3o pesa no fato, mas na dosimetria da pena&#8221;, disse Ernani Propp Junior, auditor presidente da Comiss\u00e3o Disciplinar.<\/p>\n<p>O epis\u00f3dio no est\u00e1dio Beira-Rio trouxe \u00e0 tona c\u00e2ntico com termo racista ap\u00f3s acordo do Gr\u00eamio com torcidas organizadas. O momento viralizou nas redes sociais com v\u00eddeo antes de a bola rolar no cl\u00e1ssico.<\/p>\n<p>Depois do Gre-Nal 435, o clube lan\u00e7ou nova campanha de conscientiza\u00e7\u00e3o e a letra da m\u00fasica foi alterada. Em recente cl\u00e1ssico, tamb\u00e9m, o setor de organizadas passou a estampar faixa &#8220;antirracista&#8221;.<\/p>\n","protected":false},"excerpt":{"rendered":"<p>PORTO ALEGRE, RS (UOL-FOLHAPRESS) &#8211; O Gr\u00eamio foi condenado pelo c\u00e2ntico de torcedores no Gre-Nal 435, disputado em 9 de mar\u00e7o, no est\u00e1dio Beira-Rio. A estrofe &#8220;chora macaco imundo&#8221; rendeu den\u00fancia no artigo 243-G do CBJD (C\u00f3digo Brasileiro de Justi\u00e7a Desportiva) e condena\u00e7\u00e3o por unanimidade em sess\u00e3o da 2\u00aa Comiss\u00e3o Disciplinar do TJD-RS (Tribunal de [&hellip;]<\/p>\n","protected":false},"author":0,"featured_media":0,"comment_status":"open","ping_status":"open","sticky":false,"template":"","format":"standard","meta":{"footnotes":""},"categories":[4],"tags":[],"class_list":["post-5949","post","type-post","status-publish","format-standard","hentry","category-noticias-empreendedorismo"],"blocksy_meta":{"styles_descriptor":{"styles":{"desktop":"","tablet":"","mobile":""},"google_fonts":[],"version":6}},"yoast_head":"<!-- This site is optimized with the Yoast SEO plugin v27.5 - https:\/\/yoast.com\/product\/yoast-seo-wordpress\/ -->\n<title>Gr\u00eamio \u00e9 condenado por c\u00e2ntico racista em Gre-Nal e recebe multa - Contabilidade Caxias<\/title>\n<meta name=\"robots\" content=\"index, follow, max-snippet:-1, max-image-preview:large, max-video-preview:-1\" \/>\n<link rel=\"canonical\" href=\"https:\/\/contabilidadecaxias.com.br\/index.php\/2022\/04\/08\/gremio-e-condenado-por-cantico-racista-em-gre-nal-e-recebe-multa\/\" \/>\n<meta property=\"og:locale\" content=\"pt_BR\" \/>\n<meta property=\"og:type\" content=\"article\" \/>\n<meta property=\"og:title\" content=\"Gr\u00eamio \u00e9 condenado por c\u00e2ntico racista em Gre-Nal e recebe multa - Contabilidade Caxias\" \/>\n<meta property=\"og:description\" content=\"PORTO ALEGRE, RS (UOL-FOLHAPRESS) &#8211; O Gr\u00eamio foi condenado pelo c\u00e2ntico de torcedores no Gre-Nal 435, disputado em 9 de mar\u00e7o, no est\u00e1dio Beira-Rio. A estrofe &#8220;chora macaco imundo&#8221; rendeu den\u00fancia no artigo 243-G do CBJD (C\u00f3digo Brasileiro de Justi\u00e7a Desportiva) e condena\u00e7\u00e3o por unanimidade em sess\u00e3o da 2\u00aa Comiss\u00e3o Disciplinar do TJD-RS (Tribunal de [&hellip;]\" \/>\n<meta property=\"og:url\" content=\"https:\/\/contabilidadecaxias.com.br\/index.php\/2022\/04\/08\/gremio-e-condenado-por-cantico-racista-em-gre-nal-e-recebe-multa\/\" \/>\n<meta property=\"og:site_name\" content=\"Contabilidade Caxias\" \/>\n<meta property=\"article:published_time\" content=\"2022-04-08T17:21:02+00:00\" \/>\n<meta name=\"twitter:card\" content=\"summary_large_image\" \/>\n<meta name=\"twitter:label1\" content=\"Est. tempo de leitura\" \/>\n\t<meta name=\"twitter:data1\" content=\"2 minutos\" \/>\n<script type=\"application\/ld+json\" class=\"yoast-schema-graph\">{\"@context\":\"https:\\\/\\\/schema.org\",\"@graph\":[{\"@type\":\"Article\",\"@id\":\"https:\\\/\\\/contabilidadecaxias.com.br\\\/index.php\\\/2022\\\/04\\\/08\\\/gremio-e-condenado-por-cantico-racista-em-gre-nal-e-recebe-multa\\\/#article\",\"isPartOf\":{\"@id\":\"https:\\\/\\\/contabilidadecaxias.com.br\\\/index.php\\\/2022\\\/04\\\/08\\\/gremio-e-condenado-por-cantico-racista-em-gre-nal-e-recebe-multa\\\/\"},\"author\":{\"name\":\"\",\"@id\":\"\"},\"headline\":\"Gr\u00eamio \u00e9 condenado por c\u00e2ntico racista em Gre-Nal e recebe multa\",\"datePublished\":\"2022-04-08T17:21:02+00:00\",\"mainEntityOfPage\":{\"@id\":\"https:\\\/\\\/contabilidadecaxias.com.br\\\/index.php\\\/2022\\\/04\\\/08\\\/gremio-e-condenado-por-cantico-racista-em-gre-nal-e-recebe-multa\\\/\"},\"wordCount\":402,\"commentCount\":0,\"articleSection\":[\"Empreendedorismo\"],\"inLanguage\":\"pt-BR\",\"potentialAction\":[{\"@type\":\"CommentAction\",\"name\":\"Comment\",\"target\":[\"https:\\\/\\\/contabilidadecaxias.com.br\\\/index.php\\\/2022\\\/04\\\/08\\\/gremio-e-condenado-por-cantico-racista-em-gre-nal-e-recebe-multa\\\/#respond\"]}]},{\"@type\":\"WebPage\",\"@id\":\"https:\\\/\\\/contabilidadecaxias.com.br\\\/index.php\\\/2022\\\/04\\\/08\\\/gremio-e-condenado-por-cantico-racista-em-gre-nal-e-recebe-multa\\\/\",\"url\":\"https:\\\/\\\/contabilidadecaxias.com.br\\\/index.php\\\/2022\\\/04\\\/08\\\/gremio-e-condenado-por-cantico-racista-em-gre-nal-e-recebe-multa\\\/\",\"name\":\"Gr\u00eamio \u00e9 condenado por c\u00e2ntico racista em Gre-Nal e recebe multa - Contabilidade Caxias\",\"isPartOf\":{\"@id\":\"https:\\\/\\\/contabilidadecaxias.com.br\\\/#website\"},\"datePublished\":\"2022-04-08T17:21:02+00:00\",\"author\":{\"@id\":\"\"},\"breadcrumb\":{\"@id\":\"https:\\\/\\\/contabilidadecaxias.com.br\\\/index.php\\\/2022\\\/04\\\/08\\\/gremio-e-condenado-por-cantico-racista-em-gre-nal-e-recebe-multa\\\/#breadcrumb\"},\"inLanguage\":\"pt-BR\",\"potentialAction\":[{\"@type\":\"ReadAction\",\"target\":[\"https:\\\/\\\/contabilidadecaxias.com.br\\\/index.php\\\/2022\\\/04\\\/08\\\/gremio-e-condenado-por-cantico-racista-em-gre-nal-e-recebe-multa\\\/\"]}]},{\"@type\":\"BreadcrumbList\",\"@id\":\"https:\\\/\\\/contabilidadecaxias.com.br\\\/index.php\\\/2022\\\/04\\\/08\\\/gremio-e-condenado-por-cantico-racista-em-gre-nal-e-recebe-multa\\\/#breadcrumb\",\"itemListElement\":[{\"@type\":\"ListItem\",\"position\":1,\"name\":\"In\u00edcio\",\"item\":\"https:\\\/\\\/contabilidadecaxias.com.br\\\/\"},{\"@type\":\"ListItem\",\"position\":2,\"name\":\"Gr\u00eamio \u00e9 condenado por c\u00e2ntico racista em Gre-Nal e recebe multa\"}]},{\"@type\":\"WebSite\",\"@id\":\"https:\\\/\\\/contabilidadecaxias.com.br\\\/#website\",\"url\":\"https:\\\/\\\/contabilidadecaxias.com.br\\\/\",\"name\":\"Contabilidade Caxias\",\"description\":\"Site especializado em Contabilidade para Caxias.\",\"potentialAction\":[{\"@type\":\"SearchAction\",\"target\":{\"@type\":\"EntryPoint\",\"urlTemplate\":\"https:\\\/\\\/contabilidadecaxias.com.br\\\/?s={search_term_string}\"},\"query-input\":{\"@type\":\"PropertyValueSpecification\",\"valueRequired\":true,\"valueName\":\"search_term_string\"}}],\"inLanguage\":\"pt-BR\"}]}<\/script>\n<!-- \/ Yoast SEO plugin. -->","yoast_head_json":{"title":"Gr\u00eamio \u00e9 condenado por c\u00e2ntico racista em Gre-Nal e recebe multa - Contabilidade Caxias","robots":{"index":"index","follow":"follow","max-snippet":"max-snippet:-1","max-image-preview":"max-image-preview:large","max-video-preview":"max-video-preview:-1"},"canonical":"https:\/\/contabilidadecaxias.com.br\/index.php\/2022\/04\/08\/gremio-e-condenado-por-cantico-racista-em-gre-nal-e-recebe-multa\/","og_locale":"pt_BR","og_type":"article","og_title":"Gr\u00eamio \u00e9 condenado por c\u00e2ntico racista em Gre-Nal e recebe multa - Contabilidade Caxias","og_description":"PORTO ALEGRE, RS (UOL-FOLHAPRESS) &#8211; O Gr\u00eamio foi condenado pelo c\u00e2ntico de torcedores no Gre-Nal 435, disputado em 9 de mar\u00e7o, no est\u00e1dio Beira-Rio. A estrofe &#8220;chora macaco imundo&#8221; rendeu den\u00fancia no artigo 243-G do CBJD (C\u00f3digo Brasileiro de Justi\u00e7a Desportiva) e condena\u00e7\u00e3o por unanimidade em sess\u00e3o da 2\u00aa Comiss\u00e3o Disciplinar do TJD-RS (Tribunal de [&hellip;]","og_url":"https:\/\/contabilidadecaxias.com.br\/index.php\/2022\/04\/08\/gremio-e-condenado-por-cantico-racista-em-gre-nal-e-recebe-multa\/","og_site_name":"Contabilidade Caxias","article_published_time":"2022-04-08T17:21:02+00:00","twitter_card":"summary_large_image","twitter_misc":{"Est. tempo de leitura":"2 minutos"},"schema":{"@context":"https:\/\/schema.org","@graph":[{"@type":"Article","@id":"https:\/\/contabilidadecaxias.com.br\/index.php\/2022\/04\/08\/gremio-e-condenado-por-cantico-racista-em-gre-nal-e-recebe-multa\/#article","isPartOf":{"@id":"https:\/\/contabilidadecaxias.com.br\/index.php\/2022\/04\/08\/gremio-e-condenado-por-cantico-racista-em-gre-nal-e-recebe-multa\/"},"author":{"name":"","@id":""},"headline":"Gr\u00eamio \u00e9 condenado por c\u00e2ntico racista em Gre-Nal e recebe multa","datePublished":"2022-04-08T17:21:02+00:00","mainEntityOfPage":{"@id":"https:\/\/contabilidadecaxias.com.br\/index.php\/2022\/04\/08\/gremio-e-condenado-por-cantico-racista-em-gre-nal-e-recebe-multa\/"},"wordCount":402,"commentCount":0,"articleSection":["Empreendedorismo"],"inLanguage":"pt-BR","potentialAction":[{"@type":"CommentAction","name":"Comment","target":["https:\/\/contabilidadecaxias.com.br\/index.php\/2022\/04\/08\/gremio-e-condenado-por-cantico-racista-em-gre-nal-e-recebe-multa\/#respond"]}]},{"@type":"WebPage","@id":"https:\/\/contabilidadecaxias.com.br\/index.php\/2022\/04\/08\/gremio-e-condenado-por-cantico-racista-em-gre-nal-e-recebe-multa\/","url":"https:\/\/contabilidadecaxias.com.br\/index.php\/2022\/04\/08\/gremio-e-condenado-por-cantico-racista-em-gre-nal-e-recebe-multa\/","name":"Gr\u00eamio \u00e9 condenado por c\u00e2ntico racista em Gre-Nal e recebe multa - Contabilidade Caxias","isPartOf":{"@id":"https:\/\/contabilidadecaxias.com.br\/#website"},"datePublished":"2022-04-08T17:21:02+00:00","author":{"@id":""},"breadcrumb":{"@id":"https:\/\/contabilidadecaxias.com.br\/index.php\/2022\/04\/08\/gremio-e-condenado-por-cantico-racista-em-gre-nal-e-recebe-multa\/#breadcrumb"},"inLanguage":"pt-BR","potentialAction":[{"@type":"ReadAction","target":["https:\/\/contabilidadecaxias.com.br\/index.php\/2022\/04\/08\/gremio-e-condenado-por-cantico-racista-em-gre-nal-e-recebe-multa\/"]}]},{"@type":"BreadcrumbList","@id":"https:\/\/contabilidadecaxias.com.br\/index.php\/2022\/04\/08\/gremio-e-condenado-por-cantico-racista-em-gre-nal-e-recebe-multa\/#breadcrumb","itemListElement":[{"@type":"ListItem","position":1,"name":"In\u00edcio","item":"https:\/\/contabilidadecaxias.com.br\/"},{"@type":"ListItem","position":2,"name":"Gr\u00eamio \u00e9 condenado por c\u00e2ntico racista em Gre-Nal e recebe multa"}]},{"@type":"WebSite","@id":"https:\/\/contabilidadecaxias.com.br\/#website","url":"https:\/\/contabilidadecaxias.com.br\/","name":"Contabilidade Caxias","description":"Site especializado em Contabilidade para Caxias.","potentialAction":[{"@type":"SearchAction","target":{"@type":"EntryPoint","urlTemplate":"https:\/\/contabilidadecaxias.com.br\/?s={search_term_string}"},"query-input":{"@type":"PropertyValueSpecification","valueRequired":true,"valueName":"search_term_string"}}],"inLanguage":"pt-BR"}]}},"_links":{"self":[{"href":"https:\/\/contabilidadecaxias.com.br\/index.php\/wp-json\/wp\/v2\/posts\/5949","targetHints":{"allow":["GET"]}}],"collection":[{"href":"https:\/\/contabilidadecaxias.com.br\/index.php\/wp-json\/wp\/v2\/posts"}],"about":[{"href":"https:\/\/contabilidadecaxias.com.br\/index.php\/wp-json\/wp\/v2\/types\/post"}],"replies":[{"embeddable":true,"href":"https:\/\/contabilidadecaxias.com.br\/index.php\/wp-json\/wp\/v2\/comments?post=5949"}],"version-history":[{"count":0,"href":"https:\/\/contabilidadecaxias.com.br\/index.php\/wp-json\/wp\/v2\/posts\/5949\/revisions"}],"wp:attachment":[{"href":"https:\/\/contabilidadecaxias.com.br\/index.php\/wp-json\/wp\/v2\/media?parent=5949"}],"wp:term":[{"taxonomy":"category","embeddable":true,"href":"https:\/\/contabilidadecaxias.com.br\/index.php\/wp-json\/wp\/v2\/categories?post=5949"},{"taxonomy":"post_tag","embeddable":true,"href":"https:\/\/contabilidadecaxias.com.br\/index.php\/wp-json\/wp\/v2\/tags?post=5949"}],"curies":[{"name":"wp","href":"https:\/\/api.w.org\/{rel}","templated":true}]}}