{"id":5861,"date":"2022-04-07T05:28:03","date_gmt":"2022-04-07T08:28:03","guid":{"rendered":"https:\/\/contabilidadecaxias.com.br\/index.php\/2022\/04\/07\/cine-villa-rica-e-reinaugurado-e-traz-belfast-na-estreia\/"},"modified":"2022-04-07T05:28:03","modified_gmt":"2022-04-07T08:28:03","slug":"cine-villa-rica-e-reinaugurado-e-traz-belfast-na-estreia","status":"publish","type":"post","link":"https:\/\/contabilidadecaxias.com.br\/index.php\/2022\/04\/07\/cine-villa-rica-e-reinaugurado-e-traz-belfast-na-estreia\/","title":{"rendered":"Cine Villa Rica \u00e9 reinaugurado e traz &#8216;Belfast&#8221; na estreia"},"content":{"rendered":"<p>O filme &#8220;Belfast&#8221; foi o escolhido para a inaugura\u00e7\u00e3o do Cine Villa Rica, localizado no centro hist\u00f3rico de Londrina. &#8220;Belfast&#8221; conta\u00a0 a hist\u00f3ria de Buddy,\u00a0 um menino \u00e0 beira da adolesc\u00eancia, com uma rotina cercada de amor familiar, divers\u00f5es e um romance promissor &#8211;\u00a0 a narrativa do drama \u00e9 ambientada no final dos anos 1960 na Irlanda do Norte.<\/p>\n<p>De acordo com Andr\u00e9 Oliveira, administrador da unidade, a escolha do t\u00edtulo se deu por raz\u00f5es especiais. &#8220;\u00c9 um filme que n\u00e3o foi exibido em Londrina ainda e, embora j\u00e1 tenha sido lan\u00e7ado no Brasil h\u00e1 algumas semanas, n\u00e3o esteve em nenhuma sala da cidade ainda. Foi indicado a v\u00e1rios pr\u00eamios, tem um elenco de peso, ganhou o Oscar de melhor roteiro original e deve agradar a diferentes p\u00fablicos&#8221;, enumera.\u00a0<\/p>\n<p>Belfast, de Kenneth Branagh | \u00a0Foto: Divulga\u00e7\u00e3o\u00a0 <\/p>\n<p>Oliveira explica tamb\u00e9m que a ideia \u00e9 que a sala tenha uma programa\u00e7\u00e3o mista. &#8220;Que atenda ao circuito alternativo, com filmes fora do circuito comercial, mas tamb\u00e9m o comercial, pois acreditamos tamb\u00e9m que teremos um p\u00fablico diferenciado, j\u00e1 que o espa\u00e7o \u00e9 carregado de mem\u00f3ria&#8221;. O afeto pelo antigo cinema da cidade \u00e9 uma refer\u00eancia reconhecida pelo administrador. &#8220;O pessoal que tem a mem\u00f3ria do Villa Rica vai poder aproveitar, assim como o p\u00fablico novo tamb\u00e9m. &#8220;<\/p>\n<p>A estreia do Villa Rica para o\u00a0 p\u00fablico geral j\u00e1 chega com uma programa\u00e7\u00e3o atrativa.\u00a0 &#8220;Abrimos a venda mundial do novo lan\u00e7amento da Marvel, que \u00e9 do Doutor Estranho 2, junto com os demais cinemas &#8211; e isso vai ao encontro de nossa programa\u00e7\u00e3o mista- comercial e alternativo&#8221;, ratifica. Com as atividades encerradas em 2001, a retomada das sess\u00f5es de cinema que fica na galeria Villa Rica representa tamb\u00e9m uma op\u00e7\u00e3o de cultura e lazer em Londrina.\u00a0<\/p>\n<p>Servi\u00e7o<\/p>\n<p>\u00a0Belfast\u00a0&#8211; legendado &#8211; 98 minutos &#8211; 14 anos\u00a0<\/p>\n<p>Quando: dia 7 de abril, \u00e0s 19h30 &#8211; Sess\u00f5es \u00e0s qui, sex, ter e qua \u00e0s 19h30; s\u00e1bados \u00e0s 17 e 19h; dom \u00e0s 15 e 17h<\/p>\n<p>Valor: R$ 24 inteira e R$12\u00a0 (meia)\u00a0<\/p>\n<p>Onde: Espa\u00e7o Villa Rica &#8211; Rua Piau\u00ed, 211, centro\u00a0 Fone: 3324-6655<\/p>\n<p>Mais informa\u00e7\u00f5es:\u00a0<a href=\"https:\/\/www.villarica.com.br\/\" target=\"_blank\" rel=\"noopener\">Villa Rica<\/a>\u00a0 e\u00a0\u00a0<a href=\"https:\/\/www.ingresso.com\/\" target=\"_blank\" rel=\"noopener\">Ingressos<\/a><\/p>\n<p>LEIA MAIS<\/p>\n<p><a href=\"https:\/\/www.folhadelondrina.com.br\/folha-2\/cine-vila-rica-passado-presente-e-futuro-2937888e.html?msclkid=7233ff0bb5ce11eca4aca90f90e5ffba\" target=\"_blank\" rel=\"noopener\">Cine Villa Rica: passado, presente e futuro<\/a><\/p>\n<p>&#8212;<\/p>\n<p>Receba nossas not\u00edcias direto no seu celular! Envie tamb\u00e9m suas fotos para a se\u00e7\u00e3o &#8216;A cidade fala&#8217;. Adicione o WhatsApp da FOLHA por meio do<\/p>\n<p>n\u00famero (43) 99869-0068 ou pelo link wa.me\/message\/6WMTNSJARGMLL1.<\/p>\n","protected":false},"excerpt":{"rendered":"<p>O filme &#8220;Belfast&#8221; foi o escolhido para a inaugura\u00e7\u00e3o do Cine Villa Rica, localizado no centro hist\u00f3rico de Londrina. &#8220;Belfast&#8221; conta\u00a0 a hist\u00f3ria de Buddy,\u00a0 um menino \u00e0 beira da adolesc\u00eancia, com uma rotina cercada de amor familiar, divers\u00f5es e um romance promissor &#8211;\u00a0 a narrativa do drama \u00e9 ambientada no final dos anos 1960 [&hellip;]<\/p>\n","protected":false},"author":0,"featured_media":5862,"comment_status":"open","ping_status":"open","sticky":false,"template":"","format":"standard","meta":{"footnotes":""},"categories":[4],"tags":[],"class_list":["post-5861","post","type-post","status-publish","format-standard","has-post-thumbnail","hentry","category-noticias-empreendedorismo"],"blocksy_meta":{"styles_descriptor":{"styles":{"desktop":"","tablet":"","mobile":""},"google_fonts":[],"version":6}},"yoast_head":"<!-- This site is optimized with the Yoast SEO plugin v27.5 - https:\/\/yoast.com\/product\/yoast-seo-wordpress\/ -->\n<title>Cine Villa Rica \u00e9 reinaugurado e traz &#039;Belfast&quot; na estreia - Contabilidade Caxias<\/title>\n<meta name=\"robots\" content=\"index, follow, max-snippet:-1, max-image-preview:large, max-video-preview:-1\" \/>\n<link rel=\"canonical\" href=\"https:\/\/contabilidadecaxias.com.br\/index.php\/2022\/04\/07\/cine-villa-rica-e-reinaugurado-e-traz-belfast-na-estreia\/\" \/>\n<meta property=\"og:locale\" content=\"pt_BR\" \/>\n<meta property=\"og:type\" content=\"article\" \/>\n<meta property=\"og:title\" content=\"Cine Villa Rica \u00e9 reinaugurado e traz &#039;Belfast&quot; na estreia - Contabilidade Caxias\" \/>\n<meta property=\"og:description\" content=\"O filme &#8220;Belfast&#8221; foi o escolhido para a inaugura\u00e7\u00e3o do Cine Villa Rica, localizado no centro hist\u00f3rico de Londrina. &#8220;Belfast&#8221; conta\u00a0 a hist\u00f3ria de Buddy,\u00a0 um menino \u00e0 beira da adolesc\u00eancia, com uma rotina cercada de amor familiar, divers\u00f5es e um romance promissor &#8211;\u00a0 a narrativa do drama \u00e9 ambientada no final dos anos 1960 [&hellip;]\" \/>\n<meta property=\"og:url\" content=\"https:\/\/contabilidadecaxias.com.br\/index.php\/2022\/04\/07\/cine-villa-rica-e-reinaugurado-e-traz-belfast-na-estreia\/\" \/>\n<meta property=\"og:site_name\" content=\"Contabilidade Caxias\" \/>\n<meta property=\"article:published_time\" content=\"2022-04-07T08:28:03+00:00\" \/>\n<meta name=\"twitter:card\" content=\"summary_large_image\" \/>\n<meta name=\"twitter:label1\" content=\"Est. tempo de leitura\" \/>\n\t<meta name=\"twitter:data1\" content=\"2 minutos\" \/>\n<script type=\"application\/ld+json\" class=\"yoast-schema-graph\">{\"@context\":\"https:\\\/\\\/schema.org\",\"@graph\":[{\"@type\":\"Article\",\"@id\":\"https:\\\/\\\/contabilidadecaxias.com.br\\\/index.php\\\/2022\\\/04\\\/07\\\/cine-villa-rica-e-reinaugurado-e-traz-belfast-na-estreia\\\/#article\",\"isPartOf\":{\"@id\":\"https:\\\/\\\/contabilidadecaxias.com.br\\\/index.php\\\/2022\\\/04\\\/07\\\/cine-villa-rica-e-reinaugurado-e-traz-belfast-na-estreia\\\/\"},\"author\":{\"name\":\"\",\"@id\":\"\"},\"headline\":\"Cine Villa Rica \u00e9 reinaugurado e traz &#8216;Belfast&#8221; na estreia\",\"datePublished\":\"2022-04-07T08:28:03+00:00\",\"mainEntityOfPage\":{\"@id\":\"https:\\\/\\\/contabilidadecaxias.com.br\\\/index.php\\\/2022\\\/04\\\/07\\\/cine-villa-rica-e-reinaugurado-e-traz-belfast-na-estreia\\\/\"},\"wordCount\":426,\"commentCount\":0,\"image\":{\"@id\":\"https:\\\/\\\/contabilidadecaxias.com.br\\\/index.php\\\/2022\\\/04\\\/07\\\/cine-villa-rica-e-reinaugurado-e-traz-belfast-na-estreia\\\/#primaryimage\"},\"thumbnailUrl\":\"https:\\\/\\\/contabilidadecaxias.com.br\\\/wp-content\\\/uploads\\\/2022\\\/04\\\/Cine-Villa-Rica-e-reinaugurado-e-traz-Belfast-na-e0318355700202204061600-po64yM.jpeg\",\"articleSection\":[\"Empreendedorismo\"],\"inLanguage\":\"pt-BR\",\"potentialAction\":[{\"@type\":\"CommentAction\",\"name\":\"Comment\",\"target\":[\"https:\\\/\\\/contabilidadecaxias.com.br\\\/index.php\\\/2022\\\/04\\\/07\\\/cine-villa-rica-e-reinaugurado-e-traz-belfast-na-estreia\\\/#respond\"]}]},{\"@type\":\"WebPage\",\"@id\":\"https:\\\/\\\/contabilidadecaxias.com.br\\\/index.php\\\/2022\\\/04\\\/07\\\/cine-villa-rica-e-reinaugurado-e-traz-belfast-na-estreia\\\/\",\"url\":\"https:\\\/\\\/contabilidadecaxias.com.br\\\/index.php\\\/2022\\\/04\\\/07\\\/cine-villa-rica-e-reinaugurado-e-traz-belfast-na-estreia\\\/\",\"name\":\"Cine Villa Rica \u00e9 reinaugurado e traz 'Belfast\\\" na estreia - Contabilidade Caxias\",\"isPartOf\":{\"@id\":\"https:\\\/\\\/contabilidadecaxias.com.br\\\/#website\"},\"primaryImageOfPage\":{\"@id\":\"https:\\\/\\\/contabilidadecaxias.com.br\\\/index.php\\\/2022\\\/04\\\/07\\\/cine-villa-rica-e-reinaugurado-e-traz-belfast-na-estreia\\\/#primaryimage\"},\"image\":{\"@id\":\"https:\\\/\\\/contabilidadecaxias.com.br\\\/index.php\\\/2022\\\/04\\\/07\\\/cine-villa-rica-e-reinaugurado-e-traz-belfast-na-estreia\\\/#primaryimage\"},\"thumbnailUrl\":\"https:\\\/\\\/contabilidadecaxias.com.br\\\/wp-content\\\/uploads\\\/2022\\\/04\\\/Cine-Villa-Rica-e-reinaugurado-e-traz-Belfast-na-e0318355700202204061600-po64yM.jpeg\",\"datePublished\":\"2022-04-07T08:28:03+00:00\",\"author\":{\"@id\":\"\"},\"breadcrumb\":{\"@id\":\"https:\\\/\\\/contabilidadecaxias.com.br\\\/index.php\\\/2022\\\/04\\\/07\\\/cine-villa-rica-e-reinaugurado-e-traz-belfast-na-estreia\\\/#breadcrumb\"},\"inLanguage\":\"pt-BR\",\"potentialAction\":[{\"@type\":\"ReadAction\",\"target\":[\"https:\\\/\\\/contabilidadecaxias.com.br\\\/index.php\\\/2022\\\/04\\\/07\\\/cine-villa-rica-e-reinaugurado-e-traz-belfast-na-estreia\\\/\"]}]},{\"@type\":\"ImageObject\",\"inLanguage\":\"pt-BR\",\"@id\":\"https:\\\/\\\/contabilidadecaxias.com.br\\\/index.php\\\/2022\\\/04\\\/07\\\/cine-villa-rica-e-reinaugurado-e-traz-belfast-na-estreia\\\/#primaryimage\",\"url\":\"https:\\\/\\\/contabilidadecaxias.com.br\\\/wp-content\\\/uploads\\\/2022\\\/04\\\/Cine-Villa-Rica-e-reinaugurado-e-traz-Belfast-na-e0318355700202204061600-po64yM.jpeg\",\"contentUrl\":\"https:\\\/\\\/contabilidadecaxias.com.br\\\/wp-content\\\/uploads\\\/2022\\\/04\\\/Cine-Villa-Rica-e-reinaugurado-e-traz-Belfast-na-e0318355700202204061600-po64yM.jpeg\",\"width\":947,\"height\":630},{\"@type\":\"BreadcrumbList\",\"@id\":\"https:\\\/\\\/contabilidadecaxias.com.br\\\/index.php\\\/2022\\\/04\\\/07\\\/cine-villa-rica-e-reinaugurado-e-traz-belfast-na-estreia\\\/#breadcrumb\",\"itemListElement\":[{\"@type\":\"ListItem\",\"position\":1,\"name\":\"In\u00edcio\",\"item\":\"https:\\\/\\\/contabilidadecaxias.com.br\\\/\"},{\"@type\":\"ListItem\",\"position\":2,\"name\":\"Cine Villa Rica \u00e9 reinaugurado e traz &#8216;Belfast&#8221; na estreia\"}]},{\"@type\":\"WebSite\",\"@id\":\"https:\\\/\\\/contabilidadecaxias.com.br\\\/#website\",\"url\":\"https:\\\/\\\/contabilidadecaxias.com.br\\\/\",\"name\":\"Contabilidade Caxias\",\"description\":\"Site especializado em Contabilidade para Caxias.\",\"potentialAction\":[{\"@type\":\"SearchAction\",\"target\":{\"@type\":\"EntryPoint\",\"urlTemplate\":\"https:\\\/\\\/contabilidadecaxias.com.br\\\/?s={search_term_string}\"},\"query-input\":{\"@type\":\"PropertyValueSpecification\",\"valueRequired\":true,\"valueName\":\"search_term_string\"}}],\"inLanguage\":\"pt-BR\"}]}<\/script>\n<!-- \/ Yoast SEO plugin. -->","yoast_head_json":{"title":"Cine Villa Rica \u00e9 reinaugurado e traz 'Belfast\" na estreia - Contabilidade Caxias","robots":{"index":"index","follow":"follow","max-snippet":"max-snippet:-1","max-image-preview":"max-image-preview:large","max-video-preview":"max-video-preview:-1"},"canonical":"https:\/\/contabilidadecaxias.com.br\/index.php\/2022\/04\/07\/cine-villa-rica-e-reinaugurado-e-traz-belfast-na-estreia\/","og_locale":"pt_BR","og_type":"article","og_title":"Cine Villa Rica \u00e9 reinaugurado e traz 'Belfast\" na estreia - Contabilidade Caxias","og_description":"O filme &#8220;Belfast&#8221; foi o escolhido para a inaugura\u00e7\u00e3o do Cine Villa Rica, localizado no centro hist\u00f3rico de Londrina. &#8220;Belfast&#8221; conta\u00a0 a hist\u00f3ria de Buddy,\u00a0 um menino \u00e0 beira da adolesc\u00eancia, com uma rotina cercada de amor familiar, divers\u00f5es e um romance promissor &#8211;\u00a0 a narrativa do drama \u00e9 ambientada no final dos anos 1960 [&hellip;]","og_url":"https:\/\/contabilidadecaxias.com.br\/index.php\/2022\/04\/07\/cine-villa-rica-e-reinaugurado-e-traz-belfast-na-estreia\/","og_site_name":"Contabilidade Caxias","article_published_time":"2022-04-07T08:28:03+00:00","twitter_card":"summary_large_image","twitter_misc":{"Est. tempo de leitura":"2 minutos"},"schema":{"@context":"https:\/\/schema.org","@graph":[{"@type":"Article","@id":"https:\/\/contabilidadecaxias.com.br\/index.php\/2022\/04\/07\/cine-villa-rica-e-reinaugurado-e-traz-belfast-na-estreia\/#article","isPartOf":{"@id":"https:\/\/contabilidadecaxias.com.br\/index.php\/2022\/04\/07\/cine-villa-rica-e-reinaugurado-e-traz-belfast-na-estreia\/"},"author":{"name":"","@id":""},"headline":"Cine Villa Rica \u00e9 reinaugurado e traz &#8216;Belfast&#8221; na estreia","datePublished":"2022-04-07T08:28:03+00:00","mainEntityOfPage":{"@id":"https:\/\/contabilidadecaxias.com.br\/index.php\/2022\/04\/07\/cine-villa-rica-e-reinaugurado-e-traz-belfast-na-estreia\/"},"wordCount":426,"commentCount":0,"image":{"@id":"https:\/\/contabilidadecaxias.com.br\/index.php\/2022\/04\/07\/cine-villa-rica-e-reinaugurado-e-traz-belfast-na-estreia\/#primaryimage"},"thumbnailUrl":"https:\/\/contabilidadecaxias.com.br\/wp-content\/uploads\/2022\/04\/Cine-Villa-Rica-e-reinaugurado-e-traz-Belfast-na-e0318355700202204061600-po64yM.jpeg","articleSection":["Empreendedorismo"],"inLanguage":"pt-BR","potentialAction":[{"@type":"CommentAction","name":"Comment","target":["https:\/\/contabilidadecaxias.com.br\/index.php\/2022\/04\/07\/cine-villa-rica-e-reinaugurado-e-traz-belfast-na-estreia\/#respond"]}]},{"@type":"WebPage","@id":"https:\/\/contabilidadecaxias.com.br\/index.php\/2022\/04\/07\/cine-villa-rica-e-reinaugurado-e-traz-belfast-na-estreia\/","url":"https:\/\/contabilidadecaxias.com.br\/index.php\/2022\/04\/07\/cine-villa-rica-e-reinaugurado-e-traz-belfast-na-estreia\/","name":"Cine Villa Rica \u00e9 reinaugurado e traz 'Belfast\" na estreia - Contabilidade Caxias","isPartOf":{"@id":"https:\/\/contabilidadecaxias.com.br\/#website"},"primaryImageOfPage":{"@id":"https:\/\/contabilidadecaxias.com.br\/index.php\/2022\/04\/07\/cine-villa-rica-e-reinaugurado-e-traz-belfast-na-estreia\/#primaryimage"},"image":{"@id":"https:\/\/contabilidadecaxias.com.br\/index.php\/2022\/04\/07\/cine-villa-rica-e-reinaugurado-e-traz-belfast-na-estreia\/#primaryimage"},"thumbnailUrl":"https:\/\/contabilidadecaxias.com.br\/wp-content\/uploads\/2022\/04\/Cine-Villa-Rica-e-reinaugurado-e-traz-Belfast-na-e0318355700202204061600-po64yM.jpeg","datePublished":"2022-04-07T08:28:03+00:00","author":{"@id":""},"breadcrumb":{"@id":"https:\/\/contabilidadecaxias.com.br\/index.php\/2022\/04\/07\/cine-villa-rica-e-reinaugurado-e-traz-belfast-na-estreia\/#breadcrumb"},"inLanguage":"pt-BR","potentialAction":[{"@type":"ReadAction","target":["https:\/\/contabilidadecaxias.com.br\/index.php\/2022\/04\/07\/cine-villa-rica-e-reinaugurado-e-traz-belfast-na-estreia\/"]}]},{"@type":"ImageObject","inLanguage":"pt-BR","@id":"https:\/\/contabilidadecaxias.com.br\/index.php\/2022\/04\/07\/cine-villa-rica-e-reinaugurado-e-traz-belfast-na-estreia\/#primaryimage","url":"https:\/\/contabilidadecaxias.com.br\/wp-content\/uploads\/2022\/04\/Cine-Villa-Rica-e-reinaugurado-e-traz-Belfast-na-e0318355700202204061600-po64yM.jpeg","contentUrl":"https:\/\/contabilidadecaxias.com.br\/wp-content\/uploads\/2022\/04\/Cine-Villa-Rica-e-reinaugurado-e-traz-Belfast-na-e0318355700202204061600-po64yM.jpeg","width":947,"height":630},{"@type":"BreadcrumbList","@id":"https:\/\/contabilidadecaxias.com.br\/index.php\/2022\/04\/07\/cine-villa-rica-e-reinaugurado-e-traz-belfast-na-estreia\/#breadcrumb","itemListElement":[{"@type":"ListItem","position":1,"name":"In\u00edcio","item":"https:\/\/contabilidadecaxias.com.br\/"},{"@type":"ListItem","position":2,"name":"Cine Villa Rica \u00e9 reinaugurado e traz &#8216;Belfast&#8221; na estreia"}]},{"@type":"WebSite","@id":"https:\/\/contabilidadecaxias.com.br\/#website","url":"https:\/\/contabilidadecaxias.com.br\/","name":"Contabilidade Caxias","description":"Site especializado em Contabilidade para Caxias.","potentialAction":[{"@type":"SearchAction","target":{"@type":"EntryPoint","urlTemplate":"https:\/\/contabilidadecaxias.com.br\/?s={search_term_string}"},"query-input":{"@type":"PropertyValueSpecification","valueRequired":true,"valueName":"search_term_string"}}],"inLanguage":"pt-BR"}]}},"_links":{"self":[{"href":"https:\/\/contabilidadecaxias.com.br\/index.php\/wp-json\/wp\/v2\/posts\/5861","targetHints":{"allow":["GET"]}}],"collection":[{"href":"https:\/\/contabilidadecaxias.com.br\/index.php\/wp-json\/wp\/v2\/posts"}],"about":[{"href":"https:\/\/contabilidadecaxias.com.br\/index.php\/wp-json\/wp\/v2\/types\/post"}],"replies":[{"embeddable":true,"href":"https:\/\/contabilidadecaxias.com.br\/index.php\/wp-json\/wp\/v2\/comments?post=5861"}],"version-history":[{"count":0,"href":"https:\/\/contabilidadecaxias.com.br\/index.php\/wp-json\/wp\/v2\/posts\/5861\/revisions"}],"wp:featuredmedia":[{"embeddable":true,"href":"https:\/\/contabilidadecaxias.com.br\/index.php\/wp-json\/wp\/v2\/media\/5862"}],"wp:attachment":[{"href":"https:\/\/contabilidadecaxias.com.br\/index.php\/wp-json\/wp\/v2\/media?parent=5861"}],"wp:term":[{"taxonomy":"category","embeddable":true,"href":"https:\/\/contabilidadecaxias.com.br\/index.php\/wp-json\/wp\/v2\/categories?post=5861"},{"taxonomy":"post_tag","embeddable":true,"href":"https:\/\/contabilidadecaxias.com.br\/index.php\/wp-json\/wp\/v2\/tags?post=5861"}],"curies":[{"name":"wp","href":"https:\/\/api.w.org\/{rel}","templated":true}]}}