{"id":5809,"date":"2022-04-06T04:20:25","date_gmt":"2022-04-06T07:20:25","guid":{"rendered":"https:\/\/contabilidadecaxias.com.br\/index.php\/2022\/04\/06\/aulas-em-cambe-ajudam-haitianos-na-busca-por-emprego\/"},"modified":"2022-04-06T04:20:25","modified_gmt":"2022-04-06T07:20:25","slug":"aulas-em-cambe-ajudam-haitianos-na-busca-por-emprego","status":"publish","type":"post","link":"https:\/\/contabilidadecaxias.com.br\/index.php\/2022\/04\/06\/aulas-em-cambe-ajudam-haitianos-na-busca-por-emprego\/","title":{"rendered":"Aulas em Camb\u00e9 ajudam haitianos na busca por emprego"},"content":{"rendered":"<p>Formado em economia, Patrick Fede, 32, tem planos de voltar a trabalhar na \u00e1rea administrativa desde que chegou no Brasil, h\u00e1 pouco mais de dois anos. Ele deixou o Haiti, sua terra natal, em busca de melhores condi\u00e7\u00f5es de vida para a esposa e a filha, de 1 ano e dois meses, nascida em Camb\u00e9 (Regi\u00e3o Metropolitana de Londrina), onde a fam\u00edlia se instalou junto a uma comunidade formada por quase mil haitianos.\u00a0\u00a0<\/p>\n<p>Esse n\u00famero representa quase 1% da popula\u00e7\u00e3o de Camb\u00e9 e revela uma demanda emergente de pol\u00edtica p\u00fablicas para acolher e incluir o grande n\u00famero de imigrantes que o munic\u00edpio tem recebido na \u00faltima d\u00e9cada.\u00a0\u00a0<\/p>\n<p>A coordenadora do Cras (Centro de Refer\u00eancia de Assist\u00eancia Social) Santo Amaro, Silvia de Alice Freitas comenta que de 2020 at\u00e9 o momento 78 fam\u00edlias estrangeiras procuraram o servi\u00e7o para atualiza\u00e7\u00e3o e\/ou inclus\u00e3o no Cad\u00danico, visando benef\u00edcios sociais.\u00a0<\/p>\n<p>Nos atendimentos assistenciais a essa popula\u00e7\u00e3o, tanto do munic\u00edpio quanto na C\u00e1ritas Arquidiocesana de Londrina, a demanda mais urgente revelada pelos haitianos \u00e9 o desafio para acessar o mercado de trabalho, tendo a l\u00edngua portuguesa como um grande obst\u00e1culo.\u00a0\u00a0<\/p>\n<p>Projeto gratuito \u00e9 in\u00e9dito em Camb\u00e9 e realizado em parceria entre a Faculdade Catua\u00ed, C\u00e1ritas Arquidiocesana e Prefeitura de Camb\u00e9 | \u00a0Foto: Micaela Orikasa &#8211; Grupo Folha\u00a0<\/p>\n<p>OPORTUNIDADE E RESPEITO<\/p>\n<p>\u201cAqui no Brasil eu descobri que o portugu\u00eas n\u00e3o \u00e9 uma l\u00edngua f\u00e1cil. Escrever \u00e9 bem mais dif\u00edcil que falar e agora, estou aprendendo coisas novas. Tem palavras que eu trocava o significado e isso dificulta muito o jeito da gente se comunicar, principalmente no trabalho\u201d, comenta Esther Thelusma, 23, que deixou o Haiti no final de 2019, para encontrar os pais que j\u00e1 haviam se instalado em Camb\u00e9. \u201cVim gr\u00e1vida para viver em paz e fugir da mis\u00e9ria do Haiti. O Brasil tem mais oportunidades e liberdade. A gente se sente respeitada e aqui estamos contando com alguns servi\u00e7os p\u00fablicos, o que ajuda bastante\u201d, afirma.\u00a0\u00a0<\/p>\n<p>Os imigrantes tamb\u00e9m t\u00eam buscado a rede de servi\u00e7os do munic\u00edpio para orienta\u00e7\u00f5es sobre documenta\u00e7\u00e3o e agora, desde o m\u00eas de fevereiro, est\u00e3o tendo aulas de l\u00edngua portuguesa para vencer as dificuldades na leitura, escrita e conversa\u00e7\u00e3o.\u00a0 \u201cNo final do curso eles receber\u00e3o um certificado reconhecido pelo MEC (Minist\u00e9rio da Educa\u00e7\u00e3o), o que tamb\u00e9m \u00e9 um dos crit\u00e9rios para que eles possam dar entrada no processo de naturaliza\u00e7\u00e3o brasileira junto \u00e0 Pol\u00edcia Federal\u201d, explica o secret\u00e1rio municipal do Trabalho e Profissionaliza\u00e7\u00e3o, Jos\u00e9 Rolim.\u00a0\u00a0<\/p>\n<p>Foi pelo Cras que Thelusma ficou sabendo das aulas de portugu\u00eas. \u201cEu aceitei na hora porque, al\u00e9m de aprender, vi a possibilidade de tirar a naturaliza\u00e7\u00e3o\u201d, conta a jovem, que est\u00e1 trabalhando como atendente em uma rede de alimentos.\u00a0<\/p>\n<p>Para Fede, que est\u00e1 trabalhando como motorista de aplicativo, as aulas t\u00eam sido importantes para driblar a dificuldade na conversa\u00e7\u00e3o. \u201cMas tamb\u00e9m j\u00e1 estou lendo e escrevendo melhor. Meu desejo \u00e9 fazer uma outra faculdade, talvez em administra\u00e7\u00e3o, ou mesmo uma especializa\u00e7\u00e3o para buscar melhores oportunidades de trabalho\u201d, conta.\u00a0\u00a0<\/p>\n<p>LEIA TAMB\u00c9M:<a href=\"https:\/\/www.folhadelondrina.com.br\/cidades\/prefeitura-de-cambe-quer-cancelas-nas-passagens-de-trem-3182021e.html\" target=\"_blank\" rel=\"noopener\">+\u00a0<\/a><a href=\"https:\/\/www.folhadelondrina.com.br\/cidades\/prefeitura-de-cambe-quer-cancelas-nas-passagens-de-trem-3182021e.html\" target=\"_blank\" rel=\"noopener\">Prefeitura de Camb\u00e9 quer cancelas nas passagens de trem<\/a>LISTA DE ESPERA<\/p>\n<p>O projeto gratuito do Curso de L\u00edngua Portuguesa para imigrantes adultos \u00e9 in\u00e9dito em Camb\u00e9 e acontece em parceria entre a Faculdade Catua\u00ed, a C\u00e1ritas Arquidiocesana de Londrina e a Prefeitura de Camb\u00e9. As aulas com carga hor\u00e1ria de 60 horas tiveram in\u00edcio em 24 de fevereiro e terminar\u00e3o em 13 de abril. A primeira turma foi formada por 25 alunos e h\u00e1 uma lista de espera com 17 nomes para as pr\u00f3ximas turmas.\u00a0\u00a0<\/p>\n<p>Segundo a pedagoga Cl\u00e1udia dos Santos, que ministra as aulas, com a conclus\u00e3o da primeira turma ser\u00e3o abertas outras duas, nos per\u00edodos matutino e noturno. As aulas pela manh\u00e3 ser\u00e3o ministradas em um espa\u00e7o no Jardim Ana Rosa, ainda a ser definido, j\u00e1 no per\u00edodo noturno ser\u00e1 no mesmo local, nas depend\u00eancias da Faculdade Catua\u00ed, no jardim Santo Amaro.\u00a0\u00a0<\/p>\n<p>MAIORIA FALA OUTRAS L\u00cdNGUAS\u00a0<\/p>\n<p>A professora conta que nesta primeira experi\u00eancia foi poss\u00edvel observar que a maioria fala portugu\u00eas, assim como ingl\u00eas, franc\u00eas e espanhol tamb\u00e9m. \u201cS\u00e3o poucos os que apresentam dificuldade na articula\u00e7\u00e3o, o que nos faz pensar que pode ser at\u00e9 uma quest\u00e3o de timidez\u201d, diz.\u00a0\u00a0<\/p>\n<p>| \u00a0Foto: Micaela Orikasa &#8211; Grupo Folha\u00a0<\/p>\n<p>Ela conta ainda que, em m\u00e9dia, as fam\u00edlias est\u00e3o h\u00e1 cinco anos em Camb\u00e9 e que de fato trazem como motiva\u00e7\u00e3o maior para o dom\u00ednio da l\u00edngua portuguesa a quest\u00e3o de enfrentamento das situa\u00e7\u00f5es no cotidiano, especialmente em entrevistas de emprego e na solicita\u00e7\u00e3o de servi\u00e7os da rede municipal como nas \u00e1reas de sa\u00fade, educa\u00e7\u00e3o, assist\u00eancia social, entre outros.\u00a0 \u00a0\u00a0<\/p>\n<p>A secret\u00e1ria municipal de Assist\u00eancia Social, Lucilene Diorio, destaca que muitas fam\u00edlias que buscam a rede de servi\u00e7os do munic\u00edpio possuem forma\u00e7\u00e3o de n\u00edvel superior no pa\u00eds de origem e, portanto, n\u00e3o dependiam da assist\u00eancia social como hoje, vivendo em territ\u00f3rio brasileiro. \u201cPrecisamos buscar sempre pol\u00edticas p\u00fablicas a essa popula\u00e7\u00e3o espec\u00edfica, com respeito \u00e0 etnia e \u00e0s diferen\u00e7as culturais em todas as esferas\u201d, afirma.\u00a0\u00a0<\/p>\n<p>| \u00a0Foto: Micaela Orikasa &#8211; Grupo Folha\u00a0<\/p>\n<p>Recentemente, foi eleita a nova composi\u00e7\u00e3o do Conselho Municipal de Promo\u00e7\u00e3o da Igualdade Racial de Camb\u00e9, que tem como objetivo deliberar sobre as pol\u00edticas que promovam a igualdade \u00e9tnico-racial, reduzindo as desigualdades e combatendo a discrimina\u00e7\u00e3o.\u00a0\u00a0<\/p>\n<p>SERVI\u00c7O:\u00a0Mais informa\u00e7\u00f5es sobre as aulas podem ser obtidas nos Cras de Camb\u00e9\u00a0\u00a0<\/p>\n<p>Receba nossas not\u00edcias direto no seu celular! Envie tamb\u00e9m suas fotos para a se\u00e7\u00e3o &#8216;A cidade fala&#8217;. Adicione o WhatsApp da FOLHA por meio do n\u00famero (43) 99869-0068 ou pelo link <a href=\"https:\/\/wa.me\/message\/6WMTNSJARGMLL1\" target=\"_blank\" rel=\"noopener\">wa.me\/message\/6WMTNSJARGMLL1<\/a>\u00a0<\/p>\n","protected":false},"excerpt":{"rendered":"<p>Formado em economia, Patrick Fede, 32, tem planos de voltar a trabalhar na \u00e1rea administrativa desde que chegou no Brasil, h\u00e1 pouco mais de dois anos. Ele deixou o Haiti, sua terra natal, em busca de melhores condi\u00e7\u00f5es de vida para a esposa e a filha, de 1 ano e dois meses, nascida em Camb\u00e9 [&hellip;]<\/p>\n","protected":false},"author":0,"featured_media":5810,"comment_status":"open","ping_status":"open","sticky":false,"template":"","format":"standard","meta":{"footnotes":""},"categories":[4],"tags":[],"class_list":["post-5809","post","type-post","status-publish","format-standard","has-post-thumbnail","hentry","category-noticias-empreendedorismo"],"blocksy_meta":{"styles_descriptor":{"styles":{"desktop":"","tablet":"","mobile":""},"google_fonts":[],"version":6}},"yoast_head":"<!-- This site is optimized with the Yoast SEO plugin v27.5 - https:\/\/yoast.com\/product\/yoast-seo-wordpress\/ -->\n<title>Aulas em Camb\u00e9 ajudam haitianos na busca por emprego - Contabilidade Caxias<\/title>\n<meta name=\"robots\" content=\"index, follow, max-snippet:-1, max-image-preview:large, max-video-preview:-1\" \/>\n<link rel=\"canonical\" href=\"https:\/\/contabilidadecaxias.com.br\/index.php\/2022\/04\/06\/aulas-em-cambe-ajudam-haitianos-na-busca-por-emprego\/\" \/>\n<meta property=\"og:locale\" content=\"pt_BR\" \/>\n<meta property=\"og:type\" content=\"article\" \/>\n<meta property=\"og:title\" content=\"Aulas em Camb\u00e9 ajudam haitianos na busca por emprego - Contabilidade Caxias\" \/>\n<meta property=\"og:description\" content=\"Formado em economia, Patrick Fede, 32, tem planos de voltar a trabalhar na \u00e1rea administrativa desde que chegou no Brasil, h\u00e1 pouco mais de dois anos. Ele deixou o Haiti, sua terra natal, em busca de melhores condi\u00e7\u00f5es de vida para a esposa e a filha, de 1 ano e dois meses, nascida em Camb\u00e9 [&hellip;]\" \/>\n<meta property=\"og:url\" content=\"https:\/\/contabilidadecaxias.com.br\/index.php\/2022\/04\/06\/aulas-em-cambe-ajudam-haitianos-na-busca-por-emprego\/\" \/>\n<meta property=\"og:site_name\" content=\"Contabilidade Caxias\" \/>\n<meta property=\"article:published_time\" content=\"2022-04-06T07:20:25+00:00\" \/>\n<meta name=\"twitter:card\" content=\"summary_large_image\" \/>\n<meta name=\"twitter:label1\" content=\"Est. tempo de leitura\" \/>\n\t<meta name=\"twitter:data1\" content=\"5 minutos\" \/>\n<script type=\"application\/ld+json\" class=\"yoast-schema-graph\">{\"@context\":\"https:\\\/\\\/schema.org\",\"@graph\":[{\"@type\":\"Article\",\"@id\":\"https:\\\/\\\/contabilidadecaxias.com.br\\\/index.php\\\/2022\\\/04\\\/06\\\/aulas-em-cambe-ajudam-haitianos-na-busca-por-emprego\\\/#article\",\"isPartOf\":{\"@id\":\"https:\\\/\\\/contabilidadecaxias.com.br\\\/index.php\\\/2022\\\/04\\\/06\\\/aulas-em-cambe-ajudam-haitianos-na-busca-por-emprego\\\/\"},\"author\":{\"name\":\"\",\"@id\":\"\"},\"headline\":\"Aulas em Camb\u00e9 ajudam haitianos na busca por emprego\",\"datePublished\":\"2022-04-06T07:20:25+00:00\",\"mainEntityOfPage\":{\"@id\":\"https:\\\/\\\/contabilidadecaxias.com.br\\\/index.php\\\/2022\\\/04\\\/06\\\/aulas-em-cambe-ajudam-haitianos-na-busca-por-emprego\\\/\"},\"wordCount\":1016,\"commentCount\":0,\"image\":{\"@id\":\"https:\\\/\\\/contabilidadecaxias.com.br\\\/index.php\\\/2022\\\/04\\\/06\\\/aulas-em-cambe-ajudam-haitianos-na-busca-por-emprego\\\/#primaryimage\"},\"thumbnailUrl\":\"https:\\\/\\\/contabilidadecaxias.com.br\\\/wp-content\\\/uploads\\\/2022\\\/04\\\/Aulas-em-Cambe-ajudam-haitianos-na-busca-por-empre0318352500202204051815-DGYtyW.jpeg\",\"articleSection\":[\"Empreendedorismo\"],\"inLanguage\":\"pt-BR\",\"potentialAction\":[{\"@type\":\"CommentAction\",\"name\":\"Comment\",\"target\":[\"https:\\\/\\\/contabilidadecaxias.com.br\\\/index.php\\\/2022\\\/04\\\/06\\\/aulas-em-cambe-ajudam-haitianos-na-busca-por-emprego\\\/#respond\"]}]},{\"@type\":\"WebPage\",\"@id\":\"https:\\\/\\\/contabilidadecaxias.com.br\\\/index.php\\\/2022\\\/04\\\/06\\\/aulas-em-cambe-ajudam-haitianos-na-busca-por-emprego\\\/\",\"url\":\"https:\\\/\\\/contabilidadecaxias.com.br\\\/index.php\\\/2022\\\/04\\\/06\\\/aulas-em-cambe-ajudam-haitianos-na-busca-por-emprego\\\/\",\"name\":\"Aulas em Camb\u00e9 ajudam haitianos na busca por emprego - Contabilidade Caxias\",\"isPartOf\":{\"@id\":\"https:\\\/\\\/contabilidadecaxias.com.br\\\/#website\"},\"primaryImageOfPage\":{\"@id\":\"https:\\\/\\\/contabilidadecaxias.com.br\\\/index.php\\\/2022\\\/04\\\/06\\\/aulas-em-cambe-ajudam-haitianos-na-busca-por-emprego\\\/#primaryimage\"},\"image\":{\"@id\":\"https:\\\/\\\/contabilidadecaxias.com.br\\\/index.php\\\/2022\\\/04\\\/06\\\/aulas-em-cambe-ajudam-haitianos-na-busca-por-emprego\\\/#primaryimage\"},\"thumbnailUrl\":\"https:\\\/\\\/contabilidadecaxias.com.br\\\/wp-content\\\/uploads\\\/2022\\\/04\\\/Aulas-em-Cambe-ajudam-haitianos-na-busca-por-empre0318352500202204051815-DGYtyW.jpeg\",\"datePublished\":\"2022-04-06T07:20:25+00:00\",\"author\":{\"@id\":\"\"},\"breadcrumb\":{\"@id\":\"https:\\\/\\\/contabilidadecaxias.com.br\\\/index.php\\\/2022\\\/04\\\/06\\\/aulas-em-cambe-ajudam-haitianos-na-busca-por-emprego\\\/#breadcrumb\"},\"inLanguage\":\"pt-BR\",\"potentialAction\":[{\"@type\":\"ReadAction\",\"target\":[\"https:\\\/\\\/contabilidadecaxias.com.br\\\/index.php\\\/2022\\\/04\\\/06\\\/aulas-em-cambe-ajudam-haitianos-na-busca-por-emprego\\\/\"]}]},{\"@type\":\"ImageObject\",\"inLanguage\":\"pt-BR\",\"@id\":\"https:\\\/\\\/contabilidadecaxias.com.br\\\/index.php\\\/2022\\\/04\\\/06\\\/aulas-em-cambe-ajudam-haitianos-na-busca-por-emprego\\\/#primaryimage\",\"url\":\"https:\\\/\\\/contabilidadecaxias.com.br\\\/wp-content\\\/uploads\\\/2022\\\/04\\\/Aulas-em-Cambe-ajudam-haitianos-na-busca-por-empre0318352500202204051815-DGYtyW.jpeg\",\"contentUrl\":\"https:\\\/\\\/contabilidadecaxias.com.br\\\/wp-content\\\/uploads\\\/2022\\\/04\\\/Aulas-em-Cambe-ajudam-haitianos-na-busca-por-empre0318352500202204051815-DGYtyW.jpeg\",\"width\":840,\"height\":630},{\"@type\":\"BreadcrumbList\",\"@id\":\"https:\\\/\\\/contabilidadecaxias.com.br\\\/index.php\\\/2022\\\/04\\\/06\\\/aulas-em-cambe-ajudam-haitianos-na-busca-por-emprego\\\/#breadcrumb\",\"itemListElement\":[{\"@type\":\"ListItem\",\"position\":1,\"name\":\"In\u00edcio\",\"item\":\"https:\\\/\\\/contabilidadecaxias.com.br\\\/\"},{\"@type\":\"ListItem\",\"position\":2,\"name\":\"Aulas em Camb\u00e9 ajudam haitianos na busca por emprego\"}]},{\"@type\":\"WebSite\",\"@id\":\"https:\\\/\\\/contabilidadecaxias.com.br\\\/#website\",\"url\":\"https:\\\/\\\/contabilidadecaxias.com.br\\\/\",\"name\":\"Contabilidade Caxias\",\"description\":\"Site especializado em Contabilidade para Caxias.\",\"potentialAction\":[{\"@type\":\"SearchAction\",\"target\":{\"@type\":\"EntryPoint\",\"urlTemplate\":\"https:\\\/\\\/contabilidadecaxias.com.br\\\/?s={search_term_string}\"},\"query-input\":{\"@type\":\"PropertyValueSpecification\",\"valueRequired\":true,\"valueName\":\"search_term_string\"}}],\"inLanguage\":\"pt-BR\"}]}<\/script>\n<!-- \/ Yoast SEO plugin. -->","yoast_head_json":{"title":"Aulas em Camb\u00e9 ajudam haitianos na busca por emprego - Contabilidade Caxias","robots":{"index":"index","follow":"follow","max-snippet":"max-snippet:-1","max-image-preview":"max-image-preview:large","max-video-preview":"max-video-preview:-1"},"canonical":"https:\/\/contabilidadecaxias.com.br\/index.php\/2022\/04\/06\/aulas-em-cambe-ajudam-haitianos-na-busca-por-emprego\/","og_locale":"pt_BR","og_type":"article","og_title":"Aulas em Camb\u00e9 ajudam haitianos na busca por emprego - Contabilidade Caxias","og_description":"Formado em economia, Patrick Fede, 32, tem planos de voltar a trabalhar na \u00e1rea administrativa desde que chegou no Brasil, h\u00e1 pouco mais de dois anos. Ele deixou o Haiti, sua terra natal, em busca de melhores condi\u00e7\u00f5es de vida para a esposa e a filha, de 1 ano e dois meses, nascida em Camb\u00e9 [&hellip;]","og_url":"https:\/\/contabilidadecaxias.com.br\/index.php\/2022\/04\/06\/aulas-em-cambe-ajudam-haitianos-na-busca-por-emprego\/","og_site_name":"Contabilidade Caxias","article_published_time":"2022-04-06T07:20:25+00:00","twitter_card":"summary_large_image","twitter_misc":{"Est. tempo de leitura":"5 minutos"},"schema":{"@context":"https:\/\/schema.org","@graph":[{"@type":"Article","@id":"https:\/\/contabilidadecaxias.com.br\/index.php\/2022\/04\/06\/aulas-em-cambe-ajudam-haitianos-na-busca-por-emprego\/#article","isPartOf":{"@id":"https:\/\/contabilidadecaxias.com.br\/index.php\/2022\/04\/06\/aulas-em-cambe-ajudam-haitianos-na-busca-por-emprego\/"},"author":{"name":"","@id":""},"headline":"Aulas em Camb\u00e9 ajudam haitianos na busca por emprego","datePublished":"2022-04-06T07:20:25+00:00","mainEntityOfPage":{"@id":"https:\/\/contabilidadecaxias.com.br\/index.php\/2022\/04\/06\/aulas-em-cambe-ajudam-haitianos-na-busca-por-emprego\/"},"wordCount":1016,"commentCount":0,"image":{"@id":"https:\/\/contabilidadecaxias.com.br\/index.php\/2022\/04\/06\/aulas-em-cambe-ajudam-haitianos-na-busca-por-emprego\/#primaryimage"},"thumbnailUrl":"https:\/\/contabilidadecaxias.com.br\/wp-content\/uploads\/2022\/04\/Aulas-em-Cambe-ajudam-haitianos-na-busca-por-empre0318352500202204051815-DGYtyW.jpeg","articleSection":["Empreendedorismo"],"inLanguage":"pt-BR","potentialAction":[{"@type":"CommentAction","name":"Comment","target":["https:\/\/contabilidadecaxias.com.br\/index.php\/2022\/04\/06\/aulas-em-cambe-ajudam-haitianos-na-busca-por-emprego\/#respond"]}]},{"@type":"WebPage","@id":"https:\/\/contabilidadecaxias.com.br\/index.php\/2022\/04\/06\/aulas-em-cambe-ajudam-haitianos-na-busca-por-emprego\/","url":"https:\/\/contabilidadecaxias.com.br\/index.php\/2022\/04\/06\/aulas-em-cambe-ajudam-haitianos-na-busca-por-emprego\/","name":"Aulas em Camb\u00e9 ajudam haitianos na busca por emprego - Contabilidade Caxias","isPartOf":{"@id":"https:\/\/contabilidadecaxias.com.br\/#website"},"primaryImageOfPage":{"@id":"https:\/\/contabilidadecaxias.com.br\/index.php\/2022\/04\/06\/aulas-em-cambe-ajudam-haitianos-na-busca-por-emprego\/#primaryimage"},"image":{"@id":"https:\/\/contabilidadecaxias.com.br\/index.php\/2022\/04\/06\/aulas-em-cambe-ajudam-haitianos-na-busca-por-emprego\/#primaryimage"},"thumbnailUrl":"https:\/\/contabilidadecaxias.com.br\/wp-content\/uploads\/2022\/04\/Aulas-em-Cambe-ajudam-haitianos-na-busca-por-empre0318352500202204051815-DGYtyW.jpeg","datePublished":"2022-04-06T07:20:25+00:00","author":{"@id":""},"breadcrumb":{"@id":"https:\/\/contabilidadecaxias.com.br\/index.php\/2022\/04\/06\/aulas-em-cambe-ajudam-haitianos-na-busca-por-emprego\/#breadcrumb"},"inLanguage":"pt-BR","potentialAction":[{"@type":"ReadAction","target":["https:\/\/contabilidadecaxias.com.br\/index.php\/2022\/04\/06\/aulas-em-cambe-ajudam-haitianos-na-busca-por-emprego\/"]}]},{"@type":"ImageObject","inLanguage":"pt-BR","@id":"https:\/\/contabilidadecaxias.com.br\/index.php\/2022\/04\/06\/aulas-em-cambe-ajudam-haitianos-na-busca-por-emprego\/#primaryimage","url":"https:\/\/contabilidadecaxias.com.br\/wp-content\/uploads\/2022\/04\/Aulas-em-Cambe-ajudam-haitianos-na-busca-por-empre0318352500202204051815-DGYtyW.jpeg","contentUrl":"https:\/\/contabilidadecaxias.com.br\/wp-content\/uploads\/2022\/04\/Aulas-em-Cambe-ajudam-haitianos-na-busca-por-empre0318352500202204051815-DGYtyW.jpeg","width":840,"height":630},{"@type":"BreadcrumbList","@id":"https:\/\/contabilidadecaxias.com.br\/index.php\/2022\/04\/06\/aulas-em-cambe-ajudam-haitianos-na-busca-por-emprego\/#breadcrumb","itemListElement":[{"@type":"ListItem","position":1,"name":"In\u00edcio","item":"https:\/\/contabilidadecaxias.com.br\/"},{"@type":"ListItem","position":2,"name":"Aulas em Camb\u00e9 ajudam haitianos na busca por emprego"}]},{"@type":"WebSite","@id":"https:\/\/contabilidadecaxias.com.br\/#website","url":"https:\/\/contabilidadecaxias.com.br\/","name":"Contabilidade Caxias","description":"Site especializado em Contabilidade para Caxias.","potentialAction":[{"@type":"SearchAction","target":{"@type":"EntryPoint","urlTemplate":"https:\/\/contabilidadecaxias.com.br\/?s={search_term_string}"},"query-input":{"@type":"PropertyValueSpecification","valueRequired":true,"valueName":"search_term_string"}}],"inLanguage":"pt-BR"}]}},"_links":{"self":[{"href":"https:\/\/contabilidadecaxias.com.br\/index.php\/wp-json\/wp\/v2\/posts\/5809","targetHints":{"allow":["GET"]}}],"collection":[{"href":"https:\/\/contabilidadecaxias.com.br\/index.php\/wp-json\/wp\/v2\/posts"}],"about":[{"href":"https:\/\/contabilidadecaxias.com.br\/index.php\/wp-json\/wp\/v2\/types\/post"}],"replies":[{"embeddable":true,"href":"https:\/\/contabilidadecaxias.com.br\/index.php\/wp-json\/wp\/v2\/comments?post=5809"}],"version-history":[{"count":0,"href":"https:\/\/contabilidadecaxias.com.br\/index.php\/wp-json\/wp\/v2\/posts\/5809\/revisions"}],"wp:featuredmedia":[{"embeddable":true,"href":"https:\/\/contabilidadecaxias.com.br\/index.php\/wp-json\/wp\/v2\/media\/5810"}],"wp:attachment":[{"href":"https:\/\/contabilidadecaxias.com.br\/index.php\/wp-json\/wp\/v2\/media?parent=5809"}],"wp:term":[{"taxonomy":"category","embeddable":true,"href":"https:\/\/contabilidadecaxias.com.br\/index.php\/wp-json\/wp\/v2\/categories?post=5809"},{"taxonomy":"post_tag","embeddable":true,"href":"https:\/\/contabilidadecaxias.com.br\/index.php\/wp-json\/wp\/v2\/tags?post=5809"}],"curies":[{"name":"wp","href":"https:\/\/api.w.org\/{rel}","templated":true}]}}