{"id":5683,"date":"2022-04-04T18:36:01","date_gmt":"2022-04-04T21:36:01","guid":{"rendered":"https:\/\/contabilidadecaxias.com.br\/index.php\/2022\/04\/04\/santos-estreia-na-copa-sul-americana-apos-ampliar-leque-e-reforcar-elenco\/"},"modified":"2022-04-04T18:36:01","modified_gmt":"2022-04-04T21:36:01","slug":"santos-estreia-na-copa-sul-americana-apos-ampliar-leque-e-reforcar-elenco","status":"publish","type":"post","link":"https:\/\/contabilidadecaxias.com.br\/index.php\/2022\/04\/04\/santos-estreia-na-copa-sul-americana-apos-ampliar-leque-e-reforcar-elenco\/","title":{"rendered":"Santos estreia na Copa Sul-Americana ap\u00f3s ampliar leque e refor\u00e7ar elenco"},"content":{"rendered":"<p>S\u00c3O PAULO, SP (UOL\/FOLHAPRESS) &#8211; O Santos estreia na fase de grupos Copa Sul-Americana nesta ter\u00e7a-feira (5), a partir das 19h15 (de Bras\u00edlia), ap\u00f3s fechar o elenco para a competi\u00e7\u00e3o e para o Campeonato Brasileiro com cinco refor\u00e7os: o zagueiro Maicon, os volantes Willian Maranh\u00e3o e Rodrigo Fern\u00e1ndez e os atacantes Jhojan Julio e Bryan Angulo. O time do litoral paulista enfrentar\u00e1 o Banfield, da Argentina, no est\u00e1dio Florencio Sola, em Buenos Aires.<\/p>\n<p>Somadas, as cinco contrata\u00e7\u00f5es representam investimento de pouco mais de R$ 2 milh\u00f5es: R$ 1,1 milh\u00e3o pelo empr\u00e9stimo de Jhojan Julio (LDU-EQU), R$ 600 mil pelo empr\u00e9stimo de Rodrigo Fern\u00e1ndez (Guaran\u00ed-PAR) e R$ 500 mil pela compra de Willian Maranh\u00e3o (Bahia). Desses R$ 500 mil, metade ser\u00e1 dilu\u00edda ao longo do contrato. Maicon e Bryan Angulo vieram livres.<\/p>\n<p>Logo na sua chegada, em 25 de fevereiro de 2022, o t\u00e9cnico Fabi\u00e1n Bustos se reuniu com o departamento de futebol chefiado por Edu Dracena e com a an\u00e1lise de mercado do clube. Ap\u00f3s v\u00e1rios encontros, o Santos separou uma lista com op\u00e7\u00f5es para cada posi\u00e7\u00e3o carente do elenco.<\/p>\n<p>Dentre essas alternativas, Bustos tinha suas prioridades. Entre elas estavam o meio-campista Fernando Sobral, do Cear\u00e1, e dois do Barcelona de Guayaquil (EQU), seu ex-time: o lateral-direito Byron Castillo e o atacante Emmanuel Martinez. Numa consulta pr\u00e9via, o Santos entendeu que poderia viabilizar os &#8220;Planos A&#8221; do treinador com pagamento inicial de R$ 15 milh\u00f5es.<\/p>\n<p>O Comit\u00ea de Gest\u00e3o do Santos, por\u00e9m, limitou o investimento. Com pressa para refor\u00e7ar o elenco e resist\u00eancia interna, a sa\u00edda foi partir para outros nomes da lista. Foi assim que o Santos contratou Rodrigo Fern\u00e1ndez e Jhojan Julio com aporte de 15% do previsto. Na &#8220;guerra fria&#8221; entre futebol e gest\u00e3o, venceu a gest\u00e3o.<\/p>\n<p>Bryan Angulo, em compensa\u00e7\u00e3o, era prioridade de Bustos. O t\u00e9cnico argentino havia indicado outros volantes de marca\u00e7\u00e3o, mas gostou do que viu de Willian Maranh\u00e3o e aprovou prontamente. Maicon tamb\u00e9m foi aceito de cara.<\/p>\n<p>O departamento de futebol do Santos acredita que poderia ter feito outro tipo de investimento, mas confia nas indica\u00e7\u00f5es de Fabi\u00e1n Bustos e dos analistas. O presidente Andres Rueda e os demais gestores entendem que \u00e9 melhor contratar atletas livres ou por empr\u00e9stimo com op\u00e7\u00e3o de compra para diminuir a chance de erro num momento de instabilidade financeira do clube.<\/p>\n<p>Os valores fixados para aquisi\u00e7\u00e3o de Rodrigo Fern\u00e1ndez e Jhojan Julio s\u00e3o semelhantes: cerca de R$ 7 milh\u00f5es. Eles chegaram por empr\u00e9stimo at\u00e9 dezembro e maio, respectivamente. Angulo fechou at\u00e9 junho. Maicon at\u00e9 dezembro de 2023 e Willian Maranh\u00e3o at\u00e9 o fim de 2024.<\/p>\n<p>Com esses refor\u00e7os, o Santos teve um acr\u00e9scimo de quase R$ 1 milh\u00e3o na folha salarial, mas o valor mensal estava abaixo de 2021. Com a sa\u00edda de jogadores com pouco espa\u00e7o nas pr\u00f3ximas semanas, o Santos pretende retomar o patamar do ano passado em breve.<\/p>\n<p>A delega\u00e7\u00e3o do Santos desembarcou em Buenos Aires neste domingo (3), para o jogo contra o Banfield. O lateral-direito Auro, outro refor\u00e7o na temporada, n\u00e3o viajou \u00e0 Argentina por escolha de Bustos, que tem Madson \u00e0 disposi\u00e7\u00e3o ap\u00f3s retorno de les\u00e3o muscular, e que tamb\u00e9m pode usar o meia Marcos Guilherme na fun\u00e7\u00e3o. O atacante Bryan Angelo, que ainda n\u00e3o est\u00e1 registrado na CBF e fez poucos treinos com o time, tamb\u00e9m n\u00e3o viajou com a delega\u00e7\u00e3o. Outros desfalques confirmados s\u00e3o os atacantes Marcos Leonardo, suspenso das tr\u00eas primeiras rodadas da Sul-Americana, e Leo Baptist\u00e3o, que sentiu dores musculares nos \u00faltimos treinos. Uma prov\u00e1vel escala\u00e7\u00e3o do t\u00e9cnico F\u00e1bian Bustos tem: Jo\u00e3o Paulo, Bauermann, Maicon e Kaiky; Marcos Guilherme, Willian Maranh\u00e3o, Rodrigo Fern\u00e1ndez, Ricardo Goulart e Felipe Jonatan; Lucas Barbosa e Lucas Braga.<\/p>\n<p>Est\u00e1dio: Florencio Sola, em Buenos Aires (Argentina)<\/p>\n<p>Hor\u00e1rio: \u00c0s 19h15 (de Bras\u00edlia) desta ter\u00e7a-feira (5)<\/p>\n<p>\u00c1rbitro: Delis L\u00f3pez (PAR)<\/p>\n<p>VAR: Juan Cardellino (URU)<\/p>\n<p>Transmiss\u00e3o: Conmebol TV<\/p>\n","protected":false},"excerpt":{"rendered":"<p>S\u00c3O PAULO, SP (UOL\/FOLHAPRESS) &#8211; O Santos estreia na fase de grupos Copa Sul-Americana nesta ter\u00e7a-feira (5), a partir das 19h15 (de Bras\u00edlia), ap\u00f3s fechar o elenco para a competi\u00e7\u00e3o e para o Campeonato Brasileiro com cinco refor\u00e7os: o zagueiro Maicon, os volantes Willian Maranh\u00e3o e Rodrigo Fern\u00e1ndez e os atacantes Jhojan Julio e Bryan [&hellip;]<\/p>\n","protected":false},"author":0,"featured_media":0,"comment_status":"open","ping_status":"open","sticky":false,"template":"","format":"standard","meta":{"footnotes":""},"categories":[4],"tags":[],"class_list":["post-5683","post","type-post","status-publish","format-standard","hentry","category-noticias-empreendedorismo"],"blocksy_meta":{"styles_descriptor":{"styles":{"desktop":"","tablet":"","mobile":""},"google_fonts":[],"version":6}},"yoast_head":"<!-- This site is optimized with the Yoast SEO plugin v27.5 - https:\/\/yoast.com\/product\/yoast-seo-wordpress\/ -->\n<title>Santos estreia na Copa Sul-Americana ap\u00f3s ampliar leque e refor\u00e7ar elenco - Contabilidade Caxias<\/title>\n<meta name=\"robots\" content=\"index, follow, max-snippet:-1, max-image-preview:large, max-video-preview:-1\" \/>\n<link rel=\"canonical\" href=\"https:\/\/contabilidadecaxias.com.br\/index.php\/2022\/04\/04\/santos-estreia-na-copa-sul-americana-apos-ampliar-leque-e-reforcar-elenco\/\" \/>\n<meta property=\"og:locale\" content=\"pt_BR\" \/>\n<meta property=\"og:type\" content=\"article\" \/>\n<meta property=\"og:title\" content=\"Santos estreia na Copa Sul-Americana ap\u00f3s ampliar leque e refor\u00e7ar elenco - Contabilidade Caxias\" \/>\n<meta property=\"og:description\" content=\"S\u00c3O PAULO, SP (UOL\/FOLHAPRESS) &#8211; O Santos estreia na fase de grupos Copa Sul-Americana nesta ter\u00e7a-feira (5), a partir das 19h15 (de Bras\u00edlia), ap\u00f3s fechar o elenco para a competi\u00e7\u00e3o e para o Campeonato Brasileiro com cinco refor\u00e7os: o zagueiro Maicon, os volantes Willian Maranh\u00e3o e Rodrigo Fern\u00e1ndez e os atacantes Jhojan Julio e Bryan [&hellip;]\" \/>\n<meta property=\"og:url\" content=\"https:\/\/contabilidadecaxias.com.br\/index.php\/2022\/04\/04\/santos-estreia-na-copa-sul-americana-apos-ampliar-leque-e-reforcar-elenco\/\" \/>\n<meta property=\"og:site_name\" content=\"Contabilidade Caxias\" \/>\n<meta property=\"article:published_time\" content=\"2022-04-04T21:36:01+00:00\" \/>\n<meta name=\"twitter:card\" content=\"summary_large_image\" \/>\n<meta name=\"twitter:label1\" content=\"Est. tempo de leitura\" \/>\n\t<meta name=\"twitter:data1\" content=\"3 minutos\" \/>\n<script type=\"application\/ld+json\" class=\"yoast-schema-graph\">{\"@context\":\"https:\\\/\\\/schema.org\",\"@graph\":[{\"@type\":\"Article\",\"@id\":\"https:\\\/\\\/contabilidadecaxias.com.br\\\/index.php\\\/2022\\\/04\\\/04\\\/santos-estreia-na-copa-sul-americana-apos-ampliar-leque-e-reforcar-elenco\\\/#article\",\"isPartOf\":{\"@id\":\"https:\\\/\\\/contabilidadecaxias.com.br\\\/index.php\\\/2022\\\/04\\\/04\\\/santos-estreia-na-copa-sul-americana-apos-ampliar-leque-e-reforcar-elenco\\\/\"},\"author\":{\"name\":\"\",\"@id\":\"\"},\"headline\":\"Santos estreia na Copa Sul-Americana ap\u00f3s ampliar leque e refor\u00e7ar elenco\",\"datePublished\":\"2022-04-04T21:36:01+00:00\",\"mainEntityOfPage\":{\"@id\":\"https:\\\/\\\/contabilidadecaxias.com.br\\\/index.php\\\/2022\\\/04\\\/04\\\/santos-estreia-na-copa-sul-americana-apos-ampliar-leque-e-reforcar-elenco\\\/\"},\"wordCount\":710,\"commentCount\":0,\"articleSection\":[\"Empreendedorismo\"],\"inLanguage\":\"pt-BR\",\"potentialAction\":[{\"@type\":\"CommentAction\",\"name\":\"Comment\",\"target\":[\"https:\\\/\\\/contabilidadecaxias.com.br\\\/index.php\\\/2022\\\/04\\\/04\\\/santos-estreia-na-copa-sul-americana-apos-ampliar-leque-e-reforcar-elenco\\\/#respond\"]}]},{\"@type\":\"WebPage\",\"@id\":\"https:\\\/\\\/contabilidadecaxias.com.br\\\/index.php\\\/2022\\\/04\\\/04\\\/santos-estreia-na-copa-sul-americana-apos-ampliar-leque-e-reforcar-elenco\\\/\",\"url\":\"https:\\\/\\\/contabilidadecaxias.com.br\\\/index.php\\\/2022\\\/04\\\/04\\\/santos-estreia-na-copa-sul-americana-apos-ampliar-leque-e-reforcar-elenco\\\/\",\"name\":\"Santos estreia na Copa Sul-Americana ap\u00f3s ampliar leque e refor\u00e7ar elenco - Contabilidade Caxias\",\"isPartOf\":{\"@id\":\"https:\\\/\\\/contabilidadecaxias.com.br\\\/#website\"},\"datePublished\":\"2022-04-04T21:36:01+00:00\",\"author\":{\"@id\":\"\"},\"breadcrumb\":{\"@id\":\"https:\\\/\\\/contabilidadecaxias.com.br\\\/index.php\\\/2022\\\/04\\\/04\\\/santos-estreia-na-copa-sul-americana-apos-ampliar-leque-e-reforcar-elenco\\\/#breadcrumb\"},\"inLanguage\":\"pt-BR\",\"potentialAction\":[{\"@type\":\"ReadAction\",\"target\":[\"https:\\\/\\\/contabilidadecaxias.com.br\\\/index.php\\\/2022\\\/04\\\/04\\\/santos-estreia-na-copa-sul-americana-apos-ampliar-leque-e-reforcar-elenco\\\/\"]}]},{\"@type\":\"BreadcrumbList\",\"@id\":\"https:\\\/\\\/contabilidadecaxias.com.br\\\/index.php\\\/2022\\\/04\\\/04\\\/santos-estreia-na-copa-sul-americana-apos-ampliar-leque-e-reforcar-elenco\\\/#breadcrumb\",\"itemListElement\":[{\"@type\":\"ListItem\",\"position\":1,\"name\":\"In\u00edcio\",\"item\":\"https:\\\/\\\/contabilidadecaxias.com.br\\\/\"},{\"@type\":\"ListItem\",\"position\":2,\"name\":\"Santos estreia na Copa Sul-Americana ap\u00f3s ampliar leque e refor\u00e7ar elenco\"}]},{\"@type\":\"WebSite\",\"@id\":\"https:\\\/\\\/contabilidadecaxias.com.br\\\/#website\",\"url\":\"https:\\\/\\\/contabilidadecaxias.com.br\\\/\",\"name\":\"Contabilidade Caxias\",\"description\":\"Site especializado em Contabilidade para Caxias.\",\"potentialAction\":[{\"@type\":\"SearchAction\",\"target\":{\"@type\":\"EntryPoint\",\"urlTemplate\":\"https:\\\/\\\/contabilidadecaxias.com.br\\\/?s={search_term_string}\"},\"query-input\":{\"@type\":\"PropertyValueSpecification\",\"valueRequired\":true,\"valueName\":\"search_term_string\"}}],\"inLanguage\":\"pt-BR\"}]}<\/script>\n<!-- \/ Yoast SEO plugin. -->","yoast_head_json":{"title":"Santos estreia na Copa Sul-Americana ap\u00f3s ampliar leque e refor\u00e7ar elenco - Contabilidade Caxias","robots":{"index":"index","follow":"follow","max-snippet":"max-snippet:-1","max-image-preview":"max-image-preview:large","max-video-preview":"max-video-preview:-1"},"canonical":"https:\/\/contabilidadecaxias.com.br\/index.php\/2022\/04\/04\/santos-estreia-na-copa-sul-americana-apos-ampliar-leque-e-reforcar-elenco\/","og_locale":"pt_BR","og_type":"article","og_title":"Santos estreia na Copa Sul-Americana ap\u00f3s ampliar leque e refor\u00e7ar elenco - Contabilidade Caxias","og_description":"S\u00c3O PAULO, SP (UOL\/FOLHAPRESS) &#8211; O Santos estreia na fase de grupos Copa Sul-Americana nesta ter\u00e7a-feira (5), a partir das 19h15 (de Bras\u00edlia), ap\u00f3s fechar o elenco para a competi\u00e7\u00e3o e para o Campeonato Brasileiro com cinco refor\u00e7os: o zagueiro Maicon, os volantes Willian Maranh\u00e3o e Rodrigo Fern\u00e1ndez e os atacantes Jhojan Julio e Bryan [&hellip;]","og_url":"https:\/\/contabilidadecaxias.com.br\/index.php\/2022\/04\/04\/santos-estreia-na-copa-sul-americana-apos-ampliar-leque-e-reforcar-elenco\/","og_site_name":"Contabilidade Caxias","article_published_time":"2022-04-04T21:36:01+00:00","twitter_card":"summary_large_image","twitter_misc":{"Est. tempo de leitura":"3 minutos"},"schema":{"@context":"https:\/\/schema.org","@graph":[{"@type":"Article","@id":"https:\/\/contabilidadecaxias.com.br\/index.php\/2022\/04\/04\/santos-estreia-na-copa-sul-americana-apos-ampliar-leque-e-reforcar-elenco\/#article","isPartOf":{"@id":"https:\/\/contabilidadecaxias.com.br\/index.php\/2022\/04\/04\/santos-estreia-na-copa-sul-americana-apos-ampliar-leque-e-reforcar-elenco\/"},"author":{"name":"","@id":""},"headline":"Santos estreia na Copa Sul-Americana ap\u00f3s ampliar leque e refor\u00e7ar elenco","datePublished":"2022-04-04T21:36:01+00:00","mainEntityOfPage":{"@id":"https:\/\/contabilidadecaxias.com.br\/index.php\/2022\/04\/04\/santos-estreia-na-copa-sul-americana-apos-ampliar-leque-e-reforcar-elenco\/"},"wordCount":710,"commentCount":0,"articleSection":["Empreendedorismo"],"inLanguage":"pt-BR","potentialAction":[{"@type":"CommentAction","name":"Comment","target":["https:\/\/contabilidadecaxias.com.br\/index.php\/2022\/04\/04\/santos-estreia-na-copa-sul-americana-apos-ampliar-leque-e-reforcar-elenco\/#respond"]}]},{"@type":"WebPage","@id":"https:\/\/contabilidadecaxias.com.br\/index.php\/2022\/04\/04\/santos-estreia-na-copa-sul-americana-apos-ampliar-leque-e-reforcar-elenco\/","url":"https:\/\/contabilidadecaxias.com.br\/index.php\/2022\/04\/04\/santos-estreia-na-copa-sul-americana-apos-ampliar-leque-e-reforcar-elenco\/","name":"Santos estreia na Copa Sul-Americana ap\u00f3s ampliar leque e refor\u00e7ar elenco - Contabilidade Caxias","isPartOf":{"@id":"https:\/\/contabilidadecaxias.com.br\/#website"},"datePublished":"2022-04-04T21:36:01+00:00","author":{"@id":""},"breadcrumb":{"@id":"https:\/\/contabilidadecaxias.com.br\/index.php\/2022\/04\/04\/santos-estreia-na-copa-sul-americana-apos-ampliar-leque-e-reforcar-elenco\/#breadcrumb"},"inLanguage":"pt-BR","potentialAction":[{"@type":"ReadAction","target":["https:\/\/contabilidadecaxias.com.br\/index.php\/2022\/04\/04\/santos-estreia-na-copa-sul-americana-apos-ampliar-leque-e-reforcar-elenco\/"]}]},{"@type":"BreadcrumbList","@id":"https:\/\/contabilidadecaxias.com.br\/index.php\/2022\/04\/04\/santos-estreia-na-copa-sul-americana-apos-ampliar-leque-e-reforcar-elenco\/#breadcrumb","itemListElement":[{"@type":"ListItem","position":1,"name":"In\u00edcio","item":"https:\/\/contabilidadecaxias.com.br\/"},{"@type":"ListItem","position":2,"name":"Santos estreia na Copa Sul-Americana ap\u00f3s ampliar leque e refor\u00e7ar elenco"}]},{"@type":"WebSite","@id":"https:\/\/contabilidadecaxias.com.br\/#website","url":"https:\/\/contabilidadecaxias.com.br\/","name":"Contabilidade Caxias","description":"Site especializado em Contabilidade para Caxias.","potentialAction":[{"@type":"SearchAction","target":{"@type":"EntryPoint","urlTemplate":"https:\/\/contabilidadecaxias.com.br\/?s={search_term_string}"},"query-input":{"@type":"PropertyValueSpecification","valueRequired":true,"valueName":"search_term_string"}}],"inLanguage":"pt-BR"}]}},"_links":{"self":[{"href":"https:\/\/contabilidadecaxias.com.br\/index.php\/wp-json\/wp\/v2\/posts\/5683","targetHints":{"allow":["GET"]}}],"collection":[{"href":"https:\/\/contabilidadecaxias.com.br\/index.php\/wp-json\/wp\/v2\/posts"}],"about":[{"href":"https:\/\/contabilidadecaxias.com.br\/index.php\/wp-json\/wp\/v2\/types\/post"}],"replies":[{"embeddable":true,"href":"https:\/\/contabilidadecaxias.com.br\/index.php\/wp-json\/wp\/v2\/comments?post=5683"}],"version-history":[{"count":0,"href":"https:\/\/contabilidadecaxias.com.br\/index.php\/wp-json\/wp\/v2\/posts\/5683\/revisions"}],"wp:attachment":[{"href":"https:\/\/contabilidadecaxias.com.br\/index.php\/wp-json\/wp\/v2\/media?parent=5683"}],"wp:term":[{"taxonomy":"category","embeddable":true,"href":"https:\/\/contabilidadecaxias.com.br\/index.php\/wp-json\/wp\/v2\/categories?post=5683"},{"taxonomy":"post_tag","embeddable":true,"href":"https:\/\/contabilidadecaxias.com.br\/index.php\/wp-json\/wp\/v2\/tags?post=5683"}],"curies":[{"name":"wp","href":"https:\/\/api.w.org\/{rel}","templated":true}]}}