{"id":5579,"date":"2022-04-02T01:26:39","date_gmt":"2022-04-02T04:26:39","guid":{"rendered":"https:\/\/contabilidadecaxias.com.br\/index.php\/2022\/04\/02\/fazendinha-traz-tecnologias-para-agricultura-sustentavel-e-renda\/"},"modified":"2022-04-02T01:26:39","modified_gmt":"2022-04-02T04:26:39","slug":"fazendinha-traz-tecnologias-para-agricultura-sustentavel-e-renda","status":"publish","type":"post","link":"https:\/\/contabilidadecaxias.com.br\/index.php\/2022\/04\/02\/fazendinha-traz-tecnologias-para-agricultura-sustentavel-e-renda\/","title":{"rendered":"Fazendinha traz tecnologias para agricultura sustent\u00e1vel e renda"},"content":{"rendered":"\n<p>As unidades expositivas oferecem informa\u00e7\u00f5es sobre agricultura agroecol\u00f3gica, inova\u00e7\u00e3o, coopera\u00e7\u00e3o, saneamento b\u00e1sico e inclus\u00e3o social | \u00a0Foto: Divulga\u00e7\u00e3o\/IDR-PR\u00a0<\/p>\n<p>Popularmente conhecido como Fazendinha, o espa\u00e7o destinado ao agroneg\u00f3cio paranaense na ExpoLondrina 2022 ter\u00e1 \u00e1rea de 11 mil metros quadrados e contar\u00e1 com uma equipe de t\u00e9cnicos, pesquisadores e professores especialistas em agricultura para levar orienta\u00e7\u00f5es t\u00e9cnicas e op\u00e7\u00f5es tecnol\u00f3gicas que possam melhorar a vida no campo. A ExpoLondrina foi aberta no \u00faltimo dia 1 e se estender\u00e1 at\u00e9 o dia 10 de abril.<\/p>\n<p>O local e as atividades s\u00e3o organizados pelo Instituto de Desenvolvimento Rural do Paran\u00e1 \u2013 Iapar-Emater (IDR-Paran\u00e1) em parceria com a Secretaria de Estado da Agricultura e do Abastecimento (Seab), Universidade de Londrina (UEL) e a Sociedade Rural do Paran\u00e1 (SRP).<\/p>\n<p>As unidades expositivas oferecem informa\u00e7\u00f5es sobre agricultura agroecol\u00f3gica, inova\u00e7\u00e3o, coopera\u00e7\u00e3o, saneamento b\u00e1sico e inclus\u00e3o social. Traz tamb\u00e9m novidades em energias renov\u00e1veis, biotecnologia (solu\u00e7\u00f5es para pequenos produtores) e aquicultura, entre outros. H\u00e1, ainda, a vitrine do Turismo Rural, que traz o sabor e o aroma dos pratos regionais com degusta\u00e7\u00e3o de ch\u00e1s e p\u00e3es.<\/p>\n<p>A Via Rural conta tamb\u00e9m com um setor de eventos e uma agenda de diversas oficinas e palestras gratuitas. Quem se interessar em participar pode fazer a inscri\u00e7\u00e3o o site do IDR-Paran\u00e1.<\/p>\n<p>Para Cristovon Ripol, gerente regional do IDR-Paran\u00e1 em Londrina e tamb\u00e9m um dos organizadores do evento, a Fazendinha traz a beleza do campo e da vida na ro\u00e7a para a ExpoLondrina.<\/p>\n<p>\u201cQuem visitar a feira ter\u00e1 acesso a informa\u00e7\u00f5es de qualidade e op\u00e7\u00f5es de tecnologia que podem contribuir para uma agricultura mais sustent\u00e1vel, sem deixar de pensar da produtividade e gera\u00e7\u00e3o de renda. Teremos especialistas em agroneg\u00f3cio com informa\u00e7\u00f5es relevantes, principalmente para as atividades desenvolvidas na regi\u00e3o. \u00c9 mais uma oportunidade para o Instituto oferecer um servi\u00e7o de qualidade ao agricultor paranaense\u201d, afirma Ripol.<\/p>\n<p>A Fazendinha ter\u00e1 \u00e1rea de 11 mil metros quadrados e contar\u00e1 com uma equipe de t\u00e9cnicos, pesquisadores e professores especialistas em agricultura para levar orienta\u00e7\u00f5es t\u00e9cnicas e op\u00e7\u00f5es tecnol\u00f3gicas | \u00a0Foto: Divulga\u00e7\u00e3o\/IDR-PR\u00a0<\/p>\n<p>FEIRA\u00a0<\/p>\n<p>Considerada uma das maiores feiras agropecu\u00e1rias do Brasil, a Exposi\u00e7\u00e3o Agropecu\u00e1ria e Industrial de Londrina acontece de 1 a 10 de abril no Parque Governador Ney Braga.\u00a0Al\u00e9m de neg\u00f3cios, o evento oferece uma grande gama de entretenimentos e atrai, em m\u00e9dia, 500 mil visitantes. Na \u00faltima edi\u00e7\u00e3o (2019), a movimenta\u00e7\u00e3o econ\u00f4mica chegou a R$ 615,6 milh\u00f5es.<\/p>\n<p>Entre as atividades, criadores apresentam animais e gen\u00e9tica tanto de gado zebu\u00edno quanto europeu; pequenos produtores participam de dezenas de cursos realizados por institui\u00e7\u00f5es de ensino e pelo Instituto de Desenvolvimento Rural do Paran\u00e1 (IDR-Paran\u00e1); institutos de pesquisa lan\u00e7am novas cultivares; s\u00e3o expostos e julgados bovinos, ovinos, caprinos, equinos.<\/p>\n<p>Confira o que est\u00e1 dispon\u00edvel no espa\u00e7o Via Rural na ExpoLondrina 2022:<\/p>\n<p>Produ\u00e7\u00e3o de gr\u00e3os com baixo impacto ambiental<\/p>\n<p>Pr\u00e1ticas de manejo para o cultivo de soja, milho, feij\u00e3o, girassol e cereais com foco na sustentabilidade. Os visitantes v\u00e3o obter tamb\u00e9m informa\u00e7\u00f5es sobre o uso racional de defensivos, efici\u00eancia nutricional, manejo de solos, inocula\u00e7\u00e3o, manejo de pragas e doen\u00e7as.<\/p>\n<p>Energias renov\u00e1veis<\/p>\n<p>Uma das novidades desta edi\u00e7\u00e3o da feira \u00e9 o estande do\u00a0RenovaPR, que vai mostrar como devem ser instaladas estruturas de usinas de energia fotovoltaica. Al\u00e9m de informa\u00e7\u00f5es sobre como participar do programa de incentivo \u00e0 gera\u00e7\u00e3o de energias renov\u00e1veis no campo, o visitante tamb\u00e9m poder\u00e1 acompanhar o funcionamento de uma usina de energia fotovoltaica, saber sobre o custo m\u00e9dio para instala\u00e7\u00e3o e qual a economia gerada com o sistema.<\/p>\n<p>Produ\u00e7\u00e3o de caf\u00e9<\/p>\n<p>Neste espa\u00e7o, o visitante ter\u00e1 acesso a informa\u00e7\u00f5es t\u00e9cnicas sobre o cultivo. Durante a feira ser\u00e3o apresentadas novas variedades que podem trazer maior qualidade e produtividade. S\u00e3o as cultivares IPR 106, que j\u00e1 foi lan\u00e7ada, e a IPR 102, que ser\u00e1 apresentada em breve. Ser\u00e3o demonstradas op\u00e7\u00f5es para conv\u00edvio com a broca e para um cultivo com sustentabilidade e redu\u00e7\u00e3o de custos sem perder a produtividade e a qualidade.<\/p>\n<p>Bovinocultura de corte<\/p>\n<p>O tema central da Unidade de Pecu\u00e1ria de Corte ser\u00e1 o melhoramento gen\u00e9tico do rebanho e a qualidade de carne bovina produzida no Paran\u00e1, por meio de biot\u00e9cnicas reprodutivas. Destaque a produ\u00e7\u00e3o de bovinos com baixa emiss\u00e3o de gases de efeito estufa.<\/p>\n<p>Ser\u00e1 exposto um bovino em acr\u00edlico, um molde do aparelho reprodutivo da f\u00eamea, para ensinar como \u00e9 realizada a insemina\u00e7\u00e3o artificial e materiais utilizados em biot\u00e9cnicas reprodutivas.<\/p>\n<p>Haver\u00e1, ainda, a exposi\u00e7\u00e3o da ra\u00e7a Purun\u00e3, que foi desenvolvida por pesquisadores do IDR-Paran\u00e1 e reconhecida pelo Minist\u00e9rio de Agricultura, Pecu\u00e1ria e Abastecimento.<\/p>\n<p>Fruticultura<\/p>\n<p>Informa\u00e7\u00f5es sobre o cultivo da pitaya e de plantas de fruta em vaso s\u00e3o atra\u00e7\u00f5es do espa\u00e7o de fruticultura. Tudo em parceria com produtores da regi\u00e3o. O espa\u00e7o ainda vai expor variedades de abacate para mostrar suas caracter\u00edsticas: Margarida, Avocado (Hass), Fortuna, Quintal e Ouro Verde.<\/p>\n<p>Vila Rural ter\u00e1 espa\u00e7o tamb\u00e9m para pequenos agricultores exporem sua produ\u00e7\u00e3o | \u00a0Foto: Gustavo Carneiro &#8211; Grupo Folha\u00a0<\/p>\n<p>Aquicultura<\/p>\n<p>Apresentar equipamentos e materiais relacionados com a \u00e1rea e motivar o consumo de produtos oriundos da aquicultura \u00e9 o que ser\u00e1 oferecido pelo espa\u00e7o, que abrange peixe e diversos frutos do mar como camar\u00e3o, ostras, mexilh\u00f5es, entre outros. Para quem quer investir no ramo, ser\u00e3o apresentadas quais esp\u00e9cies s\u00e3o recomendadas para cria\u00e7\u00e3o comercial.<\/p>\n<p>Al\u00e9m disso, haver\u00e1 divulga\u00e7\u00e3o de trabalhos cient\u00edficos da UEL relacionados \u00e0 aquicultura, de trabalhos de t\u00e9cnicos do IDR-Paran\u00e1 e atividades da Associa\u00e7\u00e3o Norte Paranaense de Aquicultores (Anpaqui).<\/p>\n<p>Inclus\u00e3o social e cidadania<\/p>\n<p>Vai demonstrar as a\u00e7\u00f5es desenvolvidas pelo IDR-Paran\u00e1 para\u00a0promover a inclus\u00e3o social e produtiva das fam\u00edlias rurais que se encontram em situa\u00e7\u00e3o de vulnerabilidade social. Com exposi\u00e7\u00e3o de fotos, o estande ter\u00e1 exemplos do trabalho para a garantir a prote\u00e7\u00e3o social e os direitos constitucionais b\u00e1sicos, seguran\u00e7a alimentar e modelos alternativos de produ\u00e7\u00e3o, a\u00e7\u00f5es de fortalecimento dos v\u00ednculos familiares e comunit\u00e1rios, entre outras.<\/p>\n<p>Unidade de saneamento b\u00e1sico rural<\/p>\n<p>Uma das grandes dificuldades no meio rural \u00e9 o saneamento b\u00e1sico, seja para consumo, dessedenta\u00e7\u00e3o dos animais e\/ou cultivo agr\u00edcola. Na Unidade Expositiva de Saneamento B\u00e1sico Rural ser\u00e3o demonstradas algumas tecnologias de baixo custo que visam mitigar a falta de saneamento no meio rural, proporcionando melhor qualidade de vida \u00e0 popula\u00e7\u00e3o rural.<\/p>\n<p>Organiza\u00e7\u00e3o rural e mercados<\/p>\n<p>O IDR-Paran\u00e1 desenvolve o trabalho de articula\u00e7\u00e3o e assessoria \u00e0s organiza\u00e7\u00f5es rurais em todo o Paran\u00e1 com objetivo de fortalecer as cooperativas e associa\u00e7\u00f5es da agricultura familiar. No Espa\u00e7o Organiza\u00e7\u00e3o Rural\/Mercado\/Agroind\u00fastria Familiar, estar\u00e3o presentes cooperativas e associa\u00e7\u00f5es, assistidas pelo IDR-Paran\u00e1, com produtos de suas agroind\u00fastrias representando centenas de fam\u00edlias, homens, mulheres e jovens do meio rural, que produzem alimentos de qualidade, como queijos, mel, biscoitos, erva-mate, bolachas, doces e geleias.<\/p>\n<p>\u00c9 uma oportunidade para novos cooperados divulgarem e venderem seus produtos via cooperativa ou associa\u00e7\u00e3o. O visitante tamb\u00e9m ter\u00e1 informa\u00e7\u00f5es sobre o cooperativismo e associativismo rural e como agregar valor \u00e0 produ\u00e7\u00e3o para maior gera\u00e7\u00e3o de renda no campo.<\/p>\n<p>Turismo rural<\/p>\n<p>No espa\u00e7o destinado ao Turismo Rural, os visitantes podem encontrar uma esta\u00e7\u00e3o gastron\u00f4mica com diferentes pratos, que ser\u00e3o produzidos para estimular o uso do alimento e fomentar a gastronomia por meio da utiliza\u00e7\u00e3o de mat\u00e9rias primas regionais. Ter\u00e3o acesso tamb\u00e9m ao Mundo das Cores e Aromas, com degusta\u00e7\u00e3o de ch\u00e1s, p\u00e3es e comercializa\u00e7\u00e3o de flores por produtores assistidos pelo IDR-Paran\u00e1 e UEL.<\/p>\n<p>A inten\u00e7\u00e3o \u00e9 passar orienta\u00e7\u00f5es t\u00e9cnicas sobre a import\u00e2ncia de oferecer op\u00e7\u00f5es de produtos diferenciados, principalmente no turismo gastron\u00f4mico. Este espa\u00e7o ainda conta com apresenta\u00e7\u00f5es culturais, roteiro tur\u00edstico, como a\u00a0Rota do Queijo Paranaense,\u00a0Caminhos dos Caf\u00e9s das Mulheres\u00a0e ideias de como usar mat\u00e9rias primas rurais como decora\u00e7\u00e3o.<\/p>\n<p>Empresas Juniores de Agronomia, Zootecnia e Medicina Veterin\u00e1ria<\/p>\n<p>O Movimento Empresa J\u00fanior tem como principal fun\u00e7\u00e3o levar a experi\u00eancia profissional para dentro das universidades. Por\u00e9m, neste ano as empresas juniores do setor agr\u00e1rio da Universidade Estadual de Londrina se uniram para criar e possibilitar a dissemina\u00e7\u00e3o deste conte\u00fado para o p\u00fablico da feira. Ser\u00e1 compartilhado o conhecimento universit\u00e1rio em zootecnia de precis\u00e3o, agropecu\u00e1ria, pets, entre outros.<\/p>\n<p>Espa\u00e7o Sa\u00fade HU-UEL<\/p>\n<p>O visitante ter\u00e1 informa\u00e7\u00f5es sobre doa\u00e7\u00e3o de \u00f3rg\u00e3os e tecidos para transplantes, cadastro no registro nacional de doadores de medula \u00f3ssea, humaniza\u00e7\u00e3o e viol\u00eancia obst\u00e9trica, import\u00e2ncia do leite humano para os rec\u00e9m-nascidos e a doa\u00e7\u00e3o de leite, conscientiza\u00e7\u00e3o sobre a doa\u00e7\u00e3o de sangue, preven\u00e7\u00e3o de coronav\u00edrus e s\u00edndromes respirat\u00f3rias agudas, import\u00e2ncia da vacina\u00e7\u00e3o para preven\u00e7\u00e3o de doen\u00e7as, entre outros.<\/p>\n<p>Floricultura como Agroneg\u00f3cio<\/p>\n<p>Espa\u00e7o com informa\u00e7\u00f5es sobre as etapas da produ\u00e7\u00e3o de orqu\u00eddeas de proveta (laborat\u00f3rio), mostra de variedades de plantas ornamentais com potencial no agroneg\u00f3cio, pesquisas desenvolvidas pelos alunos na \u00e1rea de floricultura e tipos de substratos e adubos. Tamb\u00e9m ser\u00e1 apresentado um exemplo de sucesso em produ\u00e7\u00e3o de rosa do deserto.<\/p>\n<p>Formigas Cortadeiras<\/p>\n<p>Ser\u00e1 exposto um formigueiro vivo para observa\u00e7\u00e3o do comportamento dos insetos em cortar e carregar folhas, separar o lixo e se alimentar de um fungo (simbi\u00f4ntico) para sua sobreviv\u00eancia. Ter\u00e1 tamb\u00e9m demonstra\u00e7\u00e3o de resultados do controle de sa\u00favas com produtos biol\u00f3gicos.<\/p>\n<p>Receba nossas not\u00edcias direto no seu celular, envie, tamb\u00e9m, suas fotos para a se\u00e7\u00e3o &#8216;A cidade fala&#8217;. Adicione o WhatsApp da FOLHA por meio do n\u00famero (43) 99869-0068 ou pelo link wa.me\/message\/6WMTNSJARGMLL1<\/p>\n","protected":false},"excerpt":{"rendered":"<p>As unidades expositivas oferecem informa\u00e7\u00f5es sobre agricultura agroecol\u00f3gica, inova\u00e7\u00e3o, coopera\u00e7\u00e3o, saneamento b\u00e1sico e inclus\u00e3o social | \u00a0Foto: Divulga\u00e7\u00e3o\/IDR-PR\u00a0 Popularmente conhecido como Fazendinha, o espa\u00e7o destinado ao agroneg\u00f3cio paranaense na ExpoLondrina 2022 ter\u00e1 \u00e1rea de 11 mil metros quadrados e contar\u00e1 com uma equipe de t\u00e9cnicos, pesquisadores e professores especialistas em agricultura para levar orienta\u00e7\u00f5es t\u00e9cnicas [&hellip;]<\/p>\n","protected":false},"author":0,"featured_media":5580,"comment_status":"open","ping_status":"open","sticky":false,"template":"","format":"standard","meta":{"footnotes":""},"categories":[4],"tags":[],"class_list":["post-5579","post","type-post","status-publish","format-standard","has-post-thumbnail","hentry","category-noticias-empreendedorismo"],"blocksy_meta":{"styles_descriptor":{"styles":{"desktop":"","tablet":"","mobile":""},"google_fonts":[],"version":6}},"yoast_head":"<!-- This site is optimized with the Yoast SEO plugin v27.5 - https:\/\/yoast.com\/product\/yoast-seo-wordpress\/ -->\n<title>Fazendinha traz tecnologias para agricultura sustent\u00e1vel e renda - Contabilidade Caxias<\/title>\n<meta name=\"robots\" content=\"index, follow, max-snippet:-1, max-image-preview:large, max-video-preview:-1\" \/>\n<link rel=\"canonical\" href=\"https:\/\/contabilidadecaxias.com.br\/index.php\/2022\/04\/02\/fazendinha-traz-tecnologias-para-agricultura-sustentavel-e-renda\/\" \/>\n<meta property=\"og:locale\" content=\"pt_BR\" \/>\n<meta property=\"og:type\" content=\"article\" \/>\n<meta property=\"og:title\" content=\"Fazendinha traz tecnologias para agricultura sustent\u00e1vel e renda - Contabilidade Caxias\" \/>\n<meta property=\"og:description\" content=\"As unidades expositivas oferecem informa\u00e7\u00f5es sobre agricultura agroecol\u00f3gica, inova\u00e7\u00e3o, coopera\u00e7\u00e3o, saneamento b\u00e1sico e inclus\u00e3o social | \u00a0Foto: Divulga\u00e7\u00e3o\/IDR-PR\u00a0 Popularmente conhecido como Fazendinha, o espa\u00e7o destinado ao agroneg\u00f3cio paranaense na ExpoLondrina 2022 ter\u00e1 \u00e1rea de 11 mil metros quadrados e contar\u00e1 com uma equipe de t\u00e9cnicos, pesquisadores e professores especialistas em agricultura para levar orienta\u00e7\u00f5es t\u00e9cnicas [&hellip;]\" \/>\n<meta property=\"og:url\" content=\"https:\/\/contabilidadecaxias.com.br\/index.php\/2022\/04\/02\/fazendinha-traz-tecnologias-para-agricultura-sustentavel-e-renda\/\" \/>\n<meta property=\"og:site_name\" content=\"Contabilidade Caxias\" \/>\n<meta property=\"article:published_time\" content=\"2022-04-02T04:26:39+00:00\" \/>\n<meta name=\"twitter:card\" content=\"summary_large_image\" \/>\n<meta name=\"twitter:label1\" content=\"Est. tempo de leitura\" \/>\n\t<meta name=\"twitter:data1\" content=\"8 minutos\" \/>\n<script type=\"application\/ld+json\" class=\"yoast-schema-graph\">{\"@context\":\"https:\\\/\\\/schema.org\",\"@graph\":[{\"@type\":\"Article\",\"@id\":\"https:\\\/\\\/contabilidadecaxias.com.br\\\/index.php\\\/2022\\\/04\\\/02\\\/fazendinha-traz-tecnologias-para-agricultura-sustentavel-e-renda\\\/#article\",\"isPartOf\":{\"@id\":\"https:\\\/\\\/contabilidadecaxias.com.br\\\/index.php\\\/2022\\\/04\\\/02\\\/fazendinha-traz-tecnologias-para-agricultura-sustentavel-e-renda\\\/\"},\"author\":{\"name\":\"\",\"@id\":\"\"},\"headline\":\"Fazendinha traz tecnologias para agricultura sustent\u00e1vel e renda\",\"datePublished\":\"2022-04-02T04:26:39+00:00\",\"mainEntityOfPage\":{\"@id\":\"https:\\\/\\\/contabilidadecaxias.com.br\\\/index.php\\\/2022\\\/04\\\/02\\\/fazendinha-traz-tecnologias-para-agricultura-sustentavel-e-renda\\\/\"},\"wordCount\":1719,\"commentCount\":0,\"image\":{\"@id\":\"https:\\\/\\\/contabilidadecaxias.com.br\\\/index.php\\\/2022\\\/04\\\/02\\\/fazendinha-traz-tecnologias-para-agricultura-sustentavel-e-renda\\\/#primaryimage\"},\"thumbnailUrl\":\"https:\\\/\\\/contabilidadecaxias.com.br\\\/wp-content\\\/uploads\\\/2022\\\/04\\\/Fazendinha-traz-tecnologias-para-agricultura-suste0318330500202203311802-oo4L4S.jpeg\",\"articleSection\":[\"Empreendedorismo\"],\"inLanguage\":\"pt-BR\",\"potentialAction\":[{\"@type\":\"CommentAction\",\"name\":\"Comment\",\"target\":[\"https:\\\/\\\/contabilidadecaxias.com.br\\\/index.php\\\/2022\\\/04\\\/02\\\/fazendinha-traz-tecnologias-para-agricultura-sustentavel-e-renda\\\/#respond\"]}]},{\"@type\":\"WebPage\",\"@id\":\"https:\\\/\\\/contabilidadecaxias.com.br\\\/index.php\\\/2022\\\/04\\\/02\\\/fazendinha-traz-tecnologias-para-agricultura-sustentavel-e-renda\\\/\",\"url\":\"https:\\\/\\\/contabilidadecaxias.com.br\\\/index.php\\\/2022\\\/04\\\/02\\\/fazendinha-traz-tecnologias-para-agricultura-sustentavel-e-renda\\\/\",\"name\":\"Fazendinha traz tecnologias para agricultura sustent\u00e1vel e renda - Contabilidade Caxias\",\"isPartOf\":{\"@id\":\"https:\\\/\\\/contabilidadecaxias.com.br\\\/#website\"},\"primaryImageOfPage\":{\"@id\":\"https:\\\/\\\/contabilidadecaxias.com.br\\\/index.php\\\/2022\\\/04\\\/02\\\/fazendinha-traz-tecnologias-para-agricultura-sustentavel-e-renda\\\/#primaryimage\"},\"image\":{\"@id\":\"https:\\\/\\\/contabilidadecaxias.com.br\\\/index.php\\\/2022\\\/04\\\/02\\\/fazendinha-traz-tecnologias-para-agricultura-sustentavel-e-renda\\\/#primaryimage\"},\"thumbnailUrl\":\"https:\\\/\\\/contabilidadecaxias.com.br\\\/wp-content\\\/uploads\\\/2022\\\/04\\\/Fazendinha-traz-tecnologias-para-agricultura-suste0318330500202203311802-oo4L4S.jpeg\",\"datePublished\":\"2022-04-02T04:26:39+00:00\",\"author\":{\"@id\":\"\"},\"breadcrumb\":{\"@id\":\"https:\\\/\\\/contabilidadecaxias.com.br\\\/index.php\\\/2022\\\/04\\\/02\\\/fazendinha-traz-tecnologias-para-agricultura-sustentavel-e-renda\\\/#breadcrumb\"},\"inLanguage\":\"pt-BR\",\"potentialAction\":[{\"@type\":\"ReadAction\",\"target\":[\"https:\\\/\\\/contabilidadecaxias.com.br\\\/index.php\\\/2022\\\/04\\\/02\\\/fazendinha-traz-tecnologias-para-agricultura-sustentavel-e-renda\\\/\"]}]},{\"@type\":\"ImageObject\",\"inLanguage\":\"pt-BR\",\"@id\":\"https:\\\/\\\/contabilidadecaxias.com.br\\\/index.php\\\/2022\\\/04\\\/02\\\/fazendinha-traz-tecnologias-para-agricultura-sustentavel-e-renda\\\/#primaryimage\",\"url\":\"https:\\\/\\\/contabilidadecaxias.com.br\\\/wp-content\\\/uploads\\\/2022\\\/04\\\/Fazendinha-traz-tecnologias-para-agricultura-suste0318330500202203311802-oo4L4S.jpeg\",\"contentUrl\":\"https:\\\/\\\/contabilidadecaxias.com.br\\\/wp-content\\\/uploads\\\/2022\\\/04\\\/Fazendinha-traz-tecnologias-para-agricultura-suste0318330500202203311802-oo4L4S.jpeg\",\"width\":948,\"height\":630},{\"@type\":\"BreadcrumbList\",\"@id\":\"https:\\\/\\\/contabilidadecaxias.com.br\\\/index.php\\\/2022\\\/04\\\/02\\\/fazendinha-traz-tecnologias-para-agricultura-sustentavel-e-renda\\\/#breadcrumb\",\"itemListElement\":[{\"@type\":\"ListItem\",\"position\":1,\"name\":\"In\u00edcio\",\"item\":\"https:\\\/\\\/contabilidadecaxias.com.br\\\/\"},{\"@type\":\"ListItem\",\"position\":2,\"name\":\"Fazendinha traz tecnologias para agricultura sustent\u00e1vel e renda\"}]},{\"@type\":\"WebSite\",\"@id\":\"https:\\\/\\\/contabilidadecaxias.com.br\\\/#website\",\"url\":\"https:\\\/\\\/contabilidadecaxias.com.br\\\/\",\"name\":\"Contabilidade Caxias\",\"description\":\"Site especializado em Contabilidade para Caxias.\",\"potentialAction\":[{\"@type\":\"SearchAction\",\"target\":{\"@type\":\"EntryPoint\",\"urlTemplate\":\"https:\\\/\\\/contabilidadecaxias.com.br\\\/?s={search_term_string}\"},\"query-input\":{\"@type\":\"PropertyValueSpecification\",\"valueRequired\":true,\"valueName\":\"search_term_string\"}}],\"inLanguage\":\"pt-BR\"}]}<\/script>\n<!-- \/ Yoast SEO plugin. -->","yoast_head_json":{"title":"Fazendinha traz tecnologias para agricultura sustent\u00e1vel e renda - Contabilidade Caxias","robots":{"index":"index","follow":"follow","max-snippet":"max-snippet:-1","max-image-preview":"max-image-preview:large","max-video-preview":"max-video-preview:-1"},"canonical":"https:\/\/contabilidadecaxias.com.br\/index.php\/2022\/04\/02\/fazendinha-traz-tecnologias-para-agricultura-sustentavel-e-renda\/","og_locale":"pt_BR","og_type":"article","og_title":"Fazendinha traz tecnologias para agricultura sustent\u00e1vel e renda - Contabilidade Caxias","og_description":"As unidades expositivas oferecem informa\u00e7\u00f5es sobre agricultura agroecol\u00f3gica, inova\u00e7\u00e3o, coopera\u00e7\u00e3o, saneamento b\u00e1sico e inclus\u00e3o social | \u00a0Foto: Divulga\u00e7\u00e3o\/IDR-PR\u00a0 Popularmente conhecido como Fazendinha, o espa\u00e7o destinado ao agroneg\u00f3cio paranaense na ExpoLondrina 2022 ter\u00e1 \u00e1rea de 11 mil metros quadrados e contar\u00e1 com uma equipe de t\u00e9cnicos, pesquisadores e professores especialistas em agricultura para levar orienta\u00e7\u00f5es t\u00e9cnicas [&hellip;]","og_url":"https:\/\/contabilidadecaxias.com.br\/index.php\/2022\/04\/02\/fazendinha-traz-tecnologias-para-agricultura-sustentavel-e-renda\/","og_site_name":"Contabilidade Caxias","article_published_time":"2022-04-02T04:26:39+00:00","twitter_card":"summary_large_image","twitter_misc":{"Est. tempo de leitura":"8 minutos"},"schema":{"@context":"https:\/\/schema.org","@graph":[{"@type":"Article","@id":"https:\/\/contabilidadecaxias.com.br\/index.php\/2022\/04\/02\/fazendinha-traz-tecnologias-para-agricultura-sustentavel-e-renda\/#article","isPartOf":{"@id":"https:\/\/contabilidadecaxias.com.br\/index.php\/2022\/04\/02\/fazendinha-traz-tecnologias-para-agricultura-sustentavel-e-renda\/"},"author":{"name":"","@id":""},"headline":"Fazendinha traz tecnologias para agricultura sustent\u00e1vel e renda","datePublished":"2022-04-02T04:26:39+00:00","mainEntityOfPage":{"@id":"https:\/\/contabilidadecaxias.com.br\/index.php\/2022\/04\/02\/fazendinha-traz-tecnologias-para-agricultura-sustentavel-e-renda\/"},"wordCount":1719,"commentCount":0,"image":{"@id":"https:\/\/contabilidadecaxias.com.br\/index.php\/2022\/04\/02\/fazendinha-traz-tecnologias-para-agricultura-sustentavel-e-renda\/#primaryimage"},"thumbnailUrl":"https:\/\/contabilidadecaxias.com.br\/wp-content\/uploads\/2022\/04\/Fazendinha-traz-tecnologias-para-agricultura-suste0318330500202203311802-oo4L4S.jpeg","articleSection":["Empreendedorismo"],"inLanguage":"pt-BR","potentialAction":[{"@type":"CommentAction","name":"Comment","target":["https:\/\/contabilidadecaxias.com.br\/index.php\/2022\/04\/02\/fazendinha-traz-tecnologias-para-agricultura-sustentavel-e-renda\/#respond"]}]},{"@type":"WebPage","@id":"https:\/\/contabilidadecaxias.com.br\/index.php\/2022\/04\/02\/fazendinha-traz-tecnologias-para-agricultura-sustentavel-e-renda\/","url":"https:\/\/contabilidadecaxias.com.br\/index.php\/2022\/04\/02\/fazendinha-traz-tecnologias-para-agricultura-sustentavel-e-renda\/","name":"Fazendinha traz tecnologias para agricultura sustent\u00e1vel e renda - Contabilidade Caxias","isPartOf":{"@id":"https:\/\/contabilidadecaxias.com.br\/#website"},"primaryImageOfPage":{"@id":"https:\/\/contabilidadecaxias.com.br\/index.php\/2022\/04\/02\/fazendinha-traz-tecnologias-para-agricultura-sustentavel-e-renda\/#primaryimage"},"image":{"@id":"https:\/\/contabilidadecaxias.com.br\/index.php\/2022\/04\/02\/fazendinha-traz-tecnologias-para-agricultura-sustentavel-e-renda\/#primaryimage"},"thumbnailUrl":"https:\/\/contabilidadecaxias.com.br\/wp-content\/uploads\/2022\/04\/Fazendinha-traz-tecnologias-para-agricultura-suste0318330500202203311802-oo4L4S.jpeg","datePublished":"2022-04-02T04:26:39+00:00","author":{"@id":""},"breadcrumb":{"@id":"https:\/\/contabilidadecaxias.com.br\/index.php\/2022\/04\/02\/fazendinha-traz-tecnologias-para-agricultura-sustentavel-e-renda\/#breadcrumb"},"inLanguage":"pt-BR","potentialAction":[{"@type":"ReadAction","target":["https:\/\/contabilidadecaxias.com.br\/index.php\/2022\/04\/02\/fazendinha-traz-tecnologias-para-agricultura-sustentavel-e-renda\/"]}]},{"@type":"ImageObject","inLanguage":"pt-BR","@id":"https:\/\/contabilidadecaxias.com.br\/index.php\/2022\/04\/02\/fazendinha-traz-tecnologias-para-agricultura-sustentavel-e-renda\/#primaryimage","url":"https:\/\/contabilidadecaxias.com.br\/wp-content\/uploads\/2022\/04\/Fazendinha-traz-tecnologias-para-agricultura-suste0318330500202203311802-oo4L4S.jpeg","contentUrl":"https:\/\/contabilidadecaxias.com.br\/wp-content\/uploads\/2022\/04\/Fazendinha-traz-tecnologias-para-agricultura-suste0318330500202203311802-oo4L4S.jpeg","width":948,"height":630},{"@type":"BreadcrumbList","@id":"https:\/\/contabilidadecaxias.com.br\/index.php\/2022\/04\/02\/fazendinha-traz-tecnologias-para-agricultura-sustentavel-e-renda\/#breadcrumb","itemListElement":[{"@type":"ListItem","position":1,"name":"In\u00edcio","item":"https:\/\/contabilidadecaxias.com.br\/"},{"@type":"ListItem","position":2,"name":"Fazendinha traz tecnologias para agricultura sustent\u00e1vel e renda"}]},{"@type":"WebSite","@id":"https:\/\/contabilidadecaxias.com.br\/#website","url":"https:\/\/contabilidadecaxias.com.br\/","name":"Contabilidade Caxias","description":"Site especializado em Contabilidade para Caxias.","potentialAction":[{"@type":"SearchAction","target":{"@type":"EntryPoint","urlTemplate":"https:\/\/contabilidadecaxias.com.br\/?s={search_term_string}"},"query-input":{"@type":"PropertyValueSpecification","valueRequired":true,"valueName":"search_term_string"}}],"inLanguage":"pt-BR"}]}},"_links":{"self":[{"href":"https:\/\/contabilidadecaxias.com.br\/index.php\/wp-json\/wp\/v2\/posts\/5579","targetHints":{"allow":["GET"]}}],"collection":[{"href":"https:\/\/contabilidadecaxias.com.br\/index.php\/wp-json\/wp\/v2\/posts"}],"about":[{"href":"https:\/\/contabilidadecaxias.com.br\/index.php\/wp-json\/wp\/v2\/types\/post"}],"replies":[{"embeddable":true,"href":"https:\/\/contabilidadecaxias.com.br\/index.php\/wp-json\/wp\/v2\/comments?post=5579"}],"version-history":[{"count":0,"href":"https:\/\/contabilidadecaxias.com.br\/index.php\/wp-json\/wp\/v2\/posts\/5579\/revisions"}],"wp:featuredmedia":[{"embeddable":true,"href":"https:\/\/contabilidadecaxias.com.br\/index.php\/wp-json\/wp\/v2\/media\/5580"}],"wp:attachment":[{"href":"https:\/\/contabilidadecaxias.com.br\/index.php\/wp-json\/wp\/v2\/media?parent=5579"}],"wp:term":[{"taxonomy":"category","embeddable":true,"href":"https:\/\/contabilidadecaxias.com.br\/index.php\/wp-json\/wp\/v2\/categories?post=5579"},{"taxonomy":"post_tag","embeddable":true,"href":"https:\/\/contabilidadecaxias.com.br\/index.php\/wp-json\/wp\/v2\/tags?post=5579"}],"curies":[{"name":"wp","href":"https:\/\/api.w.org\/{rel}","templated":true}]}}