{"id":5467,"date":"2022-03-31T13:18:51","date_gmt":"2022-03-31T16:18:51","guid":{"rendered":"https:\/\/contabilidadecaxias.com.br\/index.php\/2022\/03\/31\/saude-planeja-voltar-atendimentos-normais-na-upa-sabara-em-maio\/"},"modified":"2022-03-31T13:18:51","modified_gmt":"2022-03-31T16:18:51","slug":"saude-planeja-voltar-atendimentos-normais-na-upa-sabara-em-maio","status":"publish","type":"post","link":"https:\/\/contabilidadecaxias.com.br\/index.php\/2022\/03\/31\/saude-planeja-voltar-atendimentos-normais-na-upa-sabara-em-maio\/","title":{"rendered":"Sa\u00fade planeja voltar atendimentos normais na UPA Sabar\u00e1 em maio"},"content":{"rendered":"<p>A secretaria municipal de Sa\u00fade espera retomar toda a rede de assist\u00eancia em Londrina como era no per\u00edodo antes da pandemia daqui um m\u00eas. Ou seja, a partir de maio dever\u00e3o voltar ao atendimento normal as UBS (Unidades B\u00e1sicas de Sa\u00fade) do Ouro Branco, na zona sul, e jardim do Sol, zona oeste, que hoje s\u00e3o vacinadoras, e a UPA (Unidade de Pronto Atendimento) do jardim Sabar\u00e1, que atualmente atende exclusivamente casos de Covid-19.\u00a0<\/p>\n<p>Al\u00e9m disso, o planejamento tamb\u00e9m \u00e9 para desativar o Centro de Imuniza\u00e7\u00e3o da Zona Norte, devolvendo o pr\u00e9dio para a secretaria municipal do Idoso. \u201cVamos descentralizar as vacinas para todas as UBS\u201d, detalhou o secret\u00e1rio municipal de Sa\u00fade, Felippe Machado. Na segunda-feira (4), o posto de sa\u00fade da Vila Casoni, na \u00e1rea central, ir\u00e1 retornar ao funcionamento prim\u00e1rio e n\u00e3o mais de coronav\u00edrus.\u00a0<\/p>\n<p>Segundo Machado, as medidas levam em conta o atual momento epidemiol\u00f3gico, com baixo n\u00famero de casos e atendimentos. \u201cOs dados epidemiol\u00f3gicos \u00e9 que v\u00e3o nos guiar. Se permanecer a tend\u00eancia de hoje, de queda gradativa de n\u00fameros, \u00e9\u00a0muito tranquilo e seguro que possamos implementar essa atualiza\u00e7\u00e3o. Se por ventura houver oscila\u00e7\u00e3o nos dados vamos reavaliar e mudar s\u00f3 no momento que tiver seguran\u00e7a\u201d, frisou. Na quarta a m\u00e9dia m\u00f3vel de casos na cidade estava em 30,9.\u00a0<\/p>\n<p>LEIA MAIS:\u00a0<a href=\"https:\/\/www.folhadelondrina.com.br\/cidades\/campanha-de-vacinacao-contra-a-gripe-comeca-sabado-em-londrina-3183291e.html\" target=\"_blank\" rel=\"noopener\">Campanha de vacina\u00e7\u00e3o contra a gripe come\u00e7a s\u00e1bado em Londrina<\/a><\/p>\n<p>Na UPA do Sabar\u00e1 a procura tem sido, em m\u00e9dia, de 150 a 200 pessoas diariamente. No pico da pandemia essa quantidade chegou a mil, quando eram nove unidades de refer\u00eancia para a doen\u00e7a. \u201cHoje temos um cen\u00e1rio diferente do que vivemos nos \u00faltimos dois anos. Vai permanecer a orienta\u00e7\u00e3o que a pandemia nos ensinou, da etiqueta respirat\u00f3ria. As pessoas (com sintomas) v\u00e3o permanecer usando m\u00e1scara. Vamos ter que aprender a conviver com isso, at\u00e9 mesmo porque a Covid n\u00e3o vai desaparecer de uma vez por todas, vamos ter que conviver com o v\u00edrus.\u201d\u00a0<\/p>\n<p>IMUNIZA\u00c7\u00c3O\u00a0<\/p>\n<p>Londrina tem cerca de 75% de toda a popula\u00e7\u00e3o imunizada com duas doses e 43% com a terceira. \u201cNos pr\u00f3ximos 30 dias temos capacidade de vacinar milhares de londrinenses: aqueles que ainda n\u00e3o iniciaram o esquema vacinal, aqueles que est\u00e3o com vacina em atraso, quem vai tomar a quarta dose, crian\u00e7as e adolescentes. O fim da pandemia passa pela complementa\u00e7\u00e3o da vacina\u00e7\u00e3o dessa popula\u00e7\u00e3o\u201d, lembrou.\u00a0<\/p>\n<p>Receba nossas not\u00edcias direto no seu celular! Envie tamb\u00e9m suas fotos para a se\u00e7\u00e3o &#8216;A cidade fala&#8217;. Adicione o WhatsApp da FOLHA por meio do n\u00famero (43) 99869-0068 ou pelo link <a href=\"https:\/\/wa.me\/message\/6WMTNSJARGMLL1\" target=\"_blank\" rel=\"noopener\">wa.me\/message\/6WMTNSJARGMLL1<\/a>.<\/p>\n","protected":false},"excerpt":{"rendered":"<p>A secretaria municipal de Sa\u00fade espera retomar toda a rede de assist\u00eancia em Londrina como era no per\u00edodo antes da pandemia daqui um m\u00eas. Ou seja, a partir de maio dever\u00e3o voltar ao atendimento normal as UBS (Unidades B\u00e1sicas de Sa\u00fade) do Ouro Branco, na zona sul, e jardim do Sol, zona oeste, que hoje [&hellip;]<\/p>\n","protected":false},"author":0,"featured_media":5468,"comment_status":"open","ping_status":"open","sticky":false,"template":"","format":"standard","meta":{"footnotes":""},"categories":[4],"tags":[],"class_list":["post-5467","post","type-post","status-publish","format-standard","has-post-thumbnail","hentry","category-noticias-empreendedorismo"],"blocksy_meta":{"styles_descriptor":{"styles":{"desktop":"","tablet":"","mobile":""},"google_fonts":[],"version":6}},"yoast_head":"<!-- This site is optimized with the Yoast SEO plugin v27.5 - https:\/\/yoast.com\/product\/yoast-seo-wordpress\/ -->\n<title>Sa\u00fade planeja voltar atendimentos normais na UPA Sabar\u00e1 em maio - Contabilidade Caxias<\/title>\n<meta name=\"robots\" content=\"index, follow, max-snippet:-1, max-image-preview:large, max-video-preview:-1\" \/>\n<link rel=\"canonical\" href=\"https:\/\/contabilidadecaxias.com.br\/index.php\/2022\/03\/31\/saude-planeja-voltar-atendimentos-normais-na-upa-sabara-em-maio\/\" \/>\n<meta property=\"og:locale\" content=\"pt_BR\" \/>\n<meta property=\"og:type\" content=\"article\" \/>\n<meta property=\"og:title\" content=\"Sa\u00fade planeja voltar atendimentos normais na UPA Sabar\u00e1 em maio - Contabilidade Caxias\" \/>\n<meta property=\"og:description\" content=\"A secretaria municipal de Sa\u00fade espera retomar toda a rede de assist\u00eancia em Londrina como era no per\u00edodo antes da pandemia daqui um m\u00eas. Ou seja, a partir de maio dever\u00e3o voltar ao atendimento normal as UBS (Unidades B\u00e1sicas de Sa\u00fade) do Ouro Branco, na zona sul, e jardim do Sol, zona oeste, que hoje [&hellip;]\" \/>\n<meta property=\"og:url\" content=\"https:\/\/contabilidadecaxias.com.br\/index.php\/2022\/03\/31\/saude-planeja-voltar-atendimentos-normais-na-upa-sabara-em-maio\/\" \/>\n<meta property=\"og:site_name\" content=\"Contabilidade Caxias\" \/>\n<meta property=\"article:published_time\" content=\"2022-03-31T16:18:51+00:00\" \/>\n<meta name=\"twitter:card\" content=\"summary_large_image\" \/>\n<meta name=\"twitter:label1\" content=\"Est. tempo de leitura\" \/>\n\t<meta name=\"twitter:data1\" content=\"2 minutos\" \/>\n<script type=\"application\/ld+json\" class=\"yoast-schema-graph\">{\"@context\":\"https:\\\/\\\/schema.org\",\"@graph\":[{\"@type\":\"Article\",\"@id\":\"https:\\\/\\\/contabilidadecaxias.com.br\\\/index.php\\\/2022\\\/03\\\/31\\\/saude-planeja-voltar-atendimentos-normais-na-upa-sabara-em-maio\\\/#article\",\"isPartOf\":{\"@id\":\"https:\\\/\\\/contabilidadecaxias.com.br\\\/index.php\\\/2022\\\/03\\\/31\\\/saude-planeja-voltar-atendimentos-normais-na-upa-sabara-em-maio\\\/\"},\"author\":{\"name\":\"\",\"@id\":\"\"},\"headline\":\"Sa\u00fade planeja voltar atendimentos normais na UPA Sabar\u00e1 em maio\",\"datePublished\":\"2022-03-31T16:18:51+00:00\",\"mainEntityOfPage\":{\"@id\":\"https:\\\/\\\/contabilidadecaxias.com.br\\\/index.php\\\/2022\\\/03\\\/31\\\/saude-planeja-voltar-atendimentos-normais-na-upa-sabara-em-maio\\\/\"},\"wordCount\":476,\"commentCount\":0,\"image\":{\"@id\":\"https:\\\/\\\/contabilidadecaxias.com.br\\\/index.php\\\/2022\\\/03\\\/31\\\/saude-planeja-voltar-atendimentos-normais-na-upa-sabara-em-maio\\\/#primaryimage\"},\"thumbnailUrl\":\"https:\\\/\\\/contabilidadecaxias.com.br\\\/wp-content\\\/uploads\\\/2022\\\/03\\\/Saude-planeja-voltar-atendimentos-normais-na-UPA-S0318329300202203311250-Lw7PID.jpeg\",\"articleSection\":[\"Empreendedorismo\"],\"inLanguage\":\"pt-BR\",\"potentialAction\":[{\"@type\":\"CommentAction\",\"name\":\"Comment\",\"target\":[\"https:\\\/\\\/contabilidadecaxias.com.br\\\/index.php\\\/2022\\\/03\\\/31\\\/saude-planeja-voltar-atendimentos-normais-na-upa-sabara-em-maio\\\/#respond\"]}]},{\"@type\":\"WebPage\",\"@id\":\"https:\\\/\\\/contabilidadecaxias.com.br\\\/index.php\\\/2022\\\/03\\\/31\\\/saude-planeja-voltar-atendimentos-normais-na-upa-sabara-em-maio\\\/\",\"url\":\"https:\\\/\\\/contabilidadecaxias.com.br\\\/index.php\\\/2022\\\/03\\\/31\\\/saude-planeja-voltar-atendimentos-normais-na-upa-sabara-em-maio\\\/\",\"name\":\"Sa\u00fade planeja voltar atendimentos normais na UPA Sabar\u00e1 em maio - Contabilidade Caxias\",\"isPartOf\":{\"@id\":\"https:\\\/\\\/contabilidadecaxias.com.br\\\/#website\"},\"primaryImageOfPage\":{\"@id\":\"https:\\\/\\\/contabilidadecaxias.com.br\\\/index.php\\\/2022\\\/03\\\/31\\\/saude-planeja-voltar-atendimentos-normais-na-upa-sabara-em-maio\\\/#primaryimage\"},\"image\":{\"@id\":\"https:\\\/\\\/contabilidadecaxias.com.br\\\/index.php\\\/2022\\\/03\\\/31\\\/saude-planeja-voltar-atendimentos-normais-na-upa-sabara-em-maio\\\/#primaryimage\"},\"thumbnailUrl\":\"https:\\\/\\\/contabilidadecaxias.com.br\\\/wp-content\\\/uploads\\\/2022\\\/03\\\/Saude-planeja-voltar-atendimentos-normais-na-UPA-S0318329300202203311250-Lw7PID.jpeg\",\"datePublished\":\"2022-03-31T16:18:51+00:00\",\"author\":{\"@id\":\"\"},\"breadcrumb\":{\"@id\":\"https:\\\/\\\/contabilidadecaxias.com.br\\\/index.php\\\/2022\\\/03\\\/31\\\/saude-planeja-voltar-atendimentos-normais-na-upa-sabara-em-maio\\\/#breadcrumb\"},\"inLanguage\":\"pt-BR\",\"potentialAction\":[{\"@type\":\"ReadAction\",\"target\":[\"https:\\\/\\\/contabilidadecaxias.com.br\\\/index.php\\\/2022\\\/03\\\/31\\\/saude-planeja-voltar-atendimentos-normais-na-upa-sabara-em-maio\\\/\"]}]},{\"@type\":\"ImageObject\",\"inLanguage\":\"pt-BR\",\"@id\":\"https:\\\/\\\/contabilidadecaxias.com.br\\\/index.php\\\/2022\\\/03\\\/31\\\/saude-planeja-voltar-atendimentos-normais-na-upa-sabara-em-maio\\\/#primaryimage\",\"url\":\"https:\\\/\\\/contabilidadecaxias.com.br\\\/wp-content\\\/uploads\\\/2022\\\/03\\\/Saude-planeja-voltar-atendimentos-normais-na-UPA-S0318329300202203311250-Lw7PID.jpeg\",\"contentUrl\":\"https:\\\/\\\/contabilidadecaxias.com.br\\\/wp-content\\\/uploads\\\/2022\\\/03\\\/Saude-planeja-voltar-atendimentos-normais-na-UPA-S0318329300202203311250-Lw7PID.jpeg\",\"width\":840,\"height\":630},{\"@type\":\"BreadcrumbList\",\"@id\":\"https:\\\/\\\/contabilidadecaxias.com.br\\\/index.php\\\/2022\\\/03\\\/31\\\/saude-planeja-voltar-atendimentos-normais-na-upa-sabara-em-maio\\\/#breadcrumb\",\"itemListElement\":[{\"@type\":\"ListItem\",\"position\":1,\"name\":\"In\u00edcio\",\"item\":\"https:\\\/\\\/contabilidadecaxias.com.br\\\/\"},{\"@type\":\"ListItem\",\"position\":2,\"name\":\"Sa\u00fade planeja voltar atendimentos normais na UPA Sabar\u00e1 em maio\"}]},{\"@type\":\"WebSite\",\"@id\":\"https:\\\/\\\/contabilidadecaxias.com.br\\\/#website\",\"url\":\"https:\\\/\\\/contabilidadecaxias.com.br\\\/\",\"name\":\"Contabilidade Caxias\",\"description\":\"Site especializado em Contabilidade para Caxias.\",\"potentialAction\":[{\"@type\":\"SearchAction\",\"target\":{\"@type\":\"EntryPoint\",\"urlTemplate\":\"https:\\\/\\\/contabilidadecaxias.com.br\\\/?s={search_term_string}\"},\"query-input\":{\"@type\":\"PropertyValueSpecification\",\"valueRequired\":true,\"valueName\":\"search_term_string\"}}],\"inLanguage\":\"pt-BR\"}]}<\/script>\n<!-- \/ Yoast SEO plugin. -->","yoast_head_json":{"title":"Sa\u00fade planeja voltar atendimentos normais na UPA Sabar\u00e1 em maio - Contabilidade Caxias","robots":{"index":"index","follow":"follow","max-snippet":"max-snippet:-1","max-image-preview":"max-image-preview:large","max-video-preview":"max-video-preview:-1"},"canonical":"https:\/\/contabilidadecaxias.com.br\/index.php\/2022\/03\/31\/saude-planeja-voltar-atendimentos-normais-na-upa-sabara-em-maio\/","og_locale":"pt_BR","og_type":"article","og_title":"Sa\u00fade planeja voltar atendimentos normais na UPA Sabar\u00e1 em maio - Contabilidade Caxias","og_description":"A secretaria municipal de Sa\u00fade espera retomar toda a rede de assist\u00eancia em Londrina como era no per\u00edodo antes da pandemia daqui um m\u00eas. Ou seja, a partir de maio dever\u00e3o voltar ao atendimento normal as UBS (Unidades B\u00e1sicas de Sa\u00fade) do Ouro Branco, na zona sul, e jardim do Sol, zona oeste, que hoje [&hellip;]","og_url":"https:\/\/contabilidadecaxias.com.br\/index.php\/2022\/03\/31\/saude-planeja-voltar-atendimentos-normais-na-upa-sabara-em-maio\/","og_site_name":"Contabilidade Caxias","article_published_time":"2022-03-31T16:18:51+00:00","twitter_card":"summary_large_image","twitter_misc":{"Est. tempo de leitura":"2 minutos"},"schema":{"@context":"https:\/\/schema.org","@graph":[{"@type":"Article","@id":"https:\/\/contabilidadecaxias.com.br\/index.php\/2022\/03\/31\/saude-planeja-voltar-atendimentos-normais-na-upa-sabara-em-maio\/#article","isPartOf":{"@id":"https:\/\/contabilidadecaxias.com.br\/index.php\/2022\/03\/31\/saude-planeja-voltar-atendimentos-normais-na-upa-sabara-em-maio\/"},"author":{"name":"","@id":""},"headline":"Sa\u00fade planeja voltar atendimentos normais na UPA Sabar\u00e1 em maio","datePublished":"2022-03-31T16:18:51+00:00","mainEntityOfPage":{"@id":"https:\/\/contabilidadecaxias.com.br\/index.php\/2022\/03\/31\/saude-planeja-voltar-atendimentos-normais-na-upa-sabara-em-maio\/"},"wordCount":476,"commentCount":0,"image":{"@id":"https:\/\/contabilidadecaxias.com.br\/index.php\/2022\/03\/31\/saude-planeja-voltar-atendimentos-normais-na-upa-sabara-em-maio\/#primaryimage"},"thumbnailUrl":"https:\/\/contabilidadecaxias.com.br\/wp-content\/uploads\/2022\/03\/Saude-planeja-voltar-atendimentos-normais-na-UPA-S0318329300202203311250-Lw7PID.jpeg","articleSection":["Empreendedorismo"],"inLanguage":"pt-BR","potentialAction":[{"@type":"CommentAction","name":"Comment","target":["https:\/\/contabilidadecaxias.com.br\/index.php\/2022\/03\/31\/saude-planeja-voltar-atendimentos-normais-na-upa-sabara-em-maio\/#respond"]}]},{"@type":"WebPage","@id":"https:\/\/contabilidadecaxias.com.br\/index.php\/2022\/03\/31\/saude-planeja-voltar-atendimentos-normais-na-upa-sabara-em-maio\/","url":"https:\/\/contabilidadecaxias.com.br\/index.php\/2022\/03\/31\/saude-planeja-voltar-atendimentos-normais-na-upa-sabara-em-maio\/","name":"Sa\u00fade planeja voltar atendimentos normais na UPA Sabar\u00e1 em maio - Contabilidade Caxias","isPartOf":{"@id":"https:\/\/contabilidadecaxias.com.br\/#website"},"primaryImageOfPage":{"@id":"https:\/\/contabilidadecaxias.com.br\/index.php\/2022\/03\/31\/saude-planeja-voltar-atendimentos-normais-na-upa-sabara-em-maio\/#primaryimage"},"image":{"@id":"https:\/\/contabilidadecaxias.com.br\/index.php\/2022\/03\/31\/saude-planeja-voltar-atendimentos-normais-na-upa-sabara-em-maio\/#primaryimage"},"thumbnailUrl":"https:\/\/contabilidadecaxias.com.br\/wp-content\/uploads\/2022\/03\/Saude-planeja-voltar-atendimentos-normais-na-UPA-S0318329300202203311250-Lw7PID.jpeg","datePublished":"2022-03-31T16:18:51+00:00","author":{"@id":""},"breadcrumb":{"@id":"https:\/\/contabilidadecaxias.com.br\/index.php\/2022\/03\/31\/saude-planeja-voltar-atendimentos-normais-na-upa-sabara-em-maio\/#breadcrumb"},"inLanguage":"pt-BR","potentialAction":[{"@type":"ReadAction","target":["https:\/\/contabilidadecaxias.com.br\/index.php\/2022\/03\/31\/saude-planeja-voltar-atendimentos-normais-na-upa-sabara-em-maio\/"]}]},{"@type":"ImageObject","inLanguage":"pt-BR","@id":"https:\/\/contabilidadecaxias.com.br\/index.php\/2022\/03\/31\/saude-planeja-voltar-atendimentos-normais-na-upa-sabara-em-maio\/#primaryimage","url":"https:\/\/contabilidadecaxias.com.br\/wp-content\/uploads\/2022\/03\/Saude-planeja-voltar-atendimentos-normais-na-UPA-S0318329300202203311250-Lw7PID.jpeg","contentUrl":"https:\/\/contabilidadecaxias.com.br\/wp-content\/uploads\/2022\/03\/Saude-planeja-voltar-atendimentos-normais-na-UPA-S0318329300202203311250-Lw7PID.jpeg","width":840,"height":630},{"@type":"BreadcrumbList","@id":"https:\/\/contabilidadecaxias.com.br\/index.php\/2022\/03\/31\/saude-planeja-voltar-atendimentos-normais-na-upa-sabara-em-maio\/#breadcrumb","itemListElement":[{"@type":"ListItem","position":1,"name":"In\u00edcio","item":"https:\/\/contabilidadecaxias.com.br\/"},{"@type":"ListItem","position":2,"name":"Sa\u00fade planeja voltar atendimentos normais na UPA Sabar\u00e1 em maio"}]},{"@type":"WebSite","@id":"https:\/\/contabilidadecaxias.com.br\/#website","url":"https:\/\/contabilidadecaxias.com.br\/","name":"Contabilidade Caxias","description":"Site especializado em Contabilidade para Caxias.","potentialAction":[{"@type":"SearchAction","target":{"@type":"EntryPoint","urlTemplate":"https:\/\/contabilidadecaxias.com.br\/?s={search_term_string}"},"query-input":{"@type":"PropertyValueSpecification","valueRequired":true,"valueName":"search_term_string"}}],"inLanguage":"pt-BR"}]}},"_links":{"self":[{"href":"https:\/\/contabilidadecaxias.com.br\/index.php\/wp-json\/wp\/v2\/posts\/5467","targetHints":{"allow":["GET"]}}],"collection":[{"href":"https:\/\/contabilidadecaxias.com.br\/index.php\/wp-json\/wp\/v2\/posts"}],"about":[{"href":"https:\/\/contabilidadecaxias.com.br\/index.php\/wp-json\/wp\/v2\/types\/post"}],"replies":[{"embeddable":true,"href":"https:\/\/contabilidadecaxias.com.br\/index.php\/wp-json\/wp\/v2\/comments?post=5467"}],"version-history":[{"count":0,"href":"https:\/\/contabilidadecaxias.com.br\/index.php\/wp-json\/wp\/v2\/posts\/5467\/revisions"}],"wp:featuredmedia":[{"embeddable":true,"href":"https:\/\/contabilidadecaxias.com.br\/index.php\/wp-json\/wp\/v2\/media\/5468"}],"wp:attachment":[{"href":"https:\/\/contabilidadecaxias.com.br\/index.php\/wp-json\/wp\/v2\/media?parent=5467"}],"wp:term":[{"taxonomy":"category","embeddable":true,"href":"https:\/\/contabilidadecaxias.com.br\/index.php\/wp-json\/wp\/v2\/categories?post=5467"},{"taxonomy":"post_tag","embeddable":true,"href":"https:\/\/contabilidadecaxias.com.br\/index.php\/wp-json\/wp\/v2\/tags?post=5467"}],"curies":[{"name":"wp","href":"https:\/\/api.w.org\/{rel}","templated":true}]}}