{"id":5341,"date":"2022-03-30T08:38:25","date_gmt":"2022-03-30T11:38:25","guid":{"rendered":"https:\/\/contabilidadecaxias.com.br\/index.php\/2022\/03\/30\/naiara-azevedo-agradece-fas-apos-susto-com-familia\/"},"modified":"2022-03-30T08:38:25","modified_gmt":"2022-03-30T11:38:25","slug":"naiara-azevedo-agradece-fas-apos-susto-com-familia","status":"publish","type":"post","link":"https:\/\/contabilidadecaxias.com.br\/index.php\/2022\/03\/30\/naiara-azevedo-agradece-fas-apos-susto-com-familia\/","title":{"rendered":"Naiara Azevedo agradece f\u00e3s ap\u00f3s susto com fam\u00edlia"},"content":{"rendered":"<p>S\u00c3O PAULO, SP (FOLHAPRESS) &#8211; Naiara Azevedo, 32, foi \u00e0s redes sociais na noite desta ter\u00e7a-feira (29) agradecer pelas mensagens de carinho e preocupa\u00e7\u00e3o de seus f\u00e3s, pelas redes sociais.<\/p>\n<p>&#8220;Minha fam\u00edlia est\u00e1 bem. \u00c9 uma situa\u00e7\u00e3o chata, que entristece a gente. Mas a gente tem que ser grata a Deus, \u00e9 que n\u00e3o aconteceu nada com a integridade f\u00edsica deles. E s\u00f3 Deus para cuidar do cora\u00e7\u00e3ozinho agora, mas o importante \u00e9 que t\u00e1 todo mundo bem&#8221;, disse a cantora via Instagram Stories.<\/p>\n<p>A fam\u00edlia da cantora foi feita ref\u00e9m na manh\u00e3 desta ter\u00e7a na casa em que moram, em Farol (PR). Felizmente, ningu\u00e9m se feriu, e os criminosos levaram dois carros de luxo do tio da cantora.<\/p>\n<p>As informa\u00e7\u00f5es foram publicadas primeiro pelo colunista Leo Dias e confirmadas pela Folha de S.Paulo com a assessoria pessoal de Naiara.<\/p>\n<p>De acordo com informa\u00e7\u00f5es apuradas, tr\u00eas homens invadiram a casa \u00e0s 6h e renderam os familiares. Com o barulho, a irm\u00e3 de Naiara, Nat\u00e1lia, acordou e teria tentado reagir com um soco, mas foi segura por um dos bandidos.<\/p>\n<p>Toda a fam\u00edlia ficou ref\u00e9m por cerca de duas horas at\u00e9 que todos os invasores deixaram o local com as caminhonetes S10 e Amarok V6. Naiara estava em Goi\u00e2nia no momento e n\u00e3o presenciou o ocorrido. O caso segue em investiga\u00e7\u00e3o pelas autoridades policiais.<\/p>\n","protected":false},"excerpt":{"rendered":"<p>S\u00c3O PAULO, SP (FOLHAPRESS) &#8211; Naiara Azevedo, 32, foi \u00e0s redes sociais na noite desta ter\u00e7a-feira (29) agradecer pelas mensagens de carinho e preocupa\u00e7\u00e3o de seus f\u00e3s, pelas redes sociais. &#8220;Minha fam\u00edlia est\u00e1 bem. \u00c9 uma situa\u00e7\u00e3o chata, que entristece a gente. Mas a gente tem que ser grata a Deus, \u00e9 que n\u00e3o aconteceu [&hellip;]<\/p>\n","protected":false},"author":0,"featured_media":0,"comment_status":"open","ping_status":"open","sticky":false,"template":"","format":"standard","meta":{"footnotes":""},"categories":[4],"tags":[],"class_list":["post-5341","post","type-post","status-publish","format-standard","hentry","category-noticias-empreendedorismo"],"blocksy_meta":{"styles_descriptor":{"styles":{"desktop":"","tablet":"","mobile":""},"google_fonts":[],"version":6}},"yoast_head":"<!-- This site is optimized with the Yoast SEO plugin v27.5 - https:\/\/yoast.com\/product\/yoast-seo-wordpress\/ -->\n<title>Naiara Azevedo agradece f\u00e3s ap\u00f3s susto com fam\u00edlia - Contabilidade Caxias<\/title>\n<meta name=\"robots\" content=\"index, follow, max-snippet:-1, max-image-preview:large, max-video-preview:-1\" \/>\n<link rel=\"canonical\" href=\"https:\/\/contabilidadecaxias.com.br\/index.php\/2022\/03\/30\/naiara-azevedo-agradece-fas-apos-susto-com-familia\/\" \/>\n<meta property=\"og:locale\" content=\"pt_BR\" \/>\n<meta property=\"og:type\" content=\"article\" \/>\n<meta property=\"og:title\" content=\"Naiara Azevedo agradece f\u00e3s ap\u00f3s susto com fam\u00edlia - Contabilidade Caxias\" \/>\n<meta property=\"og:description\" content=\"S\u00c3O PAULO, SP (FOLHAPRESS) &#8211; Naiara Azevedo, 32, foi \u00e0s redes sociais na noite desta ter\u00e7a-feira (29) agradecer pelas mensagens de carinho e preocupa\u00e7\u00e3o de seus f\u00e3s, pelas redes sociais. &#8220;Minha fam\u00edlia est\u00e1 bem. \u00c9 uma situa\u00e7\u00e3o chata, que entristece a gente. Mas a gente tem que ser grata a Deus, \u00e9 que n\u00e3o aconteceu [&hellip;]\" \/>\n<meta property=\"og:url\" content=\"https:\/\/contabilidadecaxias.com.br\/index.php\/2022\/03\/30\/naiara-azevedo-agradece-fas-apos-susto-com-familia\/\" \/>\n<meta property=\"og:site_name\" content=\"Contabilidade Caxias\" \/>\n<meta property=\"article:published_time\" content=\"2022-03-30T11:38:25+00:00\" \/>\n<meta name=\"twitter:card\" content=\"summary_large_image\" \/>\n<meta name=\"twitter:label1\" content=\"Est. tempo de leitura\" \/>\n\t<meta name=\"twitter:data1\" content=\"1 minuto\" \/>\n<script type=\"application\/ld+json\" class=\"yoast-schema-graph\">{\"@context\":\"https:\\\/\\\/schema.org\",\"@graph\":[{\"@type\":\"Article\",\"@id\":\"https:\\\/\\\/contabilidadecaxias.com.br\\\/index.php\\\/2022\\\/03\\\/30\\\/naiara-azevedo-agradece-fas-apos-susto-com-familia\\\/#article\",\"isPartOf\":{\"@id\":\"https:\\\/\\\/contabilidadecaxias.com.br\\\/index.php\\\/2022\\\/03\\\/30\\\/naiara-azevedo-agradece-fas-apos-susto-com-familia\\\/\"},\"author\":{\"name\":\"\",\"@id\":\"\"},\"headline\":\"Naiara Azevedo agradece f\u00e3s ap\u00f3s susto com fam\u00edlia\",\"datePublished\":\"2022-03-30T11:38:25+00:00\",\"mainEntityOfPage\":{\"@id\":\"https:\\\/\\\/contabilidadecaxias.com.br\\\/index.php\\\/2022\\\/03\\\/30\\\/naiara-azevedo-agradece-fas-apos-susto-com-familia\\\/\"},\"wordCount\":252,\"commentCount\":0,\"articleSection\":[\"Empreendedorismo\"],\"inLanguage\":\"pt-BR\",\"potentialAction\":[{\"@type\":\"CommentAction\",\"name\":\"Comment\",\"target\":[\"https:\\\/\\\/contabilidadecaxias.com.br\\\/index.php\\\/2022\\\/03\\\/30\\\/naiara-azevedo-agradece-fas-apos-susto-com-familia\\\/#respond\"]}]},{\"@type\":\"WebPage\",\"@id\":\"https:\\\/\\\/contabilidadecaxias.com.br\\\/index.php\\\/2022\\\/03\\\/30\\\/naiara-azevedo-agradece-fas-apos-susto-com-familia\\\/\",\"url\":\"https:\\\/\\\/contabilidadecaxias.com.br\\\/index.php\\\/2022\\\/03\\\/30\\\/naiara-azevedo-agradece-fas-apos-susto-com-familia\\\/\",\"name\":\"Naiara Azevedo agradece f\u00e3s ap\u00f3s susto com fam\u00edlia - Contabilidade Caxias\",\"isPartOf\":{\"@id\":\"https:\\\/\\\/contabilidadecaxias.com.br\\\/#website\"},\"datePublished\":\"2022-03-30T11:38:25+00:00\",\"author\":{\"@id\":\"\"},\"breadcrumb\":{\"@id\":\"https:\\\/\\\/contabilidadecaxias.com.br\\\/index.php\\\/2022\\\/03\\\/30\\\/naiara-azevedo-agradece-fas-apos-susto-com-familia\\\/#breadcrumb\"},\"inLanguage\":\"pt-BR\",\"potentialAction\":[{\"@type\":\"ReadAction\",\"target\":[\"https:\\\/\\\/contabilidadecaxias.com.br\\\/index.php\\\/2022\\\/03\\\/30\\\/naiara-azevedo-agradece-fas-apos-susto-com-familia\\\/\"]}]},{\"@type\":\"BreadcrumbList\",\"@id\":\"https:\\\/\\\/contabilidadecaxias.com.br\\\/index.php\\\/2022\\\/03\\\/30\\\/naiara-azevedo-agradece-fas-apos-susto-com-familia\\\/#breadcrumb\",\"itemListElement\":[{\"@type\":\"ListItem\",\"position\":1,\"name\":\"In\u00edcio\",\"item\":\"https:\\\/\\\/contabilidadecaxias.com.br\\\/\"},{\"@type\":\"ListItem\",\"position\":2,\"name\":\"Naiara Azevedo agradece f\u00e3s ap\u00f3s susto com fam\u00edlia\"}]},{\"@type\":\"WebSite\",\"@id\":\"https:\\\/\\\/contabilidadecaxias.com.br\\\/#website\",\"url\":\"https:\\\/\\\/contabilidadecaxias.com.br\\\/\",\"name\":\"Contabilidade Caxias\",\"description\":\"Site especializado em Contabilidade para Caxias.\",\"potentialAction\":[{\"@type\":\"SearchAction\",\"target\":{\"@type\":\"EntryPoint\",\"urlTemplate\":\"https:\\\/\\\/contabilidadecaxias.com.br\\\/?s={search_term_string}\"},\"query-input\":{\"@type\":\"PropertyValueSpecification\",\"valueRequired\":true,\"valueName\":\"search_term_string\"}}],\"inLanguage\":\"pt-BR\"}]}<\/script>\n<!-- \/ Yoast SEO plugin. -->","yoast_head_json":{"title":"Naiara Azevedo agradece f\u00e3s ap\u00f3s susto com fam\u00edlia - Contabilidade Caxias","robots":{"index":"index","follow":"follow","max-snippet":"max-snippet:-1","max-image-preview":"max-image-preview:large","max-video-preview":"max-video-preview:-1"},"canonical":"https:\/\/contabilidadecaxias.com.br\/index.php\/2022\/03\/30\/naiara-azevedo-agradece-fas-apos-susto-com-familia\/","og_locale":"pt_BR","og_type":"article","og_title":"Naiara Azevedo agradece f\u00e3s ap\u00f3s susto com fam\u00edlia - Contabilidade Caxias","og_description":"S\u00c3O PAULO, SP (FOLHAPRESS) &#8211; Naiara Azevedo, 32, foi \u00e0s redes sociais na noite desta ter\u00e7a-feira (29) agradecer pelas mensagens de carinho e preocupa\u00e7\u00e3o de seus f\u00e3s, pelas redes sociais. &#8220;Minha fam\u00edlia est\u00e1 bem. \u00c9 uma situa\u00e7\u00e3o chata, que entristece a gente. Mas a gente tem que ser grata a Deus, \u00e9 que n\u00e3o aconteceu [&hellip;]","og_url":"https:\/\/contabilidadecaxias.com.br\/index.php\/2022\/03\/30\/naiara-azevedo-agradece-fas-apos-susto-com-familia\/","og_site_name":"Contabilidade Caxias","article_published_time":"2022-03-30T11:38:25+00:00","twitter_card":"summary_large_image","twitter_misc":{"Est. tempo de leitura":"1 minuto"},"schema":{"@context":"https:\/\/schema.org","@graph":[{"@type":"Article","@id":"https:\/\/contabilidadecaxias.com.br\/index.php\/2022\/03\/30\/naiara-azevedo-agradece-fas-apos-susto-com-familia\/#article","isPartOf":{"@id":"https:\/\/contabilidadecaxias.com.br\/index.php\/2022\/03\/30\/naiara-azevedo-agradece-fas-apos-susto-com-familia\/"},"author":{"name":"","@id":""},"headline":"Naiara Azevedo agradece f\u00e3s ap\u00f3s susto com fam\u00edlia","datePublished":"2022-03-30T11:38:25+00:00","mainEntityOfPage":{"@id":"https:\/\/contabilidadecaxias.com.br\/index.php\/2022\/03\/30\/naiara-azevedo-agradece-fas-apos-susto-com-familia\/"},"wordCount":252,"commentCount":0,"articleSection":["Empreendedorismo"],"inLanguage":"pt-BR","potentialAction":[{"@type":"CommentAction","name":"Comment","target":["https:\/\/contabilidadecaxias.com.br\/index.php\/2022\/03\/30\/naiara-azevedo-agradece-fas-apos-susto-com-familia\/#respond"]}]},{"@type":"WebPage","@id":"https:\/\/contabilidadecaxias.com.br\/index.php\/2022\/03\/30\/naiara-azevedo-agradece-fas-apos-susto-com-familia\/","url":"https:\/\/contabilidadecaxias.com.br\/index.php\/2022\/03\/30\/naiara-azevedo-agradece-fas-apos-susto-com-familia\/","name":"Naiara Azevedo agradece f\u00e3s ap\u00f3s susto com fam\u00edlia - Contabilidade Caxias","isPartOf":{"@id":"https:\/\/contabilidadecaxias.com.br\/#website"},"datePublished":"2022-03-30T11:38:25+00:00","author":{"@id":""},"breadcrumb":{"@id":"https:\/\/contabilidadecaxias.com.br\/index.php\/2022\/03\/30\/naiara-azevedo-agradece-fas-apos-susto-com-familia\/#breadcrumb"},"inLanguage":"pt-BR","potentialAction":[{"@type":"ReadAction","target":["https:\/\/contabilidadecaxias.com.br\/index.php\/2022\/03\/30\/naiara-azevedo-agradece-fas-apos-susto-com-familia\/"]}]},{"@type":"BreadcrumbList","@id":"https:\/\/contabilidadecaxias.com.br\/index.php\/2022\/03\/30\/naiara-azevedo-agradece-fas-apos-susto-com-familia\/#breadcrumb","itemListElement":[{"@type":"ListItem","position":1,"name":"In\u00edcio","item":"https:\/\/contabilidadecaxias.com.br\/"},{"@type":"ListItem","position":2,"name":"Naiara Azevedo agradece f\u00e3s ap\u00f3s susto com fam\u00edlia"}]},{"@type":"WebSite","@id":"https:\/\/contabilidadecaxias.com.br\/#website","url":"https:\/\/contabilidadecaxias.com.br\/","name":"Contabilidade Caxias","description":"Site especializado em Contabilidade para Caxias.","potentialAction":[{"@type":"SearchAction","target":{"@type":"EntryPoint","urlTemplate":"https:\/\/contabilidadecaxias.com.br\/?s={search_term_string}"},"query-input":{"@type":"PropertyValueSpecification","valueRequired":true,"valueName":"search_term_string"}}],"inLanguage":"pt-BR"}]}},"_links":{"self":[{"href":"https:\/\/contabilidadecaxias.com.br\/index.php\/wp-json\/wp\/v2\/posts\/5341","targetHints":{"allow":["GET"]}}],"collection":[{"href":"https:\/\/contabilidadecaxias.com.br\/index.php\/wp-json\/wp\/v2\/posts"}],"about":[{"href":"https:\/\/contabilidadecaxias.com.br\/index.php\/wp-json\/wp\/v2\/types\/post"}],"replies":[{"embeddable":true,"href":"https:\/\/contabilidadecaxias.com.br\/index.php\/wp-json\/wp\/v2\/comments?post=5341"}],"version-history":[{"count":0,"href":"https:\/\/contabilidadecaxias.com.br\/index.php\/wp-json\/wp\/v2\/posts\/5341\/revisions"}],"wp:attachment":[{"href":"https:\/\/contabilidadecaxias.com.br\/index.php\/wp-json\/wp\/v2\/media?parent=5341"}],"wp:term":[{"taxonomy":"category","embeddable":true,"href":"https:\/\/contabilidadecaxias.com.br\/index.php\/wp-json\/wp\/v2\/categories?post=5341"},{"taxonomy":"post_tag","embeddable":true,"href":"https:\/\/contabilidadecaxias.com.br\/index.php\/wp-json\/wp\/v2\/tags?post=5341"}],"curies":[{"name":"wp","href":"https:\/\/api.w.org\/{rel}","templated":true}]}}