{"id":5260,"date":"2022-03-29T10:30:53","date_gmt":"2022-03-29T13:30:53","guid":{"rendered":"https:\/\/contabilidadecaxias.com.br\/index.php\/2022\/03\/29\/pais-cria-3285-mil-vagas-de-emprego-formal-em-fevereiro-em-ritmo-ainda-inferior-a-2021\/"},"modified":"2022-03-29T10:30:53","modified_gmt":"2022-03-29T13:30:53","slug":"pais-cria-3285-mil-vagas-de-emprego-formal-em-fevereiro-em-ritmo-ainda-inferior-a-2021","status":"publish","type":"post","link":"https:\/\/contabilidadecaxias.com.br\/index.php\/2022\/03\/29\/pais-cria-3285-mil-vagas-de-emprego-formal-em-fevereiro-em-ritmo-ainda-inferior-a-2021\/","title":{"rendered":"Pa\u00eds cria 328,5 mil vagas de emprego formal em fevereiro, em ritmo ainda inferior a 2021"},"content":{"rendered":"<p>BRAS\u00cdLIA, DF (FOLHAPRESS) &#8211; O pa\u00eds registrou a cria\u00e7\u00e3o l\u00edquida de 328,5 mil empregos com carteira assinada em fevereiro, o que representa uma queda de 17% em rela\u00e7\u00e3o ao mesmo m\u00eas do ano passado.<\/p>\n<p>O saldo neste m\u00eas \u00e9 resultado de 2 milh\u00f5es de contrata\u00e7\u00f5es e 1,6 milh\u00e3o de desligamentos e foi divulgado por meio do Caged (Cadastro Geral de Empregados e Desempregados), apresentado nesta ter\u00e7a-feira (29) pelo Minist\u00e9rio do Trabalho e Previd\u00eancia.<\/p>\n<p>Em janeiro, o resultado j\u00e1 havia sido 38% menor do que um ano antes. O minist\u00e9rio tem afirmado que a desacelera\u00e7\u00e3o \u00e9 natural ap\u00f3s a melhora na economia registrada devido \u00e0 recupera\u00e7\u00e3o de 2021 ap\u00f3s o auge da crise de Covid-19, o fim de medidas emergenciais e a normaliza\u00e7\u00e3o dos dados.<\/p>\n<p>Neste ano, o Caged sofre a influ\u00eancia do fim gradual dos efeitos do programa emergencial de manuten\u00e7\u00e3o de emprego e renda. Criada na pandemia, a medida foi considerada fundamental por especialistas para sustentar o mercado de trabalho durante o auge da crise da Covid-19.<\/p>\n<p>Agora, o minist\u00e9rio avalia que o t\u00e9rmino do programa e o fim da prote\u00e7\u00e3o dos v\u00ednculos empregat\u00edcios far\u00e3o os dados dependerem mais do desempenho da atividade econ\u00f4mica.<\/p>\n<p>Os analistas esperam cria\u00e7\u00e3o de vagas em 2022, embora em n\u00edvel inferior ao do ano passado (em 2021, o Brasil criou 2,7 milh\u00f5es de empregos formais, segundo os dados divulgados).<\/p>\n<p>Onyx Lorenzoni, ministro do Trabalho e Previd\u00eancia, afirmou h\u00e1 um m\u00eas que a proje\u00e7\u00e3o da pasta \u00e9 de cria\u00e7\u00e3o de 1,5 milh\u00e3o a 2 milh\u00f5es de vagas formais em 2022. Mas analistas calculam um n\u00famero mais modesto. Os economistas da LCA Consultores projetaram no m\u00eas passado a cria\u00e7\u00e3o de 895 mil vagas em 2022.<\/p>\n","protected":false},"excerpt":{"rendered":"<p>BRAS\u00cdLIA, DF (FOLHAPRESS) &#8211; O pa\u00eds registrou a cria\u00e7\u00e3o l\u00edquida de 328,5 mil empregos com carteira assinada em fevereiro, o que representa uma queda de 17% em rela\u00e7\u00e3o ao mesmo m\u00eas do ano passado. O saldo neste m\u00eas \u00e9 resultado de 2 milh\u00f5es de contrata\u00e7\u00f5es e 1,6 milh\u00e3o de desligamentos e foi divulgado por meio [&hellip;]<\/p>\n","protected":false},"author":0,"featured_media":0,"comment_status":"open","ping_status":"open","sticky":false,"template":"","format":"standard","meta":{"footnotes":""},"categories":[4],"tags":[],"class_list":["post-5260","post","type-post","status-publish","format-standard","hentry","category-noticias-empreendedorismo"],"blocksy_meta":{"styles_descriptor":{"styles":{"desktop":"","tablet":"","mobile":""},"google_fonts":[],"version":6}},"yoast_head":"<!-- This site is optimized with the Yoast SEO plugin v27.5 - https:\/\/yoast.com\/product\/yoast-seo-wordpress\/ -->\n<title>Pa\u00eds cria 328,5 mil vagas de emprego formal em fevereiro, em ritmo ainda inferior a 2021 - Contabilidade Caxias<\/title>\n<meta name=\"robots\" content=\"index, follow, max-snippet:-1, max-image-preview:large, max-video-preview:-1\" \/>\n<link rel=\"canonical\" href=\"https:\/\/contabilidadecaxias.com.br\/index.php\/2022\/03\/29\/pais-cria-3285-mil-vagas-de-emprego-formal-em-fevereiro-em-ritmo-ainda-inferior-a-2021\/\" \/>\n<meta property=\"og:locale\" content=\"pt_BR\" \/>\n<meta property=\"og:type\" content=\"article\" \/>\n<meta property=\"og:title\" content=\"Pa\u00eds cria 328,5 mil vagas de emprego formal em fevereiro, em ritmo ainda inferior a 2021 - Contabilidade Caxias\" \/>\n<meta property=\"og:description\" content=\"BRAS\u00cdLIA, DF (FOLHAPRESS) &#8211; O pa\u00eds registrou a cria\u00e7\u00e3o l\u00edquida de 328,5 mil empregos com carteira assinada em fevereiro, o que representa uma queda de 17% em rela\u00e7\u00e3o ao mesmo m\u00eas do ano passado. O saldo neste m\u00eas \u00e9 resultado de 2 milh\u00f5es de contrata\u00e7\u00f5es e 1,6 milh\u00e3o de desligamentos e foi divulgado por meio [&hellip;]\" \/>\n<meta property=\"og:url\" content=\"https:\/\/contabilidadecaxias.com.br\/index.php\/2022\/03\/29\/pais-cria-3285-mil-vagas-de-emprego-formal-em-fevereiro-em-ritmo-ainda-inferior-a-2021\/\" \/>\n<meta property=\"og:site_name\" content=\"Contabilidade Caxias\" \/>\n<meta property=\"article:published_time\" content=\"2022-03-29T13:30:53+00:00\" \/>\n<meta name=\"twitter:card\" content=\"summary_large_image\" \/>\n<meta name=\"twitter:label1\" content=\"Est. tempo de leitura\" \/>\n\t<meta name=\"twitter:data1\" content=\"2 minutos\" \/>\n<script type=\"application\/ld+json\" class=\"yoast-schema-graph\">{\"@context\":\"https:\\\/\\\/schema.org\",\"@graph\":[{\"@type\":\"Article\",\"@id\":\"https:\\\/\\\/contabilidadecaxias.com.br\\\/index.php\\\/2022\\\/03\\\/29\\\/pais-cria-3285-mil-vagas-de-emprego-formal-em-fevereiro-em-ritmo-ainda-inferior-a-2021\\\/#article\",\"isPartOf\":{\"@id\":\"https:\\\/\\\/contabilidadecaxias.com.br\\\/index.php\\\/2022\\\/03\\\/29\\\/pais-cria-3285-mil-vagas-de-emprego-formal-em-fevereiro-em-ritmo-ainda-inferior-a-2021\\\/\"},\"author\":{\"name\":\"\",\"@id\":\"\"},\"headline\":\"Pa\u00eds cria 328,5 mil vagas de emprego formal em fevereiro, em ritmo ainda inferior a 2021\",\"datePublished\":\"2022-03-29T13:30:53+00:00\",\"mainEntityOfPage\":{\"@id\":\"https:\\\/\\\/contabilidadecaxias.com.br\\\/index.php\\\/2022\\\/03\\\/29\\\/pais-cria-3285-mil-vagas-de-emprego-formal-em-fevereiro-em-ritmo-ainda-inferior-a-2021\\\/\"},\"wordCount\":315,\"commentCount\":0,\"articleSection\":[\"Empreendedorismo\"],\"inLanguage\":\"pt-BR\",\"potentialAction\":[{\"@type\":\"CommentAction\",\"name\":\"Comment\",\"target\":[\"https:\\\/\\\/contabilidadecaxias.com.br\\\/index.php\\\/2022\\\/03\\\/29\\\/pais-cria-3285-mil-vagas-de-emprego-formal-em-fevereiro-em-ritmo-ainda-inferior-a-2021\\\/#respond\"]}]},{\"@type\":\"WebPage\",\"@id\":\"https:\\\/\\\/contabilidadecaxias.com.br\\\/index.php\\\/2022\\\/03\\\/29\\\/pais-cria-3285-mil-vagas-de-emprego-formal-em-fevereiro-em-ritmo-ainda-inferior-a-2021\\\/\",\"url\":\"https:\\\/\\\/contabilidadecaxias.com.br\\\/index.php\\\/2022\\\/03\\\/29\\\/pais-cria-3285-mil-vagas-de-emprego-formal-em-fevereiro-em-ritmo-ainda-inferior-a-2021\\\/\",\"name\":\"Pa\u00eds cria 328,5 mil vagas de emprego formal em fevereiro, em ritmo ainda inferior a 2021 - Contabilidade Caxias\",\"isPartOf\":{\"@id\":\"https:\\\/\\\/contabilidadecaxias.com.br\\\/#website\"},\"datePublished\":\"2022-03-29T13:30:53+00:00\",\"author\":{\"@id\":\"\"},\"breadcrumb\":{\"@id\":\"https:\\\/\\\/contabilidadecaxias.com.br\\\/index.php\\\/2022\\\/03\\\/29\\\/pais-cria-3285-mil-vagas-de-emprego-formal-em-fevereiro-em-ritmo-ainda-inferior-a-2021\\\/#breadcrumb\"},\"inLanguage\":\"pt-BR\",\"potentialAction\":[{\"@type\":\"ReadAction\",\"target\":[\"https:\\\/\\\/contabilidadecaxias.com.br\\\/index.php\\\/2022\\\/03\\\/29\\\/pais-cria-3285-mil-vagas-de-emprego-formal-em-fevereiro-em-ritmo-ainda-inferior-a-2021\\\/\"]}]},{\"@type\":\"BreadcrumbList\",\"@id\":\"https:\\\/\\\/contabilidadecaxias.com.br\\\/index.php\\\/2022\\\/03\\\/29\\\/pais-cria-3285-mil-vagas-de-emprego-formal-em-fevereiro-em-ritmo-ainda-inferior-a-2021\\\/#breadcrumb\",\"itemListElement\":[{\"@type\":\"ListItem\",\"position\":1,\"name\":\"In\u00edcio\",\"item\":\"https:\\\/\\\/contabilidadecaxias.com.br\\\/\"},{\"@type\":\"ListItem\",\"position\":2,\"name\":\"Pa\u00eds cria 328,5 mil vagas de emprego formal em fevereiro, em ritmo ainda inferior a 2021\"}]},{\"@type\":\"WebSite\",\"@id\":\"https:\\\/\\\/contabilidadecaxias.com.br\\\/#website\",\"url\":\"https:\\\/\\\/contabilidadecaxias.com.br\\\/\",\"name\":\"Contabilidade Caxias\",\"description\":\"Site especializado em Contabilidade para Caxias.\",\"potentialAction\":[{\"@type\":\"SearchAction\",\"target\":{\"@type\":\"EntryPoint\",\"urlTemplate\":\"https:\\\/\\\/contabilidadecaxias.com.br\\\/?s={search_term_string}\"},\"query-input\":{\"@type\":\"PropertyValueSpecification\",\"valueRequired\":true,\"valueName\":\"search_term_string\"}}],\"inLanguage\":\"pt-BR\"}]}<\/script>\n<!-- \/ Yoast SEO plugin. -->","yoast_head_json":{"title":"Pa\u00eds cria 328,5 mil vagas de emprego formal em fevereiro, em ritmo ainda inferior a 2021 - Contabilidade Caxias","robots":{"index":"index","follow":"follow","max-snippet":"max-snippet:-1","max-image-preview":"max-image-preview:large","max-video-preview":"max-video-preview:-1"},"canonical":"https:\/\/contabilidadecaxias.com.br\/index.php\/2022\/03\/29\/pais-cria-3285-mil-vagas-de-emprego-formal-em-fevereiro-em-ritmo-ainda-inferior-a-2021\/","og_locale":"pt_BR","og_type":"article","og_title":"Pa\u00eds cria 328,5 mil vagas de emprego formal em fevereiro, em ritmo ainda inferior a 2021 - Contabilidade Caxias","og_description":"BRAS\u00cdLIA, DF (FOLHAPRESS) &#8211; O pa\u00eds registrou a cria\u00e7\u00e3o l\u00edquida de 328,5 mil empregos com carteira assinada em fevereiro, o que representa uma queda de 17% em rela\u00e7\u00e3o ao mesmo m\u00eas do ano passado. O saldo neste m\u00eas \u00e9 resultado de 2 milh\u00f5es de contrata\u00e7\u00f5es e 1,6 milh\u00e3o de desligamentos e foi divulgado por meio [&hellip;]","og_url":"https:\/\/contabilidadecaxias.com.br\/index.php\/2022\/03\/29\/pais-cria-3285-mil-vagas-de-emprego-formal-em-fevereiro-em-ritmo-ainda-inferior-a-2021\/","og_site_name":"Contabilidade Caxias","article_published_time":"2022-03-29T13:30:53+00:00","twitter_card":"summary_large_image","twitter_misc":{"Est. tempo de leitura":"2 minutos"},"schema":{"@context":"https:\/\/schema.org","@graph":[{"@type":"Article","@id":"https:\/\/contabilidadecaxias.com.br\/index.php\/2022\/03\/29\/pais-cria-3285-mil-vagas-de-emprego-formal-em-fevereiro-em-ritmo-ainda-inferior-a-2021\/#article","isPartOf":{"@id":"https:\/\/contabilidadecaxias.com.br\/index.php\/2022\/03\/29\/pais-cria-3285-mil-vagas-de-emprego-formal-em-fevereiro-em-ritmo-ainda-inferior-a-2021\/"},"author":{"name":"","@id":""},"headline":"Pa\u00eds cria 328,5 mil vagas de emprego formal em fevereiro, em ritmo ainda inferior a 2021","datePublished":"2022-03-29T13:30:53+00:00","mainEntityOfPage":{"@id":"https:\/\/contabilidadecaxias.com.br\/index.php\/2022\/03\/29\/pais-cria-3285-mil-vagas-de-emprego-formal-em-fevereiro-em-ritmo-ainda-inferior-a-2021\/"},"wordCount":315,"commentCount":0,"articleSection":["Empreendedorismo"],"inLanguage":"pt-BR","potentialAction":[{"@type":"CommentAction","name":"Comment","target":["https:\/\/contabilidadecaxias.com.br\/index.php\/2022\/03\/29\/pais-cria-3285-mil-vagas-de-emprego-formal-em-fevereiro-em-ritmo-ainda-inferior-a-2021\/#respond"]}]},{"@type":"WebPage","@id":"https:\/\/contabilidadecaxias.com.br\/index.php\/2022\/03\/29\/pais-cria-3285-mil-vagas-de-emprego-formal-em-fevereiro-em-ritmo-ainda-inferior-a-2021\/","url":"https:\/\/contabilidadecaxias.com.br\/index.php\/2022\/03\/29\/pais-cria-3285-mil-vagas-de-emprego-formal-em-fevereiro-em-ritmo-ainda-inferior-a-2021\/","name":"Pa\u00eds cria 328,5 mil vagas de emprego formal em fevereiro, em ritmo ainda inferior a 2021 - Contabilidade Caxias","isPartOf":{"@id":"https:\/\/contabilidadecaxias.com.br\/#website"},"datePublished":"2022-03-29T13:30:53+00:00","author":{"@id":""},"breadcrumb":{"@id":"https:\/\/contabilidadecaxias.com.br\/index.php\/2022\/03\/29\/pais-cria-3285-mil-vagas-de-emprego-formal-em-fevereiro-em-ritmo-ainda-inferior-a-2021\/#breadcrumb"},"inLanguage":"pt-BR","potentialAction":[{"@type":"ReadAction","target":["https:\/\/contabilidadecaxias.com.br\/index.php\/2022\/03\/29\/pais-cria-3285-mil-vagas-de-emprego-formal-em-fevereiro-em-ritmo-ainda-inferior-a-2021\/"]}]},{"@type":"BreadcrumbList","@id":"https:\/\/contabilidadecaxias.com.br\/index.php\/2022\/03\/29\/pais-cria-3285-mil-vagas-de-emprego-formal-em-fevereiro-em-ritmo-ainda-inferior-a-2021\/#breadcrumb","itemListElement":[{"@type":"ListItem","position":1,"name":"In\u00edcio","item":"https:\/\/contabilidadecaxias.com.br\/"},{"@type":"ListItem","position":2,"name":"Pa\u00eds cria 328,5 mil vagas de emprego formal em fevereiro, em ritmo ainda inferior a 2021"}]},{"@type":"WebSite","@id":"https:\/\/contabilidadecaxias.com.br\/#website","url":"https:\/\/contabilidadecaxias.com.br\/","name":"Contabilidade Caxias","description":"Site especializado em Contabilidade para Caxias.","potentialAction":[{"@type":"SearchAction","target":{"@type":"EntryPoint","urlTemplate":"https:\/\/contabilidadecaxias.com.br\/?s={search_term_string}"},"query-input":{"@type":"PropertyValueSpecification","valueRequired":true,"valueName":"search_term_string"}}],"inLanguage":"pt-BR"}]}},"_links":{"self":[{"href":"https:\/\/contabilidadecaxias.com.br\/index.php\/wp-json\/wp\/v2\/posts\/5260","targetHints":{"allow":["GET"]}}],"collection":[{"href":"https:\/\/contabilidadecaxias.com.br\/index.php\/wp-json\/wp\/v2\/posts"}],"about":[{"href":"https:\/\/contabilidadecaxias.com.br\/index.php\/wp-json\/wp\/v2\/types\/post"}],"replies":[{"embeddable":true,"href":"https:\/\/contabilidadecaxias.com.br\/index.php\/wp-json\/wp\/v2\/comments?post=5260"}],"version-history":[{"count":0,"href":"https:\/\/contabilidadecaxias.com.br\/index.php\/wp-json\/wp\/v2\/posts\/5260\/revisions"}],"wp:attachment":[{"href":"https:\/\/contabilidadecaxias.com.br\/index.php\/wp-json\/wp\/v2\/media?parent=5260"}],"wp:term":[{"taxonomy":"category","embeddable":true,"href":"https:\/\/contabilidadecaxias.com.br\/index.php\/wp-json\/wp\/v2\/categories?post=5260"},{"taxonomy":"post_tag","embeddable":true,"href":"https:\/\/contabilidadecaxias.com.br\/index.php\/wp-json\/wp\/v2\/tags?post=5260"}],"curies":[{"name":"wp","href":"https:\/\/api.w.org\/{rel}","templated":true}]}}