{"id":5252,"date":"2022-03-29T08:12:19","date_gmt":"2022-03-29T11:12:19","guid":{"rendered":"https:\/\/contabilidadecaxias.com.br\/index.php\/2022\/03\/29\/capitolio-mg-reabre-canions-com-menos-lanchas-e-proibicao-em-dias-de-chuva\/"},"modified":"2022-03-29T08:12:19","modified_gmt":"2022-03-29T11:12:19","slug":"capitolio-mg-reabre-canions-com-menos-lanchas-e-proibicao-em-dias-de-chuva","status":"publish","type":"post","link":"https:\/\/contabilidadecaxias.com.br\/index.php\/2022\/03\/29\/capitolio-mg-reabre-canions-com-menos-lanchas-e-proibicao-em-dias-de-chuva\/","title":{"rendered":"Capit\u00f3lio (MG) reabre c\u00e2nions com menos lanchas e proibi\u00e7\u00e3o em dias de chuva"},"content":{"rendered":"<p>BELO HORIZONTE, MG (FOLHAPRESS) &#8211; Mais de 80 dias ap\u00f3s a queda de uma rocha sobre lanchas que passeavam pela regi\u00e3o dos c\u00e2nions de Capit\u00f3lio, no sul de Minas Gerais, o atrativo volta a receber turistas nesta quarta-feira (30). O retorno das embarca\u00e7\u00f5es ao local acontece com normas mais r\u00edgidas para garantir a seguran\u00e7a de turistas e trabalhadores.<\/p>\n<p>Com as novas regras, apenas cinco embarca\u00e7\u00f5es poder\u00e3o navegar pela \u00e1rea dos c\u00e2nions por vez, antes do acidente eram 40. Os passeios tamb\u00e9m ficam vetados em caso de chuvas ou da verifica\u00e7\u00e3o de qualquer ind\u00edcio de deslocamento do solo ou de rochas.<\/p>\n<p>O novo ordenamento do turismo no local foi baseado em relat\u00f3rios parciais de estudos realizados na \u00e1rea por uma equipe de ge\u00f3logos. A avalia\u00e7\u00e3o se encontra em fase de finaliza\u00e7\u00e3o.<\/p>\n<p>Os estudos geol\u00f3gicos da \u00e1rea est\u00e3o sendo realizados por uma equipe coordenada pelo presidente da Federa\u00e7\u00e3o Brasileira de Ge\u00f3logos, F\u00e1bio Reis, que \u00e9 professor da Unesp (Universidade Estadual Paulista). Fazem parte do grupo nove especialistas na \u00e1rea, de institui\u00e7\u00f5es como USP (Universidade de S\u00e3o Paulo), o IPT (Instituto de Pesquisas Tecnol\u00f3gicas) e a UFG (Universidade Federal de Goi\u00e1s).<\/p>\n<p>De acordo com a professora da UFG Joana S\u00e1nchez, que integra a equipe respons\u00e1vel pelas avalia\u00e7\u00f5es geol\u00f3gicas da regi\u00e3o, as an\u00e1lises s\u00e3o necess\u00e1rias para mapear as \u00e1reas de risco e evitar futuros acidentes. Segundo ela, alguns locais com maior risco de novas quedas permanecer\u00e3o fechados.<\/p>\n<p>&#8220;A gente fez a avalia\u00e7\u00e3o t\u00e9cnica estrutural, descendo e medindo tudo com uma b\u00fassola mesmo. E a\u00ed fomos avaliar as fraturas das rochas e para que dire\u00e7\u00e3o as fraturas est\u00e3o. O nosso trabalho \u00e9 verificar onde est\u00e1 quebrado e se aquilo pode cair. Fazemos a an\u00e1lise toda do maci\u00e7o para entender se tem risco e se esse risco \u00e9 alto ou baixo&#8221;, explica S\u00e1nchez, que \u00e9 doutora em geologia.<\/p>\n<p>A partir de propostas feitas pela equipe em um relat\u00f3rio preliminar, o prefeito da cidade, Cristiano Geraldo da Silva (PP), publicou um decreto para reabertura parcial da visita\u00e7\u00e3o dos c\u00e2nions. Ap\u00f3s a conclus\u00e3o dos estudos geol\u00f3gicos, ser\u00e1 realizado um plano final de monitoramento, para a libera\u00e7\u00e3o definitiva da \u00e1rea.<\/p>\n<p>Outro ponto sugerido pela equipe de cientistas que foi incorporado nas regras para reabertura foi a contrata\u00e7\u00e3o de uma equipe para fazer uma inspe\u00e7\u00e3o geol\u00f3gica di\u00e1ria da \u00e1rea. O objetivo \u00e9 monitorar ind\u00edcios de processos erosivos e movimenta\u00e7\u00f5es de massa que possam sinalizar poss\u00edveis riscos.<\/p>\n<p>Todos os passageiros das embarca\u00e7\u00f5es dever\u00e3o assinar um termo de anu\u00eancia e consentimento das novas regras. Tamb\u00e9m ser\u00e1 obrigat\u00f3rio o uso de capacete de prote\u00e7\u00e3o e colete salva vidas durante todo o trajeto por todas as pessoas. Antes do acidente, apenas crian\u00e7as e idosos eram obrigados a utilizar coletes.<\/p>\n<p>A \u00e1rea dos c\u00e2nions ser\u00e1 dividida em dois trechos. O primeiro, mais amplo, permitir\u00e1 a presen\u00e7a de quatro lanchas por vez e ter\u00e1 uma dist\u00e2ncia de seguran\u00e7a de 20 metros das bordas do lago. J\u00e1 o segundo, mais estreito, permitir\u00e1 uma embarca\u00e7\u00e3o de cada vez e ter\u00e1 uma dist\u00e2ncia de seguran\u00e7a de 7 metros, sem possibilidade de parada das lanchas nesse trecho.<\/p>\n<p>Todos os limites de seguran\u00e7a ser\u00e3o sinalizados no local, para orientar a navega\u00e7\u00e3o. A entrada ser\u00e1 por ordem de chegada e haver\u00e1 controle de acesso e fiscaliza\u00e7\u00e3o das embarca\u00e7\u00f5es no in\u00edcio de cada um dos trechos.<\/p>\n<p>Al\u00e9m das sugest\u00f5es propostas pela equipe de ge\u00f3logos, a Pol\u00edcia Civil tamb\u00e9m forneceu orienta\u00e7\u00f5es para a seguran\u00e7a do turismo no local a partir das investiga\u00e7\u00f5es feitas ap\u00f3s o acidente.<\/p>\n<p>&#8220;Como a gente estudou o caso, vimos algumas possibilidades de melhoria na seguran\u00e7a do munic\u00edpio e dos munic\u00edpios lim\u00edtrofes ali tamb\u00e9m. E a\u00ed n\u00f3s apontamos algumas delas. \u00c9 a nossa contribui\u00e7\u00e3o ap\u00f3s um evento triste, mas que gerou uma investiga\u00e7\u00e3o muito grande&#8221;, afirma o delegado Marcos Pimenta, respons\u00e1vel pelo caso.<\/p>\n<p>A investiga\u00e7\u00e3o realizada pela Pol\u00edcia Civil concluiu que o acidente aconteceu por causas naturais. No in\u00edcio do m\u00eas, o inqu\u00e9rito foi finalizado e determinou que n\u00e3o houve influ\u00eancia humana na queda do pared\u00e3o. Dez pessoas morreram no acidente.<\/p>\n<p>Conforme a per\u00edcia geol\u00f3gica realizada pela corpora\u00e7\u00e3o, a queda do pared\u00e3o foi causada pela correnteza na parte inferior das rochas e tamb\u00e9m pela a\u00e7\u00e3o do vento e das chuvas na parte superior do bloco que se desprendeu.<\/p>\n<p>De acordo com o delegado, as decis\u00f5es do que deve ou n\u00e3o ser feito para o ordenamento do turismo na regi\u00e3o ficam a cargo da prefeitura.<\/p>\n<p>Segundo Lucas Arantes, secret\u00e1rio de desenvolvimento econ\u00f4mico sustent\u00e1vel da cidade, respons\u00e1vel pelo setor de turismo, a cidade tem acatado as recomenda\u00e7\u00f5es e pretende se tornar uma refer\u00eancia em turismo de natureza seguro.<\/p>\n<p>Para o professor M\u00facio Figueiredo, da UFSJ (Universidade Federal de S\u00e3o Jo\u00e3o Del Rei), o planejamento do turismo precisa ser pensado a partir do conhecimento geol\u00f3gico da regi\u00e3o, das informa\u00e7\u00f5es clim\u00e1ticas e meteorol\u00f3gicas e das quest\u00f5es socioecon\u00f4micas.<\/p>\n<p>Figueiredo, que \u00e9 doutor em geologia ambiental e conserva\u00e7\u00e3o de recursos naturais, diz que a explora\u00e7\u00e3o do turismo de natureza no Brasil se desenvolveu sem um arcabou\u00e7o de normas e de leis bem definido, como acontece em outros pa\u00edses. Por isso, os desafios para se garantir um turismo seguro s\u00e3o ainda maiores.<\/p>\n","protected":false},"excerpt":{"rendered":"<p>BELO HORIZONTE, MG (FOLHAPRESS) &#8211; Mais de 80 dias ap\u00f3s a queda de uma rocha sobre lanchas que passeavam pela regi\u00e3o dos c\u00e2nions de Capit\u00f3lio, no sul de Minas Gerais, o atrativo volta a receber turistas nesta quarta-feira (30). O retorno das embarca\u00e7\u00f5es ao local acontece com normas mais r\u00edgidas para garantir a seguran\u00e7a de [&hellip;]<\/p>\n","protected":false},"author":0,"featured_media":0,"comment_status":"open","ping_status":"open","sticky":false,"template":"","format":"standard","meta":{"footnotes":""},"categories":[4],"tags":[],"class_list":["post-5252","post","type-post","status-publish","format-standard","hentry","category-noticias-empreendedorismo"],"blocksy_meta":{"styles_descriptor":{"styles":{"desktop":"","tablet":"","mobile":""},"google_fonts":[],"version":6}},"yoast_head":"<!-- This site is optimized with the Yoast SEO plugin v27.5 - https:\/\/yoast.com\/product\/yoast-seo-wordpress\/ -->\n<title>Capit\u00f3lio (MG) reabre c\u00e2nions com menos lanchas e proibi\u00e7\u00e3o em dias de chuva - Contabilidade Caxias<\/title>\n<meta name=\"robots\" content=\"index, follow, max-snippet:-1, max-image-preview:large, max-video-preview:-1\" \/>\n<link rel=\"canonical\" href=\"https:\/\/contabilidadecaxias.com.br\/index.php\/2022\/03\/29\/capitolio-mg-reabre-canions-com-menos-lanchas-e-proibicao-em-dias-de-chuva\/\" \/>\n<meta property=\"og:locale\" content=\"pt_BR\" \/>\n<meta property=\"og:type\" content=\"article\" \/>\n<meta property=\"og:title\" content=\"Capit\u00f3lio (MG) reabre c\u00e2nions com menos lanchas e proibi\u00e7\u00e3o em dias de chuva - Contabilidade Caxias\" \/>\n<meta property=\"og:description\" content=\"BELO HORIZONTE, MG (FOLHAPRESS) &#8211; Mais de 80 dias ap\u00f3s a queda de uma rocha sobre lanchas que passeavam pela regi\u00e3o dos c\u00e2nions de Capit\u00f3lio, no sul de Minas Gerais, o atrativo volta a receber turistas nesta quarta-feira (30). O retorno das embarca\u00e7\u00f5es ao local acontece com normas mais r\u00edgidas para garantir a seguran\u00e7a de [&hellip;]\" \/>\n<meta property=\"og:url\" content=\"https:\/\/contabilidadecaxias.com.br\/index.php\/2022\/03\/29\/capitolio-mg-reabre-canions-com-menos-lanchas-e-proibicao-em-dias-de-chuva\/\" \/>\n<meta property=\"og:site_name\" content=\"Contabilidade Caxias\" \/>\n<meta property=\"article:published_time\" content=\"2022-03-29T11:12:19+00:00\" \/>\n<meta name=\"twitter:card\" content=\"summary_large_image\" \/>\n<meta name=\"twitter:label1\" content=\"Est. tempo de leitura\" \/>\n\t<meta name=\"twitter:data1\" content=\"5 minutos\" \/>\n<script type=\"application\/ld+json\" class=\"yoast-schema-graph\">{\"@context\":\"https:\\\/\\\/schema.org\",\"@graph\":[{\"@type\":\"Article\",\"@id\":\"https:\\\/\\\/contabilidadecaxias.com.br\\\/index.php\\\/2022\\\/03\\\/29\\\/capitolio-mg-reabre-canions-com-menos-lanchas-e-proibicao-em-dias-de-chuva\\\/#article\",\"isPartOf\":{\"@id\":\"https:\\\/\\\/contabilidadecaxias.com.br\\\/index.php\\\/2022\\\/03\\\/29\\\/capitolio-mg-reabre-canions-com-menos-lanchas-e-proibicao-em-dias-de-chuva\\\/\"},\"author\":{\"name\":\"\",\"@id\":\"\"},\"headline\":\"Capit\u00f3lio (MG) reabre c\u00e2nions com menos lanchas e proibi\u00e7\u00e3o em dias de chuva\",\"datePublished\":\"2022-03-29T11:12:19+00:00\",\"mainEntityOfPage\":{\"@id\":\"https:\\\/\\\/contabilidadecaxias.com.br\\\/index.php\\\/2022\\\/03\\\/29\\\/capitolio-mg-reabre-canions-com-menos-lanchas-e-proibicao-em-dias-de-chuva\\\/\"},\"wordCount\":982,\"commentCount\":0,\"articleSection\":[\"Empreendedorismo\"],\"inLanguage\":\"pt-BR\",\"potentialAction\":[{\"@type\":\"CommentAction\",\"name\":\"Comment\",\"target\":[\"https:\\\/\\\/contabilidadecaxias.com.br\\\/index.php\\\/2022\\\/03\\\/29\\\/capitolio-mg-reabre-canions-com-menos-lanchas-e-proibicao-em-dias-de-chuva\\\/#respond\"]}]},{\"@type\":\"WebPage\",\"@id\":\"https:\\\/\\\/contabilidadecaxias.com.br\\\/index.php\\\/2022\\\/03\\\/29\\\/capitolio-mg-reabre-canions-com-menos-lanchas-e-proibicao-em-dias-de-chuva\\\/\",\"url\":\"https:\\\/\\\/contabilidadecaxias.com.br\\\/index.php\\\/2022\\\/03\\\/29\\\/capitolio-mg-reabre-canions-com-menos-lanchas-e-proibicao-em-dias-de-chuva\\\/\",\"name\":\"Capit\u00f3lio (MG) reabre c\u00e2nions com menos lanchas e proibi\u00e7\u00e3o em dias de chuva - Contabilidade Caxias\",\"isPartOf\":{\"@id\":\"https:\\\/\\\/contabilidadecaxias.com.br\\\/#website\"},\"datePublished\":\"2022-03-29T11:12:19+00:00\",\"author\":{\"@id\":\"\"},\"breadcrumb\":{\"@id\":\"https:\\\/\\\/contabilidadecaxias.com.br\\\/index.php\\\/2022\\\/03\\\/29\\\/capitolio-mg-reabre-canions-com-menos-lanchas-e-proibicao-em-dias-de-chuva\\\/#breadcrumb\"},\"inLanguage\":\"pt-BR\",\"potentialAction\":[{\"@type\":\"ReadAction\",\"target\":[\"https:\\\/\\\/contabilidadecaxias.com.br\\\/index.php\\\/2022\\\/03\\\/29\\\/capitolio-mg-reabre-canions-com-menos-lanchas-e-proibicao-em-dias-de-chuva\\\/\"]}]},{\"@type\":\"BreadcrumbList\",\"@id\":\"https:\\\/\\\/contabilidadecaxias.com.br\\\/index.php\\\/2022\\\/03\\\/29\\\/capitolio-mg-reabre-canions-com-menos-lanchas-e-proibicao-em-dias-de-chuva\\\/#breadcrumb\",\"itemListElement\":[{\"@type\":\"ListItem\",\"position\":1,\"name\":\"In\u00edcio\",\"item\":\"https:\\\/\\\/contabilidadecaxias.com.br\\\/\"},{\"@type\":\"ListItem\",\"position\":2,\"name\":\"Capit\u00f3lio (MG) reabre c\u00e2nions com menos lanchas e proibi\u00e7\u00e3o em dias de chuva\"}]},{\"@type\":\"WebSite\",\"@id\":\"https:\\\/\\\/contabilidadecaxias.com.br\\\/#website\",\"url\":\"https:\\\/\\\/contabilidadecaxias.com.br\\\/\",\"name\":\"Contabilidade Caxias\",\"description\":\"Site especializado em Contabilidade para Caxias.\",\"potentialAction\":[{\"@type\":\"SearchAction\",\"target\":{\"@type\":\"EntryPoint\",\"urlTemplate\":\"https:\\\/\\\/contabilidadecaxias.com.br\\\/?s={search_term_string}\"},\"query-input\":{\"@type\":\"PropertyValueSpecification\",\"valueRequired\":true,\"valueName\":\"search_term_string\"}}],\"inLanguage\":\"pt-BR\"}]}<\/script>\n<!-- \/ Yoast SEO plugin. -->","yoast_head_json":{"title":"Capit\u00f3lio (MG) reabre c\u00e2nions com menos lanchas e proibi\u00e7\u00e3o em dias de chuva - Contabilidade Caxias","robots":{"index":"index","follow":"follow","max-snippet":"max-snippet:-1","max-image-preview":"max-image-preview:large","max-video-preview":"max-video-preview:-1"},"canonical":"https:\/\/contabilidadecaxias.com.br\/index.php\/2022\/03\/29\/capitolio-mg-reabre-canions-com-menos-lanchas-e-proibicao-em-dias-de-chuva\/","og_locale":"pt_BR","og_type":"article","og_title":"Capit\u00f3lio (MG) reabre c\u00e2nions com menos lanchas e proibi\u00e7\u00e3o em dias de chuva - Contabilidade Caxias","og_description":"BELO HORIZONTE, MG (FOLHAPRESS) &#8211; Mais de 80 dias ap\u00f3s a queda de uma rocha sobre lanchas que passeavam pela regi\u00e3o dos c\u00e2nions de Capit\u00f3lio, no sul de Minas Gerais, o atrativo volta a receber turistas nesta quarta-feira (30). O retorno das embarca\u00e7\u00f5es ao local acontece com normas mais r\u00edgidas para garantir a seguran\u00e7a de [&hellip;]","og_url":"https:\/\/contabilidadecaxias.com.br\/index.php\/2022\/03\/29\/capitolio-mg-reabre-canions-com-menos-lanchas-e-proibicao-em-dias-de-chuva\/","og_site_name":"Contabilidade Caxias","article_published_time":"2022-03-29T11:12:19+00:00","twitter_card":"summary_large_image","twitter_misc":{"Est. tempo de leitura":"5 minutos"},"schema":{"@context":"https:\/\/schema.org","@graph":[{"@type":"Article","@id":"https:\/\/contabilidadecaxias.com.br\/index.php\/2022\/03\/29\/capitolio-mg-reabre-canions-com-menos-lanchas-e-proibicao-em-dias-de-chuva\/#article","isPartOf":{"@id":"https:\/\/contabilidadecaxias.com.br\/index.php\/2022\/03\/29\/capitolio-mg-reabre-canions-com-menos-lanchas-e-proibicao-em-dias-de-chuva\/"},"author":{"name":"","@id":""},"headline":"Capit\u00f3lio (MG) reabre c\u00e2nions com menos lanchas e proibi\u00e7\u00e3o em dias de chuva","datePublished":"2022-03-29T11:12:19+00:00","mainEntityOfPage":{"@id":"https:\/\/contabilidadecaxias.com.br\/index.php\/2022\/03\/29\/capitolio-mg-reabre-canions-com-menos-lanchas-e-proibicao-em-dias-de-chuva\/"},"wordCount":982,"commentCount":0,"articleSection":["Empreendedorismo"],"inLanguage":"pt-BR","potentialAction":[{"@type":"CommentAction","name":"Comment","target":["https:\/\/contabilidadecaxias.com.br\/index.php\/2022\/03\/29\/capitolio-mg-reabre-canions-com-menos-lanchas-e-proibicao-em-dias-de-chuva\/#respond"]}]},{"@type":"WebPage","@id":"https:\/\/contabilidadecaxias.com.br\/index.php\/2022\/03\/29\/capitolio-mg-reabre-canions-com-menos-lanchas-e-proibicao-em-dias-de-chuva\/","url":"https:\/\/contabilidadecaxias.com.br\/index.php\/2022\/03\/29\/capitolio-mg-reabre-canions-com-menos-lanchas-e-proibicao-em-dias-de-chuva\/","name":"Capit\u00f3lio (MG) reabre c\u00e2nions com menos lanchas e proibi\u00e7\u00e3o em dias de chuva - Contabilidade Caxias","isPartOf":{"@id":"https:\/\/contabilidadecaxias.com.br\/#website"},"datePublished":"2022-03-29T11:12:19+00:00","author":{"@id":""},"breadcrumb":{"@id":"https:\/\/contabilidadecaxias.com.br\/index.php\/2022\/03\/29\/capitolio-mg-reabre-canions-com-menos-lanchas-e-proibicao-em-dias-de-chuva\/#breadcrumb"},"inLanguage":"pt-BR","potentialAction":[{"@type":"ReadAction","target":["https:\/\/contabilidadecaxias.com.br\/index.php\/2022\/03\/29\/capitolio-mg-reabre-canions-com-menos-lanchas-e-proibicao-em-dias-de-chuva\/"]}]},{"@type":"BreadcrumbList","@id":"https:\/\/contabilidadecaxias.com.br\/index.php\/2022\/03\/29\/capitolio-mg-reabre-canions-com-menos-lanchas-e-proibicao-em-dias-de-chuva\/#breadcrumb","itemListElement":[{"@type":"ListItem","position":1,"name":"In\u00edcio","item":"https:\/\/contabilidadecaxias.com.br\/"},{"@type":"ListItem","position":2,"name":"Capit\u00f3lio (MG) reabre c\u00e2nions com menos lanchas e proibi\u00e7\u00e3o em dias de chuva"}]},{"@type":"WebSite","@id":"https:\/\/contabilidadecaxias.com.br\/#website","url":"https:\/\/contabilidadecaxias.com.br\/","name":"Contabilidade Caxias","description":"Site especializado em Contabilidade para Caxias.","potentialAction":[{"@type":"SearchAction","target":{"@type":"EntryPoint","urlTemplate":"https:\/\/contabilidadecaxias.com.br\/?s={search_term_string}"},"query-input":{"@type":"PropertyValueSpecification","valueRequired":true,"valueName":"search_term_string"}}],"inLanguage":"pt-BR"}]}},"_links":{"self":[{"href":"https:\/\/contabilidadecaxias.com.br\/index.php\/wp-json\/wp\/v2\/posts\/5252","targetHints":{"allow":["GET"]}}],"collection":[{"href":"https:\/\/contabilidadecaxias.com.br\/index.php\/wp-json\/wp\/v2\/posts"}],"about":[{"href":"https:\/\/contabilidadecaxias.com.br\/index.php\/wp-json\/wp\/v2\/types\/post"}],"replies":[{"embeddable":true,"href":"https:\/\/contabilidadecaxias.com.br\/index.php\/wp-json\/wp\/v2\/comments?post=5252"}],"version-history":[{"count":0,"href":"https:\/\/contabilidadecaxias.com.br\/index.php\/wp-json\/wp\/v2\/posts\/5252\/revisions"}],"wp:attachment":[{"href":"https:\/\/contabilidadecaxias.com.br\/index.php\/wp-json\/wp\/v2\/media?parent=5252"}],"wp:term":[{"taxonomy":"category","embeddable":true,"href":"https:\/\/contabilidadecaxias.com.br\/index.php\/wp-json\/wp\/v2\/categories?post=5252"},{"taxonomy":"post_tag","embeddable":true,"href":"https:\/\/contabilidadecaxias.com.br\/index.php\/wp-json\/wp\/v2\/tags?post=5252"}],"curies":[{"name":"wp","href":"https:\/\/api.w.org\/{rel}","templated":true}]}}