{"id":5141,"date":"2022-03-28T10:43:48","date_gmt":"2022-03-28T13:43:48","guid":{"rendered":"https:\/\/contabilidadecaxias.com.br\/index.php\/2022\/03\/28\/o-que-alopecia-doenca-que-fez-mulher-de-will-smith-raspar-o-cabelo\/"},"modified":"2022-03-28T10:43:48","modified_gmt":"2022-03-28T13:43:48","slug":"o-que-alopecia-doenca-que-fez-mulher-de-will-smith-raspar-o-cabelo","status":"publish","type":"post","link":"https:\/\/contabilidadecaxias.com.br\/index.php\/2022\/03\/28\/o-que-alopecia-doenca-que-fez-mulher-de-will-smith-raspar-o-cabelo\/","title":{"rendered":"O que alopecia, doen\u00e7a que fez mulher de Will Smith raspar o cabelo?"},"content":{"rendered":"<p>A confus\u00e3o entre o astro Will Smith e o comediante Chris Rock, na cerim\u00f4nia de entrega do Oscar no \u00faltimo domingo (27) trouxe \u00e0 tona as consequ\u00eancias de uma doen\u00e7a chamada alopecia, que afeta homens e mulheres.\u00a0<\/p>\n<p>O problema aconteceu porque a mulher de Smith, Jada Pinkett Smith, foi alvo de uma piada de\u00a0Chris Rock, durante a apresenta\u00e7\u00e3o da categoria de melhor document\u00e1rio.<\/p>\n<p>Na ocasi\u00e3o, Rock comparou a atriz a personagem de Demi Moore, em &#8220;At\u00e9 o limite da honra&#8221;, que tem a cabe\u00e7a raspada. Jada, de 50 anos, no entanto,\u00a0tem alopecia, condi\u00e7\u00e3o capilar que a faz perder o cabelo.<\/p>\n<p>O desfecho da piada foi Smith, vencedor na noite na categoria melhor ator, levantando da cadeira e dando um tapa em Rock.\u00a0<\/p>\n<p>Mas o que alopecia? Segundo o site da farmac\u00eautica Pfizer, a\u00a0 alopecia \u00e9 uma condi\u00e7\u00e3o em que ocorre perda de cabelo ou de pelo em qualquer parte do corpo.\u00a0Por\u00e9m, o tipo mais comum \u00e9 a que se manifesta no couro cabeludo, a calv\u00edcie.\u00a0<\/p>\n<p>Segundo o site da farmac\u00eautica, as causas da alopecia podem ser variadas. No entanto, alguns fatores associados ao desenvolvimento da condi\u00e7\u00e3o s\u00e3o:<\/p>\n<p>Hereditariedade; Horm\u00f4nios masculinos; Traumas na regi\u00e3o; M\u00e1 alimenta\u00e7\u00e3o, que leva \u00e0 falta de vitaminas; Estresse; Oleosidade em excesso, relacionada \u00e0 dermatite seborreica; Rea\u00e7\u00e3o adversa a medicamentos ou certos tratamentos, como a quimioterapia; Tratamentos de beleza com produtos qu\u00edmicos que agridem o couro cabeludo; Problemas na tireoide; Infec\u00e7\u00f5es causadas por fungos ou bact\u00e9rias, inclusive casos de resist\u00eancia bacteriana.<\/p>\n<p>Jada Pinkett Smith na cerim\u00f4nia do Oscar | \u00a0Foto: Frazer Harrison \/ GETTY IMAGES NORTH AMERICA \/ Getty Images via AFP<\/p>\n<p>\u00a0 Tratamento <\/p>\n<p>Segundo a Pfizer, classificar o tipo de alopecia \u00e9 essencial para direcionar o tratamento, por isso a import\u00e2ncia de consultar o m\u00e9dico dermatologista.<\/p>\n<p>Certos tratamentos podem incluir o uso de antibi\u00f3ticos espec\u00edficos e outros medicamentos. Para defici\u00eancias nutricionais, a ingest\u00e3o de suplementos pode ser indicada. Quando o assunto s\u00e3o reparos est\u00e9ticos, o implante capilar torna-se uma op\u00e7\u00e3o para pessoas que sofrem com a calv\u00edcie, diz a farmac\u00eautica.\u00a0<\/p>\n<p>Preven\u00e7\u00e3o <\/p>\n<p>Quando h\u00e1 fatores gen\u00e9ticos envolvidos, n\u00e3o existem formas de prevenir a alopecia, lembra a Pfizer. No entanto, ao notar queda capilar elevada, \u00e9 preciso procurar um\u00a0 um especialista. Ele poder\u00e1 recomendar tratamentos para conter o avan\u00e7o do problema.\u00a0<\/p>\n<p>J\u00e1\u00a0para quem n\u00e3o tem casos de alopecia na fam\u00edlia, \u00e9 importante evitar tratamentos em sal\u00f5es que usam produtos qu\u00edmicos prejudiciais. &#8220;Sempre procure saber quais componentes ser\u00e3o usados e pergunte se eles podem causar danos permanentes aos fios. Afinal, uma vez que os fol\u00edculos s\u00e3o atingidos, o cabelo deixa de crescer.&#8221;\u00a0<\/p>\n<p>Outra recomenda\u00e7\u00e3o \u00e9 manter uma alimenta\u00e7\u00e3o saud\u00e1vel e variada, rica em minerais, prote\u00ednas e vitaminas.\u00a0<\/p>\n","protected":false},"excerpt":{"rendered":"<p>A confus\u00e3o entre o astro Will Smith e o comediante Chris Rock, na cerim\u00f4nia de entrega do Oscar no \u00faltimo domingo (27) trouxe \u00e0 tona as consequ\u00eancias de uma doen\u00e7a chamada alopecia, que afeta homens e mulheres.\u00a0 O problema aconteceu porque a mulher de Smith, Jada Pinkett Smith, foi alvo de uma piada de\u00a0Chris Rock, [&hellip;]<\/p>\n","protected":false},"author":0,"featured_media":5142,"comment_status":"open","ping_status":"open","sticky":false,"template":"","format":"standard","meta":{"footnotes":""},"categories":[4],"tags":[],"class_list":["post-5141","post","type-post","status-publish","format-standard","has-post-thumbnail","hentry","category-noticias-empreendedorismo"],"blocksy_meta":{"styles_descriptor":{"styles":{"desktop":"","tablet":"","mobile":""},"google_fonts":[],"version":6}},"yoast_head":"<!-- This site is optimized with the Yoast SEO plugin v27.5 - https:\/\/yoast.com\/product\/yoast-seo-wordpress\/ -->\n<title>O que alopecia, doen\u00e7a que fez mulher de Will Smith raspar o cabelo? - Contabilidade Caxias<\/title>\n<meta name=\"robots\" content=\"index, follow, max-snippet:-1, max-image-preview:large, max-video-preview:-1\" \/>\n<link rel=\"canonical\" href=\"https:\/\/contabilidadecaxias.com.br\/index.php\/2022\/03\/28\/o-que-alopecia-doenca-que-fez-mulher-de-will-smith-raspar-o-cabelo\/\" \/>\n<meta property=\"og:locale\" content=\"pt_BR\" \/>\n<meta property=\"og:type\" content=\"article\" \/>\n<meta property=\"og:title\" content=\"O que alopecia, doen\u00e7a que fez mulher de Will Smith raspar o cabelo? - Contabilidade Caxias\" \/>\n<meta property=\"og:description\" content=\"A confus\u00e3o entre o astro Will Smith e o comediante Chris Rock, na cerim\u00f4nia de entrega do Oscar no \u00faltimo domingo (27) trouxe \u00e0 tona as consequ\u00eancias de uma doen\u00e7a chamada alopecia, que afeta homens e mulheres.\u00a0 O problema aconteceu porque a mulher de Smith, Jada Pinkett Smith, foi alvo de uma piada de\u00a0Chris Rock, [&hellip;]\" \/>\n<meta property=\"og:url\" content=\"https:\/\/contabilidadecaxias.com.br\/index.php\/2022\/03\/28\/o-que-alopecia-doenca-que-fez-mulher-de-will-smith-raspar-o-cabelo\/\" \/>\n<meta property=\"og:site_name\" content=\"Contabilidade Caxias\" \/>\n<meta property=\"article:published_time\" content=\"2022-03-28T13:43:48+00:00\" \/>\n<meta name=\"twitter:card\" content=\"summary_large_image\" \/>\n<meta name=\"twitter:label1\" content=\"Est. tempo de leitura\" \/>\n\t<meta name=\"twitter:data1\" content=\"2 minutos\" \/>\n<script type=\"application\/ld+json\" class=\"yoast-schema-graph\">{\"@context\":\"https:\\\/\\\/schema.org\",\"@graph\":[{\"@type\":\"Article\",\"@id\":\"https:\\\/\\\/contabilidadecaxias.com.br\\\/index.php\\\/2022\\\/03\\\/28\\\/o-que-alopecia-doenca-que-fez-mulher-de-will-smith-raspar-o-cabelo\\\/#article\",\"isPartOf\":{\"@id\":\"https:\\\/\\\/contabilidadecaxias.com.br\\\/index.php\\\/2022\\\/03\\\/28\\\/o-que-alopecia-doenca-que-fez-mulher-de-will-smith-raspar-o-cabelo\\\/\"},\"author\":{\"name\":\"\",\"@id\":\"\"},\"headline\":\"O que alopecia, doen\u00e7a que fez mulher de Will Smith raspar o cabelo?\",\"datePublished\":\"2022-03-28T13:43:48+00:00\",\"mainEntityOfPage\":{\"@id\":\"https:\\\/\\\/contabilidadecaxias.com.br\\\/index.php\\\/2022\\\/03\\\/28\\\/o-que-alopecia-doenca-que-fez-mulher-de-will-smith-raspar-o-cabelo\\\/\"},\"wordCount\":492,\"commentCount\":0,\"image\":{\"@id\":\"https:\\\/\\\/contabilidadecaxias.com.br\\\/index.php\\\/2022\\\/03\\\/28\\\/o-que-alopecia-doenca-que-fez-mulher-de-will-smith-raspar-o-cabelo\\\/#primaryimage\"},\"thumbnailUrl\":\"https:\\\/\\\/contabilidadecaxias.com.br\\\/wp-content\\\/uploads\\\/2022\\\/03\\\/O-que-alopecia-doenca-que-fez-mulher-de-Will-Smith0318264100202203280957-okWlwp.jpeg\",\"articleSection\":[\"Empreendedorismo\"],\"inLanguage\":\"pt-BR\",\"potentialAction\":[{\"@type\":\"CommentAction\",\"name\":\"Comment\",\"target\":[\"https:\\\/\\\/contabilidadecaxias.com.br\\\/index.php\\\/2022\\\/03\\\/28\\\/o-que-alopecia-doenca-que-fez-mulher-de-will-smith-raspar-o-cabelo\\\/#respond\"]}]},{\"@type\":\"WebPage\",\"@id\":\"https:\\\/\\\/contabilidadecaxias.com.br\\\/index.php\\\/2022\\\/03\\\/28\\\/o-que-alopecia-doenca-que-fez-mulher-de-will-smith-raspar-o-cabelo\\\/\",\"url\":\"https:\\\/\\\/contabilidadecaxias.com.br\\\/index.php\\\/2022\\\/03\\\/28\\\/o-que-alopecia-doenca-que-fez-mulher-de-will-smith-raspar-o-cabelo\\\/\",\"name\":\"O que alopecia, doen\u00e7a que fez mulher de Will Smith raspar o cabelo? - Contabilidade Caxias\",\"isPartOf\":{\"@id\":\"https:\\\/\\\/contabilidadecaxias.com.br\\\/#website\"},\"primaryImageOfPage\":{\"@id\":\"https:\\\/\\\/contabilidadecaxias.com.br\\\/index.php\\\/2022\\\/03\\\/28\\\/o-que-alopecia-doenca-que-fez-mulher-de-will-smith-raspar-o-cabelo\\\/#primaryimage\"},\"image\":{\"@id\":\"https:\\\/\\\/contabilidadecaxias.com.br\\\/index.php\\\/2022\\\/03\\\/28\\\/o-que-alopecia-doenca-que-fez-mulher-de-will-smith-raspar-o-cabelo\\\/#primaryimage\"},\"thumbnailUrl\":\"https:\\\/\\\/contabilidadecaxias.com.br\\\/wp-content\\\/uploads\\\/2022\\\/03\\\/O-que-alopecia-doenca-que-fez-mulher-de-Will-Smith0318264100202203280957-okWlwp.jpeg\",\"datePublished\":\"2022-03-28T13:43:48+00:00\",\"author\":{\"@id\":\"\"},\"breadcrumb\":{\"@id\":\"https:\\\/\\\/contabilidadecaxias.com.br\\\/index.php\\\/2022\\\/03\\\/28\\\/o-que-alopecia-doenca-que-fez-mulher-de-will-smith-raspar-o-cabelo\\\/#breadcrumb\"},\"inLanguage\":\"pt-BR\",\"potentialAction\":[{\"@type\":\"ReadAction\",\"target\":[\"https:\\\/\\\/contabilidadecaxias.com.br\\\/index.php\\\/2022\\\/03\\\/28\\\/o-que-alopecia-doenca-que-fez-mulher-de-will-smith-raspar-o-cabelo\\\/\"]}]},{\"@type\":\"ImageObject\",\"inLanguage\":\"pt-BR\",\"@id\":\"https:\\\/\\\/contabilidadecaxias.com.br\\\/index.php\\\/2022\\\/03\\\/28\\\/o-que-alopecia-doenca-que-fez-mulher-de-will-smith-raspar-o-cabelo\\\/#primaryimage\",\"url\":\"https:\\\/\\\/contabilidadecaxias.com.br\\\/wp-content\\\/uploads\\\/2022\\\/03\\\/O-que-alopecia-doenca-que-fez-mulher-de-Will-Smith0318264100202203280957-okWlwp.jpeg\",\"contentUrl\":\"https:\\\/\\\/contabilidadecaxias.com.br\\\/wp-content\\\/uploads\\\/2022\\\/03\\\/O-que-alopecia-doenca-que-fez-mulher-de-Will-Smith0318264100202203280957-okWlwp.jpeg\",\"width\":420,\"height\":630},{\"@type\":\"BreadcrumbList\",\"@id\":\"https:\\\/\\\/contabilidadecaxias.com.br\\\/index.php\\\/2022\\\/03\\\/28\\\/o-que-alopecia-doenca-que-fez-mulher-de-will-smith-raspar-o-cabelo\\\/#breadcrumb\",\"itemListElement\":[{\"@type\":\"ListItem\",\"position\":1,\"name\":\"In\u00edcio\",\"item\":\"https:\\\/\\\/contabilidadecaxias.com.br\\\/\"},{\"@type\":\"ListItem\",\"position\":2,\"name\":\"O que alopecia, doen\u00e7a que fez mulher de Will Smith raspar o cabelo?\"}]},{\"@type\":\"WebSite\",\"@id\":\"https:\\\/\\\/contabilidadecaxias.com.br\\\/#website\",\"url\":\"https:\\\/\\\/contabilidadecaxias.com.br\\\/\",\"name\":\"Contabilidade Caxias\",\"description\":\"Site especializado em Contabilidade para Caxias.\",\"potentialAction\":[{\"@type\":\"SearchAction\",\"target\":{\"@type\":\"EntryPoint\",\"urlTemplate\":\"https:\\\/\\\/contabilidadecaxias.com.br\\\/?s={search_term_string}\"},\"query-input\":{\"@type\":\"PropertyValueSpecification\",\"valueRequired\":true,\"valueName\":\"search_term_string\"}}],\"inLanguage\":\"pt-BR\"}]}<\/script>\n<!-- \/ Yoast SEO plugin. -->","yoast_head_json":{"title":"O que alopecia, doen\u00e7a que fez mulher de Will Smith raspar o cabelo? - Contabilidade Caxias","robots":{"index":"index","follow":"follow","max-snippet":"max-snippet:-1","max-image-preview":"max-image-preview:large","max-video-preview":"max-video-preview:-1"},"canonical":"https:\/\/contabilidadecaxias.com.br\/index.php\/2022\/03\/28\/o-que-alopecia-doenca-que-fez-mulher-de-will-smith-raspar-o-cabelo\/","og_locale":"pt_BR","og_type":"article","og_title":"O que alopecia, doen\u00e7a que fez mulher de Will Smith raspar o cabelo? - Contabilidade Caxias","og_description":"A confus\u00e3o entre o astro Will Smith e o comediante Chris Rock, na cerim\u00f4nia de entrega do Oscar no \u00faltimo domingo (27) trouxe \u00e0 tona as consequ\u00eancias de uma doen\u00e7a chamada alopecia, que afeta homens e mulheres.\u00a0 O problema aconteceu porque a mulher de Smith, Jada Pinkett Smith, foi alvo de uma piada de\u00a0Chris Rock, [&hellip;]","og_url":"https:\/\/contabilidadecaxias.com.br\/index.php\/2022\/03\/28\/o-que-alopecia-doenca-que-fez-mulher-de-will-smith-raspar-o-cabelo\/","og_site_name":"Contabilidade Caxias","article_published_time":"2022-03-28T13:43:48+00:00","twitter_card":"summary_large_image","twitter_misc":{"Est. tempo de leitura":"2 minutos"},"schema":{"@context":"https:\/\/schema.org","@graph":[{"@type":"Article","@id":"https:\/\/contabilidadecaxias.com.br\/index.php\/2022\/03\/28\/o-que-alopecia-doenca-que-fez-mulher-de-will-smith-raspar-o-cabelo\/#article","isPartOf":{"@id":"https:\/\/contabilidadecaxias.com.br\/index.php\/2022\/03\/28\/o-que-alopecia-doenca-que-fez-mulher-de-will-smith-raspar-o-cabelo\/"},"author":{"name":"","@id":""},"headline":"O que alopecia, doen\u00e7a que fez mulher de Will Smith raspar o cabelo?","datePublished":"2022-03-28T13:43:48+00:00","mainEntityOfPage":{"@id":"https:\/\/contabilidadecaxias.com.br\/index.php\/2022\/03\/28\/o-que-alopecia-doenca-que-fez-mulher-de-will-smith-raspar-o-cabelo\/"},"wordCount":492,"commentCount":0,"image":{"@id":"https:\/\/contabilidadecaxias.com.br\/index.php\/2022\/03\/28\/o-que-alopecia-doenca-que-fez-mulher-de-will-smith-raspar-o-cabelo\/#primaryimage"},"thumbnailUrl":"https:\/\/contabilidadecaxias.com.br\/wp-content\/uploads\/2022\/03\/O-que-alopecia-doenca-que-fez-mulher-de-Will-Smith0318264100202203280957-okWlwp.jpeg","articleSection":["Empreendedorismo"],"inLanguage":"pt-BR","potentialAction":[{"@type":"CommentAction","name":"Comment","target":["https:\/\/contabilidadecaxias.com.br\/index.php\/2022\/03\/28\/o-que-alopecia-doenca-que-fez-mulher-de-will-smith-raspar-o-cabelo\/#respond"]}]},{"@type":"WebPage","@id":"https:\/\/contabilidadecaxias.com.br\/index.php\/2022\/03\/28\/o-que-alopecia-doenca-que-fez-mulher-de-will-smith-raspar-o-cabelo\/","url":"https:\/\/contabilidadecaxias.com.br\/index.php\/2022\/03\/28\/o-que-alopecia-doenca-que-fez-mulher-de-will-smith-raspar-o-cabelo\/","name":"O que alopecia, doen\u00e7a que fez mulher de Will Smith raspar o cabelo? - Contabilidade Caxias","isPartOf":{"@id":"https:\/\/contabilidadecaxias.com.br\/#website"},"primaryImageOfPage":{"@id":"https:\/\/contabilidadecaxias.com.br\/index.php\/2022\/03\/28\/o-que-alopecia-doenca-que-fez-mulher-de-will-smith-raspar-o-cabelo\/#primaryimage"},"image":{"@id":"https:\/\/contabilidadecaxias.com.br\/index.php\/2022\/03\/28\/o-que-alopecia-doenca-que-fez-mulher-de-will-smith-raspar-o-cabelo\/#primaryimage"},"thumbnailUrl":"https:\/\/contabilidadecaxias.com.br\/wp-content\/uploads\/2022\/03\/O-que-alopecia-doenca-que-fez-mulher-de-Will-Smith0318264100202203280957-okWlwp.jpeg","datePublished":"2022-03-28T13:43:48+00:00","author":{"@id":""},"breadcrumb":{"@id":"https:\/\/contabilidadecaxias.com.br\/index.php\/2022\/03\/28\/o-que-alopecia-doenca-que-fez-mulher-de-will-smith-raspar-o-cabelo\/#breadcrumb"},"inLanguage":"pt-BR","potentialAction":[{"@type":"ReadAction","target":["https:\/\/contabilidadecaxias.com.br\/index.php\/2022\/03\/28\/o-que-alopecia-doenca-que-fez-mulher-de-will-smith-raspar-o-cabelo\/"]}]},{"@type":"ImageObject","inLanguage":"pt-BR","@id":"https:\/\/contabilidadecaxias.com.br\/index.php\/2022\/03\/28\/o-que-alopecia-doenca-que-fez-mulher-de-will-smith-raspar-o-cabelo\/#primaryimage","url":"https:\/\/contabilidadecaxias.com.br\/wp-content\/uploads\/2022\/03\/O-que-alopecia-doenca-que-fez-mulher-de-Will-Smith0318264100202203280957-okWlwp.jpeg","contentUrl":"https:\/\/contabilidadecaxias.com.br\/wp-content\/uploads\/2022\/03\/O-que-alopecia-doenca-que-fez-mulher-de-Will-Smith0318264100202203280957-okWlwp.jpeg","width":420,"height":630},{"@type":"BreadcrumbList","@id":"https:\/\/contabilidadecaxias.com.br\/index.php\/2022\/03\/28\/o-que-alopecia-doenca-que-fez-mulher-de-will-smith-raspar-o-cabelo\/#breadcrumb","itemListElement":[{"@type":"ListItem","position":1,"name":"In\u00edcio","item":"https:\/\/contabilidadecaxias.com.br\/"},{"@type":"ListItem","position":2,"name":"O que alopecia, doen\u00e7a que fez mulher de Will Smith raspar o cabelo?"}]},{"@type":"WebSite","@id":"https:\/\/contabilidadecaxias.com.br\/#website","url":"https:\/\/contabilidadecaxias.com.br\/","name":"Contabilidade Caxias","description":"Site especializado em Contabilidade para Caxias.","potentialAction":[{"@type":"SearchAction","target":{"@type":"EntryPoint","urlTemplate":"https:\/\/contabilidadecaxias.com.br\/?s={search_term_string}"},"query-input":{"@type":"PropertyValueSpecification","valueRequired":true,"valueName":"search_term_string"}}],"inLanguage":"pt-BR"}]}},"_links":{"self":[{"href":"https:\/\/contabilidadecaxias.com.br\/index.php\/wp-json\/wp\/v2\/posts\/5141","targetHints":{"allow":["GET"]}}],"collection":[{"href":"https:\/\/contabilidadecaxias.com.br\/index.php\/wp-json\/wp\/v2\/posts"}],"about":[{"href":"https:\/\/contabilidadecaxias.com.br\/index.php\/wp-json\/wp\/v2\/types\/post"}],"replies":[{"embeddable":true,"href":"https:\/\/contabilidadecaxias.com.br\/index.php\/wp-json\/wp\/v2\/comments?post=5141"}],"version-history":[{"count":0,"href":"https:\/\/contabilidadecaxias.com.br\/index.php\/wp-json\/wp\/v2\/posts\/5141\/revisions"}],"wp:featuredmedia":[{"embeddable":true,"href":"https:\/\/contabilidadecaxias.com.br\/index.php\/wp-json\/wp\/v2\/media\/5142"}],"wp:attachment":[{"href":"https:\/\/contabilidadecaxias.com.br\/index.php\/wp-json\/wp\/v2\/media?parent=5141"}],"wp:term":[{"taxonomy":"category","embeddable":true,"href":"https:\/\/contabilidadecaxias.com.br\/index.php\/wp-json\/wp\/v2\/categories?post=5141"},{"taxonomy":"post_tag","embeddable":true,"href":"https:\/\/contabilidadecaxias.com.br\/index.php\/wp-json\/wp\/v2\/tags?post=5141"}],"curies":[{"name":"wp","href":"https:\/\/api.w.org\/{rel}","templated":true}]}}