{"id":4741,"date":"2022-03-25T12:26:10","date_gmt":"2022-03-25T15:26:10","guid":{"rendered":"https:\/\/contabilidadecaxias.com.br\/index.php\/2022\/03\/25\/bolsonaro-diz-que-foi-unico-chefe-de-estado-a-ser-contra-isolamento-social\/"},"modified":"2022-03-25T12:26:10","modified_gmt":"2022-03-25T15:26:10","slug":"bolsonaro-diz-que-foi-unico-chefe-de-estado-a-ser-contra-isolamento-social","status":"publish","type":"post","link":"https:\/\/contabilidadecaxias.com.br\/index.php\/2022\/03\/25\/bolsonaro-diz-que-foi-unico-chefe-de-estado-a-ser-contra-isolamento-social\/","title":{"rendered":"Bolsonaro diz que foi \u00fanico chefe de Estado a ser contra isolamento social"},"content":{"rendered":"<p>S\u00c3O PAULO, SP (UOL-FOLHAPRESS) &#8211; Ao falar no evento de lan\u00e7amento do programa Renda e Oportunidade, no Pal\u00e1cio do Planalto, o presidente Jair Bolsonaro (PL) reconheceu que pode ter sido &#8220;o \u00fanico chefe de Estado do mundo&#8221; a se posicionar contra medidas de isolamento social no combate \u00e0 pandemia do novo coronav\u00edrus.<\/p>\n<p>&#8220;Talvez eu tenha sido o \u00fanico chefe de Estado do mundo que falou exatamente o contr\u00e1rio. Disse para cuidarmos dos idosos que tem comorbidades e para o resto ir \u00e0 luta&#8221;, afirmou o mandat\u00e1rio.<\/p>\n<p>Segundo Bolsonaro, &#8220;lamentavelmente&#8221; os governadores defenderam a pol\u00edtica do &#8220;fique em casa, que a economia a gente v\u00ea depois&#8221; que, segundo o presidente, levaram ao aumento da infla\u00e7\u00e3o.<\/p>\n<p>&#8220;As consequ\u00eancias foram realmente n\u00e3o muito boas para a economia, em especial, aquilo que mais prejudica a todos, em especial os mais humildes, que \u00e9 a infla\u00e7\u00e3o&#8221;, disse.<\/p>\n<p>Sem apresentar dados que comprovassem a afirma\u00e7\u00e3o, o mandat\u00e1rio tamb\u00e9m afirmou que a fome e a viol\u00eancia podem ter matado &#8220;muito mais do que o v\u00edrus&#8221;.<\/p>\n<p>Bolsonaro tamb\u00e9m disse que a popula\u00e7\u00e3o conheceu &#8220;prot\u00f3tipos de ditadores&#8221; no Brasil, estendendo os ataques aos prefeitos.<\/p>\n<p>&#8220;Foi uma grande covardia praticada por muitos governadores, n\u00e3o tem outra explica\u00e7\u00e3o para falar sobre isso da\u00ed, obrigado 38 milh\u00f5es de pessoas, que trabalhavam durante o dia para levar um prato de comida \u00e0 noite para casa, a ficar em casa&#8221;, declarou.<\/p>\n<p>At\u00e9 o momento, o Brasil j\u00e1 registrou 658.367 mortes em decorr\u00eancia da doen\u00e7a, segundo dados fornecidos pelo cons\u00f3rcio de ve\u00edculos de imprensa.<\/p>\n","protected":false},"excerpt":{"rendered":"<p>S\u00c3O PAULO, SP (UOL-FOLHAPRESS) &#8211; Ao falar no evento de lan\u00e7amento do programa Renda e Oportunidade, no Pal\u00e1cio do Planalto, o presidente Jair Bolsonaro (PL) reconheceu que pode ter sido &#8220;o \u00fanico chefe de Estado do mundo&#8221; a se posicionar contra medidas de isolamento social no combate \u00e0 pandemia do novo coronav\u00edrus. &#8220;Talvez eu tenha [&hellip;]<\/p>\n","protected":false},"author":0,"featured_media":0,"comment_status":"open","ping_status":"open","sticky":false,"template":"","format":"standard","meta":{"footnotes":""},"categories":[4],"tags":[],"class_list":["post-4741","post","type-post","status-publish","format-standard","hentry","category-noticias-empreendedorismo"],"blocksy_meta":{"styles_descriptor":{"styles":{"desktop":"","tablet":"","mobile":""},"google_fonts":[],"version":6}},"yoast_head":"<!-- This site is optimized with the Yoast SEO plugin v27.5 - https:\/\/yoast.com\/product\/yoast-seo-wordpress\/ -->\n<title>Bolsonaro diz que foi \u00fanico chefe de Estado a ser contra isolamento social - Contabilidade Caxias<\/title>\n<meta name=\"robots\" content=\"index, follow, max-snippet:-1, max-image-preview:large, max-video-preview:-1\" \/>\n<link rel=\"canonical\" href=\"https:\/\/contabilidadecaxias.com.br\/index.php\/2022\/03\/25\/bolsonaro-diz-que-foi-unico-chefe-de-estado-a-ser-contra-isolamento-social\/\" \/>\n<meta property=\"og:locale\" content=\"pt_BR\" \/>\n<meta property=\"og:type\" content=\"article\" \/>\n<meta property=\"og:title\" content=\"Bolsonaro diz que foi \u00fanico chefe de Estado a ser contra isolamento social - Contabilidade Caxias\" \/>\n<meta property=\"og:description\" content=\"S\u00c3O PAULO, SP (UOL-FOLHAPRESS) &#8211; Ao falar no evento de lan\u00e7amento do programa Renda e Oportunidade, no Pal\u00e1cio do Planalto, o presidente Jair Bolsonaro (PL) reconheceu que pode ter sido &#8220;o \u00fanico chefe de Estado do mundo&#8221; a se posicionar contra medidas de isolamento social no combate \u00e0 pandemia do novo coronav\u00edrus. &#8220;Talvez eu tenha [&hellip;]\" \/>\n<meta property=\"og:url\" content=\"https:\/\/contabilidadecaxias.com.br\/index.php\/2022\/03\/25\/bolsonaro-diz-que-foi-unico-chefe-de-estado-a-ser-contra-isolamento-social\/\" \/>\n<meta property=\"og:site_name\" content=\"Contabilidade Caxias\" \/>\n<meta property=\"article:published_time\" content=\"2022-03-25T15:26:10+00:00\" \/>\n<meta name=\"twitter:card\" content=\"summary_large_image\" \/>\n<meta name=\"twitter:label1\" content=\"Est. tempo de leitura\" \/>\n\t<meta name=\"twitter:data1\" content=\"1 minuto\" \/>\n<script type=\"application\/ld+json\" class=\"yoast-schema-graph\">{\"@context\":\"https:\\\/\\\/schema.org\",\"@graph\":[{\"@type\":\"Article\",\"@id\":\"https:\\\/\\\/contabilidadecaxias.com.br\\\/index.php\\\/2022\\\/03\\\/25\\\/bolsonaro-diz-que-foi-unico-chefe-de-estado-a-ser-contra-isolamento-social\\\/#article\",\"isPartOf\":{\"@id\":\"https:\\\/\\\/contabilidadecaxias.com.br\\\/index.php\\\/2022\\\/03\\\/25\\\/bolsonaro-diz-que-foi-unico-chefe-de-estado-a-ser-contra-isolamento-social\\\/\"},\"author\":{\"name\":\"\",\"@id\":\"\"},\"headline\":\"Bolsonaro diz que foi \u00fanico chefe de Estado a ser contra isolamento social\",\"datePublished\":\"2022-03-25T15:26:10+00:00\",\"mainEntityOfPage\":{\"@id\":\"https:\\\/\\\/contabilidadecaxias.com.br\\\/index.php\\\/2022\\\/03\\\/25\\\/bolsonaro-diz-que-foi-unico-chefe-de-estado-a-ser-contra-isolamento-social\\\/\"},\"wordCount\":282,\"commentCount\":0,\"articleSection\":[\"Empreendedorismo\"],\"inLanguage\":\"pt-BR\",\"potentialAction\":[{\"@type\":\"CommentAction\",\"name\":\"Comment\",\"target\":[\"https:\\\/\\\/contabilidadecaxias.com.br\\\/index.php\\\/2022\\\/03\\\/25\\\/bolsonaro-diz-que-foi-unico-chefe-de-estado-a-ser-contra-isolamento-social\\\/#respond\"]}]},{\"@type\":\"WebPage\",\"@id\":\"https:\\\/\\\/contabilidadecaxias.com.br\\\/index.php\\\/2022\\\/03\\\/25\\\/bolsonaro-diz-que-foi-unico-chefe-de-estado-a-ser-contra-isolamento-social\\\/\",\"url\":\"https:\\\/\\\/contabilidadecaxias.com.br\\\/index.php\\\/2022\\\/03\\\/25\\\/bolsonaro-diz-que-foi-unico-chefe-de-estado-a-ser-contra-isolamento-social\\\/\",\"name\":\"Bolsonaro diz que foi \u00fanico chefe de Estado a ser contra isolamento social - Contabilidade Caxias\",\"isPartOf\":{\"@id\":\"https:\\\/\\\/contabilidadecaxias.com.br\\\/#website\"},\"datePublished\":\"2022-03-25T15:26:10+00:00\",\"author\":{\"@id\":\"\"},\"breadcrumb\":{\"@id\":\"https:\\\/\\\/contabilidadecaxias.com.br\\\/index.php\\\/2022\\\/03\\\/25\\\/bolsonaro-diz-que-foi-unico-chefe-de-estado-a-ser-contra-isolamento-social\\\/#breadcrumb\"},\"inLanguage\":\"pt-BR\",\"potentialAction\":[{\"@type\":\"ReadAction\",\"target\":[\"https:\\\/\\\/contabilidadecaxias.com.br\\\/index.php\\\/2022\\\/03\\\/25\\\/bolsonaro-diz-que-foi-unico-chefe-de-estado-a-ser-contra-isolamento-social\\\/\"]}]},{\"@type\":\"BreadcrumbList\",\"@id\":\"https:\\\/\\\/contabilidadecaxias.com.br\\\/index.php\\\/2022\\\/03\\\/25\\\/bolsonaro-diz-que-foi-unico-chefe-de-estado-a-ser-contra-isolamento-social\\\/#breadcrumb\",\"itemListElement\":[{\"@type\":\"ListItem\",\"position\":1,\"name\":\"In\u00edcio\",\"item\":\"https:\\\/\\\/contabilidadecaxias.com.br\\\/\"},{\"@type\":\"ListItem\",\"position\":2,\"name\":\"Bolsonaro diz que foi \u00fanico chefe de Estado a ser contra isolamento social\"}]},{\"@type\":\"WebSite\",\"@id\":\"https:\\\/\\\/contabilidadecaxias.com.br\\\/#website\",\"url\":\"https:\\\/\\\/contabilidadecaxias.com.br\\\/\",\"name\":\"Contabilidade Caxias\",\"description\":\"Site especializado em Contabilidade para Caxias.\",\"potentialAction\":[{\"@type\":\"SearchAction\",\"target\":{\"@type\":\"EntryPoint\",\"urlTemplate\":\"https:\\\/\\\/contabilidadecaxias.com.br\\\/?s={search_term_string}\"},\"query-input\":{\"@type\":\"PropertyValueSpecification\",\"valueRequired\":true,\"valueName\":\"search_term_string\"}}],\"inLanguage\":\"pt-BR\"}]}<\/script>\n<!-- \/ Yoast SEO plugin. -->","yoast_head_json":{"title":"Bolsonaro diz que foi \u00fanico chefe de Estado a ser contra isolamento social - Contabilidade Caxias","robots":{"index":"index","follow":"follow","max-snippet":"max-snippet:-1","max-image-preview":"max-image-preview:large","max-video-preview":"max-video-preview:-1"},"canonical":"https:\/\/contabilidadecaxias.com.br\/index.php\/2022\/03\/25\/bolsonaro-diz-que-foi-unico-chefe-de-estado-a-ser-contra-isolamento-social\/","og_locale":"pt_BR","og_type":"article","og_title":"Bolsonaro diz que foi \u00fanico chefe de Estado a ser contra isolamento social - Contabilidade Caxias","og_description":"S\u00c3O PAULO, SP (UOL-FOLHAPRESS) &#8211; Ao falar no evento de lan\u00e7amento do programa Renda e Oportunidade, no Pal\u00e1cio do Planalto, o presidente Jair Bolsonaro (PL) reconheceu que pode ter sido &#8220;o \u00fanico chefe de Estado do mundo&#8221; a se posicionar contra medidas de isolamento social no combate \u00e0 pandemia do novo coronav\u00edrus. &#8220;Talvez eu tenha [&hellip;]","og_url":"https:\/\/contabilidadecaxias.com.br\/index.php\/2022\/03\/25\/bolsonaro-diz-que-foi-unico-chefe-de-estado-a-ser-contra-isolamento-social\/","og_site_name":"Contabilidade Caxias","article_published_time":"2022-03-25T15:26:10+00:00","twitter_card":"summary_large_image","twitter_misc":{"Est. tempo de leitura":"1 minuto"},"schema":{"@context":"https:\/\/schema.org","@graph":[{"@type":"Article","@id":"https:\/\/contabilidadecaxias.com.br\/index.php\/2022\/03\/25\/bolsonaro-diz-que-foi-unico-chefe-de-estado-a-ser-contra-isolamento-social\/#article","isPartOf":{"@id":"https:\/\/contabilidadecaxias.com.br\/index.php\/2022\/03\/25\/bolsonaro-diz-que-foi-unico-chefe-de-estado-a-ser-contra-isolamento-social\/"},"author":{"name":"","@id":""},"headline":"Bolsonaro diz que foi \u00fanico chefe de Estado a ser contra isolamento social","datePublished":"2022-03-25T15:26:10+00:00","mainEntityOfPage":{"@id":"https:\/\/contabilidadecaxias.com.br\/index.php\/2022\/03\/25\/bolsonaro-diz-que-foi-unico-chefe-de-estado-a-ser-contra-isolamento-social\/"},"wordCount":282,"commentCount":0,"articleSection":["Empreendedorismo"],"inLanguage":"pt-BR","potentialAction":[{"@type":"CommentAction","name":"Comment","target":["https:\/\/contabilidadecaxias.com.br\/index.php\/2022\/03\/25\/bolsonaro-diz-que-foi-unico-chefe-de-estado-a-ser-contra-isolamento-social\/#respond"]}]},{"@type":"WebPage","@id":"https:\/\/contabilidadecaxias.com.br\/index.php\/2022\/03\/25\/bolsonaro-diz-que-foi-unico-chefe-de-estado-a-ser-contra-isolamento-social\/","url":"https:\/\/contabilidadecaxias.com.br\/index.php\/2022\/03\/25\/bolsonaro-diz-que-foi-unico-chefe-de-estado-a-ser-contra-isolamento-social\/","name":"Bolsonaro diz que foi \u00fanico chefe de Estado a ser contra isolamento social - Contabilidade Caxias","isPartOf":{"@id":"https:\/\/contabilidadecaxias.com.br\/#website"},"datePublished":"2022-03-25T15:26:10+00:00","author":{"@id":""},"breadcrumb":{"@id":"https:\/\/contabilidadecaxias.com.br\/index.php\/2022\/03\/25\/bolsonaro-diz-que-foi-unico-chefe-de-estado-a-ser-contra-isolamento-social\/#breadcrumb"},"inLanguage":"pt-BR","potentialAction":[{"@type":"ReadAction","target":["https:\/\/contabilidadecaxias.com.br\/index.php\/2022\/03\/25\/bolsonaro-diz-que-foi-unico-chefe-de-estado-a-ser-contra-isolamento-social\/"]}]},{"@type":"BreadcrumbList","@id":"https:\/\/contabilidadecaxias.com.br\/index.php\/2022\/03\/25\/bolsonaro-diz-que-foi-unico-chefe-de-estado-a-ser-contra-isolamento-social\/#breadcrumb","itemListElement":[{"@type":"ListItem","position":1,"name":"In\u00edcio","item":"https:\/\/contabilidadecaxias.com.br\/"},{"@type":"ListItem","position":2,"name":"Bolsonaro diz que foi \u00fanico chefe de Estado a ser contra isolamento social"}]},{"@type":"WebSite","@id":"https:\/\/contabilidadecaxias.com.br\/#website","url":"https:\/\/contabilidadecaxias.com.br\/","name":"Contabilidade Caxias","description":"Site especializado em Contabilidade para Caxias.","potentialAction":[{"@type":"SearchAction","target":{"@type":"EntryPoint","urlTemplate":"https:\/\/contabilidadecaxias.com.br\/?s={search_term_string}"},"query-input":{"@type":"PropertyValueSpecification","valueRequired":true,"valueName":"search_term_string"}}],"inLanguage":"pt-BR"}]}},"_links":{"self":[{"href":"https:\/\/contabilidadecaxias.com.br\/index.php\/wp-json\/wp\/v2\/posts\/4741","targetHints":{"allow":["GET"]}}],"collection":[{"href":"https:\/\/contabilidadecaxias.com.br\/index.php\/wp-json\/wp\/v2\/posts"}],"about":[{"href":"https:\/\/contabilidadecaxias.com.br\/index.php\/wp-json\/wp\/v2\/types\/post"}],"replies":[{"embeddable":true,"href":"https:\/\/contabilidadecaxias.com.br\/index.php\/wp-json\/wp\/v2\/comments?post=4741"}],"version-history":[{"count":0,"href":"https:\/\/contabilidadecaxias.com.br\/index.php\/wp-json\/wp\/v2\/posts\/4741\/revisions"}],"wp:attachment":[{"href":"https:\/\/contabilidadecaxias.com.br\/index.php\/wp-json\/wp\/v2\/media?parent=4741"}],"wp:term":[{"taxonomy":"category","embeddable":true,"href":"https:\/\/contabilidadecaxias.com.br\/index.php\/wp-json\/wp\/v2\/categories?post=4741"},{"taxonomy":"post_tag","embeddable":true,"href":"https:\/\/contabilidadecaxias.com.br\/index.php\/wp-json\/wp\/v2\/tags?post=4741"}],"curies":[{"name":"wp","href":"https:\/\/api.w.org\/{rel}","templated":true}]}}