{"id":4658,"date":"2022-03-25T00:29:17","date_gmt":"2022-03-25T03:29:17","guid":{"rendered":"https:\/\/contabilidadecaxias.com.br\/index.php\/2022\/03\/25\/prefeito-que-organizou-encontro-com-pastores-do-mec-ja-foi-preso-por-garimpo-ilegal\/"},"modified":"2022-03-25T00:29:17","modified_gmt":"2022-03-25T03:29:17","slug":"prefeito-que-organizou-encontro-com-pastores-do-mec-ja-foi-preso-por-garimpo-ilegal","status":"publish","type":"post","link":"https:\/\/contabilidadecaxias.com.br\/index.php\/2022\/03\/25\/prefeito-que-organizou-encontro-com-pastores-do-mec-ja-foi-preso-por-garimpo-ilegal\/","title":{"rendered":"Prefeito que organizou encontro com pastores do MEC j\u00e1 foi preso por garimpo ilegal"},"content":{"rendered":"<p>S\u00c3O PAULO, SP (FOLHAPRESS) &#8211; O prefeito de Centro Novo (MA), J\u00fanior Garimpeiro (PP), envolvido no esc\u00e2ndalo dos pastores no Minist\u00e9rio da Educa\u00e7\u00e3o, j\u00e1 foi preso em uma investiga\u00e7\u00e3o de garimpo ilegal.<\/p>\n<p>A pris\u00e3o foi decretada em 15 de setembro de 2021 na Opera\u00e7\u00e3o Curim\u00e3, da Pol\u00edcia Federal, para desarticular uma quadrilha que estava desmatando extensas \u00e1reas de terra e as transformando em garimpos.<\/p>\n<p>J\u00fanior Garimpeiro passou 13 dias foragido, entregou-se em 28 daquele m\u00eas na superintend\u00eancia em S\u00e3o Lu\u00eds e foi encaminhado para o pres\u00eddio de Pedrinhas, at\u00e9 conseguir ter a pris\u00e3o relaxada pela Justi\u00e7a.<\/p>\n<p>De acordo com a PF, o grupo tinha &#8220;grande poderio econ\u00f4mico e pol\u00edtico&#8221; e j\u00e1 atuava na regi\u00e3o havia pelo menos tr\u00eas anos. Foi respons\u00e1vel pelo desmatamento de mais de 60 mil hectares sem autoriza\u00e7\u00e3o dos \u00f3rg\u00e3os competentes e pelo uso de subst\u00e2ncias t\u00f3xicas, como cianeto e merc\u00fario, para a extra\u00e7\u00e3o massiva de ouro.<\/p>\n<p>O prefeito foi convidado a participar de audi\u00eancia no Senado Federal ap\u00f3s seu nome ter sido envolvido nas den\u00fancias sobre a atua\u00e7\u00e3o indevida de pastores do MEC e no FNDE (Fundo Nacional de Desenvolvimento da Educa\u00e7\u00e3o).<\/p>\n<p>Os pastores Gilmar Santos e Arilton Moura estiveram em Centro Novo (MA), munic\u00edpio de 22 mil habitantes, em maio do ano passado. Ambos integraram oficialmente a mesa da solenidade e tiveram direito a falas, como se fossem integrantes do governo. Na ocasi\u00e3o, prefeitos da regi\u00e3o foram apresentados aos dois e, a partir da\u00ed, passaram a ter interlocu\u00e7\u00e3o com o minist\u00e9rio, por interm\u00e9dio dos religiosos.<\/p>\n<p>&#8220;Minha hist\u00f3ria com Centro Novo come\u00e7a com Arilton, esse homem que pegou no meu p\u00e9 e insistiu para que eu desse aten\u00e7\u00e3o ao Maranh\u00e3o. Depois conheci o Gilmar, o l\u00edder da igreja, que tamb\u00e9m ficou no meu p\u00e9&#8221;, disse o ministro Milton Ribeiro, em v\u00eddeo publicado pelo munic\u00edpio.<\/p>\n<p>O presidente do FNDE agradeceu aos pastores pela organiza\u00e7\u00e3o do evento, o que evidencia o protagonismo de ambos na defini\u00e7\u00e3o da agenda da pasta. O prefeito de Centro Novo, J\u00fanior Garimpeiro (PP), foi procurado, mas n\u00e3o respondeu.<\/p>\n","protected":false},"excerpt":{"rendered":"<p>S\u00c3O PAULO, SP (FOLHAPRESS) &#8211; O prefeito de Centro Novo (MA), J\u00fanior Garimpeiro (PP), envolvido no esc\u00e2ndalo dos pastores no Minist\u00e9rio da Educa\u00e7\u00e3o, j\u00e1 foi preso em uma investiga\u00e7\u00e3o de garimpo ilegal. A pris\u00e3o foi decretada em 15 de setembro de 2021 na Opera\u00e7\u00e3o Curim\u00e3, da Pol\u00edcia Federal, para desarticular uma quadrilha que estava desmatando [&hellip;]<\/p>\n","protected":false},"author":0,"featured_media":0,"comment_status":"open","ping_status":"open","sticky":false,"template":"","format":"standard","meta":{"footnotes":""},"categories":[4],"tags":[],"class_list":["post-4658","post","type-post","status-publish","format-standard","hentry","category-noticias-empreendedorismo"],"blocksy_meta":{"styles_descriptor":{"styles":{"desktop":"","tablet":"","mobile":""},"google_fonts":[],"version":6}},"yoast_head":"<!-- This site is optimized with the Yoast SEO plugin v27.5 - https:\/\/yoast.com\/product\/yoast-seo-wordpress\/ -->\n<title>Prefeito que organizou encontro com pastores do MEC j\u00e1 foi preso por garimpo ilegal - Contabilidade Caxias<\/title>\n<meta name=\"robots\" content=\"index, follow, max-snippet:-1, max-image-preview:large, max-video-preview:-1\" \/>\n<link rel=\"canonical\" href=\"https:\/\/contabilidadecaxias.com.br\/index.php\/2022\/03\/25\/prefeito-que-organizou-encontro-com-pastores-do-mec-ja-foi-preso-por-garimpo-ilegal\/\" \/>\n<meta property=\"og:locale\" content=\"pt_BR\" \/>\n<meta property=\"og:type\" content=\"article\" \/>\n<meta property=\"og:title\" content=\"Prefeito que organizou encontro com pastores do MEC j\u00e1 foi preso por garimpo ilegal - Contabilidade Caxias\" \/>\n<meta property=\"og:description\" content=\"S\u00c3O PAULO, SP (FOLHAPRESS) &#8211; O prefeito de Centro Novo (MA), J\u00fanior Garimpeiro (PP), envolvido no esc\u00e2ndalo dos pastores no Minist\u00e9rio da Educa\u00e7\u00e3o, j\u00e1 foi preso em uma investiga\u00e7\u00e3o de garimpo ilegal. A pris\u00e3o foi decretada em 15 de setembro de 2021 na Opera\u00e7\u00e3o Curim\u00e3, da Pol\u00edcia Federal, para desarticular uma quadrilha que estava desmatando [&hellip;]\" \/>\n<meta property=\"og:url\" content=\"https:\/\/contabilidadecaxias.com.br\/index.php\/2022\/03\/25\/prefeito-que-organizou-encontro-com-pastores-do-mec-ja-foi-preso-por-garimpo-ilegal\/\" \/>\n<meta property=\"og:site_name\" content=\"Contabilidade Caxias\" \/>\n<meta property=\"article:published_time\" content=\"2022-03-25T03:29:17+00:00\" \/>\n<meta name=\"twitter:card\" content=\"summary_large_image\" \/>\n<meta name=\"twitter:label1\" content=\"Est. tempo de leitura\" \/>\n\t<meta name=\"twitter:data1\" content=\"2 minutos\" \/>\n<script type=\"application\/ld+json\" class=\"yoast-schema-graph\">{\"@context\":\"https:\\\/\\\/schema.org\",\"@graph\":[{\"@type\":\"Article\",\"@id\":\"https:\\\/\\\/contabilidadecaxias.com.br\\\/index.php\\\/2022\\\/03\\\/25\\\/prefeito-que-organizou-encontro-com-pastores-do-mec-ja-foi-preso-por-garimpo-ilegal\\\/#article\",\"isPartOf\":{\"@id\":\"https:\\\/\\\/contabilidadecaxias.com.br\\\/index.php\\\/2022\\\/03\\\/25\\\/prefeito-que-organizou-encontro-com-pastores-do-mec-ja-foi-preso-por-garimpo-ilegal\\\/\"},\"author\":{\"name\":\"\",\"@id\":\"\"},\"headline\":\"Prefeito que organizou encontro com pastores do MEC j\u00e1 foi preso por garimpo ilegal\",\"datePublished\":\"2022-03-25T03:29:17+00:00\",\"mainEntityOfPage\":{\"@id\":\"https:\\\/\\\/contabilidadecaxias.com.br\\\/index.php\\\/2022\\\/03\\\/25\\\/prefeito-que-organizou-encontro-com-pastores-do-mec-ja-foi-preso-por-garimpo-ilegal\\\/\"},\"wordCount\":394,\"commentCount\":0,\"articleSection\":[\"Empreendedorismo\"],\"inLanguage\":\"pt-BR\",\"potentialAction\":[{\"@type\":\"CommentAction\",\"name\":\"Comment\",\"target\":[\"https:\\\/\\\/contabilidadecaxias.com.br\\\/index.php\\\/2022\\\/03\\\/25\\\/prefeito-que-organizou-encontro-com-pastores-do-mec-ja-foi-preso-por-garimpo-ilegal\\\/#respond\"]}]},{\"@type\":\"WebPage\",\"@id\":\"https:\\\/\\\/contabilidadecaxias.com.br\\\/index.php\\\/2022\\\/03\\\/25\\\/prefeito-que-organizou-encontro-com-pastores-do-mec-ja-foi-preso-por-garimpo-ilegal\\\/\",\"url\":\"https:\\\/\\\/contabilidadecaxias.com.br\\\/index.php\\\/2022\\\/03\\\/25\\\/prefeito-que-organizou-encontro-com-pastores-do-mec-ja-foi-preso-por-garimpo-ilegal\\\/\",\"name\":\"Prefeito que organizou encontro com pastores do MEC j\u00e1 foi preso por garimpo ilegal - Contabilidade Caxias\",\"isPartOf\":{\"@id\":\"https:\\\/\\\/contabilidadecaxias.com.br\\\/#website\"},\"datePublished\":\"2022-03-25T03:29:17+00:00\",\"author\":{\"@id\":\"\"},\"breadcrumb\":{\"@id\":\"https:\\\/\\\/contabilidadecaxias.com.br\\\/index.php\\\/2022\\\/03\\\/25\\\/prefeito-que-organizou-encontro-com-pastores-do-mec-ja-foi-preso-por-garimpo-ilegal\\\/#breadcrumb\"},\"inLanguage\":\"pt-BR\",\"potentialAction\":[{\"@type\":\"ReadAction\",\"target\":[\"https:\\\/\\\/contabilidadecaxias.com.br\\\/index.php\\\/2022\\\/03\\\/25\\\/prefeito-que-organizou-encontro-com-pastores-do-mec-ja-foi-preso-por-garimpo-ilegal\\\/\"]}]},{\"@type\":\"BreadcrumbList\",\"@id\":\"https:\\\/\\\/contabilidadecaxias.com.br\\\/index.php\\\/2022\\\/03\\\/25\\\/prefeito-que-organizou-encontro-com-pastores-do-mec-ja-foi-preso-por-garimpo-ilegal\\\/#breadcrumb\",\"itemListElement\":[{\"@type\":\"ListItem\",\"position\":1,\"name\":\"In\u00edcio\",\"item\":\"https:\\\/\\\/contabilidadecaxias.com.br\\\/\"},{\"@type\":\"ListItem\",\"position\":2,\"name\":\"Prefeito que organizou encontro com pastores do MEC j\u00e1 foi preso por garimpo ilegal\"}]},{\"@type\":\"WebSite\",\"@id\":\"https:\\\/\\\/contabilidadecaxias.com.br\\\/#website\",\"url\":\"https:\\\/\\\/contabilidadecaxias.com.br\\\/\",\"name\":\"Contabilidade Caxias\",\"description\":\"Site especializado em Contabilidade para Caxias.\",\"potentialAction\":[{\"@type\":\"SearchAction\",\"target\":{\"@type\":\"EntryPoint\",\"urlTemplate\":\"https:\\\/\\\/contabilidadecaxias.com.br\\\/?s={search_term_string}\"},\"query-input\":{\"@type\":\"PropertyValueSpecification\",\"valueRequired\":true,\"valueName\":\"search_term_string\"}}],\"inLanguage\":\"pt-BR\"}]}<\/script>\n<!-- \/ Yoast SEO plugin. -->","yoast_head_json":{"title":"Prefeito que organizou encontro com pastores do MEC j\u00e1 foi preso por garimpo ilegal - Contabilidade Caxias","robots":{"index":"index","follow":"follow","max-snippet":"max-snippet:-1","max-image-preview":"max-image-preview:large","max-video-preview":"max-video-preview:-1"},"canonical":"https:\/\/contabilidadecaxias.com.br\/index.php\/2022\/03\/25\/prefeito-que-organizou-encontro-com-pastores-do-mec-ja-foi-preso-por-garimpo-ilegal\/","og_locale":"pt_BR","og_type":"article","og_title":"Prefeito que organizou encontro com pastores do MEC j\u00e1 foi preso por garimpo ilegal - Contabilidade Caxias","og_description":"S\u00c3O PAULO, SP (FOLHAPRESS) &#8211; O prefeito de Centro Novo (MA), J\u00fanior Garimpeiro (PP), envolvido no esc\u00e2ndalo dos pastores no Minist\u00e9rio da Educa\u00e7\u00e3o, j\u00e1 foi preso em uma investiga\u00e7\u00e3o de garimpo ilegal. A pris\u00e3o foi decretada em 15 de setembro de 2021 na Opera\u00e7\u00e3o Curim\u00e3, da Pol\u00edcia Federal, para desarticular uma quadrilha que estava desmatando [&hellip;]","og_url":"https:\/\/contabilidadecaxias.com.br\/index.php\/2022\/03\/25\/prefeito-que-organizou-encontro-com-pastores-do-mec-ja-foi-preso-por-garimpo-ilegal\/","og_site_name":"Contabilidade Caxias","article_published_time":"2022-03-25T03:29:17+00:00","twitter_card":"summary_large_image","twitter_misc":{"Est. tempo de leitura":"2 minutos"},"schema":{"@context":"https:\/\/schema.org","@graph":[{"@type":"Article","@id":"https:\/\/contabilidadecaxias.com.br\/index.php\/2022\/03\/25\/prefeito-que-organizou-encontro-com-pastores-do-mec-ja-foi-preso-por-garimpo-ilegal\/#article","isPartOf":{"@id":"https:\/\/contabilidadecaxias.com.br\/index.php\/2022\/03\/25\/prefeito-que-organizou-encontro-com-pastores-do-mec-ja-foi-preso-por-garimpo-ilegal\/"},"author":{"name":"","@id":""},"headline":"Prefeito que organizou encontro com pastores do MEC j\u00e1 foi preso por garimpo ilegal","datePublished":"2022-03-25T03:29:17+00:00","mainEntityOfPage":{"@id":"https:\/\/contabilidadecaxias.com.br\/index.php\/2022\/03\/25\/prefeito-que-organizou-encontro-com-pastores-do-mec-ja-foi-preso-por-garimpo-ilegal\/"},"wordCount":394,"commentCount":0,"articleSection":["Empreendedorismo"],"inLanguage":"pt-BR","potentialAction":[{"@type":"CommentAction","name":"Comment","target":["https:\/\/contabilidadecaxias.com.br\/index.php\/2022\/03\/25\/prefeito-que-organizou-encontro-com-pastores-do-mec-ja-foi-preso-por-garimpo-ilegal\/#respond"]}]},{"@type":"WebPage","@id":"https:\/\/contabilidadecaxias.com.br\/index.php\/2022\/03\/25\/prefeito-que-organizou-encontro-com-pastores-do-mec-ja-foi-preso-por-garimpo-ilegal\/","url":"https:\/\/contabilidadecaxias.com.br\/index.php\/2022\/03\/25\/prefeito-que-organizou-encontro-com-pastores-do-mec-ja-foi-preso-por-garimpo-ilegal\/","name":"Prefeito que organizou encontro com pastores do MEC j\u00e1 foi preso por garimpo ilegal - Contabilidade Caxias","isPartOf":{"@id":"https:\/\/contabilidadecaxias.com.br\/#website"},"datePublished":"2022-03-25T03:29:17+00:00","author":{"@id":""},"breadcrumb":{"@id":"https:\/\/contabilidadecaxias.com.br\/index.php\/2022\/03\/25\/prefeito-que-organizou-encontro-com-pastores-do-mec-ja-foi-preso-por-garimpo-ilegal\/#breadcrumb"},"inLanguage":"pt-BR","potentialAction":[{"@type":"ReadAction","target":["https:\/\/contabilidadecaxias.com.br\/index.php\/2022\/03\/25\/prefeito-que-organizou-encontro-com-pastores-do-mec-ja-foi-preso-por-garimpo-ilegal\/"]}]},{"@type":"BreadcrumbList","@id":"https:\/\/contabilidadecaxias.com.br\/index.php\/2022\/03\/25\/prefeito-que-organizou-encontro-com-pastores-do-mec-ja-foi-preso-por-garimpo-ilegal\/#breadcrumb","itemListElement":[{"@type":"ListItem","position":1,"name":"In\u00edcio","item":"https:\/\/contabilidadecaxias.com.br\/"},{"@type":"ListItem","position":2,"name":"Prefeito que organizou encontro com pastores do MEC j\u00e1 foi preso por garimpo ilegal"}]},{"@type":"WebSite","@id":"https:\/\/contabilidadecaxias.com.br\/#website","url":"https:\/\/contabilidadecaxias.com.br\/","name":"Contabilidade Caxias","description":"Site especializado em Contabilidade para Caxias.","potentialAction":[{"@type":"SearchAction","target":{"@type":"EntryPoint","urlTemplate":"https:\/\/contabilidadecaxias.com.br\/?s={search_term_string}"},"query-input":{"@type":"PropertyValueSpecification","valueRequired":true,"valueName":"search_term_string"}}],"inLanguage":"pt-BR"}]}},"_links":{"self":[{"href":"https:\/\/contabilidadecaxias.com.br\/index.php\/wp-json\/wp\/v2\/posts\/4658","targetHints":{"allow":["GET"]}}],"collection":[{"href":"https:\/\/contabilidadecaxias.com.br\/index.php\/wp-json\/wp\/v2\/posts"}],"about":[{"href":"https:\/\/contabilidadecaxias.com.br\/index.php\/wp-json\/wp\/v2\/types\/post"}],"replies":[{"embeddable":true,"href":"https:\/\/contabilidadecaxias.com.br\/index.php\/wp-json\/wp\/v2\/comments?post=4658"}],"version-history":[{"count":0,"href":"https:\/\/contabilidadecaxias.com.br\/index.php\/wp-json\/wp\/v2\/posts\/4658\/revisions"}],"wp:attachment":[{"href":"https:\/\/contabilidadecaxias.com.br\/index.php\/wp-json\/wp\/v2\/media?parent=4658"}],"wp:term":[{"taxonomy":"category","embeddable":true,"href":"https:\/\/contabilidadecaxias.com.br\/index.php\/wp-json\/wp\/v2\/categories?post=4658"},{"taxonomy":"post_tag","embeddable":true,"href":"https:\/\/contabilidadecaxias.com.br\/index.php\/wp-json\/wp\/v2\/tags?post=4658"}],"curies":[{"name":"wp","href":"https:\/\/api.w.org\/{rel}","templated":true}]}}