{"id":4640,"date":"2022-03-24T22:34:24","date_gmt":"2022-03-25T01:34:24","guid":{"rendered":"https:\/\/contabilidadecaxias.com.br\/index.php\/2022\/03\/24\/italia-perde-da-macedonia-e-fica-fora-da-copa-do-mundo-pela-segunda-vez-seguida-1\/"},"modified":"2022-03-24T22:34:24","modified_gmt":"2022-03-25T01:34:24","slug":"italia-perde-da-macedonia-e-fica-fora-da-copa-do-mundo-pela-segunda-vez-seguida-1","status":"publish","type":"post","link":"https:\/\/contabilidadecaxias.com.br\/index.php\/2022\/03\/24\/italia-perde-da-macedonia-e-fica-fora-da-copa-do-mundo-pela-segunda-vez-seguida-1\/","title":{"rendered":"It\u00e1lia perde da Maced\u00f4nia e fica fora da Copa do Mundo pela segunda vez seguida (1)"},"content":{"rendered":"<p>S\u00c3O PAULO, SP (FOLHAPRESS) &#8211; &#8220;Inacredit\u00e1vel, outro desastre: It\u00e1lia de novo fora da Copa do Mundo&#8221;, era o principal t\u00edtulo do Corriere dello Sport nesta quinta-feira (24). &#8220;Estamos destru\u00eddos&#8221;, afirmou o zagueiro Giorgio Chiellini em uma dos textos de destaque do jornal La Gazzetta dello Sport.<\/p>\n<p>A imprensa italiana tentou captar de todas as formas o sentimento de incredulidade do pa\u00eds minutos ap\u00f3s a derrota diante da Maced\u00f4nia do Norte, por 1 a 0, com um gol j\u00e1 nos acr\u00e9scimos, na cidade de Palermo. O atacante Aleksandar Trajkovski foi quem definiu o placar.<\/p>\n<p>O resultado tirou dos tetracampe\u00f5es a chance de avan\u00e7ar na repescagem europeia e manter viva a chance de disputar o Mundial no Qatar.<\/p>\n<p>Quatro anos ap\u00f3s ficar fora da edi\u00e7\u00e3o realizada na R\u00fassia, a It\u00e1lia v\u00ea mais uma gera\u00e7\u00e3o amargar a enorme frustra\u00e7\u00e3o. \u00c9 a primeira vez que a Azzurra fica fora de duas Copas de forma consecutiva.<\/p>\n<p>Com nomes importantes no cen\u00e1rio mundial, como o \u00edtalo-brasileiro Jorginho, Immobile, Insigne, Berardi, Verrati e Donnarumma, a It\u00e1lia vinha de uma importante conquista recente, a vencer a Eurocopa de 2020, realizada em 2021 por causa da pandemia de Covid-19.<\/p>\n<p>A tristeza \u00e9 ainda maior porque o advers\u00e1rio que eliminou os italianos \u00e9 apenas o 67\u00ba no ranking da Fifa e nunca disputou uma Copa.<\/p>\n<p>Como parte da antiga Iugosl\u00e1via, j\u00e1 esteve representada em Mundiais e na Eurocopa. Sob a atual bandeira, esteve na \u00faltima Eurocopa.<\/p>\n<p>Para ter a oportunidade de estrear no Qatar, ter\u00e1 agora de superar Portugal. A sele\u00e7\u00e3o lusitana derrotou a Turquia tamb\u00e9m nesta quinta, por 3 a 1. Os dois classificados, agora, far\u00e3o a decis\u00e3o em partida \u00fanica que vai definir o classificado do Grupo C da repescagem.<\/p>\n<p>A sele\u00e7\u00e3o de Cristiano Ronaldo contou com gols de Ot\u00e1vio, Diogo Jota e Matheus Nunes para superar os turcos no est\u00e1dio do Drad\u00e3o, na cidade do Porto. O time visitante descontou com Burak e ainda desperdi\u00e7ou um p\u00eanalti, j\u00e1 no segundo tempo, quando o duelo estava 2 a 1 \u0097Yilmaz chutou para fora.<\/p>\n<p>Apesar da boa vit\u00f3ria, os portugueses n\u00e3o devem ter vida f\u00e1cil contra a Maced\u00f4nia. Al\u00e9m de eliminar a It\u00e1lia, a equipe j\u00e1 havia surpreendido na fase de grupos ao derrotar a Alemanha, por 2 a 1, na casa dos alem\u00e3es, em jogo pela terceira rodada \u0097como visitante, a Alemanha deu o troco e venceu por 4 a 0.<\/p>\n<p>Al\u00e9m de ter surpreendido recentemente duas importantes pot\u00eancias do futebol mundial, a Maced\u00f4nia do Norte tamb\u00e9m demonstrou que sabe sofrer e esperar a hora certa de matar o jogo.<\/p>\n<p>Os italianos finalizaram mais de 30 vezes antes de sofrer o gol da derrota, j\u00e1 nos acr\u00e9scimos, anotado por Aleksandar Trajkovski, atacante de 29 anos que atua pelo AaB Aalborg, da Dinamarca.<\/p>\n<p>JORNAIS ITALIANOS CLASSIFICAM COMO &#8220;INACREDIT\u00c1VEL&#8221; OUTRO &#8220;DESASTRE&#8221;<\/p>\n<p>No texto texto em que classifica a derrota como &#8220;desastre&#8221;, a La Gazzetta dello Sport diz que a &#8220;aventura acabou, a It\u00e1lia n\u00e3o existe mais, o jogo de [Roberto] Mancini n\u00e3o existe&#8221;, usando um tom forte para cobrar a sa\u00edda do comandante da sele\u00e7\u00e3o.<\/p>\n<p>&#8220;Meu futuro? N\u00e3o sei, agora a decep\u00e7\u00e3o \u00e9 muito grande&#8221;, afirmou o treinador. &#8220;\u00c9 o momento mais dif\u00edcil da minha carreira&#8221;, acrescentou.<\/p>\n<p>J\u00e1 o jornal Corriere dello Sport lembrou a conquista da Euro para fazer um paralelo com o a frustra\u00e7\u00e3o de agora. &#8220;Oito meses depois de viver um sonho, as noites m\u00e1gicas se transformaram em pesadelo&#8221;.<\/p>\n<p>Ao descrever a atua\u00e7\u00e3o dos italianos, a publica\u00e7\u00e3o descreveu que foi &#8220;uma It\u00e1lia fraca, confusa, com um ataque terrivelmente fr\u00e1gil e capaz de sofrer um gol na final de um advers\u00e1rio muito mais fraco.&#8221;<\/p>\n<p>Sem a sele\u00e7\u00e3o italiana, a disputa da repescagem europeia ter\u00e1 duas das suas tr\u00eas vagas definidas at\u00e9 a pr\u00f3xima ter\u00e7a-feira (29).<\/p>\n<p>Realizada em um novo formato, a disputa previa inicialmente 12 sele\u00e7\u00f5es, divididas em tr\u00eas chaves, com duelos de semifinais e finais em jogos \u00fanicos.<\/p>\n<p>A R\u00fassia estava no Grupo B e enfrentaria a Pol\u00f4nia. Os russos, por\u00e9m, foram exclu\u00eddos desta disputa pela Fifa, na esteira da s\u00e9rie de san\u00e7\u00f5es impostas ao pa\u00eds governado por Vladimir Putin devido \u00e0 guerra contra a Ucr\u00e2nia, h\u00e1 cerca de um m\u00eas.<\/p>\n<p>Com a exclus\u00e3o, a equipe que conta com o atacante Robert Lewandowski \u0097eleito pela Fifa o melhor jogador do mundo nos \u00faltimos dois anos\u0097 avan\u00e7ou diretamente \u00e0 final. O rival ser\u00e1 a Su\u00e9cia, que ganhou da Rep\u00fablica Tcheca tamb\u00e9m nesta quinta, por 1 a 0.<\/p>\n<p>Tamb\u00e9m como consequ\u00eancia do conflito iniciado por Putin, o confronto entre a Ucr\u00e2nia e a Esc\u00f3cia, em Glasgow, foi adiado e dever\u00e1 ser disputado at\u00e9 junho, em data a ser definida pela Fifa.<\/p>\n<p>O vencedor dessa partida ser\u00e1 o advers\u00e1rio enfrentar\u00e1 o Pa\u00eds de Gales, que eliminou a \u00c1ustria, com uma vit\u00f3ria por 2 a 1, com dois gols de Gareth Bale.<\/p>\n<p>A \u00faltima vaga ser\u00e1 definida no confronto entre Portugal e Maced\u00f4nia do Norte.<\/p>\n<p>Nas Eliminat\u00f3rias europeias, dez sele\u00e7\u00f5es garantiram vagas diretas para a Copa do Mundo: S\u00e9rvia, Espanha, Su\u00ed\u00e7a, Fran\u00e7a, B\u00e9lgica, Dinamarca, Holanda, Cro\u00e1cia, Inglaterra e Alemanha. Mais tr\u00eas pa\u00edses v\u00e3o se juntar ao grupo ao final da repescagem.<\/p>\n<p>*<\/p>\n<p>VEJA ONDE ACOMPANHAR AS PARTIDAS DA REPESCAGEM EUROPEIA<\/p>\n<p>(Hor\u00e1rios de Bras\u00edlia)<\/p>\n<p>Grupo A<\/p>\n<p>Jogo 1 \u0096 Esc\u00f3cia x Ucr\u00e2nia \u0096 adiado<\/p>\n<p>Jogo 2 \u0096 Pa\u00eds de Gales 2 x 1 \u00c1ustria \u0096 quinta (24)<\/p>\n<p>Final \u0096 Vencedor Jogo 1 x Pa\u00eds de Gales \u0096 adiado<\/p>\n<p>Grupo B<\/p>\n<p>Jogo 1 \u0096 R\u00fassia exclu\u00edda, Pol\u00f4nia classificada por W.O.<\/p>\n<p>Jogo 2 \u0096 Su\u00e9cia 1 x 0 Rep\u00fablica Tcheca \u0096 quinta (24)<\/p>\n<p>Final \u0096 Pol\u00f4nia x Su\u00e9cia \u0096 ter\u00e7a (29) \u0096 15h45 &#8211; Space e Est\u00e1dio TNT Sports<\/p>\n<p>Grupo C<\/p>\n<p>Jogo 1 \u0096 It\u00e1lia 0 x 1 Maced\u00f4nia do Norte \u0096 quinta (24)<\/p>\n<p>Jogo 2 \u0096 Portugal 3 x 1 Turquia \u0096 quinta (24)<\/p>\n<p>Final \u0096 Portugal x Maced\u00f4nia do Norte \u0096 ter\u00e7a (29) \u0096 15h45 &#8211; TNT e Est\u00e1dio TNT Sports<\/p>\n","protected":false},"excerpt":{"rendered":"<p>S\u00c3O PAULO, SP (FOLHAPRESS) &#8211; &#8220;Inacredit\u00e1vel, outro desastre: It\u00e1lia de novo fora da Copa do Mundo&#8221;, era o principal t\u00edtulo do Corriere dello Sport nesta quinta-feira (24). &#8220;Estamos destru\u00eddos&#8221;, afirmou o zagueiro Giorgio Chiellini em uma dos textos de destaque do jornal La Gazzetta dello Sport. A imprensa italiana tentou captar de todas as formas [&hellip;]<\/p>\n","protected":false},"author":0,"featured_media":0,"comment_status":"open","ping_status":"open","sticky":false,"template":"","format":"standard","meta":{"footnotes":""},"categories":[4],"tags":[],"class_list":["post-4640","post","type-post","status-publish","format-standard","hentry","category-noticias-empreendedorismo"],"blocksy_meta":{"styles_descriptor":{"styles":{"desktop":"","tablet":"","mobile":""},"google_fonts":[],"version":6}},"yoast_head":"<!-- This site is optimized with the Yoast SEO plugin v27.5 - https:\/\/yoast.com\/product\/yoast-seo-wordpress\/ -->\n<title>It\u00e1lia perde da Maced\u00f4nia e fica fora da Copa do Mundo pela segunda vez seguida (1) - Contabilidade Caxias<\/title>\n<meta name=\"robots\" content=\"index, follow, max-snippet:-1, max-image-preview:large, max-video-preview:-1\" \/>\n<link rel=\"canonical\" href=\"https:\/\/contabilidadecaxias.com.br\/index.php\/2022\/03\/24\/italia-perde-da-macedonia-e-fica-fora-da-copa-do-mundo-pela-segunda-vez-seguida-1\/\" \/>\n<meta property=\"og:locale\" content=\"pt_BR\" \/>\n<meta property=\"og:type\" content=\"article\" \/>\n<meta property=\"og:title\" content=\"It\u00e1lia perde da Maced\u00f4nia e fica fora da Copa do Mundo pela segunda vez seguida (1) - Contabilidade Caxias\" \/>\n<meta property=\"og:description\" content=\"S\u00c3O PAULO, SP (FOLHAPRESS) &#8211; &#8220;Inacredit\u00e1vel, outro desastre: It\u00e1lia de novo fora da Copa do Mundo&#8221;, era o principal t\u00edtulo do Corriere dello Sport nesta quinta-feira (24). &#8220;Estamos destru\u00eddos&#8221;, afirmou o zagueiro Giorgio Chiellini em uma dos textos de destaque do jornal La Gazzetta dello Sport. A imprensa italiana tentou captar de todas as formas [&hellip;]\" \/>\n<meta property=\"og:url\" content=\"https:\/\/contabilidadecaxias.com.br\/index.php\/2022\/03\/24\/italia-perde-da-macedonia-e-fica-fora-da-copa-do-mundo-pela-segunda-vez-seguida-1\/\" \/>\n<meta property=\"og:site_name\" content=\"Contabilidade Caxias\" \/>\n<meta property=\"article:published_time\" content=\"2022-03-25T01:34:24+00:00\" \/>\n<meta name=\"twitter:card\" content=\"summary_large_image\" \/>\n<meta name=\"twitter:label1\" content=\"Est. tempo de leitura\" \/>\n\t<meta name=\"twitter:data1\" content=\"5 minutos\" \/>\n<script type=\"application\/ld+json\" class=\"yoast-schema-graph\">{\"@context\":\"https:\\\/\\\/schema.org\",\"@graph\":[{\"@type\":\"Article\",\"@id\":\"https:\\\/\\\/contabilidadecaxias.com.br\\\/index.php\\\/2022\\\/03\\\/24\\\/italia-perde-da-macedonia-e-fica-fora-da-copa-do-mundo-pela-segunda-vez-seguida-1\\\/#article\",\"isPartOf\":{\"@id\":\"https:\\\/\\\/contabilidadecaxias.com.br\\\/index.php\\\/2022\\\/03\\\/24\\\/italia-perde-da-macedonia-e-fica-fora-da-copa-do-mundo-pela-segunda-vez-seguida-1\\\/\"},\"author\":{\"name\":\"\",\"@id\":\"\"},\"headline\":\"It\u00e1lia perde da Maced\u00f4nia e fica fora da Copa do Mundo pela segunda vez seguida (1)\",\"datePublished\":\"2022-03-25T01:34:24+00:00\",\"mainEntityOfPage\":{\"@id\":\"https:\\\/\\\/contabilidadecaxias.com.br\\\/index.php\\\/2022\\\/03\\\/24\\\/italia-perde-da-macedonia-e-fica-fora-da-copa-do-mundo-pela-segunda-vez-seguida-1\\\/\"},\"wordCount\":1034,\"commentCount\":0,\"articleSection\":[\"Empreendedorismo\"],\"inLanguage\":\"pt-BR\",\"potentialAction\":[{\"@type\":\"CommentAction\",\"name\":\"Comment\",\"target\":[\"https:\\\/\\\/contabilidadecaxias.com.br\\\/index.php\\\/2022\\\/03\\\/24\\\/italia-perde-da-macedonia-e-fica-fora-da-copa-do-mundo-pela-segunda-vez-seguida-1\\\/#respond\"]}]},{\"@type\":\"WebPage\",\"@id\":\"https:\\\/\\\/contabilidadecaxias.com.br\\\/index.php\\\/2022\\\/03\\\/24\\\/italia-perde-da-macedonia-e-fica-fora-da-copa-do-mundo-pela-segunda-vez-seguida-1\\\/\",\"url\":\"https:\\\/\\\/contabilidadecaxias.com.br\\\/index.php\\\/2022\\\/03\\\/24\\\/italia-perde-da-macedonia-e-fica-fora-da-copa-do-mundo-pela-segunda-vez-seguida-1\\\/\",\"name\":\"It\u00e1lia perde da Maced\u00f4nia e fica fora da Copa do Mundo pela segunda vez seguida (1) - Contabilidade Caxias\",\"isPartOf\":{\"@id\":\"https:\\\/\\\/contabilidadecaxias.com.br\\\/#website\"},\"datePublished\":\"2022-03-25T01:34:24+00:00\",\"author\":{\"@id\":\"\"},\"breadcrumb\":{\"@id\":\"https:\\\/\\\/contabilidadecaxias.com.br\\\/index.php\\\/2022\\\/03\\\/24\\\/italia-perde-da-macedonia-e-fica-fora-da-copa-do-mundo-pela-segunda-vez-seguida-1\\\/#breadcrumb\"},\"inLanguage\":\"pt-BR\",\"potentialAction\":[{\"@type\":\"ReadAction\",\"target\":[\"https:\\\/\\\/contabilidadecaxias.com.br\\\/index.php\\\/2022\\\/03\\\/24\\\/italia-perde-da-macedonia-e-fica-fora-da-copa-do-mundo-pela-segunda-vez-seguida-1\\\/\"]}]},{\"@type\":\"BreadcrumbList\",\"@id\":\"https:\\\/\\\/contabilidadecaxias.com.br\\\/index.php\\\/2022\\\/03\\\/24\\\/italia-perde-da-macedonia-e-fica-fora-da-copa-do-mundo-pela-segunda-vez-seguida-1\\\/#breadcrumb\",\"itemListElement\":[{\"@type\":\"ListItem\",\"position\":1,\"name\":\"In\u00edcio\",\"item\":\"https:\\\/\\\/contabilidadecaxias.com.br\\\/\"},{\"@type\":\"ListItem\",\"position\":2,\"name\":\"It\u00e1lia perde da Maced\u00f4nia e fica fora da Copa do Mundo pela segunda vez seguida (1)\"}]},{\"@type\":\"WebSite\",\"@id\":\"https:\\\/\\\/contabilidadecaxias.com.br\\\/#website\",\"url\":\"https:\\\/\\\/contabilidadecaxias.com.br\\\/\",\"name\":\"Contabilidade Caxias\",\"description\":\"Site especializado em Contabilidade para Caxias.\",\"potentialAction\":[{\"@type\":\"SearchAction\",\"target\":{\"@type\":\"EntryPoint\",\"urlTemplate\":\"https:\\\/\\\/contabilidadecaxias.com.br\\\/?s={search_term_string}\"},\"query-input\":{\"@type\":\"PropertyValueSpecification\",\"valueRequired\":true,\"valueName\":\"search_term_string\"}}],\"inLanguage\":\"pt-BR\"}]}<\/script>\n<!-- \/ Yoast SEO plugin. -->","yoast_head_json":{"title":"It\u00e1lia perde da Maced\u00f4nia e fica fora da Copa do Mundo pela segunda vez seguida (1) - Contabilidade Caxias","robots":{"index":"index","follow":"follow","max-snippet":"max-snippet:-1","max-image-preview":"max-image-preview:large","max-video-preview":"max-video-preview:-1"},"canonical":"https:\/\/contabilidadecaxias.com.br\/index.php\/2022\/03\/24\/italia-perde-da-macedonia-e-fica-fora-da-copa-do-mundo-pela-segunda-vez-seguida-1\/","og_locale":"pt_BR","og_type":"article","og_title":"It\u00e1lia perde da Maced\u00f4nia e fica fora da Copa do Mundo pela segunda vez seguida (1) - Contabilidade Caxias","og_description":"S\u00c3O PAULO, SP (FOLHAPRESS) &#8211; &#8220;Inacredit\u00e1vel, outro desastre: It\u00e1lia de novo fora da Copa do Mundo&#8221;, era o principal t\u00edtulo do Corriere dello Sport nesta quinta-feira (24). &#8220;Estamos destru\u00eddos&#8221;, afirmou o zagueiro Giorgio Chiellini em uma dos textos de destaque do jornal La Gazzetta dello Sport. A imprensa italiana tentou captar de todas as formas [&hellip;]","og_url":"https:\/\/contabilidadecaxias.com.br\/index.php\/2022\/03\/24\/italia-perde-da-macedonia-e-fica-fora-da-copa-do-mundo-pela-segunda-vez-seguida-1\/","og_site_name":"Contabilidade Caxias","article_published_time":"2022-03-25T01:34:24+00:00","twitter_card":"summary_large_image","twitter_misc":{"Est. tempo de leitura":"5 minutos"},"schema":{"@context":"https:\/\/schema.org","@graph":[{"@type":"Article","@id":"https:\/\/contabilidadecaxias.com.br\/index.php\/2022\/03\/24\/italia-perde-da-macedonia-e-fica-fora-da-copa-do-mundo-pela-segunda-vez-seguida-1\/#article","isPartOf":{"@id":"https:\/\/contabilidadecaxias.com.br\/index.php\/2022\/03\/24\/italia-perde-da-macedonia-e-fica-fora-da-copa-do-mundo-pela-segunda-vez-seguida-1\/"},"author":{"name":"","@id":""},"headline":"It\u00e1lia perde da Maced\u00f4nia e fica fora da Copa do Mundo pela segunda vez seguida (1)","datePublished":"2022-03-25T01:34:24+00:00","mainEntityOfPage":{"@id":"https:\/\/contabilidadecaxias.com.br\/index.php\/2022\/03\/24\/italia-perde-da-macedonia-e-fica-fora-da-copa-do-mundo-pela-segunda-vez-seguida-1\/"},"wordCount":1034,"commentCount":0,"articleSection":["Empreendedorismo"],"inLanguage":"pt-BR","potentialAction":[{"@type":"CommentAction","name":"Comment","target":["https:\/\/contabilidadecaxias.com.br\/index.php\/2022\/03\/24\/italia-perde-da-macedonia-e-fica-fora-da-copa-do-mundo-pela-segunda-vez-seguida-1\/#respond"]}]},{"@type":"WebPage","@id":"https:\/\/contabilidadecaxias.com.br\/index.php\/2022\/03\/24\/italia-perde-da-macedonia-e-fica-fora-da-copa-do-mundo-pela-segunda-vez-seguida-1\/","url":"https:\/\/contabilidadecaxias.com.br\/index.php\/2022\/03\/24\/italia-perde-da-macedonia-e-fica-fora-da-copa-do-mundo-pela-segunda-vez-seguida-1\/","name":"It\u00e1lia perde da Maced\u00f4nia e fica fora da Copa do Mundo pela segunda vez seguida (1) - Contabilidade Caxias","isPartOf":{"@id":"https:\/\/contabilidadecaxias.com.br\/#website"},"datePublished":"2022-03-25T01:34:24+00:00","author":{"@id":""},"breadcrumb":{"@id":"https:\/\/contabilidadecaxias.com.br\/index.php\/2022\/03\/24\/italia-perde-da-macedonia-e-fica-fora-da-copa-do-mundo-pela-segunda-vez-seguida-1\/#breadcrumb"},"inLanguage":"pt-BR","potentialAction":[{"@type":"ReadAction","target":["https:\/\/contabilidadecaxias.com.br\/index.php\/2022\/03\/24\/italia-perde-da-macedonia-e-fica-fora-da-copa-do-mundo-pela-segunda-vez-seguida-1\/"]}]},{"@type":"BreadcrumbList","@id":"https:\/\/contabilidadecaxias.com.br\/index.php\/2022\/03\/24\/italia-perde-da-macedonia-e-fica-fora-da-copa-do-mundo-pela-segunda-vez-seguida-1\/#breadcrumb","itemListElement":[{"@type":"ListItem","position":1,"name":"In\u00edcio","item":"https:\/\/contabilidadecaxias.com.br\/"},{"@type":"ListItem","position":2,"name":"It\u00e1lia perde da Maced\u00f4nia e fica fora da Copa do Mundo pela segunda vez seguida (1)"}]},{"@type":"WebSite","@id":"https:\/\/contabilidadecaxias.com.br\/#website","url":"https:\/\/contabilidadecaxias.com.br\/","name":"Contabilidade Caxias","description":"Site especializado em Contabilidade para Caxias.","potentialAction":[{"@type":"SearchAction","target":{"@type":"EntryPoint","urlTemplate":"https:\/\/contabilidadecaxias.com.br\/?s={search_term_string}"},"query-input":{"@type":"PropertyValueSpecification","valueRequired":true,"valueName":"search_term_string"}}],"inLanguage":"pt-BR"}]}},"_links":{"self":[{"href":"https:\/\/contabilidadecaxias.com.br\/index.php\/wp-json\/wp\/v2\/posts\/4640","targetHints":{"allow":["GET"]}}],"collection":[{"href":"https:\/\/contabilidadecaxias.com.br\/index.php\/wp-json\/wp\/v2\/posts"}],"about":[{"href":"https:\/\/contabilidadecaxias.com.br\/index.php\/wp-json\/wp\/v2\/types\/post"}],"replies":[{"embeddable":true,"href":"https:\/\/contabilidadecaxias.com.br\/index.php\/wp-json\/wp\/v2\/comments?post=4640"}],"version-history":[{"count":0,"href":"https:\/\/contabilidadecaxias.com.br\/index.php\/wp-json\/wp\/v2\/posts\/4640\/revisions"}],"wp:attachment":[{"href":"https:\/\/contabilidadecaxias.com.br\/index.php\/wp-json\/wp\/v2\/media?parent=4640"}],"wp:term":[{"taxonomy":"category","embeddable":true,"href":"https:\/\/contabilidadecaxias.com.br\/index.php\/wp-json\/wp\/v2\/categories?post=4640"},{"taxonomy":"post_tag","embeddable":true,"href":"https:\/\/contabilidadecaxias.com.br\/index.php\/wp-json\/wp\/v2\/tags?post=4640"}],"curies":[{"name":"wp","href":"https:\/\/api.w.org\/{rel}","templated":true}]}}