{"id":4603,"date":"2022-03-24T18:21:01","date_gmt":"2022-03-24T21:21:01","guid":{"rendered":"https:\/\/contabilidadecaxias.com.br\/index.php\/2022\/03\/24\/pedido-de-empregado-para-nao-antecipar-recebimento-de-ferias-afasta-pagamento-em-dobro\/"},"modified":"2022-03-24T18:21:01","modified_gmt":"2022-03-24T21:21:01","slug":"pedido-de-empregado-para-nao-antecipar-recebimento-de-ferias-afasta-pagamento-em-dobro","status":"publish","type":"post","link":"https:\/\/contabilidadecaxias.com.br\/index.php\/2022\/03\/24\/pedido-de-empregado-para-nao-antecipar-recebimento-de-ferias-afasta-pagamento-em-dobro\/","title":{"rendered":"Pedido de empregado para n\u00e3o antecipar recebimento de f\u00e9rias afasta pagamento em dobro"},"content":{"rendered":"<div class=\"noticia-wrapper\">\n<p><em><\/p>\n<p>A penalidade \u00e9 prevista no caso de quita\u00e7\u00e3o fora do prazo\u00a0<\/p>\n<p><\/em><\/p>\n<div class=\"social-media-share mobile\">\n        <a class=\"share-facebook\" href=\"https:\/\/www.facebook.com\/sharer.php?u=https:\/\/www.tst.jus.br\/-\/pedido-de-empregado-para-n%C3%A3o-antecipar-recebimento-de-f%C3%A9rias-afasta-pagamento-em-dobro\" target=\"_blank\" rel=\"noopener\"><\/a><br \/>\n        <a class=\"share-twitter\" href=\"https:\/\/twitter.com\/intent\/tweet?text=Pedido%20de%20empregado%20para%20n%C3%A3o%20antecipar%20recebimento%20de%20f%C3%A9rias%20afasta%20pagamento%20em%20dobro%0AVeja%20mais%20em:&amp;url=https:\/\/www.tst.jus.br\/-\/pedido-de-empregado-para-n%C3%A3o-antecipar-recebimento-de-f%C3%A9rias-afasta-pagamento-em-dobro\" target=\"_blank\" rel=\"noopener\"><\/a><br \/>\n        <a class=\"share-linkedin\" href=\"https:\/\/www.linkedin.com\/shareArticle?mini=true&amp;url=https:\/\/www.tst.jus.br\/-\/pedido-de-empregado-para-n%C3%A3o-antecipar-recebimento-de-f%C3%A9rias-afasta-pagamento-em-dobro&amp;title=Pedido%20de%20empregado%20para%20n%C3%A3o%20antecipar%20recebimento%20de%20f%C3%A9rias%20afasta%20pagamento%20em%20dobro\" target=\"_blank\" rel=\"noopener\"><\/a><br \/>\n        <a class=\"share-whatsapp\" href=\"https:\/\/web.whatsapp.com\/send?text=https:\/\/www.tst.jus.br\/-\/pedido-de-empregado-para-n%C3%A3o-antecipar-recebimento-de-f%C3%A9rias-afasta-pagamento-em-dobro\" target=\"_blank\" rel=\"noopener\"><\/a><br \/>\n        <a class=\"share-googleplus\" href=\"https:\/\/plus.google.com\/share?url=https:\/\/www.tst.jus.br\/-\/pedido-de-empregado-para-n%C3%A3o-antecipar-recebimento-de-f%C3%A9rias-afasta-pagamento-em-dobro\" target=\"_blank\" rel=\"noopener\"><\/a>\n    <\/div>\n<div class=\"news-body\">\n<div class=\"imagem-da-noticia\">\n<p>Ministra Maria Helena Mallmann<\/p>\n<div class=\"social-media-share\">\n                    <a class=\"share-facebook\" href=\"https:\/\/www.facebook.com\/sharer.php?u=https:\/\/www.tst.jus.br\/-\/pedido-de-empregado-para-n%C3%A3o-antecipar-recebimento-de-f%C3%A9rias-afasta-pagamento-em-dobro\" target=\"_blank\" rel=\"noopener\"><\/a><br \/>\n                    <a class=\"share-twitter\" href=\"https:\/\/twitter.com\/intent\/tweet?text=Pedido%20de%20empregado%20para%20n%C3%A3o%20antecipar%20recebimento%20de%20f%C3%A9rias%20afasta%20pagamento%20em%20dobro%0AVeja%20mais%20em:&amp;url=https:\/\/www.tst.jus.br\/-\/pedido-de-empregado-para-n%C3%A3o-antecipar-recebimento-de-f%C3%A9rias-afasta-pagamento-em-dobro\" target=\"_blank\" rel=\"noopener\"><\/a><br \/>\n                    <a class=\"share-linkedin\" href=\"https:\/\/www.linkedin.com\/shareArticle?mini=true&amp;url=https:\/\/www.tst.jus.br\/-\/pedido-de-empregado-para-n%C3%A3o-antecipar-recebimento-de-f%C3%A9rias-afasta-pagamento-em-dobro&amp;title=Pedido%20de%20empregado%20para%20n%C3%A3o%20antecipar%20recebimento%20de%20f%C3%A9rias%20afasta%20pagamento%20em%20dobro\" target=\"_blank\" rel=\"noopener\"><\/a><br \/>\n                    <a class=\"share-whatsapp\" href=\"https:\/\/web.whatsapp.com\/send?text=https:\/\/www.tst.jus.br\/-\/pedido-de-empregado-para-n%C3%A3o-antecipar-recebimento-de-f%C3%A9rias-afasta-pagamento-em-dobro\" target=\"_blank\" rel=\"noopener\"><\/a><br \/>\n                    <a class=\"share-googleplus\" href=\"https:\/\/plus.google.com\/share?url=https:\/\/www.tst.jus.br\/-\/pedido-de-empregado-para-n%C3%A3o-antecipar-recebimento-de-f%C3%A9rias-afasta-pagamento-em-dobro\" target=\"_blank\" rel=\"noopener\"><\/a>\n                <\/div>\n<\/p><\/div>\n<div class=\"materia\">\n<p>24\/03\/22 &#8211;\u00a0A Segunda Turma do Tribunal Superior do Trabalho excluiu da condena\u00e7\u00e3o imposta ao Munic\u00edpio de Joan\u00f3polis (SP) o pagamento em dobro das f\u00e9rias de um ajudante geral cujos valores foram recebidos fora do prazo legal. O motivo \u00e9 que o empregado pediu que o empregador n\u00e3o antecipasse o pagamento, o que afasta a aplica\u00e7\u00e3o da penalidade.<\/p>\n<h4>Pedido<\/h4>\n<p>Na reclama\u00e7\u00e3o trabalhista, o ajudante geral, admitido em 2005, disse que, em tr\u00eas per\u00edodos aquisitivos, o pagamento n\u00e3o fora feito at\u00e9 dois dias antes do in\u00edcio das f\u00e9rias, como estabelece o artigo 145 da <a href=\"https:\/\/www.planalto.gov.br\/ccivil_03\/decreto-lei\/del5452.htm\" target=\"_blank\" rel=\"noopener\">CLT<\/a>, mas apenas ap\u00f3s seu retorno ao trabalho. Por isso, disse que tinha direito ao pagamento em dobro.\u00a0<\/p>\n<p>O munic\u00edpio contestou a vers\u00e3o do trabalhador, argumentando que ele havia pedido para n\u00e3o receber os valores antecipadamente.<\/p>\n<h4>Dobro<\/h4>\n<p>O Tribunal Regional do Trabalho da 15\u00aa Regi\u00e3o (Campinas\/SP) ratificou a senten\u00e7a que deferiu a pretens\u00e3o, por entender a solicita\u00e7\u00e3o do empregado n\u00e3o desobriga o empregador do cumprimento da lei, \u201cque n\u00e3o se sujeita \u00e0 vontade das partes, o mesmo ocorrendo com disposi\u00e7\u00f5es contratuais\u201d. Para o TRT, as f\u00e9rias s\u00e3o uma obriga\u00e7\u00e3o patronal que somente \u00e9 considerada efetivamente cumprida com o pagamento antecipado da remunera\u00e7\u00e3o, com o ter\u00e7o constitucional, e com a interrup\u00e7\u00e3o tempor\u00e1ria da presta\u00e7\u00e3o de trabalho.<\/p>\n<h4>Op\u00e7\u00e3o do empregado<\/h4>\n<p>Segundo a relatora do recurso de revista do munic\u00edpio, ministra Maria Helena Mallmann, o TST tem entendido que o pagamento fora do prazo por op\u00e7\u00e3o do pr\u00f3prio empregado, e n\u00e3o por imposi\u00e7\u00e3o da empresa, n\u00e3o autoriza a aplica\u00e7\u00e3o da <a href=\"https:\/\/www3.tst.jus.br\/jurisprudencia\/Sumulas_com_indice\/Sumulas_Ind_401_450.html#SUM-450\" target=\"_blank\" rel=\"noopener\">S\u00famula 450<\/a> do TST, segundo a qual \u00e9 devido o pagamento em dobro quando, ainda que as f\u00e9rias sejam gozadas na \u00e9poca pr\u00f3pria, o empregador tenha descumprido o prazo previsto na CLT.<\/p>\n<p>A decis\u00e3o foi un\u00e2nime.<\/p>\n<p>(LT\/CF)<\/p>\n<p>Processo: <a href=\"https:\/\/consultaprocessual.tst.jus.br\/consultaProcessual\/consultaTstNumUnica.do;jsessionid=C7diaL9Sn5qYZZRaLdVNMOnRJYp6nxQlrMjCZLnZ.consultaprocessual-17-ktqmn?conscsjt=&amp;numeroTst=12199&amp;digitoTst=05&amp;anoTst=2017&amp;orgaoTst=5&amp;tribunalTst=15&amp;varaTst=&amp;consulta=Consultar\" target=\"_blank\" rel=\"noopener\">RR-12199-05.2017.5.15.0038<\/a><\/p>\n<p>O TST tem oito Turmas, cada uma composta de tr\u00eas ministros, com a atribui\u00e7\u00e3o de analisar recursos de revista, agravos, agravos de instrumento, agravos regimentais e recursos ordin\u00e1rios em a\u00e7\u00e3o cautelar. Das decis\u00f5es das Turmas, a parte ainda pode, em alguns casos, recorrer \u00e0 Subse\u00e7\u00e3o I Especializada em Diss\u00eddios Individuais (SDI-1).<\/p>\n<p>Esta mat\u00e9ria tem cunho meramente informativo.<br \/>\nPermitida a reprodu\u00e7\u00e3o mediante cita\u00e7\u00e3o da fonte.<br \/>\nSecretaria de Comunica\u00e7\u00e3o Social<br \/>\n<a href=\"https:\/\/www.tst.jus.br\/\" target=\"_blank\" rel=\"noopener\">Tribunal Superior do Trabalho<\/a><br \/>\nTel. (61) 3043-4907\u00a0<br \/>\n<a href=\"mailto:secom@tst.jus.br\" target=\"\" rel=\"noopener\">secom@tst.jus.br<\/a><\/p>\n<\/div><\/div>\n<\/div>\n","protected":false},"excerpt":{"rendered":"<p>A penalidade \u00e9 prevista no caso de quita\u00e7\u00e3o fora do prazo\u00a0 Ministra Maria Helena Mallmann 24\/03\/22 &#8211;\u00a0A Segunda Turma do Tribunal Superior do Trabalho excluiu da condena\u00e7\u00e3o imposta ao Munic\u00edpio de Joan\u00f3polis (SP) o pagamento em dobro das f\u00e9rias de um ajudante geral cujos valores foram recebidos fora do prazo legal. O motivo \u00e9 que [&hellip;]<\/p>\n","protected":false},"author":0,"featured_media":4604,"comment_status":"open","ping_status":"open","sticky":false,"template":"","format":"standard","meta":{"footnotes":""},"categories":[5],"tags":[],"class_list":["post-4603","post","type-post","status-publish","format-standard","has-post-thumbnail","hentry","category-noticias-educacao-financeira"],"blocksy_meta":{"styles_descriptor":{"styles":{"desktop":"","tablet":"","mobile":""},"google_fonts":[],"version":6}},"yoast_head":"<!-- This site is optimized with the Yoast SEO plugin v27.5 - https:\/\/yoast.com\/product\/yoast-seo-wordpress\/ -->\n<title>Pedido de empregado para n\u00e3o antecipar recebimento de f\u00e9rias afasta pagamento em dobro - Contabilidade Caxias<\/title>\n<meta name=\"robots\" content=\"index, follow, max-snippet:-1, max-image-preview:large, max-video-preview:-1\" \/>\n<link rel=\"canonical\" href=\"https:\/\/contabilidadecaxias.com.br\/index.php\/2022\/03\/24\/pedido-de-empregado-para-nao-antecipar-recebimento-de-ferias-afasta-pagamento-em-dobro\/\" \/>\n<meta property=\"og:locale\" content=\"pt_BR\" \/>\n<meta property=\"og:type\" content=\"article\" \/>\n<meta property=\"og:title\" content=\"Pedido de empregado para n\u00e3o antecipar recebimento de f\u00e9rias afasta pagamento em dobro - Contabilidade Caxias\" \/>\n<meta property=\"og:description\" content=\"A penalidade \u00e9 prevista no caso de quita\u00e7\u00e3o fora do prazo\u00a0 Ministra Maria Helena Mallmann 24\/03\/22 &#8211;\u00a0A Segunda Turma do Tribunal Superior do Trabalho excluiu da condena\u00e7\u00e3o imposta ao Munic\u00edpio de Joan\u00f3polis (SP) o pagamento em dobro das f\u00e9rias de um ajudante geral cujos valores foram recebidos fora do prazo legal. O motivo \u00e9 que [&hellip;]\" \/>\n<meta property=\"og:url\" content=\"https:\/\/contabilidadecaxias.com.br\/index.php\/2022\/03\/24\/pedido-de-empregado-para-nao-antecipar-recebimento-de-ferias-afasta-pagamento-em-dobro\/\" \/>\n<meta property=\"og:site_name\" content=\"Contabilidade Caxias\" \/>\n<meta property=\"article:published_time\" content=\"2022-03-24T21:21:01+00:00\" \/>\n<meta name=\"twitter:card\" content=\"summary_large_image\" \/>\n<meta name=\"twitter:label1\" content=\"Est. tempo de leitura\" \/>\n\t<meta name=\"twitter:data1\" content=\"2 minutos\" \/>\n<script type=\"application\/ld+json\" class=\"yoast-schema-graph\">{\"@context\":\"https:\\\/\\\/schema.org\",\"@graph\":[{\"@type\":\"Article\",\"@id\":\"https:\\\/\\\/contabilidadecaxias.com.br\\\/index.php\\\/2022\\\/03\\\/24\\\/pedido-de-empregado-para-nao-antecipar-recebimento-de-ferias-afasta-pagamento-em-dobro\\\/#article\",\"isPartOf\":{\"@id\":\"https:\\\/\\\/contabilidadecaxias.com.br\\\/index.php\\\/2022\\\/03\\\/24\\\/pedido-de-empregado-para-nao-antecipar-recebimento-de-ferias-afasta-pagamento-em-dobro\\\/\"},\"author\":{\"name\":\"\",\"@id\":\"\"},\"headline\":\"Pedido de empregado para n\u00e3o antecipar recebimento de f\u00e9rias afasta pagamento em dobro\",\"datePublished\":\"2022-03-24T21:21:01+00:00\",\"mainEntityOfPage\":{\"@id\":\"https:\\\/\\\/contabilidadecaxias.com.br\\\/index.php\\\/2022\\\/03\\\/24\\\/pedido-de-empregado-para-nao-antecipar-recebimento-de-ferias-afasta-pagamento-em-dobro\\\/\"},\"wordCount\":445,\"commentCount\":0,\"image\":{\"@id\":\"https:\\\/\\\/contabilidadecaxias.com.br\\\/index.php\\\/2022\\\/03\\\/24\\\/pedido-de-empregado-para-nao-antecipar-recebimento-de-ferias-afasta-pagamento-em-dobro\\\/#primaryimage\"},\"thumbnailUrl\":\"https:\\\/\\\/contabilidadecaxias.com.br\\\/wp-content\\\/uploads\\\/2022\\\/03\\\/10b4e0fd-5292-9618-1d37-81f004497a66-6XJtoL.jpeg\",\"articleSection\":[\"Educa\u00e7\u00e3o Financeira\"],\"inLanguage\":\"pt-BR\",\"potentialAction\":[{\"@type\":\"CommentAction\",\"name\":\"Comment\",\"target\":[\"https:\\\/\\\/contabilidadecaxias.com.br\\\/index.php\\\/2022\\\/03\\\/24\\\/pedido-de-empregado-para-nao-antecipar-recebimento-de-ferias-afasta-pagamento-em-dobro\\\/#respond\"]}]},{\"@type\":\"WebPage\",\"@id\":\"https:\\\/\\\/contabilidadecaxias.com.br\\\/index.php\\\/2022\\\/03\\\/24\\\/pedido-de-empregado-para-nao-antecipar-recebimento-de-ferias-afasta-pagamento-em-dobro\\\/\",\"url\":\"https:\\\/\\\/contabilidadecaxias.com.br\\\/index.php\\\/2022\\\/03\\\/24\\\/pedido-de-empregado-para-nao-antecipar-recebimento-de-ferias-afasta-pagamento-em-dobro\\\/\",\"name\":\"Pedido de empregado para n\u00e3o antecipar recebimento de f\u00e9rias afasta pagamento em dobro - Contabilidade Caxias\",\"isPartOf\":{\"@id\":\"https:\\\/\\\/contabilidadecaxias.com.br\\\/#website\"},\"primaryImageOfPage\":{\"@id\":\"https:\\\/\\\/contabilidadecaxias.com.br\\\/index.php\\\/2022\\\/03\\\/24\\\/pedido-de-empregado-para-nao-antecipar-recebimento-de-ferias-afasta-pagamento-em-dobro\\\/#primaryimage\"},\"image\":{\"@id\":\"https:\\\/\\\/contabilidadecaxias.com.br\\\/index.php\\\/2022\\\/03\\\/24\\\/pedido-de-empregado-para-nao-antecipar-recebimento-de-ferias-afasta-pagamento-em-dobro\\\/#primaryimage\"},\"thumbnailUrl\":\"https:\\\/\\\/contabilidadecaxias.com.br\\\/wp-content\\\/uploads\\\/2022\\\/03\\\/10b4e0fd-5292-9618-1d37-81f004497a66-6XJtoL.jpeg\",\"datePublished\":\"2022-03-24T21:21:01+00:00\",\"author\":{\"@id\":\"\"},\"breadcrumb\":{\"@id\":\"https:\\\/\\\/contabilidadecaxias.com.br\\\/index.php\\\/2022\\\/03\\\/24\\\/pedido-de-empregado-para-nao-antecipar-recebimento-de-ferias-afasta-pagamento-em-dobro\\\/#breadcrumb\"},\"inLanguage\":\"pt-BR\",\"potentialAction\":[{\"@type\":\"ReadAction\",\"target\":[\"https:\\\/\\\/contabilidadecaxias.com.br\\\/index.php\\\/2022\\\/03\\\/24\\\/pedido-de-empregado-para-nao-antecipar-recebimento-de-ferias-afasta-pagamento-em-dobro\\\/\"]}]},{\"@type\":\"ImageObject\",\"inLanguage\":\"pt-BR\",\"@id\":\"https:\\\/\\\/contabilidadecaxias.com.br\\\/index.php\\\/2022\\\/03\\\/24\\\/pedido-de-empregado-para-nao-antecipar-recebimento-de-ferias-afasta-pagamento-em-dobro\\\/#primaryimage\",\"url\":\"https:\\\/\\\/contabilidadecaxias.com.br\\\/wp-content\\\/uploads\\\/2022\\\/03\\\/10b4e0fd-5292-9618-1d37-81f004497a66-6XJtoL.jpeg\",\"contentUrl\":\"https:\\\/\\\/contabilidadecaxias.com.br\\\/wp-content\\\/uploads\\\/2022\\\/03\\\/10b4e0fd-5292-9618-1d37-81f004497a66-6XJtoL.jpeg\",\"width\":1280,\"height\":853},{\"@type\":\"BreadcrumbList\",\"@id\":\"https:\\\/\\\/contabilidadecaxias.com.br\\\/index.php\\\/2022\\\/03\\\/24\\\/pedido-de-empregado-para-nao-antecipar-recebimento-de-ferias-afasta-pagamento-em-dobro\\\/#breadcrumb\",\"itemListElement\":[{\"@type\":\"ListItem\",\"position\":1,\"name\":\"In\u00edcio\",\"item\":\"https:\\\/\\\/contabilidadecaxias.com.br\\\/\"},{\"@type\":\"ListItem\",\"position\":2,\"name\":\"Pedido de empregado para n\u00e3o antecipar recebimento de f\u00e9rias afasta pagamento em dobro\"}]},{\"@type\":\"WebSite\",\"@id\":\"https:\\\/\\\/contabilidadecaxias.com.br\\\/#website\",\"url\":\"https:\\\/\\\/contabilidadecaxias.com.br\\\/\",\"name\":\"Contabilidade Caxias\",\"description\":\"Site especializado em Contabilidade para Caxias.\",\"potentialAction\":[{\"@type\":\"SearchAction\",\"target\":{\"@type\":\"EntryPoint\",\"urlTemplate\":\"https:\\\/\\\/contabilidadecaxias.com.br\\\/?s={search_term_string}\"},\"query-input\":{\"@type\":\"PropertyValueSpecification\",\"valueRequired\":true,\"valueName\":\"search_term_string\"}}],\"inLanguage\":\"pt-BR\"}]}<\/script>\n<!-- \/ Yoast SEO plugin. -->","yoast_head_json":{"title":"Pedido de empregado para n\u00e3o antecipar recebimento de f\u00e9rias afasta pagamento em dobro - Contabilidade Caxias","robots":{"index":"index","follow":"follow","max-snippet":"max-snippet:-1","max-image-preview":"max-image-preview:large","max-video-preview":"max-video-preview:-1"},"canonical":"https:\/\/contabilidadecaxias.com.br\/index.php\/2022\/03\/24\/pedido-de-empregado-para-nao-antecipar-recebimento-de-ferias-afasta-pagamento-em-dobro\/","og_locale":"pt_BR","og_type":"article","og_title":"Pedido de empregado para n\u00e3o antecipar recebimento de f\u00e9rias afasta pagamento em dobro - Contabilidade Caxias","og_description":"A penalidade \u00e9 prevista no caso de quita\u00e7\u00e3o fora do prazo\u00a0 Ministra Maria Helena Mallmann 24\/03\/22 &#8211;\u00a0A Segunda Turma do Tribunal Superior do Trabalho excluiu da condena\u00e7\u00e3o imposta ao Munic\u00edpio de Joan\u00f3polis (SP) o pagamento em dobro das f\u00e9rias de um ajudante geral cujos valores foram recebidos fora do prazo legal. O motivo \u00e9 que [&hellip;]","og_url":"https:\/\/contabilidadecaxias.com.br\/index.php\/2022\/03\/24\/pedido-de-empregado-para-nao-antecipar-recebimento-de-ferias-afasta-pagamento-em-dobro\/","og_site_name":"Contabilidade Caxias","article_published_time":"2022-03-24T21:21:01+00:00","twitter_card":"summary_large_image","twitter_misc":{"Est. tempo de leitura":"2 minutos"},"schema":{"@context":"https:\/\/schema.org","@graph":[{"@type":"Article","@id":"https:\/\/contabilidadecaxias.com.br\/index.php\/2022\/03\/24\/pedido-de-empregado-para-nao-antecipar-recebimento-de-ferias-afasta-pagamento-em-dobro\/#article","isPartOf":{"@id":"https:\/\/contabilidadecaxias.com.br\/index.php\/2022\/03\/24\/pedido-de-empregado-para-nao-antecipar-recebimento-de-ferias-afasta-pagamento-em-dobro\/"},"author":{"name":"","@id":""},"headline":"Pedido de empregado para n\u00e3o antecipar recebimento de f\u00e9rias afasta pagamento em dobro","datePublished":"2022-03-24T21:21:01+00:00","mainEntityOfPage":{"@id":"https:\/\/contabilidadecaxias.com.br\/index.php\/2022\/03\/24\/pedido-de-empregado-para-nao-antecipar-recebimento-de-ferias-afasta-pagamento-em-dobro\/"},"wordCount":445,"commentCount":0,"image":{"@id":"https:\/\/contabilidadecaxias.com.br\/index.php\/2022\/03\/24\/pedido-de-empregado-para-nao-antecipar-recebimento-de-ferias-afasta-pagamento-em-dobro\/#primaryimage"},"thumbnailUrl":"https:\/\/contabilidadecaxias.com.br\/wp-content\/uploads\/2022\/03\/10b4e0fd-5292-9618-1d37-81f004497a66-6XJtoL.jpeg","articleSection":["Educa\u00e7\u00e3o Financeira"],"inLanguage":"pt-BR","potentialAction":[{"@type":"CommentAction","name":"Comment","target":["https:\/\/contabilidadecaxias.com.br\/index.php\/2022\/03\/24\/pedido-de-empregado-para-nao-antecipar-recebimento-de-ferias-afasta-pagamento-em-dobro\/#respond"]}]},{"@type":"WebPage","@id":"https:\/\/contabilidadecaxias.com.br\/index.php\/2022\/03\/24\/pedido-de-empregado-para-nao-antecipar-recebimento-de-ferias-afasta-pagamento-em-dobro\/","url":"https:\/\/contabilidadecaxias.com.br\/index.php\/2022\/03\/24\/pedido-de-empregado-para-nao-antecipar-recebimento-de-ferias-afasta-pagamento-em-dobro\/","name":"Pedido de empregado para n\u00e3o antecipar recebimento de f\u00e9rias afasta pagamento em dobro - Contabilidade Caxias","isPartOf":{"@id":"https:\/\/contabilidadecaxias.com.br\/#website"},"primaryImageOfPage":{"@id":"https:\/\/contabilidadecaxias.com.br\/index.php\/2022\/03\/24\/pedido-de-empregado-para-nao-antecipar-recebimento-de-ferias-afasta-pagamento-em-dobro\/#primaryimage"},"image":{"@id":"https:\/\/contabilidadecaxias.com.br\/index.php\/2022\/03\/24\/pedido-de-empregado-para-nao-antecipar-recebimento-de-ferias-afasta-pagamento-em-dobro\/#primaryimage"},"thumbnailUrl":"https:\/\/contabilidadecaxias.com.br\/wp-content\/uploads\/2022\/03\/10b4e0fd-5292-9618-1d37-81f004497a66-6XJtoL.jpeg","datePublished":"2022-03-24T21:21:01+00:00","author":{"@id":""},"breadcrumb":{"@id":"https:\/\/contabilidadecaxias.com.br\/index.php\/2022\/03\/24\/pedido-de-empregado-para-nao-antecipar-recebimento-de-ferias-afasta-pagamento-em-dobro\/#breadcrumb"},"inLanguage":"pt-BR","potentialAction":[{"@type":"ReadAction","target":["https:\/\/contabilidadecaxias.com.br\/index.php\/2022\/03\/24\/pedido-de-empregado-para-nao-antecipar-recebimento-de-ferias-afasta-pagamento-em-dobro\/"]}]},{"@type":"ImageObject","inLanguage":"pt-BR","@id":"https:\/\/contabilidadecaxias.com.br\/index.php\/2022\/03\/24\/pedido-de-empregado-para-nao-antecipar-recebimento-de-ferias-afasta-pagamento-em-dobro\/#primaryimage","url":"https:\/\/contabilidadecaxias.com.br\/wp-content\/uploads\/2022\/03\/10b4e0fd-5292-9618-1d37-81f004497a66-6XJtoL.jpeg","contentUrl":"https:\/\/contabilidadecaxias.com.br\/wp-content\/uploads\/2022\/03\/10b4e0fd-5292-9618-1d37-81f004497a66-6XJtoL.jpeg","width":1280,"height":853},{"@type":"BreadcrumbList","@id":"https:\/\/contabilidadecaxias.com.br\/index.php\/2022\/03\/24\/pedido-de-empregado-para-nao-antecipar-recebimento-de-ferias-afasta-pagamento-em-dobro\/#breadcrumb","itemListElement":[{"@type":"ListItem","position":1,"name":"In\u00edcio","item":"https:\/\/contabilidadecaxias.com.br\/"},{"@type":"ListItem","position":2,"name":"Pedido de empregado para n\u00e3o antecipar recebimento de f\u00e9rias afasta pagamento em dobro"}]},{"@type":"WebSite","@id":"https:\/\/contabilidadecaxias.com.br\/#website","url":"https:\/\/contabilidadecaxias.com.br\/","name":"Contabilidade Caxias","description":"Site especializado em Contabilidade para Caxias.","potentialAction":[{"@type":"SearchAction","target":{"@type":"EntryPoint","urlTemplate":"https:\/\/contabilidadecaxias.com.br\/?s={search_term_string}"},"query-input":{"@type":"PropertyValueSpecification","valueRequired":true,"valueName":"search_term_string"}}],"inLanguage":"pt-BR"}]}},"_links":{"self":[{"href":"https:\/\/contabilidadecaxias.com.br\/index.php\/wp-json\/wp\/v2\/posts\/4603","targetHints":{"allow":["GET"]}}],"collection":[{"href":"https:\/\/contabilidadecaxias.com.br\/index.php\/wp-json\/wp\/v2\/posts"}],"about":[{"href":"https:\/\/contabilidadecaxias.com.br\/index.php\/wp-json\/wp\/v2\/types\/post"}],"replies":[{"embeddable":true,"href":"https:\/\/contabilidadecaxias.com.br\/index.php\/wp-json\/wp\/v2\/comments?post=4603"}],"version-history":[{"count":0,"href":"https:\/\/contabilidadecaxias.com.br\/index.php\/wp-json\/wp\/v2\/posts\/4603\/revisions"}],"wp:featuredmedia":[{"embeddable":true,"href":"https:\/\/contabilidadecaxias.com.br\/index.php\/wp-json\/wp\/v2\/media\/4604"}],"wp:attachment":[{"href":"https:\/\/contabilidadecaxias.com.br\/index.php\/wp-json\/wp\/v2\/media?parent=4603"}],"wp:term":[{"taxonomy":"category","embeddable":true,"href":"https:\/\/contabilidadecaxias.com.br\/index.php\/wp-json\/wp\/v2\/categories?post=4603"},{"taxonomy":"post_tag","embeddable":true,"href":"https:\/\/contabilidadecaxias.com.br\/index.php\/wp-json\/wp\/v2\/tags?post=4603"}],"curies":[{"name":"wp","href":"https:\/\/api.w.org\/{rel}","templated":true}]}}