{"id":4598,"date":"2022-03-24T17:26:05","date_gmt":"2022-03-24T20:26:05","guid":{"rendered":"https:\/\/contabilidadecaxias.com.br\/index.php\/2022\/03\/24\/mascaras-ja-comecam-a-sumir-de-linhas-de-producao-nacionais-2\/"},"modified":"2022-03-24T17:26:05","modified_gmt":"2022-03-24T20:26:05","slug":"mascaras-ja-comecam-a-sumir-de-linhas-de-producao-nacionais-2","status":"publish","type":"post","link":"https:\/\/contabilidadecaxias.com.br\/index.php\/2022\/03\/24\/mascaras-ja-comecam-a-sumir-de-linhas-de-producao-nacionais-2\/","title":{"rendered":"M\u00e1scaras j\u00e1 come\u00e7am a sumir de linhas de produ\u00e7\u00e3o nacionais"},"content":{"rendered":"<p>S\u00c3O PAULO, SP (FOLHAPRESS) &#8211; A centen\u00e1ria Lupo, a maior fabricante nacional de m\u00e1scaras de prote\u00e7\u00e3o contra a Covid-19, decidiu suspender a produ\u00e7\u00e3o do acess\u00f3rio no seu parque fabril de 130 mil metros quadrados, com unidades em Araraquara (SP) e Itabuna (BA), apurou a reportagem.<\/p>\n<p>A Lupo avaliou que o fim da obrigatoriedade da prote\u00e7\u00e3o nos grandes centros urbanos, este m\u00eas, j\u00e1 permitiria \u00e0 empresa interromper a fabrica\u00e7\u00e3o do produto, que tem como principais canais de vendas o site e as cerca de 430 franquias da marca espalhadas pelo pa\u00eds.<\/p>\n<p>A mesma medida foi tomada por outras fabricantes, como a Malwee e a Fiber Knit. J\u00e1 a 3M reduziu a produ\u00e7\u00e3o em 25%.<\/p>\n<p>Entre abril de 2020 e setembro de 2021, a Lupo produziu aproximadamente 70 milh\u00f5es de unidades vendidas, incluindo a marca Trifil, que pertence \u00e0 companhia.<\/p>\n<p>Procurada, a companhia n\u00e3o atendeu a reportagem porque est\u00e1 em per\u00edodo de sil\u00eancio. A empresa tem capital aberto e est\u00e1 \u00e0s v\u00e9speras da divulga\u00e7\u00e3o dos seus resultados financeiros referentes ao quarto trimestre de 2021.<\/p>\n<p>De acordo com os \u00faltimos dados divulgados, a Lupo faturou cerca de R$ 257 milh\u00f5es com o produto no acumulado de janeiro a setembro do ano passado. Em todo o ano de 2020, havia faturado R$ 59,1 milh\u00f5es com a categoria.<\/p>\n<p>Vice-campe\u00e3 de vendas entre janeiro e setembro de 2021, per\u00edodo em que a empresa como um todo faturou R$ 1,12 bilh\u00e3o, a categoria de m\u00e1scaras s\u00f3 perdeu para a de cuecas, mas ficou \u00e0 frente do segmento de meias (produto que deu origem \u00e0 companhia) e da categoria de produtos esportivos (como camisetas, shorts e bermudas).<\/p>\n<p>Outras fabricantes, como a catarinense Malwee, que chegou a produzir 2 milh\u00f5es de m\u00e1scaras por dia no auge da pandemia, tomaram a mesma iniciativa. A empresa chegou a lan\u00e7ar uma linha de m\u00e1scaras com prote\u00e7\u00e3o antiviral, a Protege, para crian\u00e7as e adultos.<\/p>\n<p>J\u00e1 a ga\u00facha Fiber Knit lan\u00e7ou uma linha m\u00e1scaras esportivas, que foram o acess\u00f3rio oficial da equipe ol\u00edmpica do Brasil no Jap\u00e3o no ano passado. O auge da produ\u00e7\u00e3o foram 12 mil unidades por dia, mas desde fevereiro a fabrica\u00e7\u00e3o est\u00e1 suspensa. At\u00e9 agora, a empresa vendeu 4,5 milh\u00f5es de unidades.<\/p>\n<p>Antes especializada na fabrica\u00e7\u00e3o de cabedal para cal\u00e7ados, a Fiber Knit viu nascer nas m\u00e1scaras um novo mercado, que quintuplicou o seu faturamento, n\u00e3o revelado. Mas a demanda diminuiu a partir de novembro, reacendeu em janeiro com a \u00f4micron e, em fevereiro, voltou a cair, levando a empresa a suspender a produ\u00e7\u00e3o, feita em impressora 3D e com garrafas PET como mat\u00e9ria-prima.<\/p>\n<p>&#8220;A queda nas vendas de m\u00e1scaras j\u00e1 era esperada&#8221;, diz Thiago Dal Pizzol, diretor da Fiber. &#8220;Desde o final do ano passado, come\u00e7amos a redirecionar nossa produ\u00e7\u00e3o para outros itens de maior valor agregado, como t\u00eanis e mochilas&#8221;, afirma.<\/p>\n<p>A companhia tamb\u00e9m est\u00e1 abrindo uma nova frente de vendas para o seu estoque de m\u00e1scaras: as farm\u00e1cias. &#8220;O produto era vendido at\u00e9 agora no nosso site e em lojas de artigos esportivos. Mas acreditamos que muita gente vai querer manter a prote\u00e7\u00e3o, procurando o produto em um ambiente associado a cuidados com a sa\u00fade&#8221;, diz Pizzol.<\/p>\n<p>At\u00e9 o momento, a Fiber j\u00e1 fechou acordos com as redes de farm\u00e1cias S\u00e3o Jo\u00e3o, do Rio Grande do Sul, e Tapaj\u00f3s, do Norte e Nordeste. &#8220;A prote\u00e7\u00e3o vai continuar para o controle de v\u00e1rias doen\u00e7as, n\u00e3o s\u00f3 da Covid, que tamb\u00e9m n\u00e3o terminou&#8221;, afirma Pizzol, que n\u00e3o descarta a retomada em menor escala, para abastecer as drogarias.<\/p>\n<p>A Raia Drogasil, a maior rede nacional de farm\u00e1cias, com cerca de 2,5 mil lojas espalhadas pelo pa\u00eds, informou \u00e0 reportagem que o pico de vendas de m\u00e1scaras se deu entre janeiro e abril de 2021. E que a partir de ent\u00e3o as vendas se &#8220;estabilizaram&#8221;. Ainda assim, informou a empresa, as vendas de fevereiro deste ano foram 13% superiores \u00e0s de fevereiro do ano passado.<\/p>\n<p>A filial da multinacional americana 3M, por sua vez, com f\u00e1brica em Itapetininga (SP), disse \u00e0 reportagem que reajustou a produ\u00e7\u00e3o da sua m\u00e1scara PFF2 perante o recuo de 25% na demanda. &#8220;A empresa mant\u00e9m seu fornecimento normalizado para os clientes dos segmentos profissionais, pouco impactados pela n\u00e3o obrigatoriedade de uso de m\u00e1scaras para a popula\u00e7\u00e3o em geral, definida recentemente por governos&#8221;, informou, em nota.<\/p>\n<p>A companhia, que n\u00e3o divulga os n\u00fameros locais de produ\u00e7\u00e3o, disse apenas que, globalmente, aumentou sua capacidade para atingir 2 bilh\u00f5es de m\u00e1scaras produzidas ao ano \u0096quatro vezes o montante fabricado antes da pandemia. &#8220;No Brasil, a empresa aumentou em tr\u00eas vezes o volume de sua produ\u00e7\u00e3o de m\u00e1scaras para atender a demanda&#8221;, informou<\/p>\n<p>R$ 600 POR UMA M\u00c1SCARA DE GRIFE<\/p>\n<p>Desde que o ex-ministro da Sa\u00fade Luiz Felipe Mandetta veio a p\u00fablico, em 1\u00ba de abril de 2020, pedir que as pessoas come\u00e7assem a improvisar m\u00e1scaras caseiras para proteger a regi\u00e3o do nariz e da boca, muita coisa mudou nos h\u00e1bitos do brasileiro e nas vendas do varejo. A lei que tornou obrigat\u00f3rio o uso de m\u00e1scaras no pa\u00eds s\u00f3 foi sancionada pelo presidente Jair Bolsonaro em 3 de julho de 2020.<\/p>\n<p>A sa\u00edda remediada de prote\u00e7\u00e3o contra o novo coronav\u00edrus apresentada pelo ex-ministro, de amarrar um pano no rosto, evoluiu para um acess\u00f3rio com seguran\u00e7a certificada e at\u00e9 apelo fashion.<\/p>\n<p>Com dupla camada de tecido, as m\u00e1scaras da Lupo s\u00e3o fabricadas com o fio de poliamida Amni Virus-Bac OFF da Rhodia, que foi submetido a ensaios de avalia\u00e7\u00e3o antibacteriana e antiviral pelo Laborat\u00f3rio de Biotecnologia Industrial do Instituto de Pesquisas Tecnol\u00f3gicas (IPT). Antes oferecido apenas nas cores preto ou branco, o acess\u00f3rio passou a englobar uma cartela variada de cores, tanto para o p\u00fablico adulto quanto para o infantil. O pacote com duas unidades \u00e9 oferecido no site da marca a R$ 26.<\/p>\n<p>J\u00e1 a Fiber Knit, pr\u00f3pria para esportistas, com um suporte 3D anti-suc\u00e7\u00e3o e 30 filtros tripla camada, \u00e9 encontrada no site da marca a partir de R$ 59,90, em diferentes cores.<\/p>\n<p>Uma pesquisa global da consultoria internacional Euromonitor, em 46 mercados, divulgada em abril do ano passado, apontou que o Brasil era o quinto pa\u00eds do mundo com o pre\u00e7o unit\u00e1rio mais baixo de m\u00e1scaras de tecido reutiliz\u00e1veis \u0096por volta de US$ 1. O Vietn\u00e3 tinha o menor pre\u00e7o m\u00e9dio para m\u00e1scaras faciais (por volta de US$ 0,60) e, a Su\u00e9cia, o maior valor (US$ 13).<\/p>\n<p>A pesquisa apontou a exist\u00eancia de modelos de luxo: a grife brit\u00e2nica Burberry, por exemplo, oferecia no ano passado sete modelos com pre\u00e7os em torno de US$ 120 (R$ 584), enquanto a italiana Dolce &amp; Gabanna havia lan\u00e7ado uma linha com pre\u00e7os de US$ 89 (R$ 433) a US$ 122 (R$ 594).<\/p>\n<p>O levantamento da Euromonitor levou em conta m\u00e1scaras de pano lav\u00e1vel e reutiliz\u00e1vel feita de tecidos comuns, como algod\u00e3o. N\u00e3o entraram no levantamento m\u00e1scaras cir\u00fargicas, m\u00e1scaras de papel descart\u00e1veis ou modelos com respiradores, como as m\u00e1scaras N95.<\/p>\n<p>A 3M n\u00e3o tem um pre\u00e7o sugerido no varejo para suas m\u00e1scaras PFF2 \u0096que conta com respirador e \u00e9 um dos modelos mais recomendados pelas autoridades de sa\u00fade, por apresentar filtra\u00e7\u00e3o m\u00ednima de 94% contra a penetra\u00e7\u00e3o de aeross\u00f3is. Mas \u00e9 poss\u00edvel encontrar o modelo \u00e0 venda na internet em pacotes de 10 unidades a R$ 64.<\/p>\n<p>M\u00c1SCARA OCUPOU O LUGAR DA MEIA-CAL\u00c7A NA LUPO<\/p>\n<p>Em entrevista ao jornal Folha de S.Paulo em junho do ano passado, Liliana Aufiero, presidente da Lupo, disse que as m\u00e1scaras chegaram a representar perto de um ter\u00e7o (31%) do faturamento da companhia em maio. \u00c0 \u00e9poca, a empresa estava produzindo 300 mil unidades por dia e tinha uma lista de espera de tr\u00eas meses.<\/p>\n<p>Para fabricar as m\u00e1scaras a partir de abril de 2020, um m\u00eas depois de decretada a pandemia em n\u00edvel global, a Lupo interrompeu a fabrica\u00e7\u00e3o de meia-cal\u00e7a e adaptou as m\u00e1quinas para a produ\u00e7\u00e3o.<\/p>\n<p>A ideia surgiu depois de uma a\u00e7\u00e3o beneficente: a Lupo come\u00e7ou a fabricar m\u00e1scaras de TNT para a equipe da Santa Casa de Araraquara, no interior paulista, onde fica a sede da empresa. Na sequ\u00eancia, decidiu atender o consumidor comum.<\/p>\n<p>&#8220;Quando lancei a m\u00e1scara, achei que s\u00f3 venderia por 90 dias&#8221;, afirmou Liliana \u00e0 Folha de S.Paulo, em junho. A empres\u00e1ria disse na ocasi\u00e3o que estava torcendo para a pandemia acabar logo: pela sa\u00fade p\u00fablica e para a Lupo voltar a fabricar produtos de maior valor agregado.<\/p>\n<p>Tamb\u00e9m em entrevista em setembro, a Lupo informou que j\u00e1 havia reduzido a produ\u00e7\u00e3o de m\u00e1scaras pela metade, a partir do arrefecimento dos n\u00fameros da doen\u00e7a com o avan\u00e7o da vacina\u00e7\u00e3o.<\/p>\n","protected":false},"excerpt":{"rendered":"<p>S\u00c3O PAULO, SP (FOLHAPRESS) &#8211; A centen\u00e1ria Lupo, a maior fabricante nacional de m\u00e1scaras de prote\u00e7\u00e3o contra a Covid-19, decidiu suspender a produ\u00e7\u00e3o do acess\u00f3rio no seu parque fabril de 130 mil metros quadrados, com unidades em Araraquara (SP) e Itabuna (BA), apurou a reportagem. A Lupo avaliou que o fim da obrigatoriedade da prote\u00e7\u00e3o [&hellip;]<\/p>\n","protected":false},"author":0,"featured_media":0,"comment_status":"open","ping_status":"open","sticky":false,"template":"","format":"standard","meta":{"footnotes":""},"categories":[4],"tags":[],"class_list":["post-4598","post","type-post","status-publish","format-standard","hentry","category-noticias-empreendedorismo"],"blocksy_meta":{"styles_descriptor":{"styles":{"desktop":"","tablet":"","mobile":""},"google_fonts":[],"version":6}},"yoast_head":"<!-- This site is optimized with the Yoast SEO plugin v27.5 - https:\/\/yoast.com\/product\/yoast-seo-wordpress\/ -->\n<title>M\u00e1scaras j\u00e1 come\u00e7am a sumir de linhas de produ\u00e7\u00e3o nacionais - Contabilidade Caxias<\/title>\n<meta name=\"robots\" content=\"index, follow, max-snippet:-1, max-image-preview:large, max-video-preview:-1\" \/>\n<link rel=\"canonical\" href=\"https:\/\/contabilidadecaxias.com.br\/index.php\/2022\/03\/24\/mascaras-ja-comecam-a-sumir-de-linhas-de-producao-nacionais-2\/\" \/>\n<meta property=\"og:locale\" content=\"pt_BR\" \/>\n<meta property=\"og:type\" content=\"article\" \/>\n<meta property=\"og:title\" content=\"M\u00e1scaras j\u00e1 come\u00e7am a sumir de linhas de produ\u00e7\u00e3o nacionais - Contabilidade Caxias\" \/>\n<meta property=\"og:description\" content=\"S\u00c3O PAULO, SP (FOLHAPRESS) &#8211; A centen\u00e1ria Lupo, a maior fabricante nacional de m\u00e1scaras de prote\u00e7\u00e3o contra a Covid-19, decidiu suspender a produ\u00e7\u00e3o do acess\u00f3rio no seu parque fabril de 130 mil metros quadrados, com unidades em Araraquara (SP) e Itabuna (BA), apurou a reportagem. A Lupo avaliou que o fim da obrigatoriedade da prote\u00e7\u00e3o [&hellip;]\" \/>\n<meta property=\"og:url\" content=\"https:\/\/contabilidadecaxias.com.br\/index.php\/2022\/03\/24\/mascaras-ja-comecam-a-sumir-de-linhas-de-producao-nacionais-2\/\" \/>\n<meta property=\"og:site_name\" content=\"Contabilidade Caxias\" \/>\n<meta property=\"article:published_time\" content=\"2022-03-24T20:26:05+00:00\" \/>\n<meta name=\"twitter:card\" content=\"summary_large_image\" \/>\n<meta name=\"twitter:label1\" content=\"Est. tempo de leitura\" \/>\n\t<meta name=\"twitter:data1\" content=\"8 minutos\" \/>\n<script type=\"application\/ld+json\" class=\"yoast-schema-graph\">{\"@context\":\"https:\\\/\\\/schema.org\",\"@graph\":[{\"@type\":\"Article\",\"@id\":\"https:\\\/\\\/contabilidadecaxias.com.br\\\/index.php\\\/2022\\\/03\\\/24\\\/mascaras-ja-comecam-a-sumir-de-linhas-de-producao-nacionais-2\\\/#article\",\"isPartOf\":{\"@id\":\"https:\\\/\\\/contabilidadecaxias.com.br\\\/index.php\\\/2022\\\/03\\\/24\\\/mascaras-ja-comecam-a-sumir-de-linhas-de-producao-nacionais-2\\\/\"},\"author\":{\"name\":\"\",\"@id\":\"\"},\"headline\":\"M\u00e1scaras j\u00e1 come\u00e7am a sumir de linhas de produ\u00e7\u00e3o nacionais\",\"datePublished\":\"2022-03-24T20:26:05+00:00\",\"mainEntityOfPage\":{\"@id\":\"https:\\\/\\\/contabilidadecaxias.com.br\\\/index.php\\\/2022\\\/03\\\/24\\\/mascaras-ja-comecam-a-sumir-de-linhas-de-producao-nacionais-2\\\/\"},\"wordCount\":1535,\"commentCount\":0,\"articleSection\":[\"Empreendedorismo\"],\"inLanguage\":\"pt-BR\",\"potentialAction\":[{\"@type\":\"CommentAction\",\"name\":\"Comment\",\"target\":[\"https:\\\/\\\/contabilidadecaxias.com.br\\\/index.php\\\/2022\\\/03\\\/24\\\/mascaras-ja-comecam-a-sumir-de-linhas-de-producao-nacionais-2\\\/#respond\"]}]},{\"@type\":\"WebPage\",\"@id\":\"https:\\\/\\\/contabilidadecaxias.com.br\\\/index.php\\\/2022\\\/03\\\/24\\\/mascaras-ja-comecam-a-sumir-de-linhas-de-producao-nacionais-2\\\/\",\"url\":\"https:\\\/\\\/contabilidadecaxias.com.br\\\/index.php\\\/2022\\\/03\\\/24\\\/mascaras-ja-comecam-a-sumir-de-linhas-de-producao-nacionais-2\\\/\",\"name\":\"M\u00e1scaras j\u00e1 come\u00e7am a sumir de linhas de produ\u00e7\u00e3o nacionais - Contabilidade Caxias\",\"isPartOf\":{\"@id\":\"https:\\\/\\\/contabilidadecaxias.com.br\\\/#website\"},\"datePublished\":\"2022-03-24T20:26:05+00:00\",\"author\":{\"@id\":\"\"},\"breadcrumb\":{\"@id\":\"https:\\\/\\\/contabilidadecaxias.com.br\\\/index.php\\\/2022\\\/03\\\/24\\\/mascaras-ja-comecam-a-sumir-de-linhas-de-producao-nacionais-2\\\/#breadcrumb\"},\"inLanguage\":\"pt-BR\",\"potentialAction\":[{\"@type\":\"ReadAction\",\"target\":[\"https:\\\/\\\/contabilidadecaxias.com.br\\\/index.php\\\/2022\\\/03\\\/24\\\/mascaras-ja-comecam-a-sumir-de-linhas-de-producao-nacionais-2\\\/\"]}]},{\"@type\":\"BreadcrumbList\",\"@id\":\"https:\\\/\\\/contabilidadecaxias.com.br\\\/index.php\\\/2022\\\/03\\\/24\\\/mascaras-ja-comecam-a-sumir-de-linhas-de-producao-nacionais-2\\\/#breadcrumb\",\"itemListElement\":[{\"@type\":\"ListItem\",\"position\":1,\"name\":\"In\u00edcio\",\"item\":\"https:\\\/\\\/contabilidadecaxias.com.br\\\/\"},{\"@type\":\"ListItem\",\"position\":2,\"name\":\"M\u00e1scaras j\u00e1 come\u00e7am a sumir de linhas de produ\u00e7\u00e3o nacionais\"}]},{\"@type\":\"WebSite\",\"@id\":\"https:\\\/\\\/contabilidadecaxias.com.br\\\/#website\",\"url\":\"https:\\\/\\\/contabilidadecaxias.com.br\\\/\",\"name\":\"Contabilidade Caxias\",\"description\":\"Site especializado em Contabilidade para Caxias.\",\"potentialAction\":[{\"@type\":\"SearchAction\",\"target\":{\"@type\":\"EntryPoint\",\"urlTemplate\":\"https:\\\/\\\/contabilidadecaxias.com.br\\\/?s={search_term_string}\"},\"query-input\":{\"@type\":\"PropertyValueSpecification\",\"valueRequired\":true,\"valueName\":\"search_term_string\"}}],\"inLanguage\":\"pt-BR\"}]}<\/script>\n<!-- \/ Yoast SEO plugin. -->","yoast_head_json":{"title":"M\u00e1scaras j\u00e1 come\u00e7am a sumir de linhas de produ\u00e7\u00e3o nacionais - Contabilidade Caxias","robots":{"index":"index","follow":"follow","max-snippet":"max-snippet:-1","max-image-preview":"max-image-preview:large","max-video-preview":"max-video-preview:-1"},"canonical":"https:\/\/contabilidadecaxias.com.br\/index.php\/2022\/03\/24\/mascaras-ja-comecam-a-sumir-de-linhas-de-producao-nacionais-2\/","og_locale":"pt_BR","og_type":"article","og_title":"M\u00e1scaras j\u00e1 come\u00e7am a sumir de linhas de produ\u00e7\u00e3o nacionais - Contabilidade Caxias","og_description":"S\u00c3O PAULO, SP (FOLHAPRESS) &#8211; A centen\u00e1ria Lupo, a maior fabricante nacional de m\u00e1scaras de prote\u00e7\u00e3o contra a Covid-19, decidiu suspender a produ\u00e7\u00e3o do acess\u00f3rio no seu parque fabril de 130 mil metros quadrados, com unidades em Araraquara (SP) e Itabuna (BA), apurou a reportagem. A Lupo avaliou que o fim da obrigatoriedade da prote\u00e7\u00e3o [&hellip;]","og_url":"https:\/\/contabilidadecaxias.com.br\/index.php\/2022\/03\/24\/mascaras-ja-comecam-a-sumir-de-linhas-de-producao-nacionais-2\/","og_site_name":"Contabilidade Caxias","article_published_time":"2022-03-24T20:26:05+00:00","twitter_card":"summary_large_image","twitter_misc":{"Est. tempo de leitura":"8 minutos"},"schema":{"@context":"https:\/\/schema.org","@graph":[{"@type":"Article","@id":"https:\/\/contabilidadecaxias.com.br\/index.php\/2022\/03\/24\/mascaras-ja-comecam-a-sumir-de-linhas-de-producao-nacionais-2\/#article","isPartOf":{"@id":"https:\/\/contabilidadecaxias.com.br\/index.php\/2022\/03\/24\/mascaras-ja-comecam-a-sumir-de-linhas-de-producao-nacionais-2\/"},"author":{"name":"","@id":""},"headline":"M\u00e1scaras j\u00e1 come\u00e7am a sumir de linhas de produ\u00e7\u00e3o nacionais","datePublished":"2022-03-24T20:26:05+00:00","mainEntityOfPage":{"@id":"https:\/\/contabilidadecaxias.com.br\/index.php\/2022\/03\/24\/mascaras-ja-comecam-a-sumir-de-linhas-de-producao-nacionais-2\/"},"wordCount":1535,"commentCount":0,"articleSection":["Empreendedorismo"],"inLanguage":"pt-BR","potentialAction":[{"@type":"CommentAction","name":"Comment","target":["https:\/\/contabilidadecaxias.com.br\/index.php\/2022\/03\/24\/mascaras-ja-comecam-a-sumir-de-linhas-de-producao-nacionais-2\/#respond"]}]},{"@type":"WebPage","@id":"https:\/\/contabilidadecaxias.com.br\/index.php\/2022\/03\/24\/mascaras-ja-comecam-a-sumir-de-linhas-de-producao-nacionais-2\/","url":"https:\/\/contabilidadecaxias.com.br\/index.php\/2022\/03\/24\/mascaras-ja-comecam-a-sumir-de-linhas-de-producao-nacionais-2\/","name":"M\u00e1scaras j\u00e1 come\u00e7am a sumir de linhas de produ\u00e7\u00e3o nacionais - Contabilidade Caxias","isPartOf":{"@id":"https:\/\/contabilidadecaxias.com.br\/#website"},"datePublished":"2022-03-24T20:26:05+00:00","author":{"@id":""},"breadcrumb":{"@id":"https:\/\/contabilidadecaxias.com.br\/index.php\/2022\/03\/24\/mascaras-ja-comecam-a-sumir-de-linhas-de-producao-nacionais-2\/#breadcrumb"},"inLanguage":"pt-BR","potentialAction":[{"@type":"ReadAction","target":["https:\/\/contabilidadecaxias.com.br\/index.php\/2022\/03\/24\/mascaras-ja-comecam-a-sumir-de-linhas-de-producao-nacionais-2\/"]}]},{"@type":"BreadcrumbList","@id":"https:\/\/contabilidadecaxias.com.br\/index.php\/2022\/03\/24\/mascaras-ja-comecam-a-sumir-de-linhas-de-producao-nacionais-2\/#breadcrumb","itemListElement":[{"@type":"ListItem","position":1,"name":"In\u00edcio","item":"https:\/\/contabilidadecaxias.com.br\/"},{"@type":"ListItem","position":2,"name":"M\u00e1scaras j\u00e1 come\u00e7am a sumir de linhas de produ\u00e7\u00e3o nacionais"}]},{"@type":"WebSite","@id":"https:\/\/contabilidadecaxias.com.br\/#website","url":"https:\/\/contabilidadecaxias.com.br\/","name":"Contabilidade Caxias","description":"Site especializado em Contabilidade para Caxias.","potentialAction":[{"@type":"SearchAction","target":{"@type":"EntryPoint","urlTemplate":"https:\/\/contabilidadecaxias.com.br\/?s={search_term_string}"},"query-input":{"@type":"PropertyValueSpecification","valueRequired":true,"valueName":"search_term_string"}}],"inLanguage":"pt-BR"}]}},"_links":{"self":[{"href":"https:\/\/contabilidadecaxias.com.br\/index.php\/wp-json\/wp\/v2\/posts\/4598","targetHints":{"allow":["GET"]}}],"collection":[{"href":"https:\/\/contabilidadecaxias.com.br\/index.php\/wp-json\/wp\/v2\/posts"}],"about":[{"href":"https:\/\/contabilidadecaxias.com.br\/index.php\/wp-json\/wp\/v2\/types\/post"}],"replies":[{"embeddable":true,"href":"https:\/\/contabilidadecaxias.com.br\/index.php\/wp-json\/wp\/v2\/comments?post=4598"}],"version-history":[{"count":0,"href":"https:\/\/contabilidadecaxias.com.br\/index.php\/wp-json\/wp\/v2\/posts\/4598\/revisions"}],"wp:attachment":[{"href":"https:\/\/contabilidadecaxias.com.br\/index.php\/wp-json\/wp\/v2\/media?parent=4598"}],"wp:term":[{"taxonomy":"category","embeddable":true,"href":"https:\/\/contabilidadecaxias.com.br\/index.php\/wp-json\/wp\/v2\/categories?post=4598"},{"taxonomy":"post_tag","embeddable":true,"href":"https:\/\/contabilidadecaxias.com.br\/index.php\/wp-json\/wp\/v2\/tags?post=4598"}],"curies":[{"name":"wp","href":"https:\/\/api.w.org\/{rel}","templated":true}]}}