{"id":4592,"date":"2022-03-24T16:03:26","date_gmt":"2022-03-24T19:03:26","guid":{"rendered":"https:\/\/contabilidadecaxias.com.br\/index.php\/2022\/03\/24\/carmen-lucia-diz-que-ainda-ha-preconceito-contra-mulheres-em-cargos-importantes\/"},"modified":"2022-03-24T16:03:26","modified_gmt":"2022-03-24T19:03:26","slug":"carmen-lucia-diz-que-ainda-ha-preconceito-contra-mulheres-em-cargos-importantes","status":"publish","type":"post","link":"https:\/\/contabilidadecaxias.com.br\/index.php\/2022\/03\/24\/carmen-lucia-diz-que-ainda-ha-preconceito-contra-mulheres-em-cargos-importantes\/","title":{"rendered":"C\u00e1rmen L\u00facia diz que ainda h\u00e1 preconceito contra mulheres em cargos importantes"},"content":{"rendered":"<p>BRAS\u00cdLIA, DF (FOLHAPRESS) &#8211; A desigualdade da propor\u00e7\u00e3o de homens e mulheres em cargos de chefia na administra\u00e7\u00e3o p\u00fablica foi tema central de debate realizado nesta quinta-feira (24), em Bras\u00edlia, com a presen\u00e7a da ministra do STF (Supremo Tribunal Federal) C\u00e1rmen L\u00facia.<\/p>\n<p>O Brasil, segundo a ministra, ainda tem um olhar de preconceito contra a presen\u00e7a feminina em cargos importantes e tem um racioc\u00ednio no qual &#8220;uma autoridade \u00e9 homem e a mulher \u00e9 do lar&#8221;.<\/p>\n<p>&#8220;\u00c9 dif\u00edcil superar isso. Eu n\u00e3o estou falando das pessoas que tomam as decis\u00f5es, estou falando das pessoas que refletem as decis\u00f5es tomadas desde sempre no Brasil&#8221;, afirmou C\u00e1rmen L\u00facia.<\/p>\n<p>&#8220;Mesmo entre n\u00f3s da administra\u00e7\u00e3o p\u00fablica, com dever da impessoalidade, essa cultura de preconceito e desvaloriza\u00e7\u00e3o contra a mulher \u00e9 presente, e n\u00e3o d\u00e1 mais para esperar&#8221;, disse.<\/p>\n<p>O debate, sobre protagonismo feminino na administra\u00e7\u00e3o p\u00fablica, foi organizado pelo Consad (Conselho Nacional de Secreta\u0301rios de Estado da Administrac\u0327a\u0303o), em congresso que debate os principais temas que envolvem a administra\u00e7\u00e3o p\u00fablica brasileira, como reforma administrativa, inova\u00e7\u00e3o e sustentabilidade.<\/p>\n<p>O evento, que conta com apoio da Folha de S.Paulo, acontece at\u00e9 quinta no Centro de Conven\u00e7\u00f5es Ulysses Guimar\u00e3es, em Bras\u00edlia.<\/p>\n<p>Tamb\u00e9m participaram do debate a prefeita de Caruaru (PE), Raquel Lyra (PSDB), a deputada Paula Belmonte (Cidadania-DF), a secret\u00e1ria de Fomento, Planejamento e Parcerias do Minist\u00e9rio da Infraestrutura, Nat\u00e1lia Marcassa, e a secret\u00e1ria de planejamento e gest\u00e3o de Minas Gerais, Lu\u00edsa Barreto.\u200b<\/p>\n<p>Em consenso, elas entendem que \u00e9 necess\u00e1rio ampliar o papel da mulher na administra\u00e7\u00e3o p\u00fablica, mas que tem havido avan\u00e7os nos \u00faltimos anos nesse sentido.<\/p>\n<p>&#8220;A vis\u00e3o feminina da gest\u00e3o muda de fato as pol\u00edticas p\u00fablicas e consegue transformar a vida de todas as mulheres&#8221;, afirmou Lu\u00edsa Barreto.<\/p>\n<p>Segundo Raquel Lyra, as mulheres precisam ocupar mais espa\u00e7os de poder para permitir que a &#8220;capacidade de construir de um jeito diferente&#8221; possa influenciar &#8220;a forma de ver, de fazer, de construir pol\u00edtica p\u00fablica e de execut\u00e1-las&#8221;.<\/p>\n","protected":false},"excerpt":{"rendered":"<p>BRAS\u00cdLIA, DF (FOLHAPRESS) &#8211; A desigualdade da propor\u00e7\u00e3o de homens e mulheres em cargos de chefia na administra\u00e7\u00e3o p\u00fablica foi tema central de debate realizado nesta quinta-feira (24), em Bras\u00edlia, com a presen\u00e7a da ministra do STF (Supremo Tribunal Federal) C\u00e1rmen L\u00facia. O Brasil, segundo a ministra, ainda tem um olhar de preconceito contra a [&hellip;]<\/p>\n","protected":false},"author":0,"featured_media":0,"comment_status":"open","ping_status":"open","sticky":false,"template":"","format":"standard","meta":{"footnotes":""},"categories":[4],"tags":[],"class_list":["post-4592","post","type-post","status-publish","format-standard","hentry","category-noticias-empreendedorismo"],"blocksy_meta":{"styles_descriptor":{"styles":{"desktop":"","tablet":"","mobile":""},"google_fonts":[],"version":6}},"yoast_head":"<!-- This site is optimized with the Yoast SEO plugin v27.5 - https:\/\/yoast.com\/product\/yoast-seo-wordpress\/ -->\n<title>C\u00e1rmen L\u00facia diz que ainda h\u00e1 preconceito contra mulheres em cargos importantes - Contabilidade Caxias<\/title>\n<meta name=\"robots\" content=\"index, follow, max-snippet:-1, max-image-preview:large, max-video-preview:-1\" \/>\n<link rel=\"canonical\" href=\"https:\/\/contabilidadecaxias.com.br\/index.php\/2022\/03\/24\/carmen-lucia-diz-que-ainda-ha-preconceito-contra-mulheres-em-cargos-importantes\/\" \/>\n<meta property=\"og:locale\" content=\"pt_BR\" \/>\n<meta property=\"og:type\" content=\"article\" \/>\n<meta property=\"og:title\" content=\"C\u00e1rmen L\u00facia diz que ainda h\u00e1 preconceito contra mulheres em cargos importantes - Contabilidade Caxias\" \/>\n<meta property=\"og:description\" content=\"BRAS\u00cdLIA, DF (FOLHAPRESS) &#8211; A desigualdade da propor\u00e7\u00e3o de homens e mulheres em cargos de chefia na administra\u00e7\u00e3o p\u00fablica foi tema central de debate realizado nesta quinta-feira (24), em Bras\u00edlia, com a presen\u00e7a da ministra do STF (Supremo Tribunal Federal) C\u00e1rmen L\u00facia. O Brasil, segundo a ministra, ainda tem um olhar de preconceito contra a [&hellip;]\" \/>\n<meta property=\"og:url\" content=\"https:\/\/contabilidadecaxias.com.br\/index.php\/2022\/03\/24\/carmen-lucia-diz-que-ainda-ha-preconceito-contra-mulheres-em-cargos-importantes\/\" \/>\n<meta property=\"og:site_name\" content=\"Contabilidade Caxias\" \/>\n<meta property=\"article:published_time\" content=\"2022-03-24T19:03:26+00:00\" \/>\n<meta name=\"twitter:card\" content=\"summary_large_image\" \/>\n<meta name=\"twitter:label1\" content=\"Est. tempo de leitura\" \/>\n\t<meta name=\"twitter:data1\" content=\"2 minutos\" \/>\n<script type=\"application\/ld+json\" class=\"yoast-schema-graph\">{\"@context\":\"https:\\\/\\\/schema.org\",\"@graph\":[{\"@type\":\"Article\",\"@id\":\"https:\\\/\\\/contabilidadecaxias.com.br\\\/index.php\\\/2022\\\/03\\\/24\\\/carmen-lucia-diz-que-ainda-ha-preconceito-contra-mulheres-em-cargos-importantes\\\/#article\",\"isPartOf\":{\"@id\":\"https:\\\/\\\/contabilidadecaxias.com.br\\\/index.php\\\/2022\\\/03\\\/24\\\/carmen-lucia-diz-que-ainda-ha-preconceito-contra-mulheres-em-cargos-importantes\\\/\"},\"author\":{\"name\":\"\",\"@id\":\"\"},\"headline\":\"C\u00e1rmen L\u00facia diz que ainda h\u00e1 preconceito contra mulheres em cargos importantes\",\"datePublished\":\"2022-03-24T19:03:26+00:00\",\"mainEntityOfPage\":{\"@id\":\"https:\\\/\\\/contabilidadecaxias.com.br\\\/index.php\\\/2022\\\/03\\\/24\\\/carmen-lucia-diz-que-ainda-ha-preconceito-contra-mulheres-em-cargos-importantes\\\/\"},\"wordCount\":382,\"commentCount\":0,\"articleSection\":[\"Empreendedorismo\"],\"inLanguage\":\"pt-BR\",\"potentialAction\":[{\"@type\":\"CommentAction\",\"name\":\"Comment\",\"target\":[\"https:\\\/\\\/contabilidadecaxias.com.br\\\/index.php\\\/2022\\\/03\\\/24\\\/carmen-lucia-diz-que-ainda-ha-preconceito-contra-mulheres-em-cargos-importantes\\\/#respond\"]}]},{\"@type\":\"WebPage\",\"@id\":\"https:\\\/\\\/contabilidadecaxias.com.br\\\/index.php\\\/2022\\\/03\\\/24\\\/carmen-lucia-diz-que-ainda-ha-preconceito-contra-mulheres-em-cargos-importantes\\\/\",\"url\":\"https:\\\/\\\/contabilidadecaxias.com.br\\\/index.php\\\/2022\\\/03\\\/24\\\/carmen-lucia-diz-que-ainda-ha-preconceito-contra-mulheres-em-cargos-importantes\\\/\",\"name\":\"C\u00e1rmen L\u00facia diz que ainda h\u00e1 preconceito contra mulheres em cargos importantes - Contabilidade Caxias\",\"isPartOf\":{\"@id\":\"https:\\\/\\\/contabilidadecaxias.com.br\\\/#website\"},\"datePublished\":\"2022-03-24T19:03:26+00:00\",\"author\":{\"@id\":\"\"},\"breadcrumb\":{\"@id\":\"https:\\\/\\\/contabilidadecaxias.com.br\\\/index.php\\\/2022\\\/03\\\/24\\\/carmen-lucia-diz-que-ainda-ha-preconceito-contra-mulheres-em-cargos-importantes\\\/#breadcrumb\"},\"inLanguage\":\"pt-BR\",\"potentialAction\":[{\"@type\":\"ReadAction\",\"target\":[\"https:\\\/\\\/contabilidadecaxias.com.br\\\/index.php\\\/2022\\\/03\\\/24\\\/carmen-lucia-diz-que-ainda-ha-preconceito-contra-mulheres-em-cargos-importantes\\\/\"]}]},{\"@type\":\"BreadcrumbList\",\"@id\":\"https:\\\/\\\/contabilidadecaxias.com.br\\\/index.php\\\/2022\\\/03\\\/24\\\/carmen-lucia-diz-que-ainda-ha-preconceito-contra-mulheres-em-cargos-importantes\\\/#breadcrumb\",\"itemListElement\":[{\"@type\":\"ListItem\",\"position\":1,\"name\":\"In\u00edcio\",\"item\":\"https:\\\/\\\/contabilidadecaxias.com.br\\\/\"},{\"@type\":\"ListItem\",\"position\":2,\"name\":\"C\u00e1rmen L\u00facia diz que ainda h\u00e1 preconceito contra mulheres em cargos importantes\"}]},{\"@type\":\"WebSite\",\"@id\":\"https:\\\/\\\/contabilidadecaxias.com.br\\\/#website\",\"url\":\"https:\\\/\\\/contabilidadecaxias.com.br\\\/\",\"name\":\"Contabilidade Caxias\",\"description\":\"Site especializado em Contabilidade para Caxias.\",\"potentialAction\":[{\"@type\":\"SearchAction\",\"target\":{\"@type\":\"EntryPoint\",\"urlTemplate\":\"https:\\\/\\\/contabilidadecaxias.com.br\\\/?s={search_term_string}\"},\"query-input\":{\"@type\":\"PropertyValueSpecification\",\"valueRequired\":true,\"valueName\":\"search_term_string\"}}],\"inLanguage\":\"pt-BR\"}]}<\/script>\n<!-- \/ Yoast SEO plugin. -->","yoast_head_json":{"title":"C\u00e1rmen L\u00facia diz que ainda h\u00e1 preconceito contra mulheres em cargos importantes - Contabilidade Caxias","robots":{"index":"index","follow":"follow","max-snippet":"max-snippet:-1","max-image-preview":"max-image-preview:large","max-video-preview":"max-video-preview:-1"},"canonical":"https:\/\/contabilidadecaxias.com.br\/index.php\/2022\/03\/24\/carmen-lucia-diz-que-ainda-ha-preconceito-contra-mulheres-em-cargos-importantes\/","og_locale":"pt_BR","og_type":"article","og_title":"C\u00e1rmen L\u00facia diz que ainda h\u00e1 preconceito contra mulheres em cargos importantes - Contabilidade Caxias","og_description":"BRAS\u00cdLIA, DF (FOLHAPRESS) &#8211; A desigualdade da propor\u00e7\u00e3o de homens e mulheres em cargos de chefia na administra\u00e7\u00e3o p\u00fablica foi tema central de debate realizado nesta quinta-feira (24), em Bras\u00edlia, com a presen\u00e7a da ministra do STF (Supremo Tribunal Federal) C\u00e1rmen L\u00facia. O Brasil, segundo a ministra, ainda tem um olhar de preconceito contra a [&hellip;]","og_url":"https:\/\/contabilidadecaxias.com.br\/index.php\/2022\/03\/24\/carmen-lucia-diz-que-ainda-ha-preconceito-contra-mulheres-em-cargos-importantes\/","og_site_name":"Contabilidade Caxias","article_published_time":"2022-03-24T19:03:26+00:00","twitter_card":"summary_large_image","twitter_misc":{"Est. tempo de leitura":"2 minutos"},"schema":{"@context":"https:\/\/schema.org","@graph":[{"@type":"Article","@id":"https:\/\/contabilidadecaxias.com.br\/index.php\/2022\/03\/24\/carmen-lucia-diz-que-ainda-ha-preconceito-contra-mulheres-em-cargos-importantes\/#article","isPartOf":{"@id":"https:\/\/contabilidadecaxias.com.br\/index.php\/2022\/03\/24\/carmen-lucia-diz-que-ainda-ha-preconceito-contra-mulheres-em-cargos-importantes\/"},"author":{"name":"","@id":""},"headline":"C\u00e1rmen L\u00facia diz que ainda h\u00e1 preconceito contra mulheres em cargos importantes","datePublished":"2022-03-24T19:03:26+00:00","mainEntityOfPage":{"@id":"https:\/\/contabilidadecaxias.com.br\/index.php\/2022\/03\/24\/carmen-lucia-diz-que-ainda-ha-preconceito-contra-mulheres-em-cargos-importantes\/"},"wordCount":382,"commentCount":0,"articleSection":["Empreendedorismo"],"inLanguage":"pt-BR","potentialAction":[{"@type":"CommentAction","name":"Comment","target":["https:\/\/contabilidadecaxias.com.br\/index.php\/2022\/03\/24\/carmen-lucia-diz-que-ainda-ha-preconceito-contra-mulheres-em-cargos-importantes\/#respond"]}]},{"@type":"WebPage","@id":"https:\/\/contabilidadecaxias.com.br\/index.php\/2022\/03\/24\/carmen-lucia-diz-que-ainda-ha-preconceito-contra-mulheres-em-cargos-importantes\/","url":"https:\/\/contabilidadecaxias.com.br\/index.php\/2022\/03\/24\/carmen-lucia-diz-que-ainda-ha-preconceito-contra-mulheres-em-cargos-importantes\/","name":"C\u00e1rmen L\u00facia diz que ainda h\u00e1 preconceito contra mulheres em cargos importantes - Contabilidade Caxias","isPartOf":{"@id":"https:\/\/contabilidadecaxias.com.br\/#website"},"datePublished":"2022-03-24T19:03:26+00:00","author":{"@id":""},"breadcrumb":{"@id":"https:\/\/contabilidadecaxias.com.br\/index.php\/2022\/03\/24\/carmen-lucia-diz-que-ainda-ha-preconceito-contra-mulheres-em-cargos-importantes\/#breadcrumb"},"inLanguage":"pt-BR","potentialAction":[{"@type":"ReadAction","target":["https:\/\/contabilidadecaxias.com.br\/index.php\/2022\/03\/24\/carmen-lucia-diz-que-ainda-ha-preconceito-contra-mulheres-em-cargos-importantes\/"]}]},{"@type":"BreadcrumbList","@id":"https:\/\/contabilidadecaxias.com.br\/index.php\/2022\/03\/24\/carmen-lucia-diz-que-ainda-ha-preconceito-contra-mulheres-em-cargos-importantes\/#breadcrumb","itemListElement":[{"@type":"ListItem","position":1,"name":"In\u00edcio","item":"https:\/\/contabilidadecaxias.com.br\/"},{"@type":"ListItem","position":2,"name":"C\u00e1rmen L\u00facia diz que ainda h\u00e1 preconceito contra mulheres em cargos importantes"}]},{"@type":"WebSite","@id":"https:\/\/contabilidadecaxias.com.br\/#website","url":"https:\/\/contabilidadecaxias.com.br\/","name":"Contabilidade Caxias","description":"Site especializado em Contabilidade para Caxias.","potentialAction":[{"@type":"SearchAction","target":{"@type":"EntryPoint","urlTemplate":"https:\/\/contabilidadecaxias.com.br\/?s={search_term_string}"},"query-input":{"@type":"PropertyValueSpecification","valueRequired":true,"valueName":"search_term_string"}}],"inLanguage":"pt-BR"}]}},"_links":{"self":[{"href":"https:\/\/contabilidadecaxias.com.br\/index.php\/wp-json\/wp\/v2\/posts\/4592","targetHints":{"allow":["GET"]}}],"collection":[{"href":"https:\/\/contabilidadecaxias.com.br\/index.php\/wp-json\/wp\/v2\/posts"}],"about":[{"href":"https:\/\/contabilidadecaxias.com.br\/index.php\/wp-json\/wp\/v2\/types\/post"}],"replies":[{"embeddable":true,"href":"https:\/\/contabilidadecaxias.com.br\/index.php\/wp-json\/wp\/v2\/comments?post=4592"}],"version-history":[{"count":0,"href":"https:\/\/contabilidadecaxias.com.br\/index.php\/wp-json\/wp\/v2\/posts\/4592\/revisions"}],"wp:attachment":[{"href":"https:\/\/contabilidadecaxias.com.br\/index.php\/wp-json\/wp\/v2\/media?parent=4592"}],"wp:term":[{"taxonomy":"category","embeddable":true,"href":"https:\/\/contabilidadecaxias.com.br\/index.php\/wp-json\/wp\/v2\/categories?post=4592"},{"taxonomy":"post_tag","embeddable":true,"href":"https:\/\/contabilidadecaxias.com.br\/index.php\/wp-json\/wp\/v2\/tags?post=4592"}],"curies":[{"name":"wp","href":"https:\/\/api.w.org\/{rel}","templated":true}]}}