{"id":4583,"date":"2022-03-24T16:03:21","date_gmt":"2022-03-24T19:03:21","guid":{"rendered":"https:\/\/contabilidadecaxias.com.br\/index.php\/2022\/03\/24\/oficiais-de-justica-organizam-paralisacao-por-aumento-de-subsidio-de-transporte\/"},"modified":"2022-03-24T16:03:21","modified_gmt":"2022-03-24T19:03:21","slug":"oficiais-de-justica-organizam-paralisacao-por-aumento-de-subsidio-de-transporte","status":"publish","type":"post","link":"https:\/\/contabilidadecaxias.com.br\/index.php\/2022\/03\/24\/oficiais-de-justica-organizam-paralisacao-por-aumento-de-subsidio-de-transporte\/","title":{"rendered":"Oficiais de Justi\u00e7a organizam paralisa\u00e7\u00e3o por aumento de subs\u00eddio de transporte"},"content":{"rendered":"<p>S\u00c3O PAULO, SP (FOLHAPRESS) &#8211; Oficiais de Justi\u00e7a v\u00e3o realizar uma paralisa\u00e7\u00e3o das atividades em todo o pa\u00eds na sexta-feira (25). Eles pedem reajuste do valor que recebem de indeniza\u00e7\u00e3o de transporte, que est\u00e1 congelado desde 2015.<\/p>\n<p>H\u00e1 ainda um ato marcado \u00e0s 14h de sexta, em frente ao Conselho Superior da Justi\u00e7a do Trabalho, em Bras\u00edlia. A manifesta\u00e7\u00e3o est\u00e1 sendo coordenada pela Federa\u00e7\u00e3o Nacional das Associa\u00e7\u00f5es de Oficiais de Justi\u00e7a Avaliadores Federais, a Fenassojaf.<\/p>\n<p>O presidente da Fenassojaf, Jo\u00e3o Paulo Zambom, diz que os servidores usam os pr\u00f3prios ve\u00edculos para realizar a entrega de mandados. Com o mega-aumento no pre\u00e7o dos combust\u00edveis anunciado pela Petrobras neste m\u00eas, ele afirma que os servidores est\u00e3o tendo que usar o sal\u00e1rio para cobrir as despesas com transporte.<\/p>\n<p>A gasolina subiu 18,8%, o \u00f3leo diesel avan\u00e7ou 24,9%, e o g\u00e1s de cozinha teve alta de 16,1%. A eleva\u00e7\u00e3o j\u00e1 impactou pre\u00e7os nos postos de combust\u00edveis e nas revendas de g\u00e1s.<\/p>\n<p>Nesta quinta-feira (24), \u00e0s 16h, a Fenassojaf tamb\u00e9m vai realizar de uma audi\u00eancia com o presidente do STF (Supremo Tribunal Federal), o ministro Luiz Fux, para tratar do tema. A entidade ainda participar\u00e1 de audi\u00eancia na C\u00e2mara dos Deputados.<\/p>\n","protected":false},"excerpt":{"rendered":"<p>S\u00c3O PAULO, SP (FOLHAPRESS) &#8211; Oficiais de Justi\u00e7a v\u00e3o realizar uma paralisa\u00e7\u00e3o das atividades em todo o pa\u00eds na sexta-feira (25). Eles pedem reajuste do valor que recebem de indeniza\u00e7\u00e3o de transporte, que est\u00e1 congelado desde 2015. H\u00e1 ainda um ato marcado \u00e0s 14h de sexta, em frente ao Conselho Superior da Justi\u00e7a do Trabalho, [&hellip;]<\/p>\n","protected":false},"author":0,"featured_media":0,"comment_status":"open","ping_status":"open","sticky":false,"template":"","format":"standard","meta":{"footnotes":""},"categories":[4],"tags":[],"class_list":["post-4583","post","type-post","status-publish","format-standard","hentry","category-noticias-empreendedorismo"],"blocksy_meta":{"styles_descriptor":{"styles":{"desktop":"","tablet":"","mobile":""},"google_fonts":[],"version":6}},"yoast_head":"<!-- This site is optimized with the Yoast SEO plugin v27.5 - https:\/\/yoast.com\/product\/yoast-seo-wordpress\/ -->\n<title>Oficiais de Justi\u00e7a organizam paralisa\u00e7\u00e3o por aumento de subs\u00eddio de transporte - Contabilidade Caxias<\/title>\n<meta name=\"robots\" content=\"index, follow, max-snippet:-1, max-image-preview:large, max-video-preview:-1\" \/>\n<link rel=\"canonical\" href=\"https:\/\/contabilidadecaxias.com.br\/index.php\/2022\/03\/24\/oficiais-de-justica-organizam-paralisacao-por-aumento-de-subsidio-de-transporte\/\" \/>\n<meta property=\"og:locale\" content=\"pt_BR\" \/>\n<meta property=\"og:type\" content=\"article\" \/>\n<meta property=\"og:title\" content=\"Oficiais de Justi\u00e7a organizam paralisa\u00e7\u00e3o por aumento de subs\u00eddio de transporte - Contabilidade Caxias\" \/>\n<meta property=\"og:description\" content=\"S\u00c3O PAULO, SP (FOLHAPRESS) &#8211; Oficiais de Justi\u00e7a v\u00e3o realizar uma paralisa\u00e7\u00e3o das atividades em todo o pa\u00eds na sexta-feira (25). Eles pedem reajuste do valor que recebem de indeniza\u00e7\u00e3o de transporte, que est\u00e1 congelado desde 2015. H\u00e1 ainda um ato marcado \u00e0s 14h de sexta, em frente ao Conselho Superior da Justi\u00e7a do Trabalho, [&hellip;]\" \/>\n<meta property=\"og:url\" content=\"https:\/\/contabilidadecaxias.com.br\/index.php\/2022\/03\/24\/oficiais-de-justica-organizam-paralisacao-por-aumento-de-subsidio-de-transporte\/\" \/>\n<meta property=\"og:site_name\" content=\"Contabilidade Caxias\" \/>\n<meta property=\"article:published_time\" content=\"2022-03-24T19:03:21+00:00\" \/>\n<meta name=\"twitter:card\" content=\"summary_large_image\" \/>\n<meta name=\"twitter:label1\" content=\"Est. tempo de leitura\" \/>\n\t<meta name=\"twitter:data1\" content=\"1 minuto\" \/>\n<script type=\"application\/ld+json\" class=\"yoast-schema-graph\">{\"@context\":\"https:\\\/\\\/schema.org\",\"@graph\":[{\"@type\":\"Article\",\"@id\":\"https:\\\/\\\/contabilidadecaxias.com.br\\\/index.php\\\/2022\\\/03\\\/24\\\/oficiais-de-justica-organizam-paralisacao-por-aumento-de-subsidio-de-transporte\\\/#article\",\"isPartOf\":{\"@id\":\"https:\\\/\\\/contabilidadecaxias.com.br\\\/index.php\\\/2022\\\/03\\\/24\\\/oficiais-de-justica-organizam-paralisacao-por-aumento-de-subsidio-de-transporte\\\/\"},\"author\":{\"name\":\"\",\"@id\":\"\"},\"headline\":\"Oficiais de Justi\u00e7a organizam paralisa\u00e7\u00e3o por aumento de subs\u00eddio de transporte\",\"datePublished\":\"2022-03-24T19:03:21+00:00\",\"mainEntityOfPage\":{\"@id\":\"https:\\\/\\\/contabilidadecaxias.com.br\\\/index.php\\\/2022\\\/03\\\/24\\\/oficiais-de-justica-organizam-paralisacao-por-aumento-de-subsidio-de-transporte\\\/\"},\"wordCount\":234,\"commentCount\":0,\"articleSection\":[\"Empreendedorismo\"],\"inLanguage\":\"pt-BR\",\"potentialAction\":[{\"@type\":\"CommentAction\",\"name\":\"Comment\",\"target\":[\"https:\\\/\\\/contabilidadecaxias.com.br\\\/index.php\\\/2022\\\/03\\\/24\\\/oficiais-de-justica-organizam-paralisacao-por-aumento-de-subsidio-de-transporte\\\/#respond\"]}]},{\"@type\":\"WebPage\",\"@id\":\"https:\\\/\\\/contabilidadecaxias.com.br\\\/index.php\\\/2022\\\/03\\\/24\\\/oficiais-de-justica-organizam-paralisacao-por-aumento-de-subsidio-de-transporte\\\/\",\"url\":\"https:\\\/\\\/contabilidadecaxias.com.br\\\/index.php\\\/2022\\\/03\\\/24\\\/oficiais-de-justica-organizam-paralisacao-por-aumento-de-subsidio-de-transporte\\\/\",\"name\":\"Oficiais de Justi\u00e7a organizam paralisa\u00e7\u00e3o por aumento de subs\u00eddio de transporte - Contabilidade Caxias\",\"isPartOf\":{\"@id\":\"https:\\\/\\\/contabilidadecaxias.com.br\\\/#website\"},\"datePublished\":\"2022-03-24T19:03:21+00:00\",\"author\":{\"@id\":\"\"},\"breadcrumb\":{\"@id\":\"https:\\\/\\\/contabilidadecaxias.com.br\\\/index.php\\\/2022\\\/03\\\/24\\\/oficiais-de-justica-organizam-paralisacao-por-aumento-de-subsidio-de-transporte\\\/#breadcrumb\"},\"inLanguage\":\"pt-BR\",\"potentialAction\":[{\"@type\":\"ReadAction\",\"target\":[\"https:\\\/\\\/contabilidadecaxias.com.br\\\/index.php\\\/2022\\\/03\\\/24\\\/oficiais-de-justica-organizam-paralisacao-por-aumento-de-subsidio-de-transporte\\\/\"]}]},{\"@type\":\"BreadcrumbList\",\"@id\":\"https:\\\/\\\/contabilidadecaxias.com.br\\\/index.php\\\/2022\\\/03\\\/24\\\/oficiais-de-justica-organizam-paralisacao-por-aumento-de-subsidio-de-transporte\\\/#breadcrumb\",\"itemListElement\":[{\"@type\":\"ListItem\",\"position\":1,\"name\":\"In\u00edcio\",\"item\":\"https:\\\/\\\/contabilidadecaxias.com.br\\\/\"},{\"@type\":\"ListItem\",\"position\":2,\"name\":\"Oficiais de Justi\u00e7a organizam paralisa\u00e7\u00e3o por aumento de subs\u00eddio de transporte\"}]},{\"@type\":\"WebSite\",\"@id\":\"https:\\\/\\\/contabilidadecaxias.com.br\\\/#website\",\"url\":\"https:\\\/\\\/contabilidadecaxias.com.br\\\/\",\"name\":\"Contabilidade Caxias\",\"description\":\"Site especializado em Contabilidade para Caxias.\",\"potentialAction\":[{\"@type\":\"SearchAction\",\"target\":{\"@type\":\"EntryPoint\",\"urlTemplate\":\"https:\\\/\\\/contabilidadecaxias.com.br\\\/?s={search_term_string}\"},\"query-input\":{\"@type\":\"PropertyValueSpecification\",\"valueRequired\":true,\"valueName\":\"search_term_string\"}}],\"inLanguage\":\"pt-BR\"}]}<\/script>\n<!-- \/ Yoast SEO plugin. -->","yoast_head_json":{"title":"Oficiais de Justi\u00e7a organizam paralisa\u00e7\u00e3o por aumento de subs\u00eddio de transporte - Contabilidade Caxias","robots":{"index":"index","follow":"follow","max-snippet":"max-snippet:-1","max-image-preview":"max-image-preview:large","max-video-preview":"max-video-preview:-1"},"canonical":"https:\/\/contabilidadecaxias.com.br\/index.php\/2022\/03\/24\/oficiais-de-justica-organizam-paralisacao-por-aumento-de-subsidio-de-transporte\/","og_locale":"pt_BR","og_type":"article","og_title":"Oficiais de Justi\u00e7a organizam paralisa\u00e7\u00e3o por aumento de subs\u00eddio de transporte - Contabilidade Caxias","og_description":"S\u00c3O PAULO, SP (FOLHAPRESS) &#8211; Oficiais de Justi\u00e7a v\u00e3o realizar uma paralisa\u00e7\u00e3o das atividades em todo o pa\u00eds na sexta-feira (25). Eles pedem reajuste do valor que recebem de indeniza\u00e7\u00e3o de transporte, que est\u00e1 congelado desde 2015. H\u00e1 ainda um ato marcado \u00e0s 14h de sexta, em frente ao Conselho Superior da Justi\u00e7a do Trabalho, [&hellip;]","og_url":"https:\/\/contabilidadecaxias.com.br\/index.php\/2022\/03\/24\/oficiais-de-justica-organizam-paralisacao-por-aumento-de-subsidio-de-transporte\/","og_site_name":"Contabilidade Caxias","article_published_time":"2022-03-24T19:03:21+00:00","twitter_card":"summary_large_image","twitter_misc":{"Est. tempo de leitura":"1 minuto"},"schema":{"@context":"https:\/\/schema.org","@graph":[{"@type":"Article","@id":"https:\/\/contabilidadecaxias.com.br\/index.php\/2022\/03\/24\/oficiais-de-justica-organizam-paralisacao-por-aumento-de-subsidio-de-transporte\/#article","isPartOf":{"@id":"https:\/\/contabilidadecaxias.com.br\/index.php\/2022\/03\/24\/oficiais-de-justica-organizam-paralisacao-por-aumento-de-subsidio-de-transporte\/"},"author":{"name":"","@id":""},"headline":"Oficiais de Justi\u00e7a organizam paralisa\u00e7\u00e3o por aumento de subs\u00eddio de transporte","datePublished":"2022-03-24T19:03:21+00:00","mainEntityOfPage":{"@id":"https:\/\/contabilidadecaxias.com.br\/index.php\/2022\/03\/24\/oficiais-de-justica-organizam-paralisacao-por-aumento-de-subsidio-de-transporte\/"},"wordCount":234,"commentCount":0,"articleSection":["Empreendedorismo"],"inLanguage":"pt-BR","potentialAction":[{"@type":"CommentAction","name":"Comment","target":["https:\/\/contabilidadecaxias.com.br\/index.php\/2022\/03\/24\/oficiais-de-justica-organizam-paralisacao-por-aumento-de-subsidio-de-transporte\/#respond"]}]},{"@type":"WebPage","@id":"https:\/\/contabilidadecaxias.com.br\/index.php\/2022\/03\/24\/oficiais-de-justica-organizam-paralisacao-por-aumento-de-subsidio-de-transporte\/","url":"https:\/\/contabilidadecaxias.com.br\/index.php\/2022\/03\/24\/oficiais-de-justica-organizam-paralisacao-por-aumento-de-subsidio-de-transporte\/","name":"Oficiais de Justi\u00e7a organizam paralisa\u00e7\u00e3o por aumento de subs\u00eddio de transporte - Contabilidade Caxias","isPartOf":{"@id":"https:\/\/contabilidadecaxias.com.br\/#website"},"datePublished":"2022-03-24T19:03:21+00:00","author":{"@id":""},"breadcrumb":{"@id":"https:\/\/contabilidadecaxias.com.br\/index.php\/2022\/03\/24\/oficiais-de-justica-organizam-paralisacao-por-aumento-de-subsidio-de-transporte\/#breadcrumb"},"inLanguage":"pt-BR","potentialAction":[{"@type":"ReadAction","target":["https:\/\/contabilidadecaxias.com.br\/index.php\/2022\/03\/24\/oficiais-de-justica-organizam-paralisacao-por-aumento-de-subsidio-de-transporte\/"]}]},{"@type":"BreadcrumbList","@id":"https:\/\/contabilidadecaxias.com.br\/index.php\/2022\/03\/24\/oficiais-de-justica-organizam-paralisacao-por-aumento-de-subsidio-de-transporte\/#breadcrumb","itemListElement":[{"@type":"ListItem","position":1,"name":"In\u00edcio","item":"https:\/\/contabilidadecaxias.com.br\/"},{"@type":"ListItem","position":2,"name":"Oficiais de Justi\u00e7a organizam paralisa\u00e7\u00e3o por aumento de subs\u00eddio de transporte"}]},{"@type":"WebSite","@id":"https:\/\/contabilidadecaxias.com.br\/#website","url":"https:\/\/contabilidadecaxias.com.br\/","name":"Contabilidade Caxias","description":"Site especializado em Contabilidade para Caxias.","potentialAction":[{"@type":"SearchAction","target":{"@type":"EntryPoint","urlTemplate":"https:\/\/contabilidadecaxias.com.br\/?s={search_term_string}"},"query-input":{"@type":"PropertyValueSpecification","valueRequired":true,"valueName":"search_term_string"}}],"inLanguage":"pt-BR"}]}},"_links":{"self":[{"href":"https:\/\/contabilidadecaxias.com.br\/index.php\/wp-json\/wp\/v2\/posts\/4583","targetHints":{"allow":["GET"]}}],"collection":[{"href":"https:\/\/contabilidadecaxias.com.br\/index.php\/wp-json\/wp\/v2\/posts"}],"about":[{"href":"https:\/\/contabilidadecaxias.com.br\/index.php\/wp-json\/wp\/v2\/types\/post"}],"replies":[{"embeddable":true,"href":"https:\/\/contabilidadecaxias.com.br\/index.php\/wp-json\/wp\/v2\/comments?post=4583"}],"version-history":[{"count":0,"href":"https:\/\/contabilidadecaxias.com.br\/index.php\/wp-json\/wp\/v2\/posts\/4583\/revisions"}],"wp:attachment":[{"href":"https:\/\/contabilidadecaxias.com.br\/index.php\/wp-json\/wp\/v2\/media?parent=4583"}],"wp:term":[{"taxonomy":"category","embeddable":true,"href":"https:\/\/contabilidadecaxias.com.br\/index.php\/wp-json\/wp\/v2\/categories?post=4583"},{"taxonomy":"post_tag","embeddable":true,"href":"https:\/\/contabilidadecaxias.com.br\/index.php\/wp-json\/wp\/v2\/tags?post=4583"}],"curies":[{"name":"wp","href":"https:\/\/api.w.org\/{rel}","templated":true}]}}