{"id":4568,"date":"2022-03-24T14:09:10","date_gmt":"2022-03-24T17:09:10","guid":{"rendered":"https:\/\/contabilidadecaxias.com.br\/index.php\/2022\/03\/24\/hospitais-e-asilos-terao-secoes-eleitorais-nas-eleicoes-na-capital-do-parana\/"},"modified":"2022-03-24T14:09:10","modified_gmt":"2022-03-24T17:09:10","slug":"hospitais-e-asilos-terao-secoes-eleitorais-nas-eleicoes-na-capital-do-parana","status":"publish","type":"post","link":"https:\/\/contabilidadecaxias.com.br\/index.php\/2022\/03\/24\/hospitais-e-asilos-terao-secoes-eleitorais-nas-eleicoes-na-capital-do-parana\/","title":{"rendered":"Hospitais e asilos ter\u00e3o se\u00e7\u00f5es eleitorais nas elei\u00e7\u00f5es na capital do Paran\u00e1"},"content":{"rendered":"\n<p>| \u00a0Foto: Guilherme Marconi &#8211; Grupo Folha\u00a0\u00a0<\/p>\n<p>O TRE-PR\u00a0 (Tribunal Regional Eleitoral )do Paran\u00e1 lan\u00e7ou, nesta quinta-feira (24), no audit\u00f3rio do edif\u00edcio-sede, o projeto Cidadania Plena. A iniciativa vai facilitar o voto nas Elei\u00e7\u00f5es 2022 de pessoas hospitalizadas, com mobilidade reduzida ou idade avan\u00e7ada.\u00a0<\/p>\n<p>Na ocasi\u00e3o, foram assinados os acordos de coopera\u00e7\u00e3o t\u00e9cnica com as secretarias de estado da Sa\u00fade e da Justi\u00e7a, Fam\u00edlia e Trabalho e com o Hospital de Cl\u00ednicas do Paran\u00e1 e o Hospital Erasto Gaertner.<\/p>\n<p>DIGNIDADE C\u00cdVICA<\/p>\n<p>O acordo prev\u00ea, no dia das elei\u00e7\u00f5es, em 2 de outubro (primeiro turno) e em 30 de outubro (se houver segundo turno), a instala\u00e7\u00e3o de se\u00e7\u00f5es eleitorais em hospitais e Institui\u00e7\u00f5es de Longa Perman\u00eancia de Idosas e Idosos (ILPI). As se\u00e7\u00f5es v\u00e3o atender, al\u00e9m de pacientes, profissionais que trabalham nos locais.\u00a0<\/p>\n<p>\u201cVamos resgatar a dignidade c\u00edvica de uma parcela importante e experiente de nossa sociedade\u201d, afirmou o presidente do TRE-PR, desembargador Wellington Emanuel Coimbra de Moura. Os espa\u00e7os que receber\u00e3o as urnas eletr\u00f4nicas seguir\u00e3o as regras que asseguram o sigilo do voto e a seguran\u00e7a da vota\u00e7\u00e3o.\u00a0<\/p>\n<p>\u201cA democracia pressup\u00f5e que o poder do povo seja reconhecido por sua participa\u00e7\u00e3o ativa no processo de escolha dos representantes\u201d, lembrou o desembargador Coimbra de Moura. O projeto \u00e9 coordenado pela Dra. Luciani de Lourdes Tesseroli Maronezi.<\/p>\n<p>Receba nossas not\u00edcias direto no seu celular! Envie tamb\u00e9m suas fotos para a se\u00e7\u00e3o &#8216;A cidade fala&#8217;. Adicione o WhatsApp da FOLHA por meio do n\u00famero (43) 99869-0068 ou pelo link\u00a0<a href=\"https:\/\/wa.me\/message\/6WMTNSJARGMLL1\" target=\"_blank\" rel=\"noopener\">wa.me\/message\/6WMTNSJARGMLL1<\/a>.<\/p>\n","protected":false},"excerpt":{"rendered":"<p>| \u00a0Foto: Guilherme Marconi &#8211; Grupo Folha\u00a0\u00a0 O TRE-PR\u00a0 (Tribunal Regional Eleitoral )do Paran\u00e1 lan\u00e7ou, nesta quinta-feira (24), no audit\u00f3rio do edif\u00edcio-sede, o projeto Cidadania Plena. A iniciativa vai facilitar o voto nas Elei\u00e7\u00f5es 2022 de pessoas hospitalizadas, com mobilidade reduzida ou idade avan\u00e7ada.\u00a0 Na ocasi\u00e3o, foram assinados os acordos de coopera\u00e7\u00e3o t\u00e9cnica com as [&hellip;]<\/p>\n","protected":false},"author":0,"featured_media":4569,"comment_status":"open","ping_status":"open","sticky":false,"template":"","format":"standard","meta":{"footnotes":""},"categories":[4],"tags":[],"class_list":["post-4568","post","type-post","status-publish","format-standard","has-post-thumbnail","hentry","category-noticias-empreendedorismo"],"blocksy_meta":{"styles_descriptor":{"styles":{"desktop":"","tablet":"","mobile":""},"google_fonts":[],"version":6}},"yoast_head":"<!-- This site is optimized with the Yoast SEO plugin v27.5 - https:\/\/yoast.com\/product\/yoast-seo-wordpress\/ -->\n<title>Hospitais e asilos ter\u00e3o se\u00e7\u00f5es eleitorais nas elei\u00e7\u00f5es na capital do Paran\u00e1 - Contabilidade Caxias<\/title>\n<meta name=\"robots\" content=\"index, follow, max-snippet:-1, max-image-preview:large, max-video-preview:-1\" \/>\n<link rel=\"canonical\" href=\"https:\/\/contabilidadecaxias.com.br\/index.php\/2022\/03\/24\/hospitais-e-asilos-terao-secoes-eleitorais-nas-eleicoes-na-capital-do-parana\/\" \/>\n<meta property=\"og:locale\" content=\"pt_BR\" \/>\n<meta property=\"og:type\" content=\"article\" \/>\n<meta property=\"og:title\" content=\"Hospitais e asilos ter\u00e3o se\u00e7\u00f5es eleitorais nas elei\u00e7\u00f5es na capital do Paran\u00e1 - Contabilidade Caxias\" \/>\n<meta property=\"og:description\" content=\"| \u00a0Foto: Guilherme Marconi &#8211; Grupo Folha\u00a0\u00a0 O TRE-PR\u00a0 (Tribunal Regional Eleitoral )do Paran\u00e1 lan\u00e7ou, nesta quinta-feira (24), no audit\u00f3rio do edif\u00edcio-sede, o projeto Cidadania Plena. A iniciativa vai facilitar o voto nas Elei\u00e7\u00f5es 2022 de pessoas hospitalizadas, com mobilidade reduzida ou idade avan\u00e7ada.\u00a0 Na ocasi\u00e3o, foram assinados os acordos de coopera\u00e7\u00e3o t\u00e9cnica com as [&hellip;]\" \/>\n<meta property=\"og:url\" content=\"https:\/\/contabilidadecaxias.com.br\/index.php\/2022\/03\/24\/hospitais-e-asilos-terao-secoes-eleitorais-nas-eleicoes-na-capital-do-parana\/\" \/>\n<meta property=\"og:site_name\" content=\"Contabilidade Caxias\" \/>\n<meta property=\"article:published_time\" content=\"2022-03-24T17:09:10+00:00\" \/>\n<meta name=\"twitter:card\" content=\"summary_large_image\" \/>\n<meta name=\"twitter:label1\" content=\"Est. tempo de leitura\" \/>\n\t<meta name=\"twitter:data1\" content=\"1 minuto\" \/>\n<script type=\"application\/ld+json\" class=\"yoast-schema-graph\">{\"@context\":\"https:\\\/\\\/schema.org\",\"@graph\":[{\"@type\":\"Article\",\"@id\":\"https:\\\/\\\/contabilidadecaxias.com.br\\\/index.php\\\/2022\\\/03\\\/24\\\/hospitais-e-asilos-terao-secoes-eleitorais-nas-eleicoes-na-capital-do-parana\\\/#article\",\"isPartOf\":{\"@id\":\"https:\\\/\\\/contabilidadecaxias.com.br\\\/index.php\\\/2022\\\/03\\\/24\\\/hospitais-e-asilos-terao-secoes-eleitorais-nas-eleicoes-na-capital-do-parana\\\/\"},\"author\":{\"name\":\"\",\"@id\":\"\"},\"headline\":\"Hospitais e asilos ter\u00e3o se\u00e7\u00f5es eleitorais nas elei\u00e7\u00f5es na capital do Paran\u00e1\",\"datePublished\":\"2022-03-24T17:09:10+00:00\",\"mainEntityOfPage\":{\"@id\":\"https:\\\/\\\/contabilidadecaxias.com.br\\\/index.php\\\/2022\\\/03\\\/24\\\/hospitais-e-asilos-terao-secoes-eleitorais-nas-eleicoes-na-capital-do-parana\\\/\"},\"wordCount\":292,\"commentCount\":0,\"image\":{\"@id\":\"https:\\\/\\\/contabilidadecaxias.com.br\\\/index.php\\\/2022\\\/03\\\/24\\\/hospitais-e-asilos-terao-secoes-eleitorais-nas-eleicoes-na-capital-do-parana\\\/#primaryimage\"},\"thumbnailUrl\":\"https:\\\/\\\/contabilidadecaxias.com.br\\\/wp-content\\\/uploads\\\/2022\\\/03\\\/Hospitais-e-asilos-terao-secoes-eleitorais-nas-ele0318203100202203241350-QNeveR.jpeg\",\"articleSection\":[\"Empreendedorismo\"],\"inLanguage\":\"pt-BR\",\"potentialAction\":[{\"@type\":\"CommentAction\",\"name\":\"Comment\",\"target\":[\"https:\\\/\\\/contabilidadecaxias.com.br\\\/index.php\\\/2022\\\/03\\\/24\\\/hospitais-e-asilos-terao-secoes-eleitorais-nas-eleicoes-na-capital-do-parana\\\/#respond\"]}]},{\"@type\":\"WebPage\",\"@id\":\"https:\\\/\\\/contabilidadecaxias.com.br\\\/index.php\\\/2022\\\/03\\\/24\\\/hospitais-e-asilos-terao-secoes-eleitorais-nas-eleicoes-na-capital-do-parana\\\/\",\"url\":\"https:\\\/\\\/contabilidadecaxias.com.br\\\/index.php\\\/2022\\\/03\\\/24\\\/hospitais-e-asilos-terao-secoes-eleitorais-nas-eleicoes-na-capital-do-parana\\\/\",\"name\":\"Hospitais e asilos ter\u00e3o se\u00e7\u00f5es eleitorais nas elei\u00e7\u00f5es na capital do Paran\u00e1 - Contabilidade Caxias\",\"isPartOf\":{\"@id\":\"https:\\\/\\\/contabilidadecaxias.com.br\\\/#website\"},\"primaryImageOfPage\":{\"@id\":\"https:\\\/\\\/contabilidadecaxias.com.br\\\/index.php\\\/2022\\\/03\\\/24\\\/hospitais-e-asilos-terao-secoes-eleitorais-nas-eleicoes-na-capital-do-parana\\\/#primaryimage\"},\"image\":{\"@id\":\"https:\\\/\\\/contabilidadecaxias.com.br\\\/index.php\\\/2022\\\/03\\\/24\\\/hospitais-e-asilos-terao-secoes-eleitorais-nas-eleicoes-na-capital-do-parana\\\/#primaryimage\"},\"thumbnailUrl\":\"https:\\\/\\\/contabilidadecaxias.com.br\\\/wp-content\\\/uploads\\\/2022\\\/03\\\/Hospitais-e-asilos-terao-secoes-eleitorais-nas-ele0318203100202203241350-QNeveR.jpeg\",\"datePublished\":\"2022-03-24T17:09:10+00:00\",\"author\":{\"@id\":\"\"},\"breadcrumb\":{\"@id\":\"https:\\\/\\\/contabilidadecaxias.com.br\\\/index.php\\\/2022\\\/03\\\/24\\\/hospitais-e-asilos-terao-secoes-eleitorais-nas-eleicoes-na-capital-do-parana\\\/#breadcrumb\"},\"inLanguage\":\"pt-BR\",\"potentialAction\":[{\"@type\":\"ReadAction\",\"target\":[\"https:\\\/\\\/contabilidadecaxias.com.br\\\/index.php\\\/2022\\\/03\\\/24\\\/hospitais-e-asilos-terao-secoes-eleitorais-nas-eleicoes-na-capital-do-parana\\\/\"]}]},{\"@type\":\"ImageObject\",\"inLanguage\":\"pt-BR\",\"@id\":\"https:\\\/\\\/contabilidadecaxias.com.br\\\/index.php\\\/2022\\\/03\\\/24\\\/hospitais-e-asilos-terao-secoes-eleitorais-nas-eleicoes-na-capital-do-parana\\\/#primaryimage\",\"url\":\"https:\\\/\\\/contabilidadecaxias.com.br\\\/wp-content\\\/uploads\\\/2022\\\/03\\\/Hospitais-e-asilos-terao-secoes-eleitorais-nas-ele0318203100202203241350-QNeveR.jpeg\",\"contentUrl\":\"https:\\\/\\\/contabilidadecaxias.com.br\\\/wp-content\\\/uploads\\\/2022\\\/03\\\/Hospitais-e-asilos-terao-secoes-eleitorais-nas-ele0318203100202203241350-QNeveR.jpeg\",\"width\":540,\"height\":260},{\"@type\":\"BreadcrumbList\",\"@id\":\"https:\\\/\\\/contabilidadecaxias.com.br\\\/index.php\\\/2022\\\/03\\\/24\\\/hospitais-e-asilos-terao-secoes-eleitorais-nas-eleicoes-na-capital-do-parana\\\/#breadcrumb\",\"itemListElement\":[{\"@type\":\"ListItem\",\"position\":1,\"name\":\"In\u00edcio\",\"item\":\"https:\\\/\\\/contabilidadecaxias.com.br\\\/\"},{\"@type\":\"ListItem\",\"position\":2,\"name\":\"Hospitais e asilos ter\u00e3o se\u00e7\u00f5es eleitorais nas elei\u00e7\u00f5es na capital do Paran\u00e1\"}]},{\"@type\":\"WebSite\",\"@id\":\"https:\\\/\\\/contabilidadecaxias.com.br\\\/#website\",\"url\":\"https:\\\/\\\/contabilidadecaxias.com.br\\\/\",\"name\":\"Contabilidade Caxias\",\"description\":\"Site especializado em Contabilidade para Caxias.\",\"potentialAction\":[{\"@type\":\"SearchAction\",\"target\":{\"@type\":\"EntryPoint\",\"urlTemplate\":\"https:\\\/\\\/contabilidadecaxias.com.br\\\/?s={search_term_string}\"},\"query-input\":{\"@type\":\"PropertyValueSpecification\",\"valueRequired\":true,\"valueName\":\"search_term_string\"}}],\"inLanguage\":\"pt-BR\"}]}<\/script>\n<!-- \/ Yoast SEO plugin. -->","yoast_head_json":{"title":"Hospitais e asilos ter\u00e3o se\u00e7\u00f5es eleitorais nas elei\u00e7\u00f5es na capital do Paran\u00e1 - Contabilidade Caxias","robots":{"index":"index","follow":"follow","max-snippet":"max-snippet:-1","max-image-preview":"max-image-preview:large","max-video-preview":"max-video-preview:-1"},"canonical":"https:\/\/contabilidadecaxias.com.br\/index.php\/2022\/03\/24\/hospitais-e-asilos-terao-secoes-eleitorais-nas-eleicoes-na-capital-do-parana\/","og_locale":"pt_BR","og_type":"article","og_title":"Hospitais e asilos ter\u00e3o se\u00e7\u00f5es eleitorais nas elei\u00e7\u00f5es na capital do Paran\u00e1 - Contabilidade Caxias","og_description":"| \u00a0Foto: Guilherme Marconi &#8211; Grupo Folha\u00a0\u00a0 O TRE-PR\u00a0 (Tribunal Regional Eleitoral )do Paran\u00e1 lan\u00e7ou, nesta quinta-feira (24), no audit\u00f3rio do edif\u00edcio-sede, o projeto Cidadania Plena. A iniciativa vai facilitar o voto nas Elei\u00e7\u00f5es 2022 de pessoas hospitalizadas, com mobilidade reduzida ou idade avan\u00e7ada.\u00a0 Na ocasi\u00e3o, foram assinados os acordos de coopera\u00e7\u00e3o t\u00e9cnica com as [&hellip;]","og_url":"https:\/\/contabilidadecaxias.com.br\/index.php\/2022\/03\/24\/hospitais-e-asilos-terao-secoes-eleitorais-nas-eleicoes-na-capital-do-parana\/","og_site_name":"Contabilidade Caxias","article_published_time":"2022-03-24T17:09:10+00:00","twitter_card":"summary_large_image","twitter_misc":{"Est. tempo de leitura":"1 minuto"},"schema":{"@context":"https:\/\/schema.org","@graph":[{"@type":"Article","@id":"https:\/\/contabilidadecaxias.com.br\/index.php\/2022\/03\/24\/hospitais-e-asilos-terao-secoes-eleitorais-nas-eleicoes-na-capital-do-parana\/#article","isPartOf":{"@id":"https:\/\/contabilidadecaxias.com.br\/index.php\/2022\/03\/24\/hospitais-e-asilos-terao-secoes-eleitorais-nas-eleicoes-na-capital-do-parana\/"},"author":{"name":"","@id":""},"headline":"Hospitais e asilos ter\u00e3o se\u00e7\u00f5es eleitorais nas elei\u00e7\u00f5es na capital do Paran\u00e1","datePublished":"2022-03-24T17:09:10+00:00","mainEntityOfPage":{"@id":"https:\/\/contabilidadecaxias.com.br\/index.php\/2022\/03\/24\/hospitais-e-asilos-terao-secoes-eleitorais-nas-eleicoes-na-capital-do-parana\/"},"wordCount":292,"commentCount":0,"image":{"@id":"https:\/\/contabilidadecaxias.com.br\/index.php\/2022\/03\/24\/hospitais-e-asilos-terao-secoes-eleitorais-nas-eleicoes-na-capital-do-parana\/#primaryimage"},"thumbnailUrl":"https:\/\/contabilidadecaxias.com.br\/wp-content\/uploads\/2022\/03\/Hospitais-e-asilos-terao-secoes-eleitorais-nas-ele0318203100202203241350-QNeveR.jpeg","articleSection":["Empreendedorismo"],"inLanguage":"pt-BR","potentialAction":[{"@type":"CommentAction","name":"Comment","target":["https:\/\/contabilidadecaxias.com.br\/index.php\/2022\/03\/24\/hospitais-e-asilos-terao-secoes-eleitorais-nas-eleicoes-na-capital-do-parana\/#respond"]}]},{"@type":"WebPage","@id":"https:\/\/contabilidadecaxias.com.br\/index.php\/2022\/03\/24\/hospitais-e-asilos-terao-secoes-eleitorais-nas-eleicoes-na-capital-do-parana\/","url":"https:\/\/contabilidadecaxias.com.br\/index.php\/2022\/03\/24\/hospitais-e-asilos-terao-secoes-eleitorais-nas-eleicoes-na-capital-do-parana\/","name":"Hospitais e asilos ter\u00e3o se\u00e7\u00f5es eleitorais nas elei\u00e7\u00f5es na capital do Paran\u00e1 - Contabilidade Caxias","isPartOf":{"@id":"https:\/\/contabilidadecaxias.com.br\/#website"},"primaryImageOfPage":{"@id":"https:\/\/contabilidadecaxias.com.br\/index.php\/2022\/03\/24\/hospitais-e-asilos-terao-secoes-eleitorais-nas-eleicoes-na-capital-do-parana\/#primaryimage"},"image":{"@id":"https:\/\/contabilidadecaxias.com.br\/index.php\/2022\/03\/24\/hospitais-e-asilos-terao-secoes-eleitorais-nas-eleicoes-na-capital-do-parana\/#primaryimage"},"thumbnailUrl":"https:\/\/contabilidadecaxias.com.br\/wp-content\/uploads\/2022\/03\/Hospitais-e-asilos-terao-secoes-eleitorais-nas-ele0318203100202203241350-QNeveR.jpeg","datePublished":"2022-03-24T17:09:10+00:00","author":{"@id":""},"breadcrumb":{"@id":"https:\/\/contabilidadecaxias.com.br\/index.php\/2022\/03\/24\/hospitais-e-asilos-terao-secoes-eleitorais-nas-eleicoes-na-capital-do-parana\/#breadcrumb"},"inLanguage":"pt-BR","potentialAction":[{"@type":"ReadAction","target":["https:\/\/contabilidadecaxias.com.br\/index.php\/2022\/03\/24\/hospitais-e-asilos-terao-secoes-eleitorais-nas-eleicoes-na-capital-do-parana\/"]}]},{"@type":"ImageObject","inLanguage":"pt-BR","@id":"https:\/\/contabilidadecaxias.com.br\/index.php\/2022\/03\/24\/hospitais-e-asilos-terao-secoes-eleitorais-nas-eleicoes-na-capital-do-parana\/#primaryimage","url":"https:\/\/contabilidadecaxias.com.br\/wp-content\/uploads\/2022\/03\/Hospitais-e-asilos-terao-secoes-eleitorais-nas-ele0318203100202203241350-QNeveR.jpeg","contentUrl":"https:\/\/contabilidadecaxias.com.br\/wp-content\/uploads\/2022\/03\/Hospitais-e-asilos-terao-secoes-eleitorais-nas-ele0318203100202203241350-QNeveR.jpeg","width":540,"height":260},{"@type":"BreadcrumbList","@id":"https:\/\/contabilidadecaxias.com.br\/index.php\/2022\/03\/24\/hospitais-e-asilos-terao-secoes-eleitorais-nas-eleicoes-na-capital-do-parana\/#breadcrumb","itemListElement":[{"@type":"ListItem","position":1,"name":"In\u00edcio","item":"https:\/\/contabilidadecaxias.com.br\/"},{"@type":"ListItem","position":2,"name":"Hospitais e asilos ter\u00e3o se\u00e7\u00f5es eleitorais nas elei\u00e7\u00f5es na capital do Paran\u00e1"}]},{"@type":"WebSite","@id":"https:\/\/contabilidadecaxias.com.br\/#website","url":"https:\/\/contabilidadecaxias.com.br\/","name":"Contabilidade Caxias","description":"Site especializado em Contabilidade para Caxias.","potentialAction":[{"@type":"SearchAction","target":{"@type":"EntryPoint","urlTemplate":"https:\/\/contabilidadecaxias.com.br\/?s={search_term_string}"},"query-input":{"@type":"PropertyValueSpecification","valueRequired":true,"valueName":"search_term_string"}}],"inLanguage":"pt-BR"}]}},"_links":{"self":[{"href":"https:\/\/contabilidadecaxias.com.br\/index.php\/wp-json\/wp\/v2\/posts\/4568","targetHints":{"allow":["GET"]}}],"collection":[{"href":"https:\/\/contabilidadecaxias.com.br\/index.php\/wp-json\/wp\/v2\/posts"}],"about":[{"href":"https:\/\/contabilidadecaxias.com.br\/index.php\/wp-json\/wp\/v2\/types\/post"}],"replies":[{"embeddable":true,"href":"https:\/\/contabilidadecaxias.com.br\/index.php\/wp-json\/wp\/v2\/comments?post=4568"}],"version-history":[{"count":0,"href":"https:\/\/contabilidadecaxias.com.br\/index.php\/wp-json\/wp\/v2\/posts\/4568\/revisions"}],"wp:featuredmedia":[{"embeddable":true,"href":"https:\/\/contabilidadecaxias.com.br\/index.php\/wp-json\/wp\/v2\/media\/4569"}],"wp:attachment":[{"href":"https:\/\/contabilidadecaxias.com.br\/index.php\/wp-json\/wp\/v2\/media?parent=4568"}],"wp:term":[{"taxonomy":"category","embeddable":true,"href":"https:\/\/contabilidadecaxias.com.br\/index.php\/wp-json\/wp\/v2\/categories?post=4568"},{"taxonomy":"post_tag","embeddable":true,"href":"https:\/\/contabilidadecaxias.com.br\/index.php\/wp-json\/wp\/v2\/tags?post=4568"}],"curies":[{"name":"wp","href":"https:\/\/api.w.org\/{rel}","templated":true}]}}