{"id":396,"date":"2022-02-10T10:18:06","date_gmt":"2022-02-10T13:18:06","guid":{"rendered":"https:\/\/contabilidadecaxias.com.br\/index.php\/2022\/02\/10\/bob-saget-morreu-em-decorrencia-de-um-traumatismo-craniano-diz-familia\/"},"modified":"2022-02-10T10:18:06","modified_gmt":"2022-02-10T13:18:06","slug":"bob-saget-morreu-em-decorrencia-de-um-traumatismo-craniano-diz-familia","status":"publish","type":"post","link":"https:\/\/contabilidadecaxias.com.br\/index.php\/2022\/02\/10\/bob-saget-morreu-em-decorrencia-de-um-traumatismo-craniano-diz-familia\/","title":{"rendered":"Bob Saget morreu em decorr\u00eancia de um traumatismo craniano, diz fam\u00edlia"},"content":{"rendered":"<p>S\u00c3O PAULO, SP (FOLHAPRESS) &#8211; Bob Saget morreu em decorr\u00eancia de um traumatismo craniano. A informa\u00e7\u00e3o foi divulgada pela fam\u00edlia do ator em comunicado nesta quarta (9). O comediante foi encontrado morto no dia 9 de janeiro em um hotel em Orlando. Ele tinha 65 anos.<\/p>\n<p>Segundo o texto, as autoridades conclu\u00edram que ele bateu a nuca acidentalmente em alguma coisa, n\u00e3o pensou que fosse algo grave e foi dormir. &#8220;Nenhuma droga ou \u00e1lcool estava envolvido&#8221;, afirmou a nota.<\/p>\n<p>&#8220;Agora que temos as conclus\u00f5es finais da investiga\u00e7\u00e3o das autoridades, achamos apropriado que os f\u00e3s ou\u00e7am essas conclus\u00f5es diretamente de n\u00f3s&#8221;, disse o comunicado.<\/p>\n<p>A fam\u00edlia de Saget agradeceu pela demonstra\u00e7\u00e3o de afeto dos f\u00e3s e pediu que todos se lembrem do amor e das risadas do comediante. &#8220;[&#8230;] e das li\u00e7\u00f5es que eles nos ensinou: ser gentil com todos, deixar as pessoas que voc\u00ea ama saberem que voc\u00ea as ama e enfrentar tempos dif\u00edceis com abra\u00e7os e risos.&#8221;<\/p>\n<p>Saget era conhecido no Brasil por ter interpretado Danny Tanner na s\u00e9rie &#8220;Tr\u00eas \u00c9 Demais&#8221; durante oito temporadas, de 1987 at\u00e9 1994. Ele tamb\u00e9m narrou a s\u00e9rie &#8220;How I Met Your Mother&#8221;, que teve nove temporadas.<\/p>\n<p>Em setembro de 2021, o comediante iniciou uma turn\u00ea de stand-up pelos EUA, que se estenderia at\u00e9 junho deste ano. Em sua \u00faltima publica\u00e7\u00e3o nas redes sociais, ele agradecia a presen\u00e7a do p\u00fablico no seu show em Jacksonville, tamb\u00e9m na Fl\u00f3rida. &#8220;Estou de volta \u00e0 com\u00e9dia como quando eu tinha 26 anos. Acho que estou encontrando minha nova voz e adorando cada momento disso&#8221;, escreveu.<\/p>","protected":false},"excerpt":{"rendered":"<p>S\u00c3O PAULO, SP (FOLHAPRESS) &#8211; Bob Saget morreu em decorr\u00eancia de um traumatismo craniano. A informa\u00e7\u00e3o foi divulgada pela fam\u00edlia do ator em comunicado nesta quarta (9). O comediante foi encontrado morto no dia 9 de janeiro em um hotel em Orlando. Ele tinha 65 anos. Segundo o texto, as autoridades conclu\u00edram que ele bateu [&hellip;]<\/p>\n","protected":false},"author":0,"featured_media":0,"comment_status":"open","ping_status":"open","sticky":false,"template":"","format":"standard","meta":{"footnotes":""},"categories":[4],"tags":[],"class_list":["post-396","post","type-post","status-publish","format-standard","hentry","category-noticias-empreendedorismo"],"blocksy_meta":{"styles_descriptor":{"styles":{"desktop":"","tablet":"","mobile":""},"google_fonts":[],"version":6}},"yoast_head":"<!-- This site is optimized with the Yoast SEO plugin v27.5 - https:\/\/yoast.com\/product\/yoast-seo-wordpress\/ -->\n<title>Bob Saget morreu em decorr\u00eancia de um traumatismo craniano, diz fam\u00edlia - Contabilidade Caxias<\/title>\n<meta name=\"robots\" content=\"index, follow, max-snippet:-1, max-image-preview:large, max-video-preview:-1\" \/>\n<link rel=\"canonical\" href=\"https:\/\/contabilidadecaxias.com.br\/index.php\/2022\/02\/10\/bob-saget-morreu-em-decorrencia-de-um-traumatismo-craniano-diz-familia\/\" \/>\n<meta property=\"og:locale\" content=\"pt_BR\" \/>\n<meta property=\"og:type\" content=\"article\" \/>\n<meta property=\"og:title\" content=\"Bob Saget morreu em decorr\u00eancia de um traumatismo craniano, diz fam\u00edlia - Contabilidade Caxias\" \/>\n<meta property=\"og:description\" content=\"S\u00c3O PAULO, SP (FOLHAPRESS) &#8211; Bob Saget morreu em decorr\u00eancia de um traumatismo craniano. A informa\u00e7\u00e3o foi divulgada pela fam\u00edlia do ator em comunicado nesta quarta (9). O comediante foi encontrado morto no dia 9 de janeiro em um hotel em Orlando. Ele tinha 65 anos. Segundo o texto, as autoridades conclu\u00edram que ele bateu [&hellip;]\" \/>\n<meta property=\"og:url\" content=\"https:\/\/contabilidadecaxias.com.br\/index.php\/2022\/02\/10\/bob-saget-morreu-em-decorrencia-de-um-traumatismo-craniano-diz-familia\/\" \/>\n<meta property=\"og:site_name\" content=\"Contabilidade Caxias\" \/>\n<meta property=\"article:published_time\" content=\"2022-02-10T13:18:06+00:00\" \/>\n<meta name=\"twitter:card\" content=\"summary_large_image\" \/>\n<meta name=\"twitter:label1\" content=\"Est. tempo de leitura\" \/>\n\t<meta name=\"twitter:data1\" content=\"1 minuto\" \/>\n<script type=\"application\/ld+json\" class=\"yoast-schema-graph\">{\"@context\":\"https:\\\/\\\/schema.org\",\"@graph\":[{\"@type\":\"Article\",\"@id\":\"https:\\\/\\\/contabilidadecaxias.com.br\\\/index.php\\\/2022\\\/02\\\/10\\\/bob-saget-morreu-em-decorrencia-de-um-traumatismo-craniano-diz-familia\\\/#article\",\"isPartOf\":{\"@id\":\"https:\\\/\\\/contabilidadecaxias.com.br\\\/index.php\\\/2022\\\/02\\\/10\\\/bob-saget-morreu-em-decorrencia-de-um-traumatismo-craniano-diz-familia\\\/\"},\"author\":{\"name\":\"\",\"@id\":\"\"},\"headline\":\"Bob Saget morreu em decorr\u00eancia de um traumatismo craniano, diz fam\u00edlia\",\"datePublished\":\"2022-02-10T13:18:06+00:00\",\"mainEntityOfPage\":{\"@id\":\"https:\\\/\\\/contabilidadecaxias.com.br\\\/index.php\\\/2022\\\/02\\\/10\\\/bob-saget-morreu-em-decorrencia-de-um-traumatismo-craniano-diz-familia\\\/\"},\"wordCount\":290,\"commentCount\":0,\"articleSection\":[\"Empreendedorismo\"],\"inLanguage\":\"pt-BR\",\"potentialAction\":[{\"@type\":\"CommentAction\",\"name\":\"Comment\",\"target\":[\"https:\\\/\\\/contabilidadecaxias.com.br\\\/index.php\\\/2022\\\/02\\\/10\\\/bob-saget-morreu-em-decorrencia-de-um-traumatismo-craniano-diz-familia\\\/#respond\"]}]},{\"@type\":\"WebPage\",\"@id\":\"https:\\\/\\\/contabilidadecaxias.com.br\\\/index.php\\\/2022\\\/02\\\/10\\\/bob-saget-morreu-em-decorrencia-de-um-traumatismo-craniano-diz-familia\\\/\",\"url\":\"https:\\\/\\\/contabilidadecaxias.com.br\\\/index.php\\\/2022\\\/02\\\/10\\\/bob-saget-morreu-em-decorrencia-de-um-traumatismo-craniano-diz-familia\\\/\",\"name\":\"Bob Saget morreu em decorr\u00eancia de um traumatismo craniano, diz fam\u00edlia - Contabilidade Caxias\",\"isPartOf\":{\"@id\":\"https:\\\/\\\/contabilidadecaxias.com.br\\\/#website\"},\"datePublished\":\"2022-02-10T13:18:06+00:00\",\"author\":{\"@id\":\"\"},\"breadcrumb\":{\"@id\":\"https:\\\/\\\/contabilidadecaxias.com.br\\\/index.php\\\/2022\\\/02\\\/10\\\/bob-saget-morreu-em-decorrencia-de-um-traumatismo-craniano-diz-familia\\\/#breadcrumb\"},\"inLanguage\":\"pt-BR\",\"potentialAction\":[{\"@type\":\"ReadAction\",\"target\":[\"https:\\\/\\\/contabilidadecaxias.com.br\\\/index.php\\\/2022\\\/02\\\/10\\\/bob-saget-morreu-em-decorrencia-de-um-traumatismo-craniano-diz-familia\\\/\"]}]},{\"@type\":\"BreadcrumbList\",\"@id\":\"https:\\\/\\\/contabilidadecaxias.com.br\\\/index.php\\\/2022\\\/02\\\/10\\\/bob-saget-morreu-em-decorrencia-de-um-traumatismo-craniano-diz-familia\\\/#breadcrumb\",\"itemListElement\":[{\"@type\":\"ListItem\",\"position\":1,\"name\":\"In\u00edcio\",\"item\":\"https:\\\/\\\/contabilidadecaxias.com.br\\\/\"},{\"@type\":\"ListItem\",\"position\":2,\"name\":\"Bob Saget morreu em decorr\u00eancia de um traumatismo craniano, diz fam\u00edlia\"}]},{\"@type\":\"WebSite\",\"@id\":\"https:\\\/\\\/contabilidadecaxias.com.br\\\/#website\",\"url\":\"https:\\\/\\\/contabilidadecaxias.com.br\\\/\",\"name\":\"Contabilidade Caxias\",\"description\":\"Site especializado em Contabilidade para Caxias.\",\"potentialAction\":[{\"@type\":\"SearchAction\",\"target\":{\"@type\":\"EntryPoint\",\"urlTemplate\":\"https:\\\/\\\/contabilidadecaxias.com.br\\\/?s={search_term_string}\"},\"query-input\":{\"@type\":\"PropertyValueSpecification\",\"valueRequired\":true,\"valueName\":\"search_term_string\"}}],\"inLanguage\":\"pt-BR\"}]}<\/script>\n<!-- \/ Yoast SEO plugin. -->","yoast_head_json":{"title":"Bob Saget morreu em decorr\u00eancia de um traumatismo craniano, diz fam\u00edlia - Contabilidade Caxias","robots":{"index":"index","follow":"follow","max-snippet":"max-snippet:-1","max-image-preview":"max-image-preview:large","max-video-preview":"max-video-preview:-1"},"canonical":"https:\/\/contabilidadecaxias.com.br\/index.php\/2022\/02\/10\/bob-saget-morreu-em-decorrencia-de-um-traumatismo-craniano-diz-familia\/","og_locale":"pt_BR","og_type":"article","og_title":"Bob Saget morreu em decorr\u00eancia de um traumatismo craniano, diz fam\u00edlia - Contabilidade Caxias","og_description":"S\u00c3O PAULO, SP (FOLHAPRESS) &#8211; Bob Saget morreu em decorr\u00eancia de um traumatismo craniano. A informa\u00e7\u00e3o foi divulgada pela fam\u00edlia do ator em comunicado nesta quarta (9). O comediante foi encontrado morto no dia 9 de janeiro em um hotel em Orlando. Ele tinha 65 anos. Segundo o texto, as autoridades conclu\u00edram que ele bateu [&hellip;]","og_url":"https:\/\/contabilidadecaxias.com.br\/index.php\/2022\/02\/10\/bob-saget-morreu-em-decorrencia-de-um-traumatismo-craniano-diz-familia\/","og_site_name":"Contabilidade Caxias","article_published_time":"2022-02-10T13:18:06+00:00","twitter_card":"summary_large_image","twitter_misc":{"Est. tempo de leitura":"1 minuto"},"schema":{"@context":"https:\/\/schema.org","@graph":[{"@type":"Article","@id":"https:\/\/contabilidadecaxias.com.br\/index.php\/2022\/02\/10\/bob-saget-morreu-em-decorrencia-de-um-traumatismo-craniano-diz-familia\/#article","isPartOf":{"@id":"https:\/\/contabilidadecaxias.com.br\/index.php\/2022\/02\/10\/bob-saget-morreu-em-decorrencia-de-um-traumatismo-craniano-diz-familia\/"},"author":{"name":"","@id":""},"headline":"Bob Saget morreu em decorr\u00eancia de um traumatismo craniano, diz fam\u00edlia","datePublished":"2022-02-10T13:18:06+00:00","mainEntityOfPage":{"@id":"https:\/\/contabilidadecaxias.com.br\/index.php\/2022\/02\/10\/bob-saget-morreu-em-decorrencia-de-um-traumatismo-craniano-diz-familia\/"},"wordCount":290,"commentCount":0,"articleSection":["Empreendedorismo"],"inLanguage":"pt-BR","potentialAction":[{"@type":"CommentAction","name":"Comment","target":["https:\/\/contabilidadecaxias.com.br\/index.php\/2022\/02\/10\/bob-saget-morreu-em-decorrencia-de-um-traumatismo-craniano-diz-familia\/#respond"]}]},{"@type":"WebPage","@id":"https:\/\/contabilidadecaxias.com.br\/index.php\/2022\/02\/10\/bob-saget-morreu-em-decorrencia-de-um-traumatismo-craniano-diz-familia\/","url":"https:\/\/contabilidadecaxias.com.br\/index.php\/2022\/02\/10\/bob-saget-morreu-em-decorrencia-de-um-traumatismo-craniano-diz-familia\/","name":"Bob Saget morreu em decorr\u00eancia de um traumatismo craniano, diz fam\u00edlia - Contabilidade Caxias","isPartOf":{"@id":"https:\/\/contabilidadecaxias.com.br\/#website"},"datePublished":"2022-02-10T13:18:06+00:00","author":{"@id":""},"breadcrumb":{"@id":"https:\/\/contabilidadecaxias.com.br\/index.php\/2022\/02\/10\/bob-saget-morreu-em-decorrencia-de-um-traumatismo-craniano-diz-familia\/#breadcrumb"},"inLanguage":"pt-BR","potentialAction":[{"@type":"ReadAction","target":["https:\/\/contabilidadecaxias.com.br\/index.php\/2022\/02\/10\/bob-saget-morreu-em-decorrencia-de-um-traumatismo-craniano-diz-familia\/"]}]},{"@type":"BreadcrumbList","@id":"https:\/\/contabilidadecaxias.com.br\/index.php\/2022\/02\/10\/bob-saget-morreu-em-decorrencia-de-um-traumatismo-craniano-diz-familia\/#breadcrumb","itemListElement":[{"@type":"ListItem","position":1,"name":"In\u00edcio","item":"https:\/\/contabilidadecaxias.com.br\/"},{"@type":"ListItem","position":2,"name":"Bob Saget morreu em decorr\u00eancia de um traumatismo craniano, diz fam\u00edlia"}]},{"@type":"WebSite","@id":"https:\/\/contabilidadecaxias.com.br\/#website","url":"https:\/\/contabilidadecaxias.com.br\/","name":"Contabilidade Caxias","description":"Site especializado em Contabilidade para Caxias.","potentialAction":[{"@type":"SearchAction","target":{"@type":"EntryPoint","urlTemplate":"https:\/\/contabilidadecaxias.com.br\/?s={search_term_string}"},"query-input":{"@type":"PropertyValueSpecification","valueRequired":true,"valueName":"search_term_string"}}],"inLanguage":"pt-BR"}]}},"_links":{"self":[{"href":"https:\/\/contabilidadecaxias.com.br\/index.php\/wp-json\/wp\/v2\/posts\/396","targetHints":{"allow":["GET"]}}],"collection":[{"href":"https:\/\/contabilidadecaxias.com.br\/index.php\/wp-json\/wp\/v2\/posts"}],"about":[{"href":"https:\/\/contabilidadecaxias.com.br\/index.php\/wp-json\/wp\/v2\/types\/post"}],"replies":[{"embeddable":true,"href":"https:\/\/contabilidadecaxias.com.br\/index.php\/wp-json\/wp\/v2\/comments?post=396"}],"version-history":[{"count":0,"href":"https:\/\/contabilidadecaxias.com.br\/index.php\/wp-json\/wp\/v2\/posts\/396\/revisions"}],"wp:attachment":[{"href":"https:\/\/contabilidadecaxias.com.br\/index.php\/wp-json\/wp\/v2\/media?parent=396"}],"wp:term":[{"taxonomy":"category","embeddable":true,"href":"https:\/\/contabilidadecaxias.com.br\/index.php\/wp-json\/wp\/v2\/categories?post=396"},{"taxonomy":"post_tag","embeddable":true,"href":"https:\/\/contabilidadecaxias.com.br\/index.php\/wp-json\/wp\/v2\/tags?post=396"}],"curies":[{"name":"wp","href":"https:\/\/api.w.org\/{rel}","templated":true}]}}