{"id":2587,"date":"2022-03-07T14:02:18","date_gmt":"2022-03-07T17:02:18","guid":{"rendered":"https:\/\/contabilidadecaxias.com.br\/index.php\/2022\/03\/07\/arthur-do-val-e-alvo-de-9-pedidos-de-cassacao-entenda-caminho-para-perda-do-mandato\/"},"modified":"2022-03-07T14:02:18","modified_gmt":"2022-03-07T17:02:18","slug":"arthur-do-val-e-alvo-de-9-pedidos-de-cassacao-entenda-caminho-para-perda-do-mandato","status":"publish","type":"post","link":"https:\/\/contabilidadecaxias.com.br\/index.php\/2022\/03\/07\/arthur-do-val-e-alvo-de-9-pedidos-de-cassacao-entenda-caminho-para-perda-do-mandato\/","title":{"rendered":"Arthur do Val \u00e9 alvo de 9 pedidos de cassa\u00e7\u00e3o; entenda caminho para perda do mandato"},"content":{"rendered":"<p>MOGI DAS CRUZES, SP, E S\u00c3O PAULO, SP (FOLHAPRESS) &#8211; O deputado Arthur do Val (Podemos), conhecido como Mam\u00e3e Falei, deve come\u00e7ar a responder nesta semana, no Conselho de \u00c9tica e Decoro Parlamentar da Assembleia Legislativa de S\u00e3o Paulo (Alesp), a representa\u00e7\u00f5es que podem levar \u00e0 perda do mandato do parlamentar.<\/p>\n<p>Nove pedidos que pedem a puni\u00e7\u00e3o do deputado foram protocolados na Casa desde sexta-feira (4), quando foram reveladas as suas declara\u00e7\u00f5es de cunho sexista. Um deles foi assinado por 17 parlamentares da Assembleia e entregue nesta segunda-feira (7).<\/p>\n<p>O deputado, que visitou a Ucr\u00e2nia na semana passada, enviou \u00e1udios a amigos dizendo que as ucranianas s\u00e3o &#8220;f\u00e1ceis&#8221; por serem pobres \u0097e que a fila de refugiados da guerra tem mais mulheres bonitas do que a &#8220;melhor balada do Brasil&#8221;.<\/p>\n<p>Presidente do colegiado, a deputada Maria L\u00facia Amary (PSDB), diz que espera que a tramita\u00e7\u00e3o seja c\u00e9lere, com a conclus\u00e3o dentro de dois meses no Conselho. A partir disso, o caso segue para o plen\u00e1rio da assembleia, onde precisar\u00e1 do voto da maioria dos deputados para que o deputado perca o mandato.<\/p>\n<p>O presidente da Alesp, Carl\u00e3o Pignatari (PSDB), afirma que o caso ser\u00e1 levado para o plen\u00e1rio &#8220;t\u00e3o logo seja conclu\u00edda&#8221; a decis\u00e3o do Conselho de \u00c9tica.<\/p>\n<p>Entenda como funciona o processo:<\/p>\n<p>O que pedem as representa\u00e7\u00f5es contra o deputado Arthur do Val?<\/p>\n<p>At\u00e9 o momento, h\u00e1 nove representa\u00e7\u00f5es contra o parlamentar. Sete delas, protocoladas pelos deputados Isa Penna (PSOL), Altair Moraes (Republicanos), Gil Diniz (PL), Sargento Nery (Avante), Luiz Fernando (Progressistas), Major Mecca (Uni\u00e3o Brasil) e outra assinada por 17 deputados de diferentes perfis ideol\u00f3gicos pedem a cassa\u00e7\u00e3o de forma direta.<\/p>\n<p>As representa\u00e7\u00f5es feitas pelos deputados petistas Professora Bebel e Em\u00eddio de Souza pedem que o caso seja apurado de acordo com o artigo 7\u00ba do C\u00f3digo de \u00c9tica da Casa, que lista todas as puni\u00e7\u00f5es poss\u00edveis, entre elas a cassa\u00e7\u00e3o, defendida por ambos em entrevista ao jornal Folha de S.Paulo.<\/p>\n<p>O deputado j\u00e1 foi punido antes?<\/p>\n<p>Sim. A puni\u00e7\u00e3o mais recente foi definida em fevereiro pelo Conselho, que decidiu que o deputado dever\u00e1 ser advertido por pagar sal\u00e1rio a um assessor em um dia que ele n\u00e3o estava trabalhando. Na pr\u00f3xima reuni\u00e3o, ele ser\u00e1 convocado para receber a puni\u00e7\u00e3o.<\/p>\n<p>\u200bComo funciona a tramita\u00e7\u00e3o do processo no Conselho de \u00c9tica da Alesp?<\/p>\n<p>O primeiro passo \u00e9 o recebimento das representa\u00e7\u00f5es pela presidente do colegiado, que deve ser feita nesta segunda-feira (7). Depois disso, a comunica\u00e7\u00e3o \u00e9 feita aos nove deputados que integram o Conselho e o deputado ser\u00e1 notificado. Arthur do Val ter\u00e1 um prazo de cinco sess\u00f5es do plen\u00e1rio para apresentar a chamada defesa pr\u00e9via.<\/p>\n<p>O passo seguinte \u00e9 a convoca\u00e7\u00e3o de uma reuni\u00e3o do conselho para que os deputados julguem a admissibilidade das representa\u00e7\u00f5es, que poder\u00e3o ser unificadas para a tramita\u00e7\u00e3o.<\/p>\n<p>Arthur do Val ter\u00e1, ent\u00e3o, um novo prazo de cinco sess\u00f5es para apresentar a defesa de m\u00e9rito no processo. Ap\u00f3s esse prazo, \u00e9 definido o relator, que ser\u00e1 respons\u00e1vel pelo parecer que ser\u00e1 votado pelo colegiado. Geralmente, esse documento \u00e9 elaborado dentro de 15 dias.<\/p>\n<p>O que \u00e9 preciso para que o deputado seja punido?<\/p>\n<p>\u00c9 necess\u00e1rio maioria simples para que a puni\u00e7\u00e3o contra o deputado seja aprovada pelo Conselho de \u00c9tica, que tem nove membros efetivos, al\u00e9m do corregedor. Em caso de empate, a presidente do colegiado pode definir a vota\u00e7\u00e3o.<\/p>\n<p>O parecer aprovado \u00e9 encaminhado para vota\u00e7\u00e3o em plen\u00e1rio, onde precisa da maioria simples para ser aprovado. A Assembleia tem 94 deputados, ent\u00e3o isso significa que seria necess\u00e1rio o aval de pelo menos 48 parlamentares.<\/p>\n<p>Como deve ser a avalia\u00e7\u00e3o do caso plen\u00e1rio?<\/p>\n<p>O presidente da Assembleia, Carl\u00e3o Pignatari (PSDB), se comprometeu a pautar o processo de Arthur do Val no plen\u00e1rio &#8220;t\u00e3o logo&#8221; o Conselho de \u00c9tica chegue a uma decis\u00e3o sobre caso. Em nota oficial, o deputado disse que a atitude de Mam\u00e3e Falei \u00e9 &#8220;inaceit\u00e1vel e que ser\u00e1 tratada com rigor e seriedade pelas esferas de investiga\u00e7\u00e3o do Parlamento&#8221;.<\/p>\n<p>A deputada Isa Penna (PSOL), autora de uma das representa\u00e7\u00f5es contra do Val, tamb\u00e9m avalia que o processo vai ser c\u00e9lere. &#8220;Existe muita press\u00e3o dentro da assembleia [por causa das falas sexistas deputado.<\/p>\n<p>A mesma percep\u00e7\u00e3o \u00e9 compartilhada por outros deputados ouvidos pela reportagem, que avaliam que o hist\u00f3rico de Arthur do Val na Casa pesa contra ele neste momento e impedir\u00e1 uma eventual blindagem.<\/p>\n<p>Quais as outras possibilidades de puni\u00e7\u00e3o?<\/p>\n<p>Al\u00e9m da cassa\u00e7\u00e3o do mandato, pena mais grave, o deputado tamb\u00e9m pode ser suspenso por um per\u00edodo determinado, o que tamb\u00e9m dependeria do aval no plen\u00e1rio. No caso de penalidades mais leves, como advert\u00eancia e censura, a puni\u00e7\u00e3o \u00e9 aplicada diretamente pelo pr\u00f3prio Conselho.<\/p>\n","protected":false},"excerpt":{"rendered":"<p>MOGI DAS CRUZES, SP, E S\u00c3O PAULO, SP (FOLHAPRESS) &#8211; O deputado Arthur do Val (Podemos), conhecido como Mam\u00e3e Falei, deve come\u00e7ar a responder nesta semana, no Conselho de \u00c9tica e Decoro Parlamentar da Assembleia Legislativa de S\u00e3o Paulo (Alesp), a representa\u00e7\u00f5es que podem levar \u00e0 perda do mandato do parlamentar. Nove pedidos que pedem [&hellip;]<\/p>\n","protected":false},"author":0,"featured_media":0,"comment_status":"open","ping_status":"open","sticky":false,"template":"","format":"standard","meta":{"footnotes":""},"categories":[4],"tags":[],"class_list":["post-2587","post","type-post","status-publish","format-standard","hentry","category-noticias-empreendedorismo"],"blocksy_meta":{"styles_descriptor":{"styles":{"desktop":"","tablet":"","mobile":""},"google_fonts":[],"version":6}},"yoast_head":"<!-- This site is optimized with the Yoast SEO plugin v27.5 - https:\/\/yoast.com\/product\/yoast-seo-wordpress\/ -->\n<title>Arthur do Val \u00e9 alvo de 9 pedidos de cassa\u00e7\u00e3o; entenda caminho para perda do mandato - Contabilidade Caxias<\/title>\n<meta name=\"robots\" content=\"index, follow, max-snippet:-1, max-image-preview:large, max-video-preview:-1\" \/>\n<link rel=\"canonical\" href=\"https:\/\/contabilidadecaxias.com.br\/index.php\/2022\/03\/07\/arthur-do-val-e-alvo-de-9-pedidos-de-cassacao-entenda-caminho-para-perda-do-mandato\/\" \/>\n<meta property=\"og:locale\" content=\"pt_BR\" \/>\n<meta property=\"og:type\" content=\"article\" \/>\n<meta property=\"og:title\" content=\"Arthur do Val \u00e9 alvo de 9 pedidos de cassa\u00e7\u00e3o; entenda caminho para perda do mandato - Contabilidade Caxias\" \/>\n<meta property=\"og:description\" content=\"MOGI DAS CRUZES, SP, E S\u00c3O PAULO, SP (FOLHAPRESS) &#8211; O deputado Arthur do Val (Podemos), conhecido como Mam\u00e3e Falei, deve come\u00e7ar a responder nesta semana, no Conselho de \u00c9tica e Decoro Parlamentar da Assembleia Legislativa de S\u00e3o Paulo (Alesp), a representa\u00e7\u00f5es que podem levar \u00e0 perda do mandato do parlamentar. Nove pedidos que pedem [&hellip;]\" \/>\n<meta property=\"og:url\" content=\"https:\/\/contabilidadecaxias.com.br\/index.php\/2022\/03\/07\/arthur-do-val-e-alvo-de-9-pedidos-de-cassacao-entenda-caminho-para-perda-do-mandato\/\" \/>\n<meta property=\"og:site_name\" content=\"Contabilidade Caxias\" \/>\n<meta property=\"article:published_time\" content=\"2022-03-07T17:02:18+00:00\" \/>\n<meta name=\"twitter:card\" content=\"summary_large_image\" \/>\n<meta name=\"twitter:label1\" content=\"Est. tempo de leitura\" \/>\n\t<meta name=\"twitter:data1\" content=\"4 minutos\" \/>\n<script type=\"application\/ld+json\" class=\"yoast-schema-graph\">{\"@context\":\"https:\\\/\\\/schema.org\",\"@graph\":[{\"@type\":\"Article\",\"@id\":\"https:\\\/\\\/contabilidadecaxias.com.br\\\/index.php\\\/2022\\\/03\\\/07\\\/arthur-do-val-e-alvo-de-9-pedidos-de-cassacao-entenda-caminho-para-perda-do-mandato\\\/#article\",\"isPartOf\":{\"@id\":\"https:\\\/\\\/contabilidadecaxias.com.br\\\/index.php\\\/2022\\\/03\\\/07\\\/arthur-do-val-e-alvo-de-9-pedidos-de-cassacao-entenda-caminho-para-perda-do-mandato\\\/\"},\"author\":{\"name\":\"\",\"@id\":\"\"},\"headline\":\"Arthur do Val \u00e9 alvo de 9 pedidos de cassa\u00e7\u00e3o; entenda caminho para perda do mandato\",\"datePublished\":\"2022-03-07T17:02:18+00:00\",\"mainEntityOfPage\":{\"@id\":\"https:\\\/\\\/contabilidadecaxias.com.br\\\/index.php\\\/2022\\\/03\\\/07\\\/arthur-do-val-e-alvo-de-9-pedidos-de-cassacao-entenda-caminho-para-perda-do-mandato\\\/\"},\"wordCount\":855,\"commentCount\":0,\"articleSection\":[\"Empreendedorismo\"],\"inLanguage\":\"pt-BR\",\"potentialAction\":[{\"@type\":\"CommentAction\",\"name\":\"Comment\",\"target\":[\"https:\\\/\\\/contabilidadecaxias.com.br\\\/index.php\\\/2022\\\/03\\\/07\\\/arthur-do-val-e-alvo-de-9-pedidos-de-cassacao-entenda-caminho-para-perda-do-mandato\\\/#respond\"]}]},{\"@type\":\"WebPage\",\"@id\":\"https:\\\/\\\/contabilidadecaxias.com.br\\\/index.php\\\/2022\\\/03\\\/07\\\/arthur-do-val-e-alvo-de-9-pedidos-de-cassacao-entenda-caminho-para-perda-do-mandato\\\/\",\"url\":\"https:\\\/\\\/contabilidadecaxias.com.br\\\/index.php\\\/2022\\\/03\\\/07\\\/arthur-do-val-e-alvo-de-9-pedidos-de-cassacao-entenda-caminho-para-perda-do-mandato\\\/\",\"name\":\"Arthur do Val \u00e9 alvo de 9 pedidos de cassa\u00e7\u00e3o; entenda caminho para perda do mandato - Contabilidade Caxias\",\"isPartOf\":{\"@id\":\"https:\\\/\\\/contabilidadecaxias.com.br\\\/#website\"},\"datePublished\":\"2022-03-07T17:02:18+00:00\",\"author\":{\"@id\":\"\"},\"breadcrumb\":{\"@id\":\"https:\\\/\\\/contabilidadecaxias.com.br\\\/index.php\\\/2022\\\/03\\\/07\\\/arthur-do-val-e-alvo-de-9-pedidos-de-cassacao-entenda-caminho-para-perda-do-mandato\\\/#breadcrumb\"},\"inLanguage\":\"pt-BR\",\"potentialAction\":[{\"@type\":\"ReadAction\",\"target\":[\"https:\\\/\\\/contabilidadecaxias.com.br\\\/index.php\\\/2022\\\/03\\\/07\\\/arthur-do-val-e-alvo-de-9-pedidos-de-cassacao-entenda-caminho-para-perda-do-mandato\\\/\"]}]},{\"@type\":\"BreadcrumbList\",\"@id\":\"https:\\\/\\\/contabilidadecaxias.com.br\\\/index.php\\\/2022\\\/03\\\/07\\\/arthur-do-val-e-alvo-de-9-pedidos-de-cassacao-entenda-caminho-para-perda-do-mandato\\\/#breadcrumb\",\"itemListElement\":[{\"@type\":\"ListItem\",\"position\":1,\"name\":\"In\u00edcio\",\"item\":\"https:\\\/\\\/contabilidadecaxias.com.br\\\/\"},{\"@type\":\"ListItem\",\"position\":2,\"name\":\"Arthur do Val \u00e9 alvo de 9 pedidos de cassa\u00e7\u00e3o; entenda caminho para perda do mandato\"}]},{\"@type\":\"WebSite\",\"@id\":\"https:\\\/\\\/contabilidadecaxias.com.br\\\/#website\",\"url\":\"https:\\\/\\\/contabilidadecaxias.com.br\\\/\",\"name\":\"Contabilidade Caxias\",\"description\":\"Site especializado em Contabilidade para Caxias.\",\"potentialAction\":[{\"@type\":\"SearchAction\",\"target\":{\"@type\":\"EntryPoint\",\"urlTemplate\":\"https:\\\/\\\/contabilidadecaxias.com.br\\\/?s={search_term_string}\"},\"query-input\":{\"@type\":\"PropertyValueSpecification\",\"valueRequired\":true,\"valueName\":\"search_term_string\"}}],\"inLanguage\":\"pt-BR\"}]}<\/script>\n<!-- \/ Yoast SEO plugin. -->","yoast_head_json":{"title":"Arthur do Val \u00e9 alvo de 9 pedidos de cassa\u00e7\u00e3o; entenda caminho para perda do mandato - Contabilidade Caxias","robots":{"index":"index","follow":"follow","max-snippet":"max-snippet:-1","max-image-preview":"max-image-preview:large","max-video-preview":"max-video-preview:-1"},"canonical":"https:\/\/contabilidadecaxias.com.br\/index.php\/2022\/03\/07\/arthur-do-val-e-alvo-de-9-pedidos-de-cassacao-entenda-caminho-para-perda-do-mandato\/","og_locale":"pt_BR","og_type":"article","og_title":"Arthur do Val \u00e9 alvo de 9 pedidos de cassa\u00e7\u00e3o; entenda caminho para perda do mandato - Contabilidade Caxias","og_description":"MOGI DAS CRUZES, SP, E S\u00c3O PAULO, SP (FOLHAPRESS) &#8211; O deputado Arthur do Val (Podemos), conhecido como Mam\u00e3e Falei, deve come\u00e7ar a responder nesta semana, no Conselho de \u00c9tica e Decoro Parlamentar da Assembleia Legislativa de S\u00e3o Paulo (Alesp), a representa\u00e7\u00f5es que podem levar \u00e0 perda do mandato do parlamentar. Nove pedidos que pedem [&hellip;]","og_url":"https:\/\/contabilidadecaxias.com.br\/index.php\/2022\/03\/07\/arthur-do-val-e-alvo-de-9-pedidos-de-cassacao-entenda-caminho-para-perda-do-mandato\/","og_site_name":"Contabilidade Caxias","article_published_time":"2022-03-07T17:02:18+00:00","twitter_card":"summary_large_image","twitter_misc":{"Est. tempo de leitura":"4 minutos"},"schema":{"@context":"https:\/\/schema.org","@graph":[{"@type":"Article","@id":"https:\/\/contabilidadecaxias.com.br\/index.php\/2022\/03\/07\/arthur-do-val-e-alvo-de-9-pedidos-de-cassacao-entenda-caminho-para-perda-do-mandato\/#article","isPartOf":{"@id":"https:\/\/contabilidadecaxias.com.br\/index.php\/2022\/03\/07\/arthur-do-val-e-alvo-de-9-pedidos-de-cassacao-entenda-caminho-para-perda-do-mandato\/"},"author":{"name":"","@id":""},"headline":"Arthur do Val \u00e9 alvo de 9 pedidos de cassa\u00e7\u00e3o; entenda caminho para perda do mandato","datePublished":"2022-03-07T17:02:18+00:00","mainEntityOfPage":{"@id":"https:\/\/contabilidadecaxias.com.br\/index.php\/2022\/03\/07\/arthur-do-val-e-alvo-de-9-pedidos-de-cassacao-entenda-caminho-para-perda-do-mandato\/"},"wordCount":855,"commentCount":0,"articleSection":["Empreendedorismo"],"inLanguage":"pt-BR","potentialAction":[{"@type":"CommentAction","name":"Comment","target":["https:\/\/contabilidadecaxias.com.br\/index.php\/2022\/03\/07\/arthur-do-val-e-alvo-de-9-pedidos-de-cassacao-entenda-caminho-para-perda-do-mandato\/#respond"]}]},{"@type":"WebPage","@id":"https:\/\/contabilidadecaxias.com.br\/index.php\/2022\/03\/07\/arthur-do-val-e-alvo-de-9-pedidos-de-cassacao-entenda-caminho-para-perda-do-mandato\/","url":"https:\/\/contabilidadecaxias.com.br\/index.php\/2022\/03\/07\/arthur-do-val-e-alvo-de-9-pedidos-de-cassacao-entenda-caminho-para-perda-do-mandato\/","name":"Arthur do Val \u00e9 alvo de 9 pedidos de cassa\u00e7\u00e3o; entenda caminho para perda do mandato - Contabilidade Caxias","isPartOf":{"@id":"https:\/\/contabilidadecaxias.com.br\/#website"},"datePublished":"2022-03-07T17:02:18+00:00","author":{"@id":""},"breadcrumb":{"@id":"https:\/\/contabilidadecaxias.com.br\/index.php\/2022\/03\/07\/arthur-do-val-e-alvo-de-9-pedidos-de-cassacao-entenda-caminho-para-perda-do-mandato\/#breadcrumb"},"inLanguage":"pt-BR","potentialAction":[{"@type":"ReadAction","target":["https:\/\/contabilidadecaxias.com.br\/index.php\/2022\/03\/07\/arthur-do-val-e-alvo-de-9-pedidos-de-cassacao-entenda-caminho-para-perda-do-mandato\/"]}]},{"@type":"BreadcrumbList","@id":"https:\/\/contabilidadecaxias.com.br\/index.php\/2022\/03\/07\/arthur-do-val-e-alvo-de-9-pedidos-de-cassacao-entenda-caminho-para-perda-do-mandato\/#breadcrumb","itemListElement":[{"@type":"ListItem","position":1,"name":"In\u00edcio","item":"https:\/\/contabilidadecaxias.com.br\/"},{"@type":"ListItem","position":2,"name":"Arthur do Val \u00e9 alvo de 9 pedidos de cassa\u00e7\u00e3o; entenda caminho para perda do mandato"}]},{"@type":"WebSite","@id":"https:\/\/contabilidadecaxias.com.br\/#website","url":"https:\/\/contabilidadecaxias.com.br\/","name":"Contabilidade Caxias","description":"Site especializado em Contabilidade para Caxias.","potentialAction":[{"@type":"SearchAction","target":{"@type":"EntryPoint","urlTemplate":"https:\/\/contabilidadecaxias.com.br\/?s={search_term_string}"},"query-input":{"@type":"PropertyValueSpecification","valueRequired":true,"valueName":"search_term_string"}}],"inLanguage":"pt-BR"}]}},"_links":{"self":[{"href":"https:\/\/contabilidadecaxias.com.br\/index.php\/wp-json\/wp\/v2\/posts\/2587","targetHints":{"allow":["GET"]}}],"collection":[{"href":"https:\/\/contabilidadecaxias.com.br\/index.php\/wp-json\/wp\/v2\/posts"}],"about":[{"href":"https:\/\/contabilidadecaxias.com.br\/index.php\/wp-json\/wp\/v2\/types\/post"}],"replies":[{"embeddable":true,"href":"https:\/\/contabilidadecaxias.com.br\/index.php\/wp-json\/wp\/v2\/comments?post=2587"}],"version-history":[{"count":0,"href":"https:\/\/contabilidadecaxias.com.br\/index.php\/wp-json\/wp\/v2\/posts\/2587\/revisions"}],"wp:attachment":[{"href":"https:\/\/contabilidadecaxias.com.br\/index.php\/wp-json\/wp\/v2\/media?parent=2587"}],"wp:term":[{"taxonomy":"category","embeddable":true,"href":"https:\/\/contabilidadecaxias.com.br\/index.php\/wp-json\/wp\/v2\/categories?post=2587"},{"taxonomy":"post_tag","embeddable":true,"href":"https:\/\/contabilidadecaxias.com.br\/index.php\/wp-json\/wp\/v2\/tags?post=2587"}],"curies":[{"name":"wp","href":"https:\/\/api.w.org\/{rel}","templated":true}]}}