{"id":22176,"date":"2022-12-19T00:22:19","date_gmt":"2022-12-19T03:22:19","guid":{"rendered":"https:\/\/contabilidadecaxias.com.br\/index.php\/2022\/12\/19\/verao-maior-parana-reforca-infraestrutura-das-praias-na-temporada\/"},"modified":"2022-12-19T00:22:19","modified_gmt":"2022-12-19T03:22:19","slug":"verao-maior-parana-reforca-infraestrutura-das-praias-na-temporada","status":"publish","type":"post","link":"https:\/\/contabilidadecaxias.com.br\/index.php\/2022\/12\/19\/verao-maior-parana-reforca-infraestrutura-das-praias-na-temporada\/","title":{"rendered":"Ver\u00e3o Maior Paran\u00e1 refor\u00e7a infraestrutura das praias na temporada"},"content":{"rendered":"<p>Foi lan\u00e7ado no s\u00e1bado (17), na Praia de Caiob\u00e1, em Matinhos, o Ver\u00e3o Maior Paran\u00e1, que refor\u00e7a a estrutura e a seguran\u00e7a p\u00fablica do Litoral e do Interior para a temporada. O governo do Estado investe R$ 80 milh\u00f5es na opera\u00e7\u00e3o, que conta, ainda, com estruturas de lazer, limpeza das praias, melhoria no atendimento de sa\u00fade e uma intensa programa\u00e7\u00e3o cultural, com shows, teatro, circo e cinema ao ar livre.<\/p>\n<p>A expectativa \u00e9 que at\u00e9 2 milh\u00f5es de pessoas des\u00e7am ao Litoral durante a temporada. As a\u00e7\u00f5es atendem tamb\u00e9m a Costa Noroeste, com recrea\u00e7\u00e3o em Porto Rico e Porto S\u00e3o Jos\u00e9 (S\u00e3o Pedro do Paran\u00e1), e levam guarda-vidas para as prainhas da regi\u00e3o Oeste.<\/p>\n<p>Segundo o governador Ratinho Junior, presente no lan\u00e7amento da opera\u00e7\u00e3o, &#8220;foi realizado todo um planejamento para atender os veranistas que v\u00eam se divertir com suas fam\u00edlias e dar apoio aos moradores do Litoral, que aproveitam a temporada para melhorar a sua renda\u201d, completou.\u00a0<\/p>\n<p>O coordenador do Ver\u00e3o Maior, Helio Wirbiski, explicou que\u00a0 a opera\u00e7\u00e3o est\u00e1 sendo planejada h\u00e1 seis meses, marcando o retorno da volta massiva \u00e0s praias ap\u00f3s dois anos de pandemia. \u201cH\u00e1 um refor\u00e7o em todas as \u00e1reas, desde a coleta de lixo, infraestrutura, ferry boat, sa\u00fade e seguran\u00e7a\u201d, disse.\u00a0<\/p>\n<p>SEGURAN\u00c7A<\/p>\n<p>Um efetivo de cerca de 2 mil profissionais da seguran\u00e7a p\u00fablica deve trabalhar no policiamento e nas a\u00e7\u00f5es de preven\u00e7\u00e3o e salvamento no Litoral. Tamb\u00e9m foram disponibilizadas 800 viaturas, equipadas com dispositivos inteligentes, dois helic\u00f3pteros da Pol\u00edcia Militar e um da Pol\u00edcia Civil, al\u00e9m de ve\u00edculos utilit\u00e1rios multitarefa (UTV), diciclos e barcos para atender todo o Litoral.<\/p>\n<p>\u201c\u00c9 uma opera\u00e7\u00e3o muito complexa, mas, ao mesmo tempo, muito importante porque \u00e9 a oportunidade de as for\u00e7as de seguran\u00e7a estarem muito pr\u00f3ximas das fam\u00edlias paranaenses para trazer tranquilidade em seu per\u00edodo de lazer\u201d, salientou o secret\u00e1rio estadual da Seguran\u00e7a P\u00fablica, Wagner Mesquita.<\/p>\n<p>O comandante-geral da Pol\u00edcia Militar do Paran\u00e1, coronel Hudson Teixeira, ressaltou o trabalho ostensivo que ser\u00e1 prestado durante a temporada. \u201cInvestimos bastante no policiamento de proximidade, com m\u00f3dulos m\u00f3veis para dar informa\u00e7\u00f5es e orientar as pessoas, temos os ve\u00edculos para andar nas praias, com os UTVs, e os diciclos que facilitam o patrulhamento no cal\u00e7ad\u00e3o e nas ciclovias. Teremos, tamb\u00e9m, o refor\u00e7o no patrulhamento mar\u00edtimo, com cinco embarca\u00e7\u00f5es na orla, e tamb\u00e9m a\u00e9reo, com os helic\u00f3pteros que far\u00e3o inclusive sobrevoos noturnos\u201d, refor\u00e7ou.\u00a0<\/p>\n<p>O Corpo de Bombeiros montou 92 postos na orla litor\u00e2nea, e conta tamb\u00e9m com guarda-vidas atuando nas praias de \u00e1gua doce do Paran\u00e1. \u201cEstamos com aproximadamente 700 profissionais e, tamb\u00e9m, com uma aeronave exclusiva para atender afogamentos e dar suporte pr\u00e9-hospitalar aos acidentes de tr\u00e2nsito\u201d, explicou o comandante-geral do Corpo de Bombeiros, coronel Manoel Vasco.\u00a0<\/p>\n<p>A Orla de Matinhos, que j\u00e1 conta com uma faixa de areia maior ap\u00f3s o projeto de engorda da praia, recebeu do governo do Estado um investimento de R$ 314,9 milh\u00f5es. O projeto busca minimizar os impactos causados pelas cheias e mar\u00e9 alta na regi\u00e3o.<\/p>\n","protected":false},"excerpt":{"rendered":"<p>Foi lan\u00e7ado no s\u00e1bado (17), na Praia de Caiob\u00e1, em Matinhos, o Ver\u00e3o Maior Paran\u00e1, que refor\u00e7a a estrutura e a seguran\u00e7a p\u00fablica do Litoral e do Interior para a temporada. O governo do Estado investe R$ 80 milh\u00f5es na opera\u00e7\u00e3o, que conta, ainda, com estruturas de lazer, limpeza das praias, melhoria no atendimento de [&hellip;]<\/p>\n","protected":false},"author":0,"featured_media":22177,"comment_status":"open","ping_status":"","sticky":false,"template":"","format":"standard","meta":{"footnotes":""},"categories":[4],"tags":[],"class_list":["post-22176","post","type-post","status-publish","format-standard","has-post-thumbnail","hentry","category-noticias-empreendedorismo"],"blocksy_meta":{"styles_descriptor":{"styles":{"desktop":"","tablet":"","mobile":""},"google_fonts":[],"version":6}},"yoast_head":"<!-- This site is optimized with the Yoast SEO plugin v27.5 - https:\/\/yoast.com\/product\/yoast-seo-wordpress\/ -->\n<title>Ver\u00e3o Maior Paran\u00e1 refor\u00e7a infraestrutura das praias na temporada - Contabilidade Caxias<\/title>\n<meta name=\"robots\" content=\"index, follow, max-snippet:-1, max-image-preview:large, max-video-preview:-1\" \/>\n<link rel=\"canonical\" href=\"https:\/\/contabilidadecaxias.com.br\/index.php\/2022\/12\/19\/verao-maior-parana-reforca-infraestrutura-das-praias-na-temporada\/\" \/>\n<meta property=\"og:locale\" content=\"pt_BR\" \/>\n<meta property=\"og:type\" content=\"article\" \/>\n<meta property=\"og:title\" content=\"Ver\u00e3o Maior Paran\u00e1 refor\u00e7a infraestrutura das praias na temporada - Contabilidade Caxias\" \/>\n<meta property=\"og:description\" content=\"Foi lan\u00e7ado no s\u00e1bado (17), na Praia de Caiob\u00e1, em Matinhos, o Ver\u00e3o Maior Paran\u00e1, que refor\u00e7a a estrutura e a seguran\u00e7a p\u00fablica do Litoral e do Interior para a temporada. O governo do Estado investe R$ 80 milh\u00f5es na opera\u00e7\u00e3o, que conta, ainda, com estruturas de lazer, limpeza das praias, melhoria no atendimento de [&hellip;]\" \/>\n<meta property=\"og:url\" content=\"https:\/\/contabilidadecaxias.com.br\/index.php\/2022\/12\/19\/verao-maior-parana-reforca-infraestrutura-das-praias-na-temporada\/\" \/>\n<meta property=\"og:site_name\" content=\"Contabilidade Caxias\" \/>\n<meta property=\"article:published_time\" content=\"2022-12-19T03:22:19+00:00\" \/>\n<meta name=\"twitter:card\" content=\"summary_large_image\" \/>\n<meta name=\"twitter:label1\" content=\"Est. tempo de leitura\" \/>\n\t<meta name=\"twitter:data1\" content=\"3 minutos\" \/>\n<script type=\"application\/ld+json\" class=\"yoast-schema-graph\">{\"@context\":\"https:\\\/\\\/schema.org\",\"@graph\":[{\"@type\":\"Article\",\"@id\":\"https:\\\/\\\/contabilidadecaxias.com.br\\\/index.php\\\/2022\\\/12\\\/19\\\/verao-maior-parana-reforca-infraestrutura-das-praias-na-temporada\\\/#article\",\"isPartOf\":{\"@id\":\"https:\\\/\\\/contabilidadecaxias.com.br\\\/index.php\\\/2022\\\/12\\\/19\\\/verao-maior-parana-reforca-infraestrutura-das-praias-na-temporada\\\/\"},\"author\":{\"name\":\"\",\"@id\":\"\"},\"headline\":\"Ver\u00e3o Maior Paran\u00e1 refor\u00e7a infraestrutura das praias na temporada\",\"datePublished\":\"2022-12-19T03:22:19+00:00\",\"mainEntityOfPage\":{\"@id\":\"https:\\\/\\\/contabilidadecaxias.com.br\\\/index.php\\\/2022\\\/12\\\/19\\\/verao-maior-parana-reforca-infraestrutura-das-praias-na-temporada\\\/\"},\"wordCount\":562,\"commentCount\":0,\"image\":{\"@id\":\"https:\\\/\\\/contabilidadecaxias.com.br\\\/index.php\\\/2022\\\/12\\\/19\\\/verao-maior-parana-reforca-infraestrutura-das-praias-na-temporada\\\/#primaryimage\"},\"thumbnailUrl\":\"https:\\\/\\\/contabilidadecaxias.com.br\\\/wp-content\\\/uploads\\\/2022\\\/12\\\/Verao-Maior-Parana-reforca-infraestrutura-das-prai0322639500202212181846-nEoSNk.jpeg\",\"articleSection\":[\"Empreendedorismo\"],\"inLanguage\":\"pt-BR\",\"potentialAction\":[{\"@type\":\"CommentAction\",\"name\":\"Comment\",\"target\":[\"https:\\\/\\\/contabilidadecaxias.com.br\\\/index.php\\\/2022\\\/12\\\/19\\\/verao-maior-parana-reforca-infraestrutura-das-praias-na-temporada\\\/#respond\"]}]},{\"@type\":\"WebPage\",\"@id\":\"https:\\\/\\\/contabilidadecaxias.com.br\\\/index.php\\\/2022\\\/12\\\/19\\\/verao-maior-parana-reforca-infraestrutura-das-praias-na-temporada\\\/\",\"url\":\"https:\\\/\\\/contabilidadecaxias.com.br\\\/index.php\\\/2022\\\/12\\\/19\\\/verao-maior-parana-reforca-infraestrutura-das-praias-na-temporada\\\/\",\"name\":\"Ver\u00e3o Maior Paran\u00e1 refor\u00e7a infraestrutura das praias na temporada - Contabilidade Caxias\",\"isPartOf\":{\"@id\":\"https:\\\/\\\/contabilidadecaxias.com.br\\\/#website\"},\"primaryImageOfPage\":{\"@id\":\"https:\\\/\\\/contabilidadecaxias.com.br\\\/index.php\\\/2022\\\/12\\\/19\\\/verao-maior-parana-reforca-infraestrutura-das-praias-na-temporada\\\/#primaryimage\"},\"image\":{\"@id\":\"https:\\\/\\\/contabilidadecaxias.com.br\\\/index.php\\\/2022\\\/12\\\/19\\\/verao-maior-parana-reforca-infraestrutura-das-praias-na-temporada\\\/#primaryimage\"},\"thumbnailUrl\":\"https:\\\/\\\/contabilidadecaxias.com.br\\\/wp-content\\\/uploads\\\/2022\\\/12\\\/Verao-Maior-Parana-reforca-infraestrutura-das-prai0322639500202212181846-nEoSNk.jpeg\",\"datePublished\":\"2022-12-19T03:22:19+00:00\",\"author\":{\"@id\":\"\"},\"breadcrumb\":{\"@id\":\"https:\\\/\\\/contabilidadecaxias.com.br\\\/index.php\\\/2022\\\/12\\\/19\\\/verao-maior-parana-reforca-infraestrutura-das-praias-na-temporada\\\/#breadcrumb\"},\"inLanguage\":\"pt-BR\",\"potentialAction\":[{\"@type\":\"ReadAction\",\"target\":[\"https:\\\/\\\/contabilidadecaxias.com.br\\\/index.php\\\/2022\\\/12\\\/19\\\/verao-maior-parana-reforca-infraestrutura-das-praias-na-temporada\\\/\"]}]},{\"@type\":\"ImageObject\",\"inLanguage\":\"pt-BR\",\"@id\":\"https:\\\/\\\/contabilidadecaxias.com.br\\\/index.php\\\/2022\\\/12\\\/19\\\/verao-maior-parana-reforca-infraestrutura-das-praias-na-temporada\\\/#primaryimage\",\"url\":\"https:\\\/\\\/contabilidadecaxias.com.br\\\/wp-content\\\/uploads\\\/2022\\\/12\\\/Verao-Maior-Parana-reforca-infraestrutura-das-prai0322639500202212181846-nEoSNk.jpeg\",\"contentUrl\":\"https:\\\/\\\/contabilidadecaxias.com.br\\\/wp-content\\\/uploads\\\/2022\\\/12\\\/Verao-Maior-Parana-reforca-infraestrutura-das-prai0322639500202212181846-nEoSNk.jpeg\",\"width\":945,\"height\":630},{\"@type\":\"BreadcrumbList\",\"@id\":\"https:\\\/\\\/contabilidadecaxias.com.br\\\/index.php\\\/2022\\\/12\\\/19\\\/verao-maior-parana-reforca-infraestrutura-das-praias-na-temporada\\\/#breadcrumb\",\"itemListElement\":[{\"@type\":\"ListItem\",\"position\":1,\"name\":\"In\u00edcio\",\"item\":\"https:\\\/\\\/contabilidadecaxias.com.br\\\/\"},{\"@type\":\"ListItem\",\"position\":2,\"name\":\"Ver\u00e3o Maior Paran\u00e1 refor\u00e7a infraestrutura das praias na temporada\"}]},{\"@type\":\"WebSite\",\"@id\":\"https:\\\/\\\/contabilidadecaxias.com.br\\\/#website\",\"url\":\"https:\\\/\\\/contabilidadecaxias.com.br\\\/\",\"name\":\"Contabilidade Caxias\",\"description\":\"Site especializado em Contabilidade para Caxias.\",\"potentialAction\":[{\"@type\":\"SearchAction\",\"target\":{\"@type\":\"EntryPoint\",\"urlTemplate\":\"https:\\\/\\\/contabilidadecaxias.com.br\\\/?s={search_term_string}\"},\"query-input\":{\"@type\":\"PropertyValueSpecification\",\"valueRequired\":true,\"valueName\":\"search_term_string\"}}],\"inLanguage\":\"pt-BR\"}]}<\/script>\n<!-- \/ Yoast SEO plugin. -->","yoast_head_json":{"title":"Ver\u00e3o Maior Paran\u00e1 refor\u00e7a infraestrutura das praias na temporada - Contabilidade Caxias","robots":{"index":"index","follow":"follow","max-snippet":"max-snippet:-1","max-image-preview":"max-image-preview:large","max-video-preview":"max-video-preview:-1"},"canonical":"https:\/\/contabilidadecaxias.com.br\/index.php\/2022\/12\/19\/verao-maior-parana-reforca-infraestrutura-das-praias-na-temporada\/","og_locale":"pt_BR","og_type":"article","og_title":"Ver\u00e3o Maior Paran\u00e1 refor\u00e7a infraestrutura das praias na temporada - Contabilidade Caxias","og_description":"Foi lan\u00e7ado no s\u00e1bado (17), na Praia de Caiob\u00e1, em Matinhos, o Ver\u00e3o Maior Paran\u00e1, que refor\u00e7a a estrutura e a seguran\u00e7a p\u00fablica do Litoral e do Interior para a temporada. O governo do Estado investe R$ 80 milh\u00f5es na opera\u00e7\u00e3o, que conta, ainda, com estruturas de lazer, limpeza das praias, melhoria no atendimento de [&hellip;]","og_url":"https:\/\/contabilidadecaxias.com.br\/index.php\/2022\/12\/19\/verao-maior-parana-reforca-infraestrutura-das-praias-na-temporada\/","og_site_name":"Contabilidade Caxias","article_published_time":"2022-12-19T03:22:19+00:00","twitter_card":"summary_large_image","twitter_misc":{"Est. tempo de leitura":"3 minutos"},"schema":{"@context":"https:\/\/schema.org","@graph":[{"@type":"Article","@id":"https:\/\/contabilidadecaxias.com.br\/index.php\/2022\/12\/19\/verao-maior-parana-reforca-infraestrutura-das-praias-na-temporada\/#article","isPartOf":{"@id":"https:\/\/contabilidadecaxias.com.br\/index.php\/2022\/12\/19\/verao-maior-parana-reforca-infraestrutura-das-praias-na-temporada\/"},"author":{"name":"","@id":""},"headline":"Ver\u00e3o Maior Paran\u00e1 refor\u00e7a infraestrutura das praias na temporada","datePublished":"2022-12-19T03:22:19+00:00","mainEntityOfPage":{"@id":"https:\/\/contabilidadecaxias.com.br\/index.php\/2022\/12\/19\/verao-maior-parana-reforca-infraestrutura-das-praias-na-temporada\/"},"wordCount":562,"commentCount":0,"image":{"@id":"https:\/\/contabilidadecaxias.com.br\/index.php\/2022\/12\/19\/verao-maior-parana-reforca-infraestrutura-das-praias-na-temporada\/#primaryimage"},"thumbnailUrl":"https:\/\/contabilidadecaxias.com.br\/wp-content\/uploads\/2022\/12\/Verao-Maior-Parana-reforca-infraestrutura-das-prai0322639500202212181846-nEoSNk.jpeg","articleSection":["Empreendedorismo"],"inLanguage":"pt-BR","potentialAction":[{"@type":"CommentAction","name":"Comment","target":["https:\/\/contabilidadecaxias.com.br\/index.php\/2022\/12\/19\/verao-maior-parana-reforca-infraestrutura-das-praias-na-temporada\/#respond"]}]},{"@type":"WebPage","@id":"https:\/\/contabilidadecaxias.com.br\/index.php\/2022\/12\/19\/verao-maior-parana-reforca-infraestrutura-das-praias-na-temporada\/","url":"https:\/\/contabilidadecaxias.com.br\/index.php\/2022\/12\/19\/verao-maior-parana-reforca-infraestrutura-das-praias-na-temporada\/","name":"Ver\u00e3o Maior Paran\u00e1 refor\u00e7a infraestrutura das praias na temporada - Contabilidade Caxias","isPartOf":{"@id":"https:\/\/contabilidadecaxias.com.br\/#website"},"primaryImageOfPage":{"@id":"https:\/\/contabilidadecaxias.com.br\/index.php\/2022\/12\/19\/verao-maior-parana-reforca-infraestrutura-das-praias-na-temporada\/#primaryimage"},"image":{"@id":"https:\/\/contabilidadecaxias.com.br\/index.php\/2022\/12\/19\/verao-maior-parana-reforca-infraestrutura-das-praias-na-temporada\/#primaryimage"},"thumbnailUrl":"https:\/\/contabilidadecaxias.com.br\/wp-content\/uploads\/2022\/12\/Verao-Maior-Parana-reforca-infraestrutura-das-prai0322639500202212181846-nEoSNk.jpeg","datePublished":"2022-12-19T03:22:19+00:00","author":{"@id":""},"breadcrumb":{"@id":"https:\/\/contabilidadecaxias.com.br\/index.php\/2022\/12\/19\/verao-maior-parana-reforca-infraestrutura-das-praias-na-temporada\/#breadcrumb"},"inLanguage":"pt-BR","potentialAction":[{"@type":"ReadAction","target":["https:\/\/contabilidadecaxias.com.br\/index.php\/2022\/12\/19\/verao-maior-parana-reforca-infraestrutura-das-praias-na-temporada\/"]}]},{"@type":"ImageObject","inLanguage":"pt-BR","@id":"https:\/\/contabilidadecaxias.com.br\/index.php\/2022\/12\/19\/verao-maior-parana-reforca-infraestrutura-das-praias-na-temporada\/#primaryimage","url":"https:\/\/contabilidadecaxias.com.br\/wp-content\/uploads\/2022\/12\/Verao-Maior-Parana-reforca-infraestrutura-das-prai0322639500202212181846-nEoSNk.jpeg","contentUrl":"https:\/\/contabilidadecaxias.com.br\/wp-content\/uploads\/2022\/12\/Verao-Maior-Parana-reforca-infraestrutura-das-prai0322639500202212181846-nEoSNk.jpeg","width":945,"height":630},{"@type":"BreadcrumbList","@id":"https:\/\/contabilidadecaxias.com.br\/index.php\/2022\/12\/19\/verao-maior-parana-reforca-infraestrutura-das-praias-na-temporada\/#breadcrumb","itemListElement":[{"@type":"ListItem","position":1,"name":"In\u00edcio","item":"https:\/\/contabilidadecaxias.com.br\/"},{"@type":"ListItem","position":2,"name":"Ver\u00e3o Maior Paran\u00e1 refor\u00e7a infraestrutura das praias na temporada"}]},{"@type":"WebSite","@id":"https:\/\/contabilidadecaxias.com.br\/#website","url":"https:\/\/contabilidadecaxias.com.br\/","name":"Contabilidade Caxias","description":"Site especializado em Contabilidade para Caxias.","potentialAction":[{"@type":"SearchAction","target":{"@type":"EntryPoint","urlTemplate":"https:\/\/contabilidadecaxias.com.br\/?s={search_term_string}"},"query-input":{"@type":"PropertyValueSpecification","valueRequired":true,"valueName":"search_term_string"}}],"inLanguage":"pt-BR"}]}},"_links":{"self":[{"href":"https:\/\/contabilidadecaxias.com.br\/index.php\/wp-json\/wp\/v2\/posts\/22176","targetHints":{"allow":["GET"]}}],"collection":[{"href":"https:\/\/contabilidadecaxias.com.br\/index.php\/wp-json\/wp\/v2\/posts"}],"about":[{"href":"https:\/\/contabilidadecaxias.com.br\/index.php\/wp-json\/wp\/v2\/types\/post"}],"replies":[{"embeddable":true,"href":"https:\/\/contabilidadecaxias.com.br\/index.php\/wp-json\/wp\/v2\/comments?post=22176"}],"version-history":[{"count":0,"href":"https:\/\/contabilidadecaxias.com.br\/index.php\/wp-json\/wp\/v2\/posts\/22176\/revisions"}],"wp:featuredmedia":[{"embeddable":true,"href":"https:\/\/contabilidadecaxias.com.br\/index.php\/wp-json\/wp\/v2\/media\/22177"}],"wp:attachment":[{"href":"https:\/\/contabilidadecaxias.com.br\/index.php\/wp-json\/wp\/v2\/media?parent=22176"}],"wp:term":[{"taxonomy":"category","embeddable":true,"href":"https:\/\/contabilidadecaxias.com.br\/index.php\/wp-json\/wp\/v2\/categories?post=22176"},{"taxonomy":"post_tag","embeddable":true,"href":"https:\/\/contabilidadecaxias.com.br\/index.php\/wp-json\/wp\/v2\/tags?post=22176"}],"curies":[{"name":"wp","href":"https:\/\/api.w.org\/{rel}","templated":true}]}}