{"id":22167,"date":"2022-12-18T20:14:48","date_gmt":"2022-12-18T23:14:48","guid":{"rendered":"https:\/\/contabilidadecaxias.com.br\/index.php\/2022\/12\/18\/sergio-cabral-vai-cumprir-prisao-domiciliar-em-apartamento-da-familia-em-copacabana\/"},"modified":"2022-12-18T20:14:48","modified_gmt":"2022-12-18T23:14:48","slug":"sergio-cabral-vai-cumprir-prisao-domiciliar-em-apartamento-da-familia-em-copacabana","status":"publish","type":"post","link":"https:\/\/contabilidadecaxias.com.br\/index.php\/2022\/12\/18\/sergio-cabral-vai-cumprir-prisao-domiciliar-em-apartamento-da-familia-em-copacabana\/","title":{"rendered":"S\u00e9rgio Cabral vai cumprir pris\u00e3o domiciliar em apartamento da fam\u00edlia em Copacabana"},"content":{"rendered":"<p>Rio de Janeiro &#8211; O ex-governador do Rio Sergio Cabral vai cumprir pris\u00e3o domiciliar em um apartamento da fam\u00edlia em Copacabana, na zona sul do Rio de Janeiro. A expectativa, por\u00e9m, \u00e9 que ele n\u00e3o deixe o pres\u00eddio antes de segunda-feira (19).<\/p>\n<p>Preso preventivamente h\u00e1 seis anos em raz\u00e3o das investiga\u00e7\u00f5es da Opera\u00e7\u00e3o Lava Jato, Cabral ser\u00e1 solto por decis\u00e3o do STF (Supremo Tribunal Federal), que considerou em vota\u00e7\u00e3o nesta sexta (16) haver excesso de prazo na pris\u00e3o preventiva do ex-governador.<\/p>\n<p>Respons\u00e1vel pela defesa do ex-governador, o advogado Daniel Bialski, diz, por\u00e9m, que tr\u00e2mites burocr\u00e1ticos devem retardar a soltura do seu cliente. O STF precisa emitir of\u00edcio para a Justi\u00e7a do Paran\u00e1, que depois pedir\u00e1 a libera\u00e7\u00e3o \u00e0 Justi\u00e7a do Rio.<\/p>\n<p>Bialski disse que Cabral ficar\u00e1 no apartamento da fam\u00edlia em Copacabana, como determina a pris\u00e3o domiciliar &#8211; que s\u00f3 permite sa\u00eddas para tratamento m\u00e9dico, mas mesmo assim com autoriza\u00e7\u00e3o da Justi\u00e7a.<\/p>\n<p>Ele afirmou que n\u00e3o h\u00e1 restri\u00e7\u00f5es sobre visitas ou contatos telef\u00f4nicos, mas que vai recomendar ao ex-governador que n\u00e3o interaja com outros investigados da Opera\u00e7\u00e3o Lava Jato, para evitar revers\u00e3o da pris\u00e3o domiciliar.<\/p>\n<p>&#8220;O que ele mais quer \u00e9 permanecer em casa longe do constrangimento de ter que ficar no pres\u00eddio e matar a saudade da fam\u00edlia. Isso \u00e9 o mais importante&#8221;, afirmou.<\/p>\n<p>Os magistrados do STF decidiram derrubar mandado de pris\u00e3o expedido pelo ex-juiz Sergio Moro em novembro de 2016, quando Cabral foi preso na Opera\u00e7\u00e3o Calicute. Este era o \u00faltimo ainda em vigor dos cinco que j\u00e1 pesaram contra o ex-governador ao longo desses seis anos.<\/p>\n<p>&#8220;Em um Estado democr\u00e1tico de Direito, nenhum cidad\u00e3o brasileiro, por mais graves que sejam as acusa\u00e7\u00f5es que pesam em seu desfavor, pode permanecer indefinidamente submetido a medidas processuais penais extremas, como a pris\u00e3o cautelar&#8221;, escreveu em seu voto o ministro Gilmar Mendes.<\/p>\n<p>Nesses seis anos de pris\u00e3o, Cabral chegou a acumular cinco mandados de pris\u00e3o, 37 a\u00e7\u00f5es penais (sendo duas sem rela\u00e7\u00e3o com a Lava Jato) e 24 condena\u00e7\u00f5es a penas que, somadas, ultrapassaram 400 anos de pris\u00e3o.<\/p>\n<p>Pela lei, uma pessoa s\u00f3 pode ficar at\u00e9 30 anos presa, mas o somat\u00f3rio das penas impacta no c\u00e1lculo para mudan\u00e7a de regime fechado para semiaberto ou aberto durante o cumprimento das senten\u00e7as.<\/p>\n","protected":false},"excerpt":{"rendered":"<p>Rio de Janeiro &#8211; O ex-governador do Rio Sergio Cabral vai cumprir pris\u00e3o domiciliar em um apartamento da fam\u00edlia em Copacabana, na zona sul do Rio de Janeiro. A expectativa, por\u00e9m, \u00e9 que ele n\u00e3o deixe o pres\u00eddio antes de segunda-feira (19). Preso preventivamente h\u00e1 seis anos em raz\u00e3o das investiga\u00e7\u00f5es da Opera\u00e7\u00e3o Lava Jato, [&hellip;]<\/p>\n","protected":false},"author":0,"featured_media":0,"comment_status":"open","ping_status":"","sticky":false,"template":"","format":"standard","meta":{"footnotes":""},"categories":[4],"tags":[],"class_list":["post-22167","post","type-post","status-publish","format-standard","hentry","category-noticias-empreendedorismo"],"blocksy_meta":{"styles_descriptor":{"styles":{"desktop":"","tablet":"","mobile":""},"google_fonts":[],"version":6}},"yoast_head":"<!-- This site is optimized with the Yoast SEO plugin v27.5 - https:\/\/yoast.com\/product\/yoast-seo-wordpress\/ -->\n<title>S\u00e9rgio Cabral vai cumprir pris\u00e3o domiciliar em apartamento da fam\u00edlia em Copacabana - Contabilidade Caxias<\/title>\n<meta name=\"robots\" content=\"index, follow, max-snippet:-1, max-image-preview:large, max-video-preview:-1\" \/>\n<link rel=\"canonical\" href=\"https:\/\/contabilidadecaxias.com.br\/index.php\/2022\/12\/18\/sergio-cabral-vai-cumprir-prisao-domiciliar-em-apartamento-da-familia-em-copacabana\/\" \/>\n<meta property=\"og:locale\" content=\"pt_BR\" \/>\n<meta property=\"og:type\" content=\"article\" \/>\n<meta property=\"og:title\" content=\"S\u00e9rgio Cabral vai cumprir pris\u00e3o domiciliar em apartamento da fam\u00edlia em Copacabana - Contabilidade Caxias\" \/>\n<meta property=\"og:description\" content=\"Rio de Janeiro &#8211; O ex-governador do Rio Sergio Cabral vai cumprir pris\u00e3o domiciliar em um apartamento da fam\u00edlia em Copacabana, na zona sul do Rio de Janeiro. A expectativa, por\u00e9m, \u00e9 que ele n\u00e3o deixe o pres\u00eddio antes de segunda-feira (19). Preso preventivamente h\u00e1 seis anos em raz\u00e3o das investiga\u00e7\u00f5es da Opera\u00e7\u00e3o Lava Jato, [&hellip;]\" \/>\n<meta property=\"og:url\" content=\"https:\/\/contabilidadecaxias.com.br\/index.php\/2022\/12\/18\/sergio-cabral-vai-cumprir-prisao-domiciliar-em-apartamento-da-familia-em-copacabana\/\" \/>\n<meta property=\"og:site_name\" content=\"Contabilidade Caxias\" \/>\n<meta property=\"article:published_time\" content=\"2022-12-18T23:14:48+00:00\" \/>\n<meta name=\"twitter:card\" content=\"summary_large_image\" \/>\n<meta name=\"twitter:label1\" content=\"Est. tempo de leitura\" \/>\n\t<meta name=\"twitter:data1\" content=\"2 minutos\" \/>\n<script type=\"application\/ld+json\" class=\"yoast-schema-graph\">{\"@context\":\"https:\\\/\\\/schema.org\",\"@graph\":[{\"@type\":\"Article\",\"@id\":\"https:\\\/\\\/contabilidadecaxias.com.br\\\/index.php\\\/2022\\\/12\\\/18\\\/sergio-cabral-vai-cumprir-prisao-domiciliar-em-apartamento-da-familia-em-copacabana\\\/#article\",\"isPartOf\":{\"@id\":\"https:\\\/\\\/contabilidadecaxias.com.br\\\/index.php\\\/2022\\\/12\\\/18\\\/sergio-cabral-vai-cumprir-prisao-domiciliar-em-apartamento-da-familia-em-copacabana\\\/\"},\"author\":{\"name\":\"\",\"@id\":\"\"},\"headline\":\"S\u00e9rgio Cabral vai cumprir pris\u00e3o domiciliar em apartamento da fam\u00edlia em Copacabana\",\"datePublished\":\"2022-12-18T23:14:48+00:00\",\"mainEntityOfPage\":{\"@id\":\"https:\\\/\\\/contabilidadecaxias.com.br\\\/index.php\\\/2022\\\/12\\\/18\\\/sergio-cabral-vai-cumprir-prisao-domiciliar-em-apartamento-da-familia-em-copacabana\\\/\"},\"wordCount\":425,\"commentCount\":0,\"articleSection\":[\"Empreendedorismo\"],\"inLanguage\":\"pt-BR\",\"potentialAction\":[{\"@type\":\"CommentAction\",\"name\":\"Comment\",\"target\":[\"https:\\\/\\\/contabilidadecaxias.com.br\\\/index.php\\\/2022\\\/12\\\/18\\\/sergio-cabral-vai-cumprir-prisao-domiciliar-em-apartamento-da-familia-em-copacabana\\\/#respond\"]}]},{\"@type\":\"WebPage\",\"@id\":\"https:\\\/\\\/contabilidadecaxias.com.br\\\/index.php\\\/2022\\\/12\\\/18\\\/sergio-cabral-vai-cumprir-prisao-domiciliar-em-apartamento-da-familia-em-copacabana\\\/\",\"url\":\"https:\\\/\\\/contabilidadecaxias.com.br\\\/index.php\\\/2022\\\/12\\\/18\\\/sergio-cabral-vai-cumprir-prisao-domiciliar-em-apartamento-da-familia-em-copacabana\\\/\",\"name\":\"S\u00e9rgio Cabral vai cumprir pris\u00e3o domiciliar em apartamento da fam\u00edlia em Copacabana - Contabilidade Caxias\",\"isPartOf\":{\"@id\":\"https:\\\/\\\/contabilidadecaxias.com.br\\\/#website\"},\"datePublished\":\"2022-12-18T23:14:48+00:00\",\"author\":{\"@id\":\"\"},\"breadcrumb\":{\"@id\":\"https:\\\/\\\/contabilidadecaxias.com.br\\\/index.php\\\/2022\\\/12\\\/18\\\/sergio-cabral-vai-cumprir-prisao-domiciliar-em-apartamento-da-familia-em-copacabana\\\/#breadcrumb\"},\"inLanguage\":\"pt-BR\",\"potentialAction\":[{\"@type\":\"ReadAction\",\"target\":[\"https:\\\/\\\/contabilidadecaxias.com.br\\\/index.php\\\/2022\\\/12\\\/18\\\/sergio-cabral-vai-cumprir-prisao-domiciliar-em-apartamento-da-familia-em-copacabana\\\/\"]}]},{\"@type\":\"BreadcrumbList\",\"@id\":\"https:\\\/\\\/contabilidadecaxias.com.br\\\/index.php\\\/2022\\\/12\\\/18\\\/sergio-cabral-vai-cumprir-prisao-domiciliar-em-apartamento-da-familia-em-copacabana\\\/#breadcrumb\",\"itemListElement\":[{\"@type\":\"ListItem\",\"position\":1,\"name\":\"In\u00edcio\",\"item\":\"https:\\\/\\\/contabilidadecaxias.com.br\\\/\"},{\"@type\":\"ListItem\",\"position\":2,\"name\":\"S\u00e9rgio Cabral vai cumprir pris\u00e3o domiciliar em apartamento da fam\u00edlia em Copacabana\"}]},{\"@type\":\"WebSite\",\"@id\":\"https:\\\/\\\/contabilidadecaxias.com.br\\\/#website\",\"url\":\"https:\\\/\\\/contabilidadecaxias.com.br\\\/\",\"name\":\"Contabilidade Caxias\",\"description\":\"Site especializado em Contabilidade para Caxias.\",\"potentialAction\":[{\"@type\":\"SearchAction\",\"target\":{\"@type\":\"EntryPoint\",\"urlTemplate\":\"https:\\\/\\\/contabilidadecaxias.com.br\\\/?s={search_term_string}\"},\"query-input\":{\"@type\":\"PropertyValueSpecification\",\"valueRequired\":true,\"valueName\":\"search_term_string\"}}],\"inLanguage\":\"pt-BR\"}]}<\/script>\n<!-- \/ Yoast SEO plugin. -->","yoast_head_json":{"title":"S\u00e9rgio Cabral vai cumprir pris\u00e3o domiciliar em apartamento da fam\u00edlia em Copacabana - Contabilidade Caxias","robots":{"index":"index","follow":"follow","max-snippet":"max-snippet:-1","max-image-preview":"max-image-preview:large","max-video-preview":"max-video-preview:-1"},"canonical":"https:\/\/contabilidadecaxias.com.br\/index.php\/2022\/12\/18\/sergio-cabral-vai-cumprir-prisao-domiciliar-em-apartamento-da-familia-em-copacabana\/","og_locale":"pt_BR","og_type":"article","og_title":"S\u00e9rgio Cabral vai cumprir pris\u00e3o domiciliar em apartamento da fam\u00edlia em Copacabana - Contabilidade Caxias","og_description":"Rio de Janeiro &#8211; O ex-governador do Rio Sergio Cabral vai cumprir pris\u00e3o domiciliar em um apartamento da fam\u00edlia em Copacabana, na zona sul do Rio de Janeiro. A expectativa, por\u00e9m, \u00e9 que ele n\u00e3o deixe o pres\u00eddio antes de segunda-feira (19). Preso preventivamente h\u00e1 seis anos em raz\u00e3o das investiga\u00e7\u00f5es da Opera\u00e7\u00e3o Lava Jato, [&hellip;]","og_url":"https:\/\/contabilidadecaxias.com.br\/index.php\/2022\/12\/18\/sergio-cabral-vai-cumprir-prisao-domiciliar-em-apartamento-da-familia-em-copacabana\/","og_site_name":"Contabilidade Caxias","article_published_time":"2022-12-18T23:14:48+00:00","twitter_card":"summary_large_image","twitter_misc":{"Est. tempo de leitura":"2 minutos"},"schema":{"@context":"https:\/\/schema.org","@graph":[{"@type":"Article","@id":"https:\/\/contabilidadecaxias.com.br\/index.php\/2022\/12\/18\/sergio-cabral-vai-cumprir-prisao-domiciliar-em-apartamento-da-familia-em-copacabana\/#article","isPartOf":{"@id":"https:\/\/contabilidadecaxias.com.br\/index.php\/2022\/12\/18\/sergio-cabral-vai-cumprir-prisao-domiciliar-em-apartamento-da-familia-em-copacabana\/"},"author":{"name":"","@id":""},"headline":"S\u00e9rgio Cabral vai cumprir pris\u00e3o domiciliar em apartamento da fam\u00edlia em Copacabana","datePublished":"2022-12-18T23:14:48+00:00","mainEntityOfPage":{"@id":"https:\/\/contabilidadecaxias.com.br\/index.php\/2022\/12\/18\/sergio-cabral-vai-cumprir-prisao-domiciliar-em-apartamento-da-familia-em-copacabana\/"},"wordCount":425,"commentCount":0,"articleSection":["Empreendedorismo"],"inLanguage":"pt-BR","potentialAction":[{"@type":"CommentAction","name":"Comment","target":["https:\/\/contabilidadecaxias.com.br\/index.php\/2022\/12\/18\/sergio-cabral-vai-cumprir-prisao-domiciliar-em-apartamento-da-familia-em-copacabana\/#respond"]}]},{"@type":"WebPage","@id":"https:\/\/contabilidadecaxias.com.br\/index.php\/2022\/12\/18\/sergio-cabral-vai-cumprir-prisao-domiciliar-em-apartamento-da-familia-em-copacabana\/","url":"https:\/\/contabilidadecaxias.com.br\/index.php\/2022\/12\/18\/sergio-cabral-vai-cumprir-prisao-domiciliar-em-apartamento-da-familia-em-copacabana\/","name":"S\u00e9rgio Cabral vai cumprir pris\u00e3o domiciliar em apartamento da fam\u00edlia em Copacabana - Contabilidade Caxias","isPartOf":{"@id":"https:\/\/contabilidadecaxias.com.br\/#website"},"datePublished":"2022-12-18T23:14:48+00:00","author":{"@id":""},"breadcrumb":{"@id":"https:\/\/contabilidadecaxias.com.br\/index.php\/2022\/12\/18\/sergio-cabral-vai-cumprir-prisao-domiciliar-em-apartamento-da-familia-em-copacabana\/#breadcrumb"},"inLanguage":"pt-BR","potentialAction":[{"@type":"ReadAction","target":["https:\/\/contabilidadecaxias.com.br\/index.php\/2022\/12\/18\/sergio-cabral-vai-cumprir-prisao-domiciliar-em-apartamento-da-familia-em-copacabana\/"]}]},{"@type":"BreadcrumbList","@id":"https:\/\/contabilidadecaxias.com.br\/index.php\/2022\/12\/18\/sergio-cabral-vai-cumprir-prisao-domiciliar-em-apartamento-da-familia-em-copacabana\/#breadcrumb","itemListElement":[{"@type":"ListItem","position":1,"name":"In\u00edcio","item":"https:\/\/contabilidadecaxias.com.br\/"},{"@type":"ListItem","position":2,"name":"S\u00e9rgio Cabral vai cumprir pris\u00e3o domiciliar em apartamento da fam\u00edlia em Copacabana"}]},{"@type":"WebSite","@id":"https:\/\/contabilidadecaxias.com.br\/#website","url":"https:\/\/contabilidadecaxias.com.br\/","name":"Contabilidade Caxias","description":"Site especializado em Contabilidade para Caxias.","potentialAction":[{"@type":"SearchAction","target":{"@type":"EntryPoint","urlTemplate":"https:\/\/contabilidadecaxias.com.br\/?s={search_term_string}"},"query-input":{"@type":"PropertyValueSpecification","valueRequired":true,"valueName":"search_term_string"}}],"inLanguage":"pt-BR"}]}},"_links":{"self":[{"href":"https:\/\/contabilidadecaxias.com.br\/index.php\/wp-json\/wp\/v2\/posts\/22167","targetHints":{"allow":["GET"]}}],"collection":[{"href":"https:\/\/contabilidadecaxias.com.br\/index.php\/wp-json\/wp\/v2\/posts"}],"about":[{"href":"https:\/\/contabilidadecaxias.com.br\/index.php\/wp-json\/wp\/v2\/types\/post"}],"replies":[{"embeddable":true,"href":"https:\/\/contabilidadecaxias.com.br\/index.php\/wp-json\/wp\/v2\/comments?post=22167"}],"version-history":[{"count":0,"href":"https:\/\/contabilidadecaxias.com.br\/index.php\/wp-json\/wp\/v2\/posts\/22167\/revisions"}],"wp:attachment":[{"href":"https:\/\/contabilidadecaxias.com.br\/index.php\/wp-json\/wp\/v2\/media?parent=22167"}],"wp:term":[{"taxonomy":"category","embeddable":true,"href":"https:\/\/contabilidadecaxias.com.br\/index.php\/wp-json\/wp\/v2\/categories?post=22167"},{"taxonomy":"post_tag","embeddable":true,"href":"https:\/\/contabilidadecaxias.com.br\/index.php\/wp-json\/wp\/v2\/tags?post=22167"}],"curies":[{"name":"wp","href":"https:\/\/api.w.org\/{rel}","templated":true}]}}