{"id":22151,"date":"2022-12-17T17:02:14","date_gmt":"2022-12-17T20:02:14","guid":{"rendered":"https:\/\/contabilidadecaxias.com.br\/index.php\/2022\/12\/17\/calcadao-de-londrina-tem-movimento-tranquilo-nesta-tarde-de-sabado-17\/"},"modified":"2022-12-17T17:02:14","modified_gmt":"2022-12-17T20:02:14","slug":"calcadao-de-londrina-tem-movimento-tranquilo-nesta-tarde-de-sabado-17","status":"publish","type":"post","link":"https:\/\/contabilidadecaxias.com.br\/index.php\/2022\/12\/17\/calcadao-de-londrina-tem-movimento-tranquilo-nesta-tarde-de-sabado-17\/","title":{"rendered":"Cal\u00e7ad\u00e3o de Londrina tem movimento tranquilo nesta tarde de s\u00e1bado (17)"},"content":{"rendered":"\n<p>| \u00a0Foto: Marcos Roman &#8211; Grupo FolhaFaltando apenas uma semana para o Natal, o com\u00e9rcio de rua na regi\u00e3o central de Londrina registrou uma movimenta\u00e7\u00e3o tranquila no in\u00edcio da tarde deste s\u00e1bado (17). Dentre os produtos mais procurados pelos consumidores que aproveitaram o hor\u00e1rio estendido das lojas pr\u00f3ximas ao Cal\u00e7ad\u00e3o que ficar\u00e3o abertas at\u00e9 \u00e0s 20 horas, est\u00e3o presentes e brinquedos. Apesar do ritmo calmo, a expectativa da Associa\u00e7\u00e3o Comercial e Industrial de Londrina \u00e9 de que seja atingida e at\u00e9 superada a expectativa de aumento de 15,6% nas vendas em rela\u00e7\u00e3o ao mesmo per\u00edodo de 2021.\u00a0<\/p>\n<p>Leia mais:\u00a0<a href=\"https:\/\/www.folhadelondrina.com.br\/politica\/desconto-de-belinati-a-multas-da-pandemia-e-aprovado-por-vereadores-3226364e.html\">Desconto de Belinati a multas da pandemia \u00e9 aprovado por vereadores<\/a><\/p>\n<p>Maria de Lurdes Martins com o filho Gustavo | \u00a0Foto: Marcos Roman &#8211; Grupo Folha\u00a0\u00a0<\/p>\n<p>\u201cAt\u00e9 estranhei o pouco movimento no centro. Achei que estaria tudo lotado. Nem parece que estamos a poucos dias do Natal. Apesar de que para a gente que vem fazer compras \u00e9 at\u00e9 melhor quando as lojas n\u00e3o est\u00e3o muito cheias\u201d, comentou a secretaria comercial Maria de Lurdes Martins enquanto procurava produtos para ela o filho Augusto, de 7 anos. \u201cAproveitei a folga nesta tarde de s\u00e1bado para visitar v\u00e1rias lojas, pois como os pre\u00e7os est\u00e3o muito altos a gente acaba tendo que pesquisar muito mais antes de comprar tudo o que precisa e isso acaba levando mais tempo\u201d afirmou a estagi\u00e1ria de pedagogia Aline Regina da Silva, que saiu em busca de presentes para a fam\u00edlia. \u201cAchei \u00f3timo n\u00e3o estar muito movimentado o centro, pelo menos assim a gente consegue ver as coisas com calma e n\u00e3o precisa enfrentar fila na hora de pagar pelos presentes\u201d, destacou o t\u00e9cnico de inform\u00e1tica Osvaldo Dias de Jesus.\u00a0<\/p>\n<p>Aline Regina da Silva | \u00a0Foto: Marcos Roman &#8211; Grupo Folha\u00a0<\/p>\n<p>Os lojistas ouvidos pela reportagem afirmaram que est\u00e3o com esperan\u00e7a de que as vendas aumentem no decorrer da pr\u00f3xima semana. \u201cA tend\u00eancia \u00e9 melhorar principalmente depois do pagamento da segunda parcela do 13\u00ba sal\u00e1rio no dia 20\u201d, enfatizou Maria Vit\u00f3ria Garcia, gerente da loja de presentes My Love, ao relatar que os itens mais procurados pelos consumidores t\u00eam sido maquiagens e bolsas. J\u00e1 na filial da loja de roupas For Boys, For Girl localizada no Royal Shopping, o n\u00famero de vendedores foi refor\u00e7ado para a dar conta da expectativa de vendas para os \u00faltimos dias que antecedem o Natal. \u201cTradicionalmente, a maioria das pessoas acabam deixando as compras para as \u00faltimas hora. Prevendo isso, fizemos diversas contrata\u00e7\u00f5es de vendedores tempor\u00e1rios e free lancers\u201d, revelou a gerente Ariadne dos Santos. \u201cBrasileiro deixa tudo para a \u00faltima hora mesmo, todo ano \u00e9 assim\u201d, refor\u00e7ou T\u00e2nia Bergsthon, gerente da loja Plastimil onde, segundo ela, os produtos mais vendidos nesse per\u00edodo s\u00e3o pe\u00e7as de decora\u00e7\u00e3o natalina, al\u00e9m de pratos, copos e talheres descart\u00e1veis pois \u201cningu\u00e9m quer saber de lavar lou\u00e7a depois da ceia de Natal&#8221;.\u00a0\u00a0<\/p>\n<p>| \u00a0Foto: Marcos Roman &#8211; Grupo FolhaDe acordo com o diretor comercial da Acil, o fluxo de consumidores no centro da cidade est\u00e1 dentro do esperado para esse per\u00edodo do ano. \u201cAo longo de 2022 estamos com n\u00fameros muito positivos do Caged [Cadastro Geral de Empregados e Desempregados] para Londrina. O \u00edndice de desemprego caiu na cidade. O fato de ter mais londrinenses empregados e as contrata\u00e7\u00f5es tempor\u00e1rias de fim de ano ajudam no aumento de vendas no com\u00e9rcio nos \u00faltimos meses. Acreditamos que poderemos atingir e at\u00e9 superar a expectativa de aumento nas vendas de 15,6% que foi apontada em uma pesquisa realizada pela Acil junto aos comerciantes da cidade\u201d, afirmou ao fazer um convite para o p\u00fablico londrinense.\u00a0<\/p>\n<p>\u201cNeste pen\u00faltimo s\u00e1bado antes do Natal as lojas do com\u00e9rcio de rua de Londrina ficar\u00e3o abertas at\u00e9 \u00e0s 20 horas. Convidamos todas as fam\u00edlias londrinenses a trazerem as crian\u00e7as para prestigiar a decora\u00e7\u00e3o de Natal do centro da cidade e o com\u00e9rcio local. Na Pra\u00e7a da Bandeira (ao lado da Catedral) as crian\u00e7as podem se divertir com Papai Noel, Mam\u00e3e Noel e duendes que ficam na casa constru\u00edda ao lado da \u00e1rvore de Natal. Al\u00e9m disso, disso todo o Cal\u00e7ad\u00e3o est\u00e1 iluminado e a Rua Sergipe tamb\u00e9m proporcionando um passeio divertido para todos que visitam o centro da cidade\u201d, destacou Pamplona.\u00a0<\/p>\n<p>Receba nossas not\u00edcias direto no seu celular, envie, tamb\u00e9m, suas fotos para a se\u00e7\u00e3o &#8216;A cidade fala&#8217;. Adicione o WhatsApp da FOLHA por meio do n\u00famero (43) 99869-0068 ou pelo link wa.me\/message\/6WMTNSJARGMLL1<\/p>\n","protected":false},"excerpt":{"rendered":"<p>| \u00a0Foto: Marcos Roman &#8211; Grupo FolhaFaltando apenas uma semana para o Natal, o com\u00e9rcio de rua na regi\u00e3o central de Londrina registrou uma movimenta\u00e7\u00e3o tranquila no in\u00edcio da tarde deste s\u00e1bado (17). Dentre os produtos mais procurados pelos consumidores que aproveitaram o hor\u00e1rio estendido das lojas pr\u00f3ximas ao Cal\u00e7ad\u00e3o que ficar\u00e3o abertas at\u00e9 \u00e0s [&hellip;]<\/p>\n","protected":false},"author":0,"featured_media":22152,"comment_status":"open","ping_status":"","sticky":false,"template":"","format":"standard","meta":{"footnotes":""},"categories":[4],"tags":[],"class_list":["post-22151","post","type-post","status-publish","format-standard","has-post-thumbnail","hentry","category-noticias-empreendedorismo"],"blocksy_meta":{"styles_descriptor":{"styles":{"desktop":"","tablet":"","mobile":""},"google_fonts":[],"version":6}},"yoast_head":"<!-- This site is optimized with the Yoast SEO plugin v27.5 - https:\/\/yoast.com\/product\/yoast-seo-wordpress\/ -->\n<title>Cal\u00e7ad\u00e3o de Londrina tem movimento tranquilo nesta tarde de s\u00e1bado (17) - Contabilidade Caxias<\/title>\n<meta name=\"robots\" content=\"index, follow, max-snippet:-1, max-image-preview:large, max-video-preview:-1\" \/>\n<link rel=\"canonical\" href=\"https:\/\/contabilidadecaxias.com.br\/index.php\/2022\/12\/17\/calcadao-de-londrina-tem-movimento-tranquilo-nesta-tarde-de-sabado-17\/\" \/>\n<meta property=\"og:locale\" content=\"pt_BR\" \/>\n<meta property=\"og:type\" content=\"article\" \/>\n<meta property=\"og:title\" content=\"Cal\u00e7ad\u00e3o de Londrina tem movimento tranquilo nesta tarde de s\u00e1bado (17) - Contabilidade Caxias\" \/>\n<meta property=\"og:description\" content=\"| \u00a0Foto: Marcos Roman &#8211; Grupo FolhaFaltando apenas uma semana para o Natal, o com\u00e9rcio de rua na regi\u00e3o central de Londrina registrou uma movimenta\u00e7\u00e3o tranquila no in\u00edcio da tarde deste s\u00e1bado (17). Dentre os produtos mais procurados pelos consumidores que aproveitaram o hor\u00e1rio estendido das lojas pr\u00f3ximas ao Cal\u00e7ad\u00e3o que ficar\u00e3o abertas at\u00e9 \u00e0s [&hellip;]\" \/>\n<meta property=\"og:url\" content=\"https:\/\/contabilidadecaxias.com.br\/index.php\/2022\/12\/17\/calcadao-de-londrina-tem-movimento-tranquilo-nesta-tarde-de-sabado-17\/\" \/>\n<meta property=\"og:site_name\" content=\"Contabilidade Caxias\" \/>\n<meta property=\"article:published_time\" content=\"2022-12-17T20:02:14+00:00\" \/>\n<meta name=\"twitter:card\" content=\"summary_large_image\" \/>\n<meta name=\"twitter:label1\" content=\"Est. tempo de leitura\" \/>\n\t<meta name=\"twitter:data1\" content=\"4 minutos\" \/>\n<script type=\"application\/ld+json\" class=\"yoast-schema-graph\">{\"@context\":\"https:\\\/\\\/schema.org\",\"@graph\":[{\"@type\":\"Article\",\"@id\":\"https:\\\/\\\/contabilidadecaxias.com.br\\\/index.php\\\/2022\\\/12\\\/17\\\/calcadao-de-londrina-tem-movimento-tranquilo-nesta-tarde-de-sabado-17\\\/#article\",\"isPartOf\":{\"@id\":\"https:\\\/\\\/contabilidadecaxias.com.br\\\/index.php\\\/2022\\\/12\\\/17\\\/calcadao-de-londrina-tem-movimento-tranquilo-nesta-tarde-de-sabado-17\\\/\"},\"author\":{\"name\":\"\",\"@id\":\"\"},\"headline\":\"Cal\u00e7ad\u00e3o de Londrina tem movimento tranquilo nesta tarde de s\u00e1bado (17)\",\"datePublished\":\"2022-12-17T20:02:14+00:00\",\"mainEntityOfPage\":{\"@id\":\"https:\\\/\\\/contabilidadecaxias.com.br\\\/index.php\\\/2022\\\/12\\\/17\\\/calcadao-de-londrina-tem-movimento-tranquilo-nesta-tarde-de-sabado-17\\\/\"},\"wordCount\":795,\"commentCount\":0,\"image\":{\"@id\":\"https:\\\/\\\/contabilidadecaxias.com.br\\\/index.php\\\/2022\\\/12\\\/17\\\/calcadao-de-londrina-tem-movimento-tranquilo-nesta-tarde-de-sabado-17\\\/#primaryimage\"},\"thumbnailUrl\":\"https:\\\/\\\/contabilidadecaxias.com.br\\\/wp-content\\\/uploads\\\/2022\\\/12\\\/Calcadao-de-Londrina-tem-movimento-tranquilo-nesta0322638400202212171614-MLzSst.jpeg\",\"articleSection\":[\"Empreendedorismo\"],\"inLanguage\":\"pt-BR\",\"potentialAction\":[{\"@type\":\"CommentAction\",\"name\":\"Comment\",\"target\":[\"https:\\\/\\\/contabilidadecaxias.com.br\\\/index.php\\\/2022\\\/12\\\/17\\\/calcadao-de-londrina-tem-movimento-tranquilo-nesta-tarde-de-sabado-17\\\/#respond\"]}]},{\"@type\":\"WebPage\",\"@id\":\"https:\\\/\\\/contabilidadecaxias.com.br\\\/index.php\\\/2022\\\/12\\\/17\\\/calcadao-de-londrina-tem-movimento-tranquilo-nesta-tarde-de-sabado-17\\\/\",\"url\":\"https:\\\/\\\/contabilidadecaxias.com.br\\\/index.php\\\/2022\\\/12\\\/17\\\/calcadao-de-londrina-tem-movimento-tranquilo-nesta-tarde-de-sabado-17\\\/\",\"name\":\"Cal\u00e7ad\u00e3o de Londrina tem movimento tranquilo nesta tarde de s\u00e1bado (17) - Contabilidade Caxias\",\"isPartOf\":{\"@id\":\"https:\\\/\\\/contabilidadecaxias.com.br\\\/#website\"},\"primaryImageOfPage\":{\"@id\":\"https:\\\/\\\/contabilidadecaxias.com.br\\\/index.php\\\/2022\\\/12\\\/17\\\/calcadao-de-londrina-tem-movimento-tranquilo-nesta-tarde-de-sabado-17\\\/#primaryimage\"},\"image\":{\"@id\":\"https:\\\/\\\/contabilidadecaxias.com.br\\\/index.php\\\/2022\\\/12\\\/17\\\/calcadao-de-londrina-tem-movimento-tranquilo-nesta-tarde-de-sabado-17\\\/#primaryimage\"},\"thumbnailUrl\":\"https:\\\/\\\/contabilidadecaxias.com.br\\\/wp-content\\\/uploads\\\/2022\\\/12\\\/Calcadao-de-Londrina-tem-movimento-tranquilo-nesta0322638400202212171614-MLzSst.jpeg\",\"datePublished\":\"2022-12-17T20:02:14+00:00\",\"author\":{\"@id\":\"\"},\"breadcrumb\":{\"@id\":\"https:\\\/\\\/contabilidadecaxias.com.br\\\/index.php\\\/2022\\\/12\\\/17\\\/calcadao-de-londrina-tem-movimento-tranquilo-nesta-tarde-de-sabado-17\\\/#breadcrumb\"},\"inLanguage\":\"pt-BR\",\"potentialAction\":[{\"@type\":\"ReadAction\",\"target\":[\"https:\\\/\\\/contabilidadecaxias.com.br\\\/index.php\\\/2022\\\/12\\\/17\\\/calcadao-de-londrina-tem-movimento-tranquilo-nesta-tarde-de-sabado-17\\\/\"]}]},{\"@type\":\"ImageObject\",\"inLanguage\":\"pt-BR\",\"@id\":\"https:\\\/\\\/contabilidadecaxias.com.br\\\/index.php\\\/2022\\\/12\\\/17\\\/calcadao-de-londrina-tem-movimento-tranquilo-nesta-tarde-de-sabado-17\\\/#primaryimage\",\"url\":\"https:\\\/\\\/contabilidadecaxias.com.br\\\/wp-content\\\/uploads\\\/2022\\\/12\\\/Calcadao-de-Londrina-tem-movimento-tranquilo-nesta0322638400202212171614-MLzSst.jpeg\",\"contentUrl\":\"https:\\\/\\\/contabilidadecaxias.com.br\\\/wp-content\\\/uploads\\\/2022\\\/12\\\/Calcadao-de-Londrina-tem-movimento-tranquilo-nesta0322638400202212171614-MLzSst.jpeg\",\"width\":1200,\"height\":572},{\"@type\":\"BreadcrumbList\",\"@id\":\"https:\\\/\\\/contabilidadecaxias.com.br\\\/index.php\\\/2022\\\/12\\\/17\\\/calcadao-de-londrina-tem-movimento-tranquilo-nesta-tarde-de-sabado-17\\\/#breadcrumb\",\"itemListElement\":[{\"@type\":\"ListItem\",\"position\":1,\"name\":\"In\u00edcio\",\"item\":\"https:\\\/\\\/contabilidadecaxias.com.br\\\/\"},{\"@type\":\"ListItem\",\"position\":2,\"name\":\"Cal\u00e7ad\u00e3o de Londrina tem movimento tranquilo nesta tarde de s\u00e1bado (17)\"}]},{\"@type\":\"WebSite\",\"@id\":\"https:\\\/\\\/contabilidadecaxias.com.br\\\/#website\",\"url\":\"https:\\\/\\\/contabilidadecaxias.com.br\\\/\",\"name\":\"Contabilidade Caxias\",\"description\":\"Site especializado em Contabilidade para Caxias.\",\"potentialAction\":[{\"@type\":\"SearchAction\",\"target\":{\"@type\":\"EntryPoint\",\"urlTemplate\":\"https:\\\/\\\/contabilidadecaxias.com.br\\\/?s={search_term_string}\"},\"query-input\":{\"@type\":\"PropertyValueSpecification\",\"valueRequired\":true,\"valueName\":\"search_term_string\"}}],\"inLanguage\":\"pt-BR\"}]}<\/script>\n<!-- \/ Yoast SEO plugin. -->","yoast_head_json":{"title":"Cal\u00e7ad\u00e3o de Londrina tem movimento tranquilo nesta tarde de s\u00e1bado (17) - Contabilidade Caxias","robots":{"index":"index","follow":"follow","max-snippet":"max-snippet:-1","max-image-preview":"max-image-preview:large","max-video-preview":"max-video-preview:-1"},"canonical":"https:\/\/contabilidadecaxias.com.br\/index.php\/2022\/12\/17\/calcadao-de-londrina-tem-movimento-tranquilo-nesta-tarde-de-sabado-17\/","og_locale":"pt_BR","og_type":"article","og_title":"Cal\u00e7ad\u00e3o de Londrina tem movimento tranquilo nesta tarde de s\u00e1bado (17) - Contabilidade Caxias","og_description":"| \u00a0Foto: Marcos Roman &#8211; Grupo FolhaFaltando apenas uma semana para o Natal, o com\u00e9rcio de rua na regi\u00e3o central de Londrina registrou uma movimenta\u00e7\u00e3o tranquila no in\u00edcio da tarde deste s\u00e1bado (17). Dentre os produtos mais procurados pelos consumidores que aproveitaram o hor\u00e1rio estendido das lojas pr\u00f3ximas ao Cal\u00e7ad\u00e3o que ficar\u00e3o abertas at\u00e9 \u00e0s [&hellip;]","og_url":"https:\/\/contabilidadecaxias.com.br\/index.php\/2022\/12\/17\/calcadao-de-londrina-tem-movimento-tranquilo-nesta-tarde-de-sabado-17\/","og_site_name":"Contabilidade Caxias","article_published_time":"2022-12-17T20:02:14+00:00","twitter_card":"summary_large_image","twitter_misc":{"Est. tempo de leitura":"4 minutos"},"schema":{"@context":"https:\/\/schema.org","@graph":[{"@type":"Article","@id":"https:\/\/contabilidadecaxias.com.br\/index.php\/2022\/12\/17\/calcadao-de-londrina-tem-movimento-tranquilo-nesta-tarde-de-sabado-17\/#article","isPartOf":{"@id":"https:\/\/contabilidadecaxias.com.br\/index.php\/2022\/12\/17\/calcadao-de-londrina-tem-movimento-tranquilo-nesta-tarde-de-sabado-17\/"},"author":{"name":"","@id":""},"headline":"Cal\u00e7ad\u00e3o de Londrina tem movimento tranquilo nesta tarde de s\u00e1bado (17)","datePublished":"2022-12-17T20:02:14+00:00","mainEntityOfPage":{"@id":"https:\/\/contabilidadecaxias.com.br\/index.php\/2022\/12\/17\/calcadao-de-londrina-tem-movimento-tranquilo-nesta-tarde-de-sabado-17\/"},"wordCount":795,"commentCount":0,"image":{"@id":"https:\/\/contabilidadecaxias.com.br\/index.php\/2022\/12\/17\/calcadao-de-londrina-tem-movimento-tranquilo-nesta-tarde-de-sabado-17\/#primaryimage"},"thumbnailUrl":"https:\/\/contabilidadecaxias.com.br\/wp-content\/uploads\/2022\/12\/Calcadao-de-Londrina-tem-movimento-tranquilo-nesta0322638400202212171614-MLzSst.jpeg","articleSection":["Empreendedorismo"],"inLanguage":"pt-BR","potentialAction":[{"@type":"CommentAction","name":"Comment","target":["https:\/\/contabilidadecaxias.com.br\/index.php\/2022\/12\/17\/calcadao-de-londrina-tem-movimento-tranquilo-nesta-tarde-de-sabado-17\/#respond"]}]},{"@type":"WebPage","@id":"https:\/\/contabilidadecaxias.com.br\/index.php\/2022\/12\/17\/calcadao-de-londrina-tem-movimento-tranquilo-nesta-tarde-de-sabado-17\/","url":"https:\/\/contabilidadecaxias.com.br\/index.php\/2022\/12\/17\/calcadao-de-londrina-tem-movimento-tranquilo-nesta-tarde-de-sabado-17\/","name":"Cal\u00e7ad\u00e3o de Londrina tem movimento tranquilo nesta tarde de s\u00e1bado (17) - Contabilidade Caxias","isPartOf":{"@id":"https:\/\/contabilidadecaxias.com.br\/#website"},"primaryImageOfPage":{"@id":"https:\/\/contabilidadecaxias.com.br\/index.php\/2022\/12\/17\/calcadao-de-londrina-tem-movimento-tranquilo-nesta-tarde-de-sabado-17\/#primaryimage"},"image":{"@id":"https:\/\/contabilidadecaxias.com.br\/index.php\/2022\/12\/17\/calcadao-de-londrina-tem-movimento-tranquilo-nesta-tarde-de-sabado-17\/#primaryimage"},"thumbnailUrl":"https:\/\/contabilidadecaxias.com.br\/wp-content\/uploads\/2022\/12\/Calcadao-de-Londrina-tem-movimento-tranquilo-nesta0322638400202212171614-MLzSst.jpeg","datePublished":"2022-12-17T20:02:14+00:00","author":{"@id":""},"breadcrumb":{"@id":"https:\/\/contabilidadecaxias.com.br\/index.php\/2022\/12\/17\/calcadao-de-londrina-tem-movimento-tranquilo-nesta-tarde-de-sabado-17\/#breadcrumb"},"inLanguage":"pt-BR","potentialAction":[{"@type":"ReadAction","target":["https:\/\/contabilidadecaxias.com.br\/index.php\/2022\/12\/17\/calcadao-de-londrina-tem-movimento-tranquilo-nesta-tarde-de-sabado-17\/"]}]},{"@type":"ImageObject","inLanguage":"pt-BR","@id":"https:\/\/contabilidadecaxias.com.br\/index.php\/2022\/12\/17\/calcadao-de-londrina-tem-movimento-tranquilo-nesta-tarde-de-sabado-17\/#primaryimage","url":"https:\/\/contabilidadecaxias.com.br\/wp-content\/uploads\/2022\/12\/Calcadao-de-Londrina-tem-movimento-tranquilo-nesta0322638400202212171614-MLzSst.jpeg","contentUrl":"https:\/\/contabilidadecaxias.com.br\/wp-content\/uploads\/2022\/12\/Calcadao-de-Londrina-tem-movimento-tranquilo-nesta0322638400202212171614-MLzSst.jpeg","width":1200,"height":572},{"@type":"BreadcrumbList","@id":"https:\/\/contabilidadecaxias.com.br\/index.php\/2022\/12\/17\/calcadao-de-londrina-tem-movimento-tranquilo-nesta-tarde-de-sabado-17\/#breadcrumb","itemListElement":[{"@type":"ListItem","position":1,"name":"In\u00edcio","item":"https:\/\/contabilidadecaxias.com.br\/"},{"@type":"ListItem","position":2,"name":"Cal\u00e7ad\u00e3o de Londrina tem movimento tranquilo nesta tarde de s\u00e1bado (17)"}]},{"@type":"WebSite","@id":"https:\/\/contabilidadecaxias.com.br\/#website","url":"https:\/\/contabilidadecaxias.com.br\/","name":"Contabilidade Caxias","description":"Site especializado em Contabilidade para Caxias.","potentialAction":[{"@type":"SearchAction","target":{"@type":"EntryPoint","urlTemplate":"https:\/\/contabilidadecaxias.com.br\/?s={search_term_string}"},"query-input":{"@type":"PropertyValueSpecification","valueRequired":true,"valueName":"search_term_string"}}],"inLanguage":"pt-BR"}]}},"_links":{"self":[{"href":"https:\/\/contabilidadecaxias.com.br\/index.php\/wp-json\/wp\/v2\/posts\/22151","targetHints":{"allow":["GET"]}}],"collection":[{"href":"https:\/\/contabilidadecaxias.com.br\/index.php\/wp-json\/wp\/v2\/posts"}],"about":[{"href":"https:\/\/contabilidadecaxias.com.br\/index.php\/wp-json\/wp\/v2\/types\/post"}],"replies":[{"embeddable":true,"href":"https:\/\/contabilidadecaxias.com.br\/index.php\/wp-json\/wp\/v2\/comments?post=22151"}],"version-history":[{"count":0,"href":"https:\/\/contabilidadecaxias.com.br\/index.php\/wp-json\/wp\/v2\/posts\/22151\/revisions"}],"wp:featuredmedia":[{"embeddable":true,"href":"https:\/\/contabilidadecaxias.com.br\/index.php\/wp-json\/wp\/v2\/media\/22152"}],"wp:attachment":[{"href":"https:\/\/contabilidadecaxias.com.br\/index.php\/wp-json\/wp\/v2\/media?parent=22151"}],"wp:term":[{"taxonomy":"category","embeddable":true,"href":"https:\/\/contabilidadecaxias.com.br\/index.php\/wp-json\/wp\/v2\/categories?post=22151"},{"taxonomy":"post_tag","embeddable":true,"href":"https:\/\/contabilidadecaxias.com.br\/index.php\/wp-json\/wp\/v2\/tags?post=22151"}],"curies":[{"name":"wp","href":"https:\/\/api.w.org\/{rel}","templated":true}]}}