{"id":22121,"date":"2022-12-17T03:22:49","date_gmt":"2022-12-17T06:22:49","guid":{"rendered":"https:\/\/contabilidadecaxias.com.br\/index.php\/2022\/12\/17\/reencontro-de-pinhalenses\/"},"modified":"2022-12-17T03:22:49","modified_gmt":"2022-12-17T06:22:49","slug":"reencontro-de-pinhalenses","status":"publish","type":"post","link":"https:\/\/contabilidadecaxias.com.br\/index.php\/2022\/12\/17\/reencontro-de-pinhalenses\/","title":{"rendered":"Reencontro de Pinhalenses"},"content":{"rendered":"<p>\u00a0Ribeir\u00e3o do Pinhal (Norte Pioneiro) foi palco da nona edi\u00e7\u00e3o do Reencontro de Pinhalenses. A festa foi em novembro e reuniu moradores, ex-moradores da cidade. Durante dois dias\u00a0 foram realizados almo\u00e7os, jantares e um grande baile com a Banda Jair Supercap Show. Tamb\u00e9m foram homenageados a fam\u00edlia Oliveira, uma das mais tradicionais da cidade, e a doutora em lingu\u00edstica pela UEL, Edina Panichi, que morou e estudou em Ribeir\u00e3o do Pinhal durante a inf\u00e2ncia. As fotos s\u00e3o do evento.\u00a0<\/p>\n<p>Silrey Luz, Morgana Nicolau e Neucy Rodrigues da Silva Fonseca (organizadora) | \u00a0Foto: Divulga\u00e7\u00e3o<\/p>\n<p>\u00a0  <\/p>\n<p>Fam\u00edlia Oliveira &#8211; homenageados durante a festa | \u00a0Foto: Divulga\u00e7\u00e3o<\/p>\n<p>\u00a0  <\/p>\n<p>Edina Panichi, homenageada na festa, e o marido, Ant\u00f4nio Carlos Panichi | \u00a0Foto: Divulga\u00e7\u00e3o\u00a0<\/p>\n<p>\u00a0A Nova Palhano que est\u00e1 sendo\u00a0<\/p>\n<p>estudada situa-se atr\u00e1s da UEL\u00a0\u00a0<\/p>\n<p>A Nova Palhano, proposta do Ippul para bairro planejado, \u00e9 o antigo loteamento aberto Versalhes 3, localizado atr\u00e1s do campus da UEL, lan\u00e7ado h\u00e1 cerca de 40 anos pela Construtora Daher, na \u00e9poca pertencente ao empres\u00e1rio Chepli Daher. O projeto, hoje, \u00e9 liderado pelo m\u00e9dico Charles Daher. O loteamento n\u00e3o se desenvolveu, nem foi liberado para constru\u00e7\u00f5es, embora dezenas de pessoas tenham adquirido terrenos naquela \u00e1rea, constitu\u00edda por mais de 140 hectares. S\u00e3o, na maioria, professores, m\u00e9dicos e funcion\u00e1rios da UEL, que ali pretendiam edificar e morar. O projeto, publicado pela FOLHA,\u00a0 \u00e9 interessante, desenvolvimentista, mas \u00e9 preciso que a ele se integrem e se considerem os propriet\u00e1rios dos terrenos. A longo tempo, esses investidores esperam uma solu\u00e7\u00e3o para a libera\u00e7\u00e3o de constru\u00e7\u00f5es.\u00a0<\/p>\n<p>Faleceu em Rol\u00e2ndia o ex-namorado de Marta Rocha\u00a0 \u00a0<\/p>\n<p>Esta Coluna lamenta o falecimento do cirurgi\u00e3o dentista Andr\u00e9 Carlos Ara\u00fajo Moreira, ocorrido ontem em Rol\u00e2ndia, onde viveu e trabalhou durante anos. Mineiro, pr\u00f3ximo da fam\u00edlia do presidente JK, elegante, elogiado sempre pelas amigas, era muito estimado por amigos rolandenses, de Londrina e regi\u00e3o. Odair Chiqueto, que conversava sempre com ele, conta que Andr\u00e9 estava com 95 anos. Leitor ass\u00edduo da FOLHA, amig\u00e3o do jornalista Jo\u00e3o Milanez, a quem incentivou para que se casasse. Foi padrinho dele. O doutor Andr\u00e9, boa pinta, chique, segundo as mo\u00e7as do cube dos 50 de Londrina, namorou algum tempo a famosa Marta Rocha, a mais famosa das Misses Brasil. Ele a trouxe para conhecer Rol\u00e2ndia e aqui ficou durante uns 15 dias, passeando pela regi\u00e3o e veio a uma festa com ele Londrina Country Club. Foram tamb\u00e9m a um jantar no Rotary Club. N\u00e3o faz muito tempo, publiquei foto dos dois em recep\u00e7\u00e3o londrinense. Mais um amig\u00e3o que se vai desasa vida e que Deus o tenha.\u00a0 \u00a0<\/p>\n<p>Uma obra de 20 milh\u00f5es\u00a0<\/p>\n<p>Empres\u00e1rio londrinense de vis\u00e3o e sorte est\u00e1 construindo, em parceria, um potente empreendimento comercial, na Avenida Maring\u00e1. Bem em frente ao Maxi. \u00c9 obra de 20 milh\u00f5es de reais, estimam especialistas em im\u00f3veis.\u00a0<\/p>\n<p>A opini\u00e3o de Francisca Fran\u00e7a\u00a0<\/p>\n<p>A leitora da Folha Francisca Fran\u00e7a envia opini\u00e3o diferente sobre a mat\u00e9ria \u201cConcentra\u00e7\u00e3o Verde Amarela\u201d, publicada pela Coluna. Ela pergunta que \u201cdesde que a manifesta\u00e7\u00e3o seja tranquila, silenciosa e sem atos desabonadores, \u00e9 permitido manifesta\u00e7\u00f5es a favor de racismo, homofobia, cren\u00e7as religiosas, etnia e etc., sem que isto fira o Estado Democr\u00e1tico e de Direito no Brasil? E declara: \u201cPorque, no meu humilde entendimento, o que esse pessoal em frente ao Tiro de Guerra est\u00e1 pedindo \u00e9 um golpe de Estado, o que fere a nossa Constitui\u00e7\u00e3o e, por conseguinte, o Estado Democr\u00e1tico e de Direito. Perder ou ganhar uma elei\u00e7\u00e3o faz parte do jogo democr\u00e1tico\u201d.\u00a0\u00a0<\/p>\n<p>Em recente evento social\u00a0<\/p>\n<p>| \u00a0Foto: Divulga\u00e7\u00e3o\u00a0\u00a0<\/p>\n<p>Em recente e importante acontecimento social em Londrina, o advogado e produtor rural Reginaldo Roveri com sua bela sobrinha Sandra Maria Marcantonio, m\u00e9dica endocrinologista de grande conceito entre seus colegas e clientes.\u00a0<\/p>\n<p>Homenagem para os maiores empregadores\u00a0<\/p>\n<p>| \u00a0Foto: Divulga\u00e7\u00e3o\u00a0<\/p>\n<p>Os 20 maiores empregadores de Londrina foram homenageados pela prefeitura e pela Codel, como parte das a\u00e7\u00f5es de anivers\u00e1rio da cidade. O evento foi no gabinete da prefeitura com a presen\u00e7a de empres\u00e1rios, representantes e autoridades. O levantamento foi feito pela equipe da Codel, com dados do CAGED. \u201cPrecisamos tamb\u00e9m estimular os empres\u00e1rios pra que possam contratar mais, mas precisamos come\u00e7ar valorizando as empresas da cidade que tanto se dedicam e buscam se fortalecer\u201d, avaliou Alex Canziani, presidente da Codel. A repercuss\u00e3o foi expressiva em todo Estado. Institui\u00e7\u00f5es entraram em contato com a Codel para mais informa\u00e7\u00f5es com o objetivo de replicarem a iniciativa, como a Coden de Maring\u00e1. Na foto, a vereadora Fl\u00e1via Cabral, o vereador Fernando Madureira, o prefeito Marcelo Belinati, representando o Grupo Muffato Valdecir Oliveira e Camila Brina, o presidente da Codel, Alex Canziani, a deputada federal Lu\u00edsa Canziani e o vice-prefeito Jo\u00e3o Mendon\u00e7a.\u00a0<\/p>\n<p>Sadao Masuko\u00a0<\/p>\n<p>FRASE de Sadao Masuko, saudoso vereador em Londrina, ex-presidente da C\u00e2mara Municipal, que visitava sempre a Reda\u00e7\u00e3o da FOLHA \u00e0 noite, ap\u00f3s a sess\u00e3o do Legislativo, dizendo que era para \u201couvir e conversar com jornalistas inteligentes\u201d: \u201cS\u00f3 fica velho quem vive bastante!\u201d\u00a0<\/p>\n<p>Nativas Grill faz sucesso\u00a0<\/p>\n<p>Tendo S\u00e9rgio Hickmann como gerente geral, maitres que vieram de Recife e Goi\u00e2nia, e gar\u00e7ons procedentes de S\u00e3o Paulo, todos com grande experi\u00eancia no trato com a clientela e p\u00fablico em geral, a Nativas Grill, churrascaria com matriz em Goi\u00e1s, est\u00e1 aberta em Londrina, e fazendo sucesso, mostrando a que veio, com suas atra\u00e7\u00f5es para almo\u00e7o e jantar, at\u00e9 com filas de espera, embora suas dezenas de mesas. O estacionamento foi bastante ampliado. Natural de Capanema, o gerente S\u00e9rgio Hickmann trabalhou v\u00e1rios anos nessa \u00e1rea em S\u00e3o Paulo, na It\u00e1lia e em Dubai.\u00a0 \u00a0<\/p>\n<p>*****\u00a0<\/p>\n<p>A PROCURA de bacalhaus, vinhos e panetones, na Mercearia Furuta, no Mercado Municipal do Shangri-l\u00e1, vem crescendo dia a dia, com a proximidade do Natal e R\u00e9veillon. Manter os pre\u00e7os foi uma boa decis\u00e3o dos irm\u00e3os M\u00e1rio e Ant\u00f4nio Furuta.\u00a0\u00a0<\/p>\n<p>Fazendo chorar\u00a0<\/p>\n<p>A CEBOLA vai subir mais ainda de pre\u00e7o, dizem em Minas Geais, cuja produ\u00e7\u00e3o est\u00e1 muito prejudicada. Parte com muita chuva, e outra v\u00edtima de falta d\u2019\u00e1gua.\u00a0<\/p>\n<p>\u00c9poca natalina<\/p>\n<p>| \u00a0Foto: Divulga\u00e7\u00e3o\u00a0<\/p>\n<p>Sempre \u00e9 tempo de celebrar a vida e viver momentos inesquec\u00edveis ao lado das pessoas que amamos. A \u00e9poca natalina \u00e9 especialista em aflorar sentimentos de bem viver com alegria e partilha. E, para comemorar em grande estilo, conte com quem traduz todos os seus desejos .\u201dVenha para o Shopping Quintino e fa\u00e7a acontecer o melhor Natal pra voc\u00ea, sua fam\u00edlia e amigos!\u201d, convida o staff.\u00a0<\/p>\n<p>Primeiro no vestibular de Medicina\u00a0\u00a0<\/p>\n<p>| \u00a0Foto: Divulga\u00e7\u00e3o\u00a0<\/p>\n<p>Primeiro lugar em Medicina e primeiro lugar geral no vestibular da Universidade Estadual de Ponta Grossa. S\u00e3o mais conquistas do jovem Lucas Batini Ara\u00fajo, aluno do Terceir\u00e3o Med do Anglo Londrinense. Ele ainda aguarda aprova\u00e7\u00f5es na UNICAMP, UNESP e USP. Tamb\u00e9m teve excelente pontua\u00e7\u00e3o no ENEM. Inteligente e estudioso, Lucas \u00e9 destaque nacional pelas premia\u00e7\u00f5es em olimp\u00edadas cient\u00edficas nacionais e internacionais (28 medalhas de ouro, 17 de prata, 11 de bronze).\u00a0 Em 2021, foi o melhor brasileiro na International Biology Olympiad (IBO). A forma\u00e7\u00e3o do Col\u00e9gio Londrinense, o incentivo e o suporte de professores e todo o apoio da fam\u00edlia s\u00e3o determinantes na trajet\u00f3ria vitoriosa do talentoso menino de Londrina.\u00a0<\/p>\n<p>REPETINDO O QUE OUVIRAM\u00a0<\/p>\n<p>ALGUNS amigos de militar, de alta patente, contaram que ouviram dele o seguinte sobre o presidente eleito e j\u00e1 diplomado Lula: \u201cEle foi diplomado, ser\u00e1 empossado e tamb\u00e9m ser\u00e1 fiscalizado&#8230;\u201d Deputados e senadores idem. Se for fiscalizado pela popula\u00e7\u00e3o, esque\u00e7am. Ningu\u00e9m, depois de eleito, d\u00e1 mesmo bola para o povo&#8230;Parlamentares empossados passam a viver em outro planeta, aquele chamado \u201cBras\u00edlia, a capital da Esperan\u00e7a&#8230;\u201d\u00a0 \u00a0<\/p>\n<p>Revoltado\u00a0<\/p>\n<p>DO apresentador Cid Ribeiro, do programa Tarob\u00e1 Urgente: \u201cA ra\u00e7a pol\u00edtica \u00e9 ra\u00e7a do c\u00e3o!\u201d Revoltado contra alguns fatos que t\u00eam ocorrido aqui no Paran\u00e1 e tamb\u00e9m no pa\u00eds. \u00c9 aumento abusivo em todos os setores da vida do brasileiro em geral. Cid come\u00e7ou a carreira na TV Tropical.\u00a0\u00a0<\/p>\n<p>Almo\u00e7o da Publicit\u00e1\u00a0<\/p>\n<p>A dire\u00e7\u00e3o da Ag\u00eancia Publicit\u00e1 reuniu seu pessoal e familiares para almo\u00e7o de confraterniza\u00e7\u00e3o na churrascaria Galp\u00e3o Nelore, com o maitre Jo\u00e3o e que d\u00e1 aquele atendimento festivo.\u00a0<\/p>\n<p>Bolonha, a melhor\u00a0<\/p>\n<p>A CIDADE de Bolonha, na It\u00e1lia, foi eleita como a de melhor qualidade de vida entre os italianos, na atualidade.\u00a0 Aqui em Londrina, o Bolonha serve a comida tipo Santa Felicidade, bem italiana, e quem a saboreia, s\u00f3 elogia.\u00a0\u00a0<\/p>\n<p>\u00a8\u00a8<\/p>\n<p>A opini\u00e3o do colunista n\u00e3o \u00e9, necessariamente, a opini\u00e3o da Folha de Londrina<\/p>\n<p>Receba nossas not\u00edcias direto no seu celular. Envie tamb\u00e9m suas fotos para a se\u00e7\u00e3o &#8216;A cidade fala&#8217;. Adicione o WhatsApp da FOLHA por meio do n\u00famero (43) 99869-0068 ou pelo link<a href=\"https:\/\/wa.me\/message\/6WMTNSJARGMLL1\" target=\"_blank\" rel=\"noopener\">wa.me\/message\/6WMTNSJARGMLL1<\/a>.<\/p>\n","protected":false},"excerpt":{"rendered":"<p>\u00a0Ribeir\u00e3o do Pinhal (Norte Pioneiro) foi palco da nona edi\u00e7\u00e3o do Reencontro de Pinhalenses. A festa foi em novembro e reuniu moradores, ex-moradores da cidade. Durante dois dias\u00a0 foram realizados almo\u00e7os, jantares e um grande baile com a Banda Jair Supercap Show. Tamb\u00e9m foram homenageados a fam\u00edlia Oliveira, uma das mais tradicionais da cidade, e [&hellip;]<\/p>\n","protected":false},"author":0,"featured_media":22122,"comment_status":"open","ping_status":"","sticky":false,"template":"","format":"standard","meta":{"footnotes":""},"categories":[4],"tags":[],"class_list":["post-22121","post","type-post","status-publish","format-standard","has-post-thumbnail","hentry","category-noticias-empreendedorismo"],"blocksy_meta":{"styles_descriptor":{"styles":{"desktop":"","tablet":"","mobile":""},"google_fonts":[],"version":6}},"yoast_head":"<!-- This site is optimized with the Yoast SEO plugin v27.5 - https:\/\/yoast.com\/product\/yoast-seo-wordpress\/ -->\n<title>Reencontro de Pinhalenses - Contabilidade Caxias<\/title>\n<meta name=\"robots\" content=\"index, follow, max-snippet:-1, max-image-preview:large, max-video-preview:-1\" \/>\n<link rel=\"canonical\" href=\"https:\/\/contabilidadecaxias.com.br\/index.php\/2022\/12\/17\/reencontro-de-pinhalenses\/\" \/>\n<meta property=\"og:locale\" content=\"pt_BR\" \/>\n<meta property=\"og:type\" content=\"article\" \/>\n<meta property=\"og:title\" content=\"Reencontro de Pinhalenses - Contabilidade Caxias\" \/>\n<meta property=\"og:description\" content=\"\u00a0Ribeir\u00e3o do Pinhal (Norte Pioneiro) foi palco da nona edi\u00e7\u00e3o do Reencontro de Pinhalenses. A festa foi em novembro e reuniu moradores, ex-moradores da cidade. Durante dois dias\u00a0 foram realizados almo\u00e7os, jantares e um grande baile com a Banda Jair Supercap Show. Tamb\u00e9m foram homenageados a fam\u00edlia Oliveira, uma das mais tradicionais da cidade, e [&hellip;]\" \/>\n<meta property=\"og:url\" content=\"https:\/\/contabilidadecaxias.com.br\/index.php\/2022\/12\/17\/reencontro-de-pinhalenses\/\" \/>\n<meta property=\"og:site_name\" content=\"Contabilidade Caxias\" \/>\n<meta property=\"article:published_time\" content=\"2022-12-17T06:22:49+00:00\" \/>\n<meta name=\"twitter:card\" content=\"summary_large_image\" \/>\n<meta name=\"twitter:label1\" content=\"Est. tempo de leitura\" \/>\n\t<meta name=\"twitter:data1\" content=\"8 minutos\" \/>\n<script type=\"application\/ld+json\" class=\"yoast-schema-graph\">{\"@context\":\"https:\\\/\\\/schema.org\",\"@graph\":[{\"@type\":\"Article\",\"@id\":\"https:\\\/\\\/contabilidadecaxias.com.br\\\/index.php\\\/2022\\\/12\\\/17\\\/reencontro-de-pinhalenses\\\/#article\",\"isPartOf\":{\"@id\":\"https:\\\/\\\/contabilidadecaxias.com.br\\\/index.php\\\/2022\\\/12\\\/17\\\/reencontro-de-pinhalenses\\\/\"},\"author\":{\"name\":\"\",\"@id\":\"\"},\"headline\":\"Reencontro de Pinhalenses\",\"datePublished\":\"2022-12-17T06:22:49+00:00\",\"mainEntityOfPage\":{\"@id\":\"https:\\\/\\\/contabilidadecaxias.com.br\\\/index.php\\\/2022\\\/12\\\/17\\\/reencontro-de-pinhalenses\\\/\"},\"wordCount\":1529,\"commentCount\":0,\"image\":{\"@id\":\"https:\\\/\\\/contabilidadecaxias.com.br\\\/index.php\\\/2022\\\/12\\\/17\\\/reencontro-de-pinhalenses\\\/#primaryimage\"},\"thumbnailUrl\":\"https:\\\/\\\/contabilidadecaxias.com.br\\\/wp-content\\\/uploads\\\/2022\\\/12\\\/Reencontro-de-Pinhalenses0322637000202212161800-wxvl8b.jpeg\",\"articleSection\":[\"Empreendedorismo\"],\"inLanguage\":\"pt-BR\",\"potentialAction\":[{\"@type\":\"CommentAction\",\"name\":\"Comment\",\"target\":[\"https:\\\/\\\/contabilidadecaxias.com.br\\\/index.php\\\/2022\\\/12\\\/17\\\/reencontro-de-pinhalenses\\\/#respond\"]}]},{\"@type\":\"WebPage\",\"@id\":\"https:\\\/\\\/contabilidadecaxias.com.br\\\/index.php\\\/2022\\\/12\\\/17\\\/reencontro-de-pinhalenses\\\/\",\"url\":\"https:\\\/\\\/contabilidadecaxias.com.br\\\/index.php\\\/2022\\\/12\\\/17\\\/reencontro-de-pinhalenses\\\/\",\"name\":\"Reencontro de Pinhalenses - Contabilidade Caxias\",\"isPartOf\":{\"@id\":\"https:\\\/\\\/contabilidadecaxias.com.br\\\/#website\"},\"primaryImageOfPage\":{\"@id\":\"https:\\\/\\\/contabilidadecaxias.com.br\\\/index.php\\\/2022\\\/12\\\/17\\\/reencontro-de-pinhalenses\\\/#primaryimage\"},\"image\":{\"@id\":\"https:\\\/\\\/contabilidadecaxias.com.br\\\/index.php\\\/2022\\\/12\\\/17\\\/reencontro-de-pinhalenses\\\/#primaryimage\"},\"thumbnailUrl\":\"https:\\\/\\\/contabilidadecaxias.com.br\\\/wp-content\\\/uploads\\\/2022\\\/12\\\/Reencontro-de-Pinhalenses0322637000202212161800-wxvl8b.jpeg\",\"datePublished\":\"2022-12-17T06:22:49+00:00\",\"author\":{\"@id\":\"\"},\"breadcrumb\":{\"@id\":\"https:\\\/\\\/contabilidadecaxias.com.br\\\/index.php\\\/2022\\\/12\\\/17\\\/reencontro-de-pinhalenses\\\/#breadcrumb\"},\"inLanguage\":\"pt-BR\",\"potentialAction\":[{\"@type\":\"ReadAction\",\"target\":[\"https:\\\/\\\/contabilidadecaxias.com.br\\\/index.php\\\/2022\\\/12\\\/17\\\/reencontro-de-pinhalenses\\\/\"]}]},{\"@type\":\"ImageObject\",\"inLanguage\":\"pt-BR\",\"@id\":\"https:\\\/\\\/contabilidadecaxias.com.br\\\/index.php\\\/2022\\\/12\\\/17\\\/reencontro-de-pinhalenses\\\/#primaryimage\",\"url\":\"https:\\\/\\\/contabilidadecaxias.com.br\\\/wp-content\\\/uploads\\\/2022\\\/12\\\/Reencontro-de-Pinhalenses0322637000202212161800-wxvl8b.jpeg\",\"contentUrl\":\"https:\\\/\\\/contabilidadecaxias.com.br\\\/wp-content\\\/uploads\\\/2022\\\/12\\\/Reencontro-de-Pinhalenses0322637000202212161800-wxvl8b.jpeg\",\"width\":1001,\"height\":630},{\"@type\":\"BreadcrumbList\",\"@id\":\"https:\\\/\\\/contabilidadecaxias.com.br\\\/index.php\\\/2022\\\/12\\\/17\\\/reencontro-de-pinhalenses\\\/#breadcrumb\",\"itemListElement\":[{\"@type\":\"ListItem\",\"position\":1,\"name\":\"In\u00edcio\",\"item\":\"https:\\\/\\\/contabilidadecaxias.com.br\\\/\"},{\"@type\":\"ListItem\",\"position\":2,\"name\":\"Reencontro de Pinhalenses\"}]},{\"@type\":\"WebSite\",\"@id\":\"https:\\\/\\\/contabilidadecaxias.com.br\\\/#website\",\"url\":\"https:\\\/\\\/contabilidadecaxias.com.br\\\/\",\"name\":\"Contabilidade Caxias\",\"description\":\"Site especializado em Contabilidade para Caxias.\",\"potentialAction\":[{\"@type\":\"SearchAction\",\"target\":{\"@type\":\"EntryPoint\",\"urlTemplate\":\"https:\\\/\\\/contabilidadecaxias.com.br\\\/?s={search_term_string}\"},\"query-input\":{\"@type\":\"PropertyValueSpecification\",\"valueRequired\":true,\"valueName\":\"search_term_string\"}}],\"inLanguage\":\"pt-BR\"}]}<\/script>\n<!-- \/ Yoast SEO plugin. -->","yoast_head_json":{"title":"Reencontro de Pinhalenses - Contabilidade Caxias","robots":{"index":"index","follow":"follow","max-snippet":"max-snippet:-1","max-image-preview":"max-image-preview:large","max-video-preview":"max-video-preview:-1"},"canonical":"https:\/\/contabilidadecaxias.com.br\/index.php\/2022\/12\/17\/reencontro-de-pinhalenses\/","og_locale":"pt_BR","og_type":"article","og_title":"Reencontro de Pinhalenses - Contabilidade Caxias","og_description":"\u00a0Ribeir\u00e3o do Pinhal (Norte Pioneiro) foi palco da nona edi\u00e7\u00e3o do Reencontro de Pinhalenses. A festa foi em novembro e reuniu moradores, ex-moradores da cidade. Durante dois dias\u00a0 foram realizados almo\u00e7os, jantares e um grande baile com a Banda Jair Supercap Show. Tamb\u00e9m foram homenageados a fam\u00edlia Oliveira, uma das mais tradicionais da cidade, e [&hellip;]","og_url":"https:\/\/contabilidadecaxias.com.br\/index.php\/2022\/12\/17\/reencontro-de-pinhalenses\/","og_site_name":"Contabilidade Caxias","article_published_time":"2022-12-17T06:22:49+00:00","twitter_card":"summary_large_image","twitter_misc":{"Est. tempo de leitura":"8 minutos"},"schema":{"@context":"https:\/\/schema.org","@graph":[{"@type":"Article","@id":"https:\/\/contabilidadecaxias.com.br\/index.php\/2022\/12\/17\/reencontro-de-pinhalenses\/#article","isPartOf":{"@id":"https:\/\/contabilidadecaxias.com.br\/index.php\/2022\/12\/17\/reencontro-de-pinhalenses\/"},"author":{"name":"","@id":""},"headline":"Reencontro de Pinhalenses","datePublished":"2022-12-17T06:22:49+00:00","mainEntityOfPage":{"@id":"https:\/\/contabilidadecaxias.com.br\/index.php\/2022\/12\/17\/reencontro-de-pinhalenses\/"},"wordCount":1529,"commentCount":0,"image":{"@id":"https:\/\/contabilidadecaxias.com.br\/index.php\/2022\/12\/17\/reencontro-de-pinhalenses\/#primaryimage"},"thumbnailUrl":"https:\/\/contabilidadecaxias.com.br\/wp-content\/uploads\/2022\/12\/Reencontro-de-Pinhalenses0322637000202212161800-wxvl8b.jpeg","articleSection":["Empreendedorismo"],"inLanguage":"pt-BR","potentialAction":[{"@type":"CommentAction","name":"Comment","target":["https:\/\/contabilidadecaxias.com.br\/index.php\/2022\/12\/17\/reencontro-de-pinhalenses\/#respond"]}]},{"@type":"WebPage","@id":"https:\/\/contabilidadecaxias.com.br\/index.php\/2022\/12\/17\/reencontro-de-pinhalenses\/","url":"https:\/\/contabilidadecaxias.com.br\/index.php\/2022\/12\/17\/reencontro-de-pinhalenses\/","name":"Reencontro de Pinhalenses - Contabilidade Caxias","isPartOf":{"@id":"https:\/\/contabilidadecaxias.com.br\/#website"},"primaryImageOfPage":{"@id":"https:\/\/contabilidadecaxias.com.br\/index.php\/2022\/12\/17\/reencontro-de-pinhalenses\/#primaryimage"},"image":{"@id":"https:\/\/contabilidadecaxias.com.br\/index.php\/2022\/12\/17\/reencontro-de-pinhalenses\/#primaryimage"},"thumbnailUrl":"https:\/\/contabilidadecaxias.com.br\/wp-content\/uploads\/2022\/12\/Reencontro-de-Pinhalenses0322637000202212161800-wxvl8b.jpeg","datePublished":"2022-12-17T06:22:49+00:00","author":{"@id":""},"breadcrumb":{"@id":"https:\/\/contabilidadecaxias.com.br\/index.php\/2022\/12\/17\/reencontro-de-pinhalenses\/#breadcrumb"},"inLanguage":"pt-BR","potentialAction":[{"@type":"ReadAction","target":["https:\/\/contabilidadecaxias.com.br\/index.php\/2022\/12\/17\/reencontro-de-pinhalenses\/"]}]},{"@type":"ImageObject","inLanguage":"pt-BR","@id":"https:\/\/contabilidadecaxias.com.br\/index.php\/2022\/12\/17\/reencontro-de-pinhalenses\/#primaryimage","url":"https:\/\/contabilidadecaxias.com.br\/wp-content\/uploads\/2022\/12\/Reencontro-de-Pinhalenses0322637000202212161800-wxvl8b.jpeg","contentUrl":"https:\/\/contabilidadecaxias.com.br\/wp-content\/uploads\/2022\/12\/Reencontro-de-Pinhalenses0322637000202212161800-wxvl8b.jpeg","width":1001,"height":630},{"@type":"BreadcrumbList","@id":"https:\/\/contabilidadecaxias.com.br\/index.php\/2022\/12\/17\/reencontro-de-pinhalenses\/#breadcrumb","itemListElement":[{"@type":"ListItem","position":1,"name":"In\u00edcio","item":"https:\/\/contabilidadecaxias.com.br\/"},{"@type":"ListItem","position":2,"name":"Reencontro de Pinhalenses"}]},{"@type":"WebSite","@id":"https:\/\/contabilidadecaxias.com.br\/#website","url":"https:\/\/contabilidadecaxias.com.br\/","name":"Contabilidade Caxias","description":"Site especializado em Contabilidade para Caxias.","potentialAction":[{"@type":"SearchAction","target":{"@type":"EntryPoint","urlTemplate":"https:\/\/contabilidadecaxias.com.br\/?s={search_term_string}"},"query-input":{"@type":"PropertyValueSpecification","valueRequired":true,"valueName":"search_term_string"}}],"inLanguage":"pt-BR"}]}},"_links":{"self":[{"href":"https:\/\/contabilidadecaxias.com.br\/index.php\/wp-json\/wp\/v2\/posts\/22121","targetHints":{"allow":["GET"]}}],"collection":[{"href":"https:\/\/contabilidadecaxias.com.br\/index.php\/wp-json\/wp\/v2\/posts"}],"about":[{"href":"https:\/\/contabilidadecaxias.com.br\/index.php\/wp-json\/wp\/v2\/types\/post"}],"replies":[{"embeddable":true,"href":"https:\/\/contabilidadecaxias.com.br\/index.php\/wp-json\/wp\/v2\/comments?post=22121"}],"version-history":[{"count":0,"href":"https:\/\/contabilidadecaxias.com.br\/index.php\/wp-json\/wp\/v2\/posts\/22121\/revisions"}],"wp:featuredmedia":[{"embeddable":true,"href":"https:\/\/contabilidadecaxias.com.br\/index.php\/wp-json\/wp\/v2\/media\/22122"}],"wp:attachment":[{"href":"https:\/\/contabilidadecaxias.com.br\/index.php\/wp-json\/wp\/v2\/media?parent=22121"}],"wp:term":[{"taxonomy":"category","embeddable":true,"href":"https:\/\/contabilidadecaxias.com.br\/index.php\/wp-json\/wp\/v2\/categories?post=22121"},{"taxonomy":"post_tag","embeddable":true,"href":"https:\/\/contabilidadecaxias.com.br\/index.php\/wp-json\/wp\/v2\/tags?post=22121"}],"curies":[{"name":"wp","href":"https:\/\/api.w.org\/{rel}","templated":true}]}}