{"id":22102,"date":"2022-12-17T00:02:31","date_gmt":"2022-12-17T03:02:31","guid":{"rendered":"https:\/\/contabilidadecaxias.com.br\/index.php\/2022\/12\/17\/vendedores-ilegais-e-a-apropriacao-do-espaco-publico\/"},"modified":"2022-12-17T00:02:31","modified_gmt":"2022-12-17T03:02:31","slug":"vendedores-ilegais-e-a-apropriacao-do-espaco-publico","status":"publish","type":"post","link":"https:\/\/contabilidadecaxias.com.br\/index.php\/2022\/12\/17\/vendedores-ilegais-e-a-apropriacao-do-espaco-publico\/","title":{"rendered":"Vendedores ilegais e a apropria\u00e7\u00e3o do espa\u00e7o p\u00fablico"},"content":{"rendered":"<p>Quando olhamos para as cidades em que o espa\u00e7o p\u00fablico \u00e9 cuidado e prezado, logo percebemos a sensa\u00e7\u00e3o de pertencimento despertando a cidadania. Neste caso, qualquer ato de vandalismo ou ilegalidade torna-se uma agress\u00e3o para toda a comunidade.<\/p>\n<p>Infelizmente, o contr\u00e1rio tem prevalecido. Abandonado, o espa\u00e7o p\u00fablico d\u00e1 margem \u00e0 degrada\u00e7\u00e3o. E acaba sendo apropriado para fins particulares e nem sempre legais. \u00c9 o que vemos hoje em Londrina.<\/p>\n<p>N\u00e3o existe revitaliza\u00e7\u00e3o sem apego ao espa\u00e7o p\u00fablico. Muitas vezes, ela \u00e9 confundida com a mera reforma, uma etapa intermedi\u00e1ria que n\u00e3o funciona sozinha, pois depende de conting\u00eancias sociais, de seguran\u00e7a e da presen\u00e7a fiscalizat\u00f3ria do poder p\u00fablico.\u00a0<\/p>\n<p>Sem fiscaliza\u00e7\u00e3o, vendedores ilegais tomaram conta do Cal\u00e7ad\u00e3o de Londrina. Transformaram o espa\u00e7o p\u00fablico em lojas. Muitas vezes, aproveitam as marquises de estabelecimentos legalizados para se instalarem, prejudicando quem paga impostos e alugu\u00e9is.<\/p>\n<p>O problema est\u00e1 em pauta h\u00e1 pelo menos dois anos, com os preju\u00edzos econ\u00f4micos causados pela pandemia. A Acil apresentou, ent\u00e3o, um projeto de legaliza\u00e7\u00e3o no qual os ambulantes seriam capacitados para se adequarem \u00e0 lei e serem realocados para oferecer seus produtos como uma feira tur\u00edstica, com dias e hor\u00e1rios definidos, aos moldes do que acontece em Curitiba.<\/p>\n<p>Com a exig\u00eancia de cadastramento e autoriza\u00e7\u00e3o, os produtos contrabandeados ou falsificados seriam automaticamente banidos, e os ambulantes sairiam do entorno das lojas legalizadas. Ao mesmo tempo, trabalhamos com os empres\u00e1rios, a partir do N\u00facleo do Cal\u00e7ad\u00e3o, criado dentro do Programa Empreender, que vem agindo em rela\u00e7\u00e3o ao problema.\u00a0<\/p>\n<p>A a\u00e7\u00e3o fiscalizat\u00f3ria, por\u00e9m, cabe ao poder p\u00fablico, que est\u00e1 se omitindo. A for\u00e7a-tarefa prometida para resolver a quest\u00e3o n\u00e3o saiu do papel. Por que os ambulantes do Lago Igap\u00f3 2 foram cadastrados para o per\u00edodo natalino e os do Cal\u00e7ad\u00e3o, n\u00e3o? Percebemos a aus\u00eancia do poder p\u00fablico em todo o centro, com o aumento dos moradores de rua, do tr\u00e1fico de drogas, do vandalismo e do com\u00e9rcio ilegal.<\/p>\n<p>Segundo o Guia do Investidor de 2021, publicado pela Prefeitura de Londrina, os setores do com\u00e9rcio e dos servi\u00e7os s\u00e3o respons\u00e1veis por 81,4% do PIB de nossa cidade. O Minist\u00e9rio da Economia mostra, com dados de 2020, que o setor terci\u00e1rio \u00e9 respons\u00e1vel por 81% dos empregos formais de Londrina. S\u00e3o setores fundamentais, que esperam maior cuidado por parte dos servi\u00e7os p\u00fablicos.<\/p>\n<p>Continuamos trabalhando incansavelmente, dentro do alcance de uma Associa\u00e7\u00e3o, para resolver esse conjunto de problemas que impede a verdadeira revitaliza\u00e7\u00e3o do centro. E contamos com todos aqueles que est\u00e3o dispostos a encarar de frente &#8211; e de forma transparente &#8211; essa empreitada.<\/p>\n<p><span>Marcia Manfrin \u00e9 presidente da Acil (<\/span><span>Associa\u00e7\u00e3o Comercial e Industrial de Londrina)<\/span><\/p>\n","protected":false},"excerpt":{"rendered":"<p>Quando olhamos para as cidades em que o espa\u00e7o p\u00fablico \u00e9 cuidado e prezado, logo percebemos a sensa\u00e7\u00e3o de pertencimento despertando a cidadania. Neste caso, qualquer ato de vandalismo ou ilegalidade torna-se uma agress\u00e3o para toda a comunidade. Infelizmente, o contr\u00e1rio tem prevalecido. Abandonado, o espa\u00e7o p\u00fablico d\u00e1 margem \u00e0 degrada\u00e7\u00e3o. E acaba sendo apropriado [&hellip;]<\/p>\n","protected":false},"author":0,"featured_media":0,"comment_status":"open","ping_status":"","sticky":false,"template":"","format":"standard","meta":{"footnotes":""},"categories":[4],"tags":[],"class_list":["post-22102","post","type-post","status-publish","format-standard","hentry","category-noticias-empreendedorismo"],"blocksy_meta":{"styles_descriptor":{"styles":{"desktop":"","tablet":"","mobile":""},"google_fonts":[],"version":6}},"yoast_head":"<!-- This site is optimized with the Yoast SEO plugin v27.5 - https:\/\/yoast.com\/product\/yoast-seo-wordpress\/ -->\n<title>Vendedores ilegais e a apropria\u00e7\u00e3o do espa\u00e7o p\u00fablico - Contabilidade Caxias<\/title>\n<meta name=\"robots\" content=\"index, follow, max-snippet:-1, max-image-preview:large, max-video-preview:-1\" \/>\n<link rel=\"canonical\" href=\"https:\/\/contabilidadecaxias.com.br\/index.php\/2022\/12\/17\/vendedores-ilegais-e-a-apropriacao-do-espaco-publico\/\" \/>\n<meta property=\"og:locale\" content=\"pt_BR\" \/>\n<meta property=\"og:type\" content=\"article\" \/>\n<meta property=\"og:title\" content=\"Vendedores ilegais e a apropria\u00e7\u00e3o do espa\u00e7o p\u00fablico - Contabilidade Caxias\" \/>\n<meta property=\"og:description\" content=\"Quando olhamos para as cidades em que o espa\u00e7o p\u00fablico \u00e9 cuidado e prezado, logo percebemos a sensa\u00e7\u00e3o de pertencimento despertando a cidadania. Neste caso, qualquer ato de vandalismo ou ilegalidade torna-se uma agress\u00e3o para toda a comunidade. Infelizmente, o contr\u00e1rio tem prevalecido. Abandonado, o espa\u00e7o p\u00fablico d\u00e1 margem \u00e0 degrada\u00e7\u00e3o. E acaba sendo apropriado [&hellip;]\" \/>\n<meta property=\"og:url\" content=\"https:\/\/contabilidadecaxias.com.br\/index.php\/2022\/12\/17\/vendedores-ilegais-e-a-apropriacao-do-espaco-publico\/\" \/>\n<meta property=\"og:site_name\" content=\"Contabilidade Caxias\" \/>\n<meta property=\"article:published_time\" content=\"2022-12-17T03:02:31+00:00\" \/>\n<meta name=\"twitter:card\" content=\"summary_large_image\" \/>\n<meta name=\"twitter:label1\" content=\"Est. tempo de leitura\" \/>\n\t<meta name=\"twitter:data1\" content=\"2 minutos\" \/>\n<script type=\"application\/ld+json\" class=\"yoast-schema-graph\">{\"@context\":\"https:\\\/\\\/schema.org\",\"@graph\":[{\"@type\":\"Article\",\"@id\":\"https:\\\/\\\/contabilidadecaxias.com.br\\\/index.php\\\/2022\\\/12\\\/17\\\/vendedores-ilegais-e-a-apropriacao-do-espaco-publico\\\/#article\",\"isPartOf\":{\"@id\":\"https:\\\/\\\/contabilidadecaxias.com.br\\\/index.php\\\/2022\\\/12\\\/17\\\/vendedores-ilegais-e-a-apropriacao-do-espaco-publico\\\/\"},\"author\":{\"name\":\"\",\"@id\":\"\"},\"headline\":\"Vendedores ilegais e a apropria\u00e7\u00e3o do espa\u00e7o p\u00fablico\",\"datePublished\":\"2022-12-17T03:02:31+00:00\",\"mainEntityOfPage\":{\"@id\":\"https:\\\/\\\/contabilidadecaxias.com.br\\\/index.php\\\/2022\\\/12\\\/17\\\/vendedores-ilegais-e-a-apropriacao-do-espaco-publico\\\/\"},\"wordCount\":499,\"commentCount\":0,\"articleSection\":[\"Empreendedorismo\"],\"inLanguage\":\"pt-BR\",\"potentialAction\":[{\"@type\":\"CommentAction\",\"name\":\"Comment\",\"target\":[\"https:\\\/\\\/contabilidadecaxias.com.br\\\/index.php\\\/2022\\\/12\\\/17\\\/vendedores-ilegais-e-a-apropriacao-do-espaco-publico\\\/#respond\"]}]},{\"@type\":\"WebPage\",\"@id\":\"https:\\\/\\\/contabilidadecaxias.com.br\\\/index.php\\\/2022\\\/12\\\/17\\\/vendedores-ilegais-e-a-apropriacao-do-espaco-publico\\\/\",\"url\":\"https:\\\/\\\/contabilidadecaxias.com.br\\\/index.php\\\/2022\\\/12\\\/17\\\/vendedores-ilegais-e-a-apropriacao-do-espaco-publico\\\/\",\"name\":\"Vendedores ilegais e a apropria\u00e7\u00e3o do espa\u00e7o p\u00fablico - Contabilidade Caxias\",\"isPartOf\":{\"@id\":\"https:\\\/\\\/contabilidadecaxias.com.br\\\/#website\"},\"datePublished\":\"2022-12-17T03:02:31+00:00\",\"author\":{\"@id\":\"\"},\"breadcrumb\":{\"@id\":\"https:\\\/\\\/contabilidadecaxias.com.br\\\/index.php\\\/2022\\\/12\\\/17\\\/vendedores-ilegais-e-a-apropriacao-do-espaco-publico\\\/#breadcrumb\"},\"inLanguage\":\"pt-BR\",\"potentialAction\":[{\"@type\":\"ReadAction\",\"target\":[\"https:\\\/\\\/contabilidadecaxias.com.br\\\/index.php\\\/2022\\\/12\\\/17\\\/vendedores-ilegais-e-a-apropriacao-do-espaco-publico\\\/\"]}]},{\"@type\":\"BreadcrumbList\",\"@id\":\"https:\\\/\\\/contabilidadecaxias.com.br\\\/index.php\\\/2022\\\/12\\\/17\\\/vendedores-ilegais-e-a-apropriacao-do-espaco-publico\\\/#breadcrumb\",\"itemListElement\":[{\"@type\":\"ListItem\",\"position\":1,\"name\":\"In\u00edcio\",\"item\":\"https:\\\/\\\/contabilidadecaxias.com.br\\\/\"},{\"@type\":\"ListItem\",\"position\":2,\"name\":\"Vendedores ilegais e a apropria\u00e7\u00e3o do espa\u00e7o p\u00fablico\"}]},{\"@type\":\"WebSite\",\"@id\":\"https:\\\/\\\/contabilidadecaxias.com.br\\\/#website\",\"url\":\"https:\\\/\\\/contabilidadecaxias.com.br\\\/\",\"name\":\"Contabilidade Caxias\",\"description\":\"Site especializado em Contabilidade para Caxias.\",\"potentialAction\":[{\"@type\":\"SearchAction\",\"target\":{\"@type\":\"EntryPoint\",\"urlTemplate\":\"https:\\\/\\\/contabilidadecaxias.com.br\\\/?s={search_term_string}\"},\"query-input\":{\"@type\":\"PropertyValueSpecification\",\"valueRequired\":true,\"valueName\":\"search_term_string\"}}],\"inLanguage\":\"pt-BR\"}]}<\/script>\n<!-- \/ Yoast SEO plugin. -->","yoast_head_json":{"title":"Vendedores ilegais e a apropria\u00e7\u00e3o do espa\u00e7o p\u00fablico - Contabilidade Caxias","robots":{"index":"index","follow":"follow","max-snippet":"max-snippet:-1","max-image-preview":"max-image-preview:large","max-video-preview":"max-video-preview:-1"},"canonical":"https:\/\/contabilidadecaxias.com.br\/index.php\/2022\/12\/17\/vendedores-ilegais-e-a-apropriacao-do-espaco-publico\/","og_locale":"pt_BR","og_type":"article","og_title":"Vendedores ilegais e a apropria\u00e7\u00e3o do espa\u00e7o p\u00fablico - Contabilidade Caxias","og_description":"Quando olhamos para as cidades em que o espa\u00e7o p\u00fablico \u00e9 cuidado e prezado, logo percebemos a sensa\u00e7\u00e3o de pertencimento despertando a cidadania. Neste caso, qualquer ato de vandalismo ou ilegalidade torna-se uma agress\u00e3o para toda a comunidade. Infelizmente, o contr\u00e1rio tem prevalecido. Abandonado, o espa\u00e7o p\u00fablico d\u00e1 margem \u00e0 degrada\u00e7\u00e3o. E acaba sendo apropriado [&hellip;]","og_url":"https:\/\/contabilidadecaxias.com.br\/index.php\/2022\/12\/17\/vendedores-ilegais-e-a-apropriacao-do-espaco-publico\/","og_site_name":"Contabilidade Caxias","article_published_time":"2022-12-17T03:02:31+00:00","twitter_card":"summary_large_image","twitter_misc":{"Est. tempo de leitura":"2 minutos"},"schema":{"@context":"https:\/\/schema.org","@graph":[{"@type":"Article","@id":"https:\/\/contabilidadecaxias.com.br\/index.php\/2022\/12\/17\/vendedores-ilegais-e-a-apropriacao-do-espaco-publico\/#article","isPartOf":{"@id":"https:\/\/contabilidadecaxias.com.br\/index.php\/2022\/12\/17\/vendedores-ilegais-e-a-apropriacao-do-espaco-publico\/"},"author":{"name":"","@id":""},"headline":"Vendedores ilegais e a apropria\u00e7\u00e3o do espa\u00e7o p\u00fablico","datePublished":"2022-12-17T03:02:31+00:00","mainEntityOfPage":{"@id":"https:\/\/contabilidadecaxias.com.br\/index.php\/2022\/12\/17\/vendedores-ilegais-e-a-apropriacao-do-espaco-publico\/"},"wordCount":499,"commentCount":0,"articleSection":["Empreendedorismo"],"inLanguage":"pt-BR","potentialAction":[{"@type":"CommentAction","name":"Comment","target":["https:\/\/contabilidadecaxias.com.br\/index.php\/2022\/12\/17\/vendedores-ilegais-e-a-apropriacao-do-espaco-publico\/#respond"]}]},{"@type":"WebPage","@id":"https:\/\/contabilidadecaxias.com.br\/index.php\/2022\/12\/17\/vendedores-ilegais-e-a-apropriacao-do-espaco-publico\/","url":"https:\/\/contabilidadecaxias.com.br\/index.php\/2022\/12\/17\/vendedores-ilegais-e-a-apropriacao-do-espaco-publico\/","name":"Vendedores ilegais e a apropria\u00e7\u00e3o do espa\u00e7o p\u00fablico - Contabilidade Caxias","isPartOf":{"@id":"https:\/\/contabilidadecaxias.com.br\/#website"},"datePublished":"2022-12-17T03:02:31+00:00","author":{"@id":""},"breadcrumb":{"@id":"https:\/\/contabilidadecaxias.com.br\/index.php\/2022\/12\/17\/vendedores-ilegais-e-a-apropriacao-do-espaco-publico\/#breadcrumb"},"inLanguage":"pt-BR","potentialAction":[{"@type":"ReadAction","target":["https:\/\/contabilidadecaxias.com.br\/index.php\/2022\/12\/17\/vendedores-ilegais-e-a-apropriacao-do-espaco-publico\/"]}]},{"@type":"BreadcrumbList","@id":"https:\/\/contabilidadecaxias.com.br\/index.php\/2022\/12\/17\/vendedores-ilegais-e-a-apropriacao-do-espaco-publico\/#breadcrumb","itemListElement":[{"@type":"ListItem","position":1,"name":"In\u00edcio","item":"https:\/\/contabilidadecaxias.com.br\/"},{"@type":"ListItem","position":2,"name":"Vendedores ilegais e a apropria\u00e7\u00e3o do espa\u00e7o p\u00fablico"}]},{"@type":"WebSite","@id":"https:\/\/contabilidadecaxias.com.br\/#website","url":"https:\/\/contabilidadecaxias.com.br\/","name":"Contabilidade Caxias","description":"Site especializado em Contabilidade para Caxias.","potentialAction":[{"@type":"SearchAction","target":{"@type":"EntryPoint","urlTemplate":"https:\/\/contabilidadecaxias.com.br\/?s={search_term_string}"},"query-input":{"@type":"PropertyValueSpecification","valueRequired":true,"valueName":"search_term_string"}}],"inLanguage":"pt-BR"}]}},"_links":{"self":[{"href":"https:\/\/contabilidadecaxias.com.br\/index.php\/wp-json\/wp\/v2\/posts\/22102","targetHints":{"allow":["GET"]}}],"collection":[{"href":"https:\/\/contabilidadecaxias.com.br\/index.php\/wp-json\/wp\/v2\/posts"}],"about":[{"href":"https:\/\/contabilidadecaxias.com.br\/index.php\/wp-json\/wp\/v2\/types\/post"}],"replies":[{"embeddable":true,"href":"https:\/\/contabilidadecaxias.com.br\/index.php\/wp-json\/wp\/v2\/comments?post=22102"}],"version-history":[{"count":0,"href":"https:\/\/contabilidadecaxias.com.br\/index.php\/wp-json\/wp\/v2\/posts\/22102\/revisions"}],"wp:attachment":[{"href":"https:\/\/contabilidadecaxias.com.br\/index.php\/wp-json\/wp\/v2\/media?parent=22102"}],"wp:term":[{"taxonomy":"category","embeddable":true,"href":"https:\/\/contabilidadecaxias.com.br\/index.php\/wp-json\/wp\/v2\/categories?post=22102"},{"taxonomy":"post_tag","embeddable":true,"href":"https:\/\/contabilidadecaxias.com.br\/index.php\/wp-json\/wp\/v2\/tags?post=22102"}],"curies":[{"name":"wp","href":"https:\/\/api.w.org\/{rel}","templated":true}]}}