{"id":22062,"date":"2022-12-16T15:02:17","date_gmt":"2022-12-16T18:02:17","guid":{"rendered":"https:\/\/contabilidadecaxias.com.br\/index.php\/2022\/12\/16\/lula-convida-camilo-santana-para-o-ministerio-da-educacao\/"},"modified":"2022-12-16T15:02:17","modified_gmt":"2022-12-16T18:02:17","slug":"lula-convida-camilo-santana-para-o-ministerio-da-educacao","status":"publish","type":"post","link":"https:\/\/contabilidadecaxias.com.br\/index.php\/2022\/12\/16\/lula-convida-camilo-santana-para-o-ministerio-da-educacao\/","title":{"rendered":"Lula convida Camilo Santana para o Minist\u00e9rio da Educa\u00e7\u00e3o"},"content":{"rendered":"<p>Bras\u00edlia &#8211; Ap\u00f3s o PT cobrar o comando de uma das principais vitrines da Esplanada, o presidente diplomado, Luiz In\u00e1cio Lula da Silva (PT), convidou o ex-governador e senador eleito, Camilo Santana (PT-CE), para assumir o Minist\u00e9rio da Educa\u00e7\u00e3o.<\/p>\n<p>A bancada cearense ganhou for\u00e7a para indicar Santana ap\u00f3s conquistar o governo do estado | \u00a0Foto: Jarbas Oliveira\/Folhapress\/3-3-2020\u00a0 <\/p>\n<p>A decis\u00e3o de aceitar a pasta s\u00f3 n\u00e3o foi anunciada, formalmente, porque dependia de uma conversa com a atual governadora do Cear\u00e1, Izolda Cela, ocorrida nesta quinta-feira (15).<\/p>\n<p>Ex-pedetista e hoje sem partido, ela era cotada para chefiar a Educa\u00e7\u00e3o, mas dever\u00e1 ocupar a Secretaria de Educa\u00e7\u00e3o B\u00e1sica no futuro governo.<\/p>\n<p>A nomea\u00e7\u00e3o de Izolda era dada como certa, at\u00e9 o PT do Cear\u00e1 reivindicar a pasta. A bancada cearense ganhou for\u00e7a ap\u00f3s conquistar o governo do estado em primeiro turno, em meio a uma queda de bra\u00e7o com o ex-governador Ciro Gomes (PDT).<\/p>\n<p>Izolda chegou a viajar a Bras\u00edlia para a cerim\u00f4nia de diploma\u00e7\u00e3o de Lula, at\u00e9 ent\u00e3o como mais cotada para fun\u00e7\u00e3o. Na v\u00e9spera, no entanto, o presidente eleito ouviu restri\u00e7\u00f5es a seu nome.<\/p>\n<p>LEIA TAMB\u00c9M:<\/p>\n<p>+\u00a0<a href=\"https:\/\/www.folhadelondrina.com.br\/geral\/bolsonaro-oficializa-victor-godoy-no-ministerio-da-educacao-3194114e.html\" target=\"_blank\" rel=\"noopener\">Bolsonaro oficializa Victor Godoy no Minist\u00e9rio da Educa\u00e7\u00e3o<\/a><\/p>\n<p>Segundo um aliado do ex-governador cearense, o convite de Lula a Santana foi feito durante uma reuni\u00e3o na segunda-feira (12), em Bras\u00edlia. Tamb\u00e9m acompanharam a conversa o deputado federal Jos\u00e9 Guimar\u00e3es (PT-CE) e o governador eleito do Cear\u00e1, Elmano de Freitas (PT).<\/p>\n<p>Santana viajou nesta quinta (15) a Fortaleza para se reunir com Izolda e discutir a sucess\u00e3o no MEC.<\/p>\n<p>Lula ainda pode confirmar nos pr\u00f3ximos dias novos ministros. Aliados do petista afirmam que parte dos an\u00fancios deve ser feita at\u00e9 domingo (18).<\/p>\n<p>Alguns nomes encabe\u00e7am as apostas para o minist\u00e9rios, como o da soci\u00f3loga N\u00edsia Trindade Lima, presidente da Fiocruz (Funda\u00e7\u00e3o Oswaldo Cruz), para o da Sa\u00fade, e o do deputado federal eleito Luiz Marinho (PT-SP) para o do Trabalho.<\/p>\n<p>Procurador da Fazenda Nacional, Jorge Messias est\u00e1 cotado para a AGU (Advocacia-Geral da Uni\u00e3o), enquanto Vin\u00edcius Marques de Carvalho, ex-presidente do Cade (Conselho Administrativo de Defesa Econ\u00f4mica), dever\u00e1 assumir a CGU (Controladoria-Geral da Uni\u00e3o).<\/p>\n<p>Tamb\u00e9m s\u00e3o nomes prov\u00e1veis para a Esplanada dos Minist\u00e9rios a deputada federal eleita Marina Silva, ao Minist\u00e9rio do Meio Ambiente, al\u00e9m de Alexandre Padilha (Rela\u00e7\u00f5es Institucionais) e Silvio Almeida (Direitos Humanos).<\/p>\n<p>Lula convidou o presidente da Fiesp (Federa\u00e7\u00e3o das Ind\u00fastrias do Estado de S\u00e3o Paulo), Josu\u00e9 Gomes, para chefiar o Minist\u00e9rio de Desenvolvimento, Ind\u00fastria e Com\u00e9rcio Exterior (MDIC).<\/p>\n<p>Receba nossas not\u00edcias direto no seu celular! Envie tamb\u00e9m suas fotos para a se\u00e7\u00e3o &#8216;A cidade fala&#8217;. Adicione o WhatsApp da FOLHA por meio do n\u00famero (43) 99869-0068 ou pelo link <a href=\"https:\/\/wa.me\/message\/6WMTNSJARGMLL1\" target=\"_blank\" rel=\"noopener\">wa.me\/message\/6WMTNSJARGMLL1<\/a>.<\/p>\n","protected":false},"excerpt":{"rendered":"<p>Bras\u00edlia &#8211; Ap\u00f3s o PT cobrar o comando de uma das principais vitrines da Esplanada, o presidente diplomado, Luiz In\u00e1cio Lula da Silva (PT), convidou o ex-governador e senador eleito, Camilo Santana (PT-CE), para assumir o Minist\u00e9rio da Educa\u00e7\u00e3o. A bancada cearense ganhou for\u00e7a para indicar Santana ap\u00f3s conquistar o governo do estado | \u00a0Foto: [&hellip;]<\/p>\n","protected":false},"author":0,"featured_media":22063,"comment_status":"open","ping_status":"","sticky":false,"template":"","format":"standard","meta":{"footnotes":""},"categories":[4],"tags":[],"class_list":["post-22062","post","type-post","status-publish","format-standard","has-post-thumbnail","hentry","category-noticias-empreendedorismo"],"blocksy_meta":{"styles_descriptor":{"styles":{"desktop":"","tablet":"","mobile":""},"google_fonts":[],"version":6}},"yoast_head":"<!-- This site is optimized with the Yoast SEO plugin v27.5 - https:\/\/yoast.com\/product\/yoast-seo-wordpress\/ -->\n<title>Lula convida Camilo Santana para o Minist\u00e9rio da Educa\u00e7\u00e3o - Contabilidade Caxias<\/title>\n<meta name=\"robots\" content=\"index, follow, max-snippet:-1, max-image-preview:large, max-video-preview:-1\" \/>\n<link rel=\"canonical\" href=\"https:\/\/contabilidadecaxias.com.br\/index.php\/2022\/12\/16\/lula-convida-camilo-santana-para-o-ministerio-da-educacao\/\" \/>\n<meta property=\"og:locale\" content=\"pt_BR\" \/>\n<meta property=\"og:type\" content=\"article\" \/>\n<meta property=\"og:title\" content=\"Lula convida Camilo Santana para o Minist\u00e9rio da Educa\u00e7\u00e3o - Contabilidade Caxias\" \/>\n<meta property=\"og:description\" content=\"Bras\u00edlia &#8211; Ap\u00f3s o PT cobrar o comando de uma das principais vitrines da Esplanada, o presidente diplomado, Luiz In\u00e1cio Lula da Silva (PT), convidou o ex-governador e senador eleito, Camilo Santana (PT-CE), para assumir o Minist\u00e9rio da Educa\u00e7\u00e3o. A bancada cearense ganhou for\u00e7a para indicar Santana ap\u00f3s conquistar o governo do estado | \u00a0Foto: [&hellip;]\" \/>\n<meta property=\"og:url\" content=\"https:\/\/contabilidadecaxias.com.br\/index.php\/2022\/12\/16\/lula-convida-camilo-santana-para-o-ministerio-da-educacao\/\" \/>\n<meta property=\"og:site_name\" content=\"Contabilidade Caxias\" \/>\n<meta property=\"article:published_time\" content=\"2022-12-16T18:02:17+00:00\" \/>\n<meta name=\"twitter:card\" content=\"summary_large_image\" \/>\n<meta name=\"twitter:label1\" content=\"Est. tempo de leitura\" \/>\n\t<meta name=\"twitter:data1\" content=\"2 minutos\" \/>\n<script type=\"application\/ld+json\" class=\"yoast-schema-graph\">{\"@context\":\"https:\\\/\\\/schema.org\",\"@graph\":[{\"@type\":\"Article\",\"@id\":\"https:\\\/\\\/contabilidadecaxias.com.br\\\/index.php\\\/2022\\\/12\\\/16\\\/lula-convida-camilo-santana-para-o-ministerio-da-educacao\\\/#article\",\"isPartOf\":{\"@id\":\"https:\\\/\\\/contabilidadecaxias.com.br\\\/index.php\\\/2022\\\/12\\\/16\\\/lula-convida-camilo-santana-para-o-ministerio-da-educacao\\\/\"},\"author\":{\"name\":\"\",\"@id\":\"\"},\"headline\":\"Lula convida Camilo Santana para o Minist\u00e9rio da Educa\u00e7\u00e3o\",\"datePublished\":\"2022-12-16T18:02:17+00:00\",\"mainEntityOfPage\":{\"@id\":\"https:\\\/\\\/contabilidadecaxias.com.br\\\/index.php\\\/2022\\\/12\\\/16\\\/lula-convida-camilo-santana-para-o-ministerio-da-educacao\\\/\"},\"wordCount\":509,\"commentCount\":0,\"image\":{\"@id\":\"https:\\\/\\\/contabilidadecaxias.com.br\\\/index.php\\\/2022\\\/12\\\/16\\\/lula-convida-camilo-santana-para-o-ministerio-da-educacao\\\/#primaryimage\"},\"thumbnailUrl\":\"https:\\\/\\\/contabilidadecaxias.com.br\\\/wp-content\\\/uploads\\\/2022\\\/12\\\/Lula-convida-Camilo-Santana-para-o-Ministerio-da-E0322635000202212161452-uopqmH.jpeg\",\"articleSection\":[\"Empreendedorismo\"],\"inLanguage\":\"pt-BR\",\"potentialAction\":[{\"@type\":\"CommentAction\",\"name\":\"Comment\",\"target\":[\"https:\\\/\\\/contabilidadecaxias.com.br\\\/index.php\\\/2022\\\/12\\\/16\\\/lula-convida-camilo-santana-para-o-ministerio-da-educacao\\\/#respond\"]}]},{\"@type\":\"WebPage\",\"@id\":\"https:\\\/\\\/contabilidadecaxias.com.br\\\/index.php\\\/2022\\\/12\\\/16\\\/lula-convida-camilo-santana-para-o-ministerio-da-educacao\\\/\",\"url\":\"https:\\\/\\\/contabilidadecaxias.com.br\\\/index.php\\\/2022\\\/12\\\/16\\\/lula-convida-camilo-santana-para-o-ministerio-da-educacao\\\/\",\"name\":\"Lula convida Camilo Santana para o Minist\u00e9rio da Educa\u00e7\u00e3o - Contabilidade Caxias\",\"isPartOf\":{\"@id\":\"https:\\\/\\\/contabilidadecaxias.com.br\\\/#website\"},\"primaryImageOfPage\":{\"@id\":\"https:\\\/\\\/contabilidadecaxias.com.br\\\/index.php\\\/2022\\\/12\\\/16\\\/lula-convida-camilo-santana-para-o-ministerio-da-educacao\\\/#primaryimage\"},\"image\":{\"@id\":\"https:\\\/\\\/contabilidadecaxias.com.br\\\/index.php\\\/2022\\\/12\\\/16\\\/lula-convida-camilo-santana-para-o-ministerio-da-educacao\\\/#primaryimage\"},\"thumbnailUrl\":\"https:\\\/\\\/contabilidadecaxias.com.br\\\/wp-content\\\/uploads\\\/2022\\\/12\\\/Lula-convida-Camilo-Santana-para-o-Ministerio-da-E0322635000202212161452-uopqmH.jpeg\",\"datePublished\":\"2022-12-16T18:02:17+00:00\",\"author\":{\"@id\":\"\"},\"breadcrumb\":{\"@id\":\"https:\\\/\\\/contabilidadecaxias.com.br\\\/index.php\\\/2022\\\/12\\\/16\\\/lula-convida-camilo-santana-para-o-ministerio-da-educacao\\\/#breadcrumb\"},\"inLanguage\":\"pt-BR\",\"potentialAction\":[{\"@type\":\"ReadAction\",\"target\":[\"https:\\\/\\\/contabilidadecaxias.com.br\\\/index.php\\\/2022\\\/12\\\/16\\\/lula-convida-camilo-santana-para-o-ministerio-da-educacao\\\/\"]}]},{\"@type\":\"ImageObject\",\"inLanguage\":\"pt-BR\",\"@id\":\"https:\\\/\\\/contabilidadecaxias.com.br\\\/index.php\\\/2022\\\/12\\\/16\\\/lula-convida-camilo-santana-para-o-ministerio-da-educacao\\\/#primaryimage\",\"url\":\"https:\\\/\\\/contabilidadecaxias.com.br\\\/wp-content\\\/uploads\\\/2022\\\/12\\\/Lula-convida-Camilo-Santana-para-o-Ministerio-da-E0322635000202212161452-uopqmH.jpeg\",\"contentUrl\":\"https:\\\/\\\/contabilidadecaxias.com.br\\\/wp-content\\\/uploads\\\/2022\\\/12\\\/Lula-convida-Camilo-Santana-para-o-Ministerio-da-E0322635000202212161452-uopqmH.jpeg\",\"width\":945,\"height\":630},{\"@type\":\"BreadcrumbList\",\"@id\":\"https:\\\/\\\/contabilidadecaxias.com.br\\\/index.php\\\/2022\\\/12\\\/16\\\/lula-convida-camilo-santana-para-o-ministerio-da-educacao\\\/#breadcrumb\",\"itemListElement\":[{\"@type\":\"ListItem\",\"position\":1,\"name\":\"In\u00edcio\",\"item\":\"https:\\\/\\\/contabilidadecaxias.com.br\\\/\"},{\"@type\":\"ListItem\",\"position\":2,\"name\":\"Lula convida Camilo Santana para o Minist\u00e9rio da Educa\u00e7\u00e3o\"}]},{\"@type\":\"WebSite\",\"@id\":\"https:\\\/\\\/contabilidadecaxias.com.br\\\/#website\",\"url\":\"https:\\\/\\\/contabilidadecaxias.com.br\\\/\",\"name\":\"Contabilidade Caxias\",\"description\":\"Site especializado em Contabilidade para Caxias.\",\"potentialAction\":[{\"@type\":\"SearchAction\",\"target\":{\"@type\":\"EntryPoint\",\"urlTemplate\":\"https:\\\/\\\/contabilidadecaxias.com.br\\\/?s={search_term_string}\"},\"query-input\":{\"@type\":\"PropertyValueSpecification\",\"valueRequired\":true,\"valueName\":\"search_term_string\"}}],\"inLanguage\":\"pt-BR\"}]}<\/script>\n<!-- \/ Yoast SEO plugin. -->","yoast_head_json":{"title":"Lula convida Camilo Santana para o Minist\u00e9rio da Educa\u00e7\u00e3o - Contabilidade Caxias","robots":{"index":"index","follow":"follow","max-snippet":"max-snippet:-1","max-image-preview":"max-image-preview:large","max-video-preview":"max-video-preview:-1"},"canonical":"https:\/\/contabilidadecaxias.com.br\/index.php\/2022\/12\/16\/lula-convida-camilo-santana-para-o-ministerio-da-educacao\/","og_locale":"pt_BR","og_type":"article","og_title":"Lula convida Camilo Santana para o Minist\u00e9rio da Educa\u00e7\u00e3o - Contabilidade Caxias","og_description":"Bras\u00edlia &#8211; Ap\u00f3s o PT cobrar o comando de uma das principais vitrines da Esplanada, o presidente diplomado, Luiz In\u00e1cio Lula da Silva (PT), convidou o ex-governador e senador eleito, Camilo Santana (PT-CE), para assumir o Minist\u00e9rio da Educa\u00e7\u00e3o. A bancada cearense ganhou for\u00e7a para indicar Santana ap\u00f3s conquistar o governo do estado | \u00a0Foto: [&hellip;]","og_url":"https:\/\/contabilidadecaxias.com.br\/index.php\/2022\/12\/16\/lula-convida-camilo-santana-para-o-ministerio-da-educacao\/","og_site_name":"Contabilidade Caxias","article_published_time":"2022-12-16T18:02:17+00:00","twitter_card":"summary_large_image","twitter_misc":{"Est. tempo de leitura":"2 minutos"},"schema":{"@context":"https:\/\/schema.org","@graph":[{"@type":"Article","@id":"https:\/\/contabilidadecaxias.com.br\/index.php\/2022\/12\/16\/lula-convida-camilo-santana-para-o-ministerio-da-educacao\/#article","isPartOf":{"@id":"https:\/\/contabilidadecaxias.com.br\/index.php\/2022\/12\/16\/lula-convida-camilo-santana-para-o-ministerio-da-educacao\/"},"author":{"name":"","@id":""},"headline":"Lula convida Camilo Santana para o Minist\u00e9rio da Educa\u00e7\u00e3o","datePublished":"2022-12-16T18:02:17+00:00","mainEntityOfPage":{"@id":"https:\/\/contabilidadecaxias.com.br\/index.php\/2022\/12\/16\/lula-convida-camilo-santana-para-o-ministerio-da-educacao\/"},"wordCount":509,"commentCount":0,"image":{"@id":"https:\/\/contabilidadecaxias.com.br\/index.php\/2022\/12\/16\/lula-convida-camilo-santana-para-o-ministerio-da-educacao\/#primaryimage"},"thumbnailUrl":"https:\/\/contabilidadecaxias.com.br\/wp-content\/uploads\/2022\/12\/Lula-convida-Camilo-Santana-para-o-Ministerio-da-E0322635000202212161452-uopqmH.jpeg","articleSection":["Empreendedorismo"],"inLanguage":"pt-BR","potentialAction":[{"@type":"CommentAction","name":"Comment","target":["https:\/\/contabilidadecaxias.com.br\/index.php\/2022\/12\/16\/lula-convida-camilo-santana-para-o-ministerio-da-educacao\/#respond"]}]},{"@type":"WebPage","@id":"https:\/\/contabilidadecaxias.com.br\/index.php\/2022\/12\/16\/lula-convida-camilo-santana-para-o-ministerio-da-educacao\/","url":"https:\/\/contabilidadecaxias.com.br\/index.php\/2022\/12\/16\/lula-convida-camilo-santana-para-o-ministerio-da-educacao\/","name":"Lula convida Camilo Santana para o Minist\u00e9rio da Educa\u00e7\u00e3o - Contabilidade Caxias","isPartOf":{"@id":"https:\/\/contabilidadecaxias.com.br\/#website"},"primaryImageOfPage":{"@id":"https:\/\/contabilidadecaxias.com.br\/index.php\/2022\/12\/16\/lula-convida-camilo-santana-para-o-ministerio-da-educacao\/#primaryimage"},"image":{"@id":"https:\/\/contabilidadecaxias.com.br\/index.php\/2022\/12\/16\/lula-convida-camilo-santana-para-o-ministerio-da-educacao\/#primaryimage"},"thumbnailUrl":"https:\/\/contabilidadecaxias.com.br\/wp-content\/uploads\/2022\/12\/Lula-convida-Camilo-Santana-para-o-Ministerio-da-E0322635000202212161452-uopqmH.jpeg","datePublished":"2022-12-16T18:02:17+00:00","author":{"@id":""},"breadcrumb":{"@id":"https:\/\/contabilidadecaxias.com.br\/index.php\/2022\/12\/16\/lula-convida-camilo-santana-para-o-ministerio-da-educacao\/#breadcrumb"},"inLanguage":"pt-BR","potentialAction":[{"@type":"ReadAction","target":["https:\/\/contabilidadecaxias.com.br\/index.php\/2022\/12\/16\/lula-convida-camilo-santana-para-o-ministerio-da-educacao\/"]}]},{"@type":"ImageObject","inLanguage":"pt-BR","@id":"https:\/\/contabilidadecaxias.com.br\/index.php\/2022\/12\/16\/lula-convida-camilo-santana-para-o-ministerio-da-educacao\/#primaryimage","url":"https:\/\/contabilidadecaxias.com.br\/wp-content\/uploads\/2022\/12\/Lula-convida-Camilo-Santana-para-o-Ministerio-da-E0322635000202212161452-uopqmH.jpeg","contentUrl":"https:\/\/contabilidadecaxias.com.br\/wp-content\/uploads\/2022\/12\/Lula-convida-Camilo-Santana-para-o-Ministerio-da-E0322635000202212161452-uopqmH.jpeg","width":945,"height":630},{"@type":"BreadcrumbList","@id":"https:\/\/contabilidadecaxias.com.br\/index.php\/2022\/12\/16\/lula-convida-camilo-santana-para-o-ministerio-da-educacao\/#breadcrumb","itemListElement":[{"@type":"ListItem","position":1,"name":"In\u00edcio","item":"https:\/\/contabilidadecaxias.com.br\/"},{"@type":"ListItem","position":2,"name":"Lula convida Camilo Santana para o Minist\u00e9rio da Educa\u00e7\u00e3o"}]},{"@type":"WebSite","@id":"https:\/\/contabilidadecaxias.com.br\/#website","url":"https:\/\/contabilidadecaxias.com.br\/","name":"Contabilidade Caxias","description":"Site especializado em Contabilidade para Caxias.","potentialAction":[{"@type":"SearchAction","target":{"@type":"EntryPoint","urlTemplate":"https:\/\/contabilidadecaxias.com.br\/?s={search_term_string}"},"query-input":{"@type":"PropertyValueSpecification","valueRequired":true,"valueName":"search_term_string"}}],"inLanguage":"pt-BR"}]}},"_links":{"self":[{"href":"https:\/\/contabilidadecaxias.com.br\/index.php\/wp-json\/wp\/v2\/posts\/22062","targetHints":{"allow":["GET"]}}],"collection":[{"href":"https:\/\/contabilidadecaxias.com.br\/index.php\/wp-json\/wp\/v2\/posts"}],"about":[{"href":"https:\/\/contabilidadecaxias.com.br\/index.php\/wp-json\/wp\/v2\/types\/post"}],"replies":[{"embeddable":true,"href":"https:\/\/contabilidadecaxias.com.br\/index.php\/wp-json\/wp\/v2\/comments?post=22062"}],"version-history":[{"count":0,"href":"https:\/\/contabilidadecaxias.com.br\/index.php\/wp-json\/wp\/v2\/posts\/22062\/revisions"}],"wp:featuredmedia":[{"embeddable":true,"href":"https:\/\/contabilidadecaxias.com.br\/index.php\/wp-json\/wp\/v2\/media\/22063"}],"wp:attachment":[{"href":"https:\/\/contabilidadecaxias.com.br\/index.php\/wp-json\/wp\/v2\/media?parent=22062"}],"wp:term":[{"taxonomy":"category","embeddable":true,"href":"https:\/\/contabilidadecaxias.com.br\/index.php\/wp-json\/wp\/v2\/categories?post=22062"},{"taxonomy":"post_tag","embeddable":true,"href":"https:\/\/contabilidadecaxias.com.br\/index.php\/wp-json\/wp\/v2\/tags?post=22062"}],"curies":[{"name":"wp","href":"https:\/\/api.w.org\/{rel}","templated":true}]}}