{"id":21980,"date":"2022-12-15T13:03:05","date_gmt":"2022-12-15T16:03:05","guid":{"rendered":"https:\/\/contabilidadecaxias.com.br\/index.php\/2022\/12\/15\/prefeituras-de-cambe-e-londrina-entram-em-acordo-para-reforma-de-ponte\/"},"modified":"2022-12-15T13:03:05","modified_gmt":"2022-12-15T16:03:05","slug":"prefeituras-de-cambe-e-londrina-entram-em-acordo-para-reforma-de-ponte","status":"publish","type":"post","link":"https:\/\/contabilidadecaxias.com.br\/index.php\/2022\/12\/15\/prefeituras-de-cambe-e-londrina-entram-em-acordo-para-reforma-de-ponte\/","title":{"rendered":"Prefeituras de Camb\u00e9 e Londrina entram em acordo para reforma de ponte"},"content":{"rendered":"<p>A dona de casa Ana Maria Batista mora h\u00e1 cerca de dez anos no conjunto Avelino Vieira, na zona oeste de Londrina, e diz que j\u00e1 perdeu a conta de quantas vezes a ponte que fica na divisa com Camb\u00e9 ficou alagada. \u201cQualquer chuva mais forte que d\u00e1 a \u00e1gua sobe demais e encobre a rua. Ainda tem o barro e vira um perigo. Quando isso acontece n\u00e3o \u00e9 poss\u00edvel passar e a solu\u00e7\u00e3o \u00e9 dar a volta. O ruim \u00e9 que a ponte \u00e9 rota do \u00f4nibus\u201d, relatou.<\/p>\n<p>A ponte, localizada na rua Bar\u00e3o do Cerro Azul \u2013 no limite do jardim Novo Bandeirantes (Camb\u00e9) com o Avelino Vieira -, deve, enfim, ser reformada no ano que vem, com a constru\u00e7\u00e3o de uma nova estrutura por onde passa o C\u00f3rrego Esperan\u00e7a. As prefeituras de Camb\u00e9 e de Londrina entraram em acordo para a revitaliza\u00e7\u00e3o.<\/p>\n<p>\u201cTinha um impasse eterno sobre quem teria responsabilidade. Conversamos com o prefeito Marcelo Belinati e definimos que ao inv\u00e9s de ficar nessa discuss\u00e3o, que n\u00e3o levaria \u00e0 reconstru\u00e7\u00e3o da ponte, vamos fazer a obra, dividindo o custo\u201d, explicou o prefeito Conrado Scheller.<\/p>\n<p>LEIA TAMB\u00c9M:\u00a0<a href=\"https:\/\/www.folhadelondrina.com.br\/cidades\/aberta-licitacao-para-recuperar-rodovia-entre-irere-e-paiquere-3226223e.html\" target=\"_blank\" rel=\"noopener\">Aberta licita\u00e7\u00e3o para recuperar rodovia entre Irer\u00ea e Paiquer\u00ea<\/a><\/p>\n<p>O projeto indicando os servi\u00e7os a serem executados ser\u00e1 contratado pelo Executivo cambeense, que vai aproveitar a terceirizada para tamb\u00e9m confeccionar projetos para revitalizar outas pontes do munic\u00edpio. A licita\u00e7\u00e3o est\u00e1 tramitando na secretaria municipal de Administra\u00e7\u00e3o e a expectativa \u00e9 de que seja la\u00e7ada ainda neste m\u00eas.<\/p>\n<p>Posteriormente, com o valor definido, a Prefeitura de Camb\u00e9 vai lan\u00e7ar um novo edital para contratar uma empresa para fazer uma nova ponte, dando mais vas\u00e3o para a \u00e1gua do c\u00f3rrego. \u201cA empresa vai entregar o termo de refer\u00eancia e partimos para a licita\u00e7\u00e3o para executar o projeto completo. Na sequ\u00eancia, vamos sentar para ver se Londrina paga metade ou fazemos a ponte e depois a prefeitura nos restitui\u201d, afirmou. \u201cAcredito que at\u00e9 o segundo semestre do ano que vem a obra comece. Vamos fazer uma nova ponte e n\u00e3o remendo\u201d, frisou.<\/p>\n<p>DESENVOLVIMENTO <\/p>\n<p>Scheller avaliou que a reestrutura\u00e7\u00e3o da divisa entre as duas cidades tamb\u00e9m pode trazer benef\u00edcios econ\u00f4micos para a regi\u00e3o. \u201c\u00c9 um local de grande fluxo, onde passa cambeense, londrinense. Esse problema, al\u00e9m do perigo, impede o desenvolvimento econ\u00f4mico daquele local. N\u00e3o valoriza a regi\u00e3o, porque sempre tem esse transtorno. Acredito que a constru\u00e7\u00e3o da ponte, com o paisagismo e valoriza\u00e7\u00e3o imobili\u00e1ria, pode promover desenvolvimento social.\u201d<\/p>\n<p><a href=\"https:\/\/www.folhadelondrina.com.br\/cidades\/alagamento-em-pista-entre-cambe-e-londrina-esta-ha-anos-sem-solucao-3160330e.html\" target=\"_blank\" rel=\"noopener\">Em janeiro deste ano, um temporal levou uma enxurrada paraa ponte, que ficou intransit\u00e1vel.<\/a> Na \u00e9poca, um motociclista tentou atravessar e teve a moto arrastada. Dias antes, a Prefeitura de Camb\u00e9 j\u00e1 havia feito uma barreira de terra para \u201csegurar\u201d a \u00e1gua e removeu entulhos, ap\u00f3s outro epis\u00f3dio de transtornos.<\/p>\n<p>OUTRAS PONTES <\/p>\n<p>O poder p\u00fablico cambeense afirmou que pretende revitalizar, a partir do ano que vem e de forma gradativa, outras sete pontes da cidade. Entre as estruturas est\u00e3o a dos bairros Ecoville e Cristal e da rua Rio Pirap\u00f3, estas com todos os recursos do munic\u00edpio.<\/p>\n<p>****<\/p>\n<p>Receba nossas not\u00edcias direto no seu celular! Envie tamb\u00e9m suas fotos para a se\u00e7\u00e3o &#8216;A cidade fala&#8217;. Adicione o WhatsApp da FOLHA por meio do n\u00famero (43) 99869-0068 ou pelo link\u00a0<a href=\"https:\/\/wa.me\/message\/6WMTNSJARGMLL1\" target=\"_blank\" rel=\"noopener\">wa.me\/message\/6WMTNSJARGMLL1<\/a>.<\/p>\n","protected":false},"excerpt":{"rendered":"<p>A dona de casa Ana Maria Batista mora h\u00e1 cerca de dez anos no conjunto Avelino Vieira, na zona oeste de Londrina, e diz que j\u00e1 perdeu a conta de quantas vezes a ponte que fica na divisa com Camb\u00e9 ficou alagada. \u201cQualquer chuva mais forte que d\u00e1 a \u00e1gua sobe demais e encobre a [&hellip;]<\/p>\n","protected":false},"author":0,"featured_media":21981,"comment_status":"open","ping_status":"","sticky":false,"template":"","format":"standard","meta":{"footnotes":""},"categories":[4],"tags":[],"class_list":["post-21980","post","type-post","status-publish","format-standard","has-post-thumbnail","hentry","category-noticias-empreendedorismo"],"blocksy_meta":{"styles_descriptor":{"styles":{"desktop":"","tablet":"","mobile":""},"google_fonts":[],"version":6}},"yoast_head":"<!-- This site is optimized with the Yoast SEO plugin v27.5 - https:\/\/yoast.com\/product\/yoast-seo-wordpress\/ -->\n<title>Prefeituras de Camb\u00e9 e Londrina entram em acordo para reforma de ponte - Contabilidade Caxias<\/title>\n<meta name=\"robots\" content=\"index, follow, max-snippet:-1, max-image-preview:large, max-video-preview:-1\" \/>\n<link rel=\"canonical\" href=\"https:\/\/contabilidadecaxias.com.br\/index.php\/2022\/12\/15\/prefeituras-de-cambe-e-londrina-entram-em-acordo-para-reforma-de-ponte\/\" \/>\n<meta property=\"og:locale\" content=\"pt_BR\" \/>\n<meta property=\"og:type\" content=\"article\" \/>\n<meta property=\"og:title\" content=\"Prefeituras de Camb\u00e9 e Londrina entram em acordo para reforma de ponte - Contabilidade Caxias\" \/>\n<meta property=\"og:description\" content=\"A dona de casa Ana Maria Batista mora h\u00e1 cerca de dez anos no conjunto Avelino Vieira, na zona oeste de Londrina, e diz que j\u00e1 perdeu a conta de quantas vezes a ponte que fica na divisa com Camb\u00e9 ficou alagada. \u201cQualquer chuva mais forte que d\u00e1 a \u00e1gua sobe demais e encobre a [&hellip;]\" \/>\n<meta property=\"og:url\" content=\"https:\/\/contabilidadecaxias.com.br\/index.php\/2022\/12\/15\/prefeituras-de-cambe-e-londrina-entram-em-acordo-para-reforma-de-ponte\/\" \/>\n<meta property=\"og:site_name\" content=\"Contabilidade Caxias\" \/>\n<meta property=\"article:published_time\" content=\"2022-12-15T16:03:05+00:00\" \/>\n<meta name=\"twitter:card\" content=\"summary_large_image\" \/>\n<meta name=\"twitter:label1\" content=\"Est. tempo de leitura\" \/>\n\t<meta name=\"twitter:data1\" content=\"3 minutos\" \/>\n<script type=\"application\/ld+json\" class=\"yoast-schema-graph\">{\"@context\":\"https:\\\/\\\/schema.org\",\"@graph\":[{\"@type\":\"Article\",\"@id\":\"https:\\\/\\\/contabilidadecaxias.com.br\\\/index.php\\\/2022\\\/12\\\/15\\\/prefeituras-de-cambe-e-londrina-entram-em-acordo-para-reforma-de-ponte\\\/#article\",\"isPartOf\":{\"@id\":\"https:\\\/\\\/contabilidadecaxias.com.br\\\/index.php\\\/2022\\\/12\\\/15\\\/prefeituras-de-cambe-e-londrina-entram-em-acordo-para-reforma-de-ponte\\\/\"},\"author\":{\"name\":\"\",\"@id\":\"\"},\"headline\":\"Prefeituras de Camb\u00e9 e Londrina entram em acordo para reforma de ponte\",\"datePublished\":\"2022-12-15T16:03:05+00:00\",\"mainEntityOfPage\":{\"@id\":\"https:\\\/\\\/contabilidadecaxias.com.br\\\/index.php\\\/2022\\\/12\\\/15\\\/prefeituras-de-cambe-e-londrina-entram-em-acordo-para-reforma-de-ponte\\\/\"},\"wordCount\":589,\"commentCount\":0,\"image\":{\"@id\":\"https:\\\/\\\/contabilidadecaxias.com.br\\\/index.php\\\/2022\\\/12\\\/15\\\/prefeituras-de-cambe-e-londrina-entram-em-acordo-para-reforma-de-ponte\\\/#primaryimage\"},\"thumbnailUrl\":\"https:\\\/\\\/contabilidadecaxias.com.br\\\/wp-content\\\/uploads\\\/2022\\\/12\\\/Prefeituras-de-Cambe-e-Londrina-entram-em-acordo-p0322630400202212151249-VEP3ba.jpeg\",\"articleSection\":[\"Empreendedorismo\"],\"inLanguage\":\"pt-BR\",\"potentialAction\":[{\"@type\":\"CommentAction\",\"name\":\"Comment\",\"target\":[\"https:\\\/\\\/contabilidadecaxias.com.br\\\/index.php\\\/2022\\\/12\\\/15\\\/prefeituras-de-cambe-e-londrina-entram-em-acordo-para-reforma-de-ponte\\\/#respond\"]}]},{\"@type\":\"WebPage\",\"@id\":\"https:\\\/\\\/contabilidadecaxias.com.br\\\/index.php\\\/2022\\\/12\\\/15\\\/prefeituras-de-cambe-e-londrina-entram-em-acordo-para-reforma-de-ponte\\\/\",\"url\":\"https:\\\/\\\/contabilidadecaxias.com.br\\\/index.php\\\/2022\\\/12\\\/15\\\/prefeituras-de-cambe-e-londrina-entram-em-acordo-para-reforma-de-ponte\\\/\",\"name\":\"Prefeituras de Camb\u00e9 e Londrina entram em acordo para reforma de ponte - Contabilidade Caxias\",\"isPartOf\":{\"@id\":\"https:\\\/\\\/contabilidadecaxias.com.br\\\/#website\"},\"primaryImageOfPage\":{\"@id\":\"https:\\\/\\\/contabilidadecaxias.com.br\\\/index.php\\\/2022\\\/12\\\/15\\\/prefeituras-de-cambe-e-londrina-entram-em-acordo-para-reforma-de-ponte\\\/#primaryimage\"},\"image\":{\"@id\":\"https:\\\/\\\/contabilidadecaxias.com.br\\\/index.php\\\/2022\\\/12\\\/15\\\/prefeituras-de-cambe-e-londrina-entram-em-acordo-para-reforma-de-ponte\\\/#primaryimage\"},\"thumbnailUrl\":\"https:\\\/\\\/contabilidadecaxias.com.br\\\/wp-content\\\/uploads\\\/2022\\\/12\\\/Prefeituras-de-Cambe-e-Londrina-entram-em-acordo-p0322630400202212151249-VEP3ba.jpeg\",\"datePublished\":\"2022-12-15T16:03:05+00:00\",\"author\":{\"@id\":\"\"},\"breadcrumb\":{\"@id\":\"https:\\\/\\\/contabilidadecaxias.com.br\\\/index.php\\\/2022\\\/12\\\/15\\\/prefeituras-de-cambe-e-londrina-entram-em-acordo-para-reforma-de-ponte\\\/#breadcrumb\"},\"inLanguage\":\"pt-BR\",\"potentialAction\":[{\"@type\":\"ReadAction\",\"target\":[\"https:\\\/\\\/contabilidadecaxias.com.br\\\/index.php\\\/2022\\\/12\\\/15\\\/prefeituras-de-cambe-e-londrina-entram-em-acordo-para-reforma-de-ponte\\\/\"]}]},{\"@type\":\"ImageObject\",\"inLanguage\":\"pt-BR\",\"@id\":\"https:\\\/\\\/contabilidadecaxias.com.br\\\/index.php\\\/2022\\\/12\\\/15\\\/prefeituras-de-cambe-e-londrina-entram-em-acordo-para-reforma-de-ponte\\\/#primaryimage\",\"url\":\"https:\\\/\\\/contabilidadecaxias.com.br\\\/wp-content\\\/uploads\\\/2022\\\/12\\\/Prefeituras-de-Cambe-e-Londrina-entram-em-acordo-p0322630400202212151249-VEP3ba.jpeg\",\"contentUrl\":\"https:\\\/\\\/contabilidadecaxias.com.br\\\/wp-content\\\/uploads\\\/2022\\\/12\\\/Prefeituras-de-Cambe-e-Londrina-entram-em-acordo-p0322630400202212151249-VEP3ba.jpeg\",\"width\":840,\"height\":630},{\"@type\":\"BreadcrumbList\",\"@id\":\"https:\\\/\\\/contabilidadecaxias.com.br\\\/index.php\\\/2022\\\/12\\\/15\\\/prefeituras-de-cambe-e-londrina-entram-em-acordo-para-reforma-de-ponte\\\/#breadcrumb\",\"itemListElement\":[{\"@type\":\"ListItem\",\"position\":1,\"name\":\"In\u00edcio\",\"item\":\"https:\\\/\\\/contabilidadecaxias.com.br\\\/\"},{\"@type\":\"ListItem\",\"position\":2,\"name\":\"Prefeituras de Camb\u00e9 e Londrina entram em acordo para reforma de ponte\"}]},{\"@type\":\"WebSite\",\"@id\":\"https:\\\/\\\/contabilidadecaxias.com.br\\\/#website\",\"url\":\"https:\\\/\\\/contabilidadecaxias.com.br\\\/\",\"name\":\"Contabilidade Caxias\",\"description\":\"Site especializado em Contabilidade para Caxias.\",\"potentialAction\":[{\"@type\":\"SearchAction\",\"target\":{\"@type\":\"EntryPoint\",\"urlTemplate\":\"https:\\\/\\\/contabilidadecaxias.com.br\\\/?s={search_term_string}\"},\"query-input\":{\"@type\":\"PropertyValueSpecification\",\"valueRequired\":true,\"valueName\":\"search_term_string\"}}],\"inLanguage\":\"pt-BR\"}]}<\/script>\n<!-- \/ Yoast SEO plugin. -->","yoast_head_json":{"title":"Prefeituras de Camb\u00e9 e Londrina entram em acordo para reforma de ponte - Contabilidade Caxias","robots":{"index":"index","follow":"follow","max-snippet":"max-snippet:-1","max-image-preview":"max-image-preview:large","max-video-preview":"max-video-preview:-1"},"canonical":"https:\/\/contabilidadecaxias.com.br\/index.php\/2022\/12\/15\/prefeituras-de-cambe-e-londrina-entram-em-acordo-para-reforma-de-ponte\/","og_locale":"pt_BR","og_type":"article","og_title":"Prefeituras de Camb\u00e9 e Londrina entram em acordo para reforma de ponte - Contabilidade Caxias","og_description":"A dona de casa Ana Maria Batista mora h\u00e1 cerca de dez anos no conjunto Avelino Vieira, na zona oeste de Londrina, e diz que j\u00e1 perdeu a conta de quantas vezes a ponte que fica na divisa com Camb\u00e9 ficou alagada. \u201cQualquer chuva mais forte que d\u00e1 a \u00e1gua sobe demais e encobre a [&hellip;]","og_url":"https:\/\/contabilidadecaxias.com.br\/index.php\/2022\/12\/15\/prefeituras-de-cambe-e-londrina-entram-em-acordo-para-reforma-de-ponte\/","og_site_name":"Contabilidade Caxias","article_published_time":"2022-12-15T16:03:05+00:00","twitter_card":"summary_large_image","twitter_misc":{"Est. tempo de leitura":"3 minutos"},"schema":{"@context":"https:\/\/schema.org","@graph":[{"@type":"Article","@id":"https:\/\/contabilidadecaxias.com.br\/index.php\/2022\/12\/15\/prefeituras-de-cambe-e-londrina-entram-em-acordo-para-reforma-de-ponte\/#article","isPartOf":{"@id":"https:\/\/contabilidadecaxias.com.br\/index.php\/2022\/12\/15\/prefeituras-de-cambe-e-londrina-entram-em-acordo-para-reforma-de-ponte\/"},"author":{"name":"","@id":""},"headline":"Prefeituras de Camb\u00e9 e Londrina entram em acordo para reforma de ponte","datePublished":"2022-12-15T16:03:05+00:00","mainEntityOfPage":{"@id":"https:\/\/contabilidadecaxias.com.br\/index.php\/2022\/12\/15\/prefeituras-de-cambe-e-londrina-entram-em-acordo-para-reforma-de-ponte\/"},"wordCount":589,"commentCount":0,"image":{"@id":"https:\/\/contabilidadecaxias.com.br\/index.php\/2022\/12\/15\/prefeituras-de-cambe-e-londrina-entram-em-acordo-para-reforma-de-ponte\/#primaryimage"},"thumbnailUrl":"https:\/\/contabilidadecaxias.com.br\/wp-content\/uploads\/2022\/12\/Prefeituras-de-Cambe-e-Londrina-entram-em-acordo-p0322630400202212151249-VEP3ba.jpeg","articleSection":["Empreendedorismo"],"inLanguage":"pt-BR","potentialAction":[{"@type":"CommentAction","name":"Comment","target":["https:\/\/contabilidadecaxias.com.br\/index.php\/2022\/12\/15\/prefeituras-de-cambe-e-londrina-entram-em-acordo-para-reforma-de-ponte\/#respond"]}]},{"@type":"WebPage","@id":"https:\/\/contabilidadecaxias.com.br\/index.php\/2022\/12\/15\/prefeituras-de-cambe-e-londrina-entram-em-acordo-para-reforma-de-ponte\/","url":"https:\/\/contabilidadecaxias.com.br\/index.php\/2022\/12\/15\/prefeituras-de-cambe-e-londrina-entram-em-acordo-para-reforma-de-ponte\/","name":"Prefeituras de Camb\u00e9 e Londrina entram em acordo para reforma de ponte - Contabilidade Caxias","isPartOf":{"@id":"https:\/\/contabilidadecaxias.com.br\/#website"},"primaryImageOfPage":{"@id":"https:\/\/contabilidadecaxias.com.br\/index.php\/2022\/12\/15\/prefeituras-de-cambe-e-londrina-entram-em-acordo-para-reforma-de-ponte\/#primaryimage"},"image":{"@id":"https:\/\/contabilidadecaxias.com.br\/index.php\/2022\/12\/15\/prefeituras-de-cambe-e-londrina-entram-em-acordo-para-reforma-de-ponte\/#primaryimage"},"thumbnailUrl":"https:\/\/contabilidadecaxias.com.br\/wp-content\/uploads\/2022\/12\/Prefeituras-de-Cambe-e-Londrina-entram-em-acordo-p0322630400202212151249-VEP3ba.jpeg","datePublished":"2022-12-15T16:03:05+00:00","author":{"@id":""},"breadcrumb":{"@id":"https:\/\/contabilidadecaxias.com.br\/index.php\/2022\/12\/15\/prefeituras-de-cambe-e-londrina-entram-em-acordo-para-reforma-de-ponte\/#breadcrumb"},"inLanguage":"pt-BR","potentialAction":[{"@type":"ReadAction","target":["https:\/\/contabilidadecaxias.com.br\/index.php\/2022\/12\/15\/prefeituras-de-cambe-e-londrina-entram-em-acordo-para-reforma-de-ponte\/"]}]},{"@type":"ImageObject","inLanguage":"pt-BR","@id":"https:\/\/contabilidadecaxias.com.br\/index.php\/2022\/12\/15\/prefeituras-de-cambe-e-londrina-entram-em-acordo-para-reforma-de-ponte\/#primaryimage","url":"https:\/\/contabilidadecaxias.com.br\/wp-content\/uploads\/2022\/12\/Prefeituras-de-Cambe-e-Londrina-entram-em-acordo-p0322630400202212151249-VEP3ba.jpeg","contentUrl":"https:\/\/contabilidadecaxias.com.br\/wp-content\/uploads\/2022\/12\/Prefeituras-de-Cambe-e-Londrina-entram-em-acordo-p0322630400202212151249-VEP3ba.jpeg","width":840,"height":630},{"@type":"BreadcrumbList","@id":"https:\/\/contabilidadecaxias.com.br\/index.php\/2022\/12\/15\/prefeituras-de-cambe-e-londrina-entram-em-acordo-para-reforma-de-ponte\/#breadcrumb","itemListElement":[{"@type":"ListItem","position":1,"name":"In\u00edcio","item":"https:\/\/contabilidadecaxias.com.br\/"},{"@type":"ListItem","position":2,"name":"Prefeituras de Camb\u00e9 e Londrina entram em acordo para reforma de ponte"}]},{"@type":"WebSite","@id":"https:\/\/contabilidadecaxias.com.br\/#website","url":"https:\/\/contabilidadecaxias.com.br\/","name":"Contabilidade Caxias","description":"Site especializado em Contabilidade para Caxias.","potentialAction":[{"@type":"SearchAction","target":{"@type":"EntryPoint","urlTemplate":"https:\/\/contabilidadecaxias.com.br\/?s={search_term_string}"},"query-input":{"@type":"PropertyValueSpecification","valueRequired":true,"valueName":"search_term_string"}}],"inLanguage":"pt-BR"}]}},"_links":{"self":[{"href":"https:\/\/contabilidadecaxias.com.br\/index.php\/wp-json\/wp\/v2\/posts\/21980","targetHints":{"allow":["GET"]}}],"collection":[{"href":"https:\/\/contabilidadecaxias.com.br\/index.php\/wp-json\/wp\/v2\/posts"}],"about":[{"href":"https:\/\/contabilidadecaxias.com.br\/index.php\/wp-json\/wp\/v2\/types\/post"}],"replies":[{"embeddable":true,"href":"https:\/\/contabilidadecaxias.com.br\/index.php\/wp-json\/wp\/v2\/comments?post=21980"}],"version-history":[{"count":0,"href":"https:\/\/contabilidadecaxias.com.br\/index.php\/wp-json\/wp\/v2\/posts\/21980\/revisions"}],"wp:featuredmedia":[{"embeddable":true,"href":"https:\/\/contabilidadecaxias.com.br\/index.php\/wp-json\/wp\/v2\/media\/21981"}],"wp:attachment":[{"href":"https:\/\/contabilidadecaxias.com.br\/index.php\/wp-json\/wp\/v2\/media?parent=21980"}],"wp:term":[{"taxonomy":"category","embeddable":true,"href":"https:\/\/contabilidadecaxias.com.br\/index.php\/wp-json\/wp\/v2\/categories?post=21980"},{"taxonomy":"post_tag","embeddable":true,"href":"https:\/\/contabilidadecaxias.com.br\/index.php\/wp-json\/wp\/v2\/tags?post=21980"}],"curies":[{"name":"wp","href":"https:\/\/api.w.org\/{rel}","templated":true}]}}