{"id":21963,"date":"2022-12-15T06:03:25","date_gmt":"2022-12-15T09:03:25","guid":{"rendered":"https:\/\/contabilidadecaxias.com.br\/index.php\/2022\/12\/15\/a-lideranca-ambidestra\/"},"modified":"2022-12-15T06:03:25","modified_gmt":"2022-12-15T09:03:25","slug":"a-lideranca-ambidestra","status":"publish","type":"post","link":"https:\/\/contabilidadecaxias.com.br\/index.php\/2022\/12\/15\/a-lideranca-ambidestra\/","title":{"rendered":"A lideran\u00e7a ambidestra"},"content":{"rendered":"<p>A lideran\u00e7a ambidestra tem a ver com voc\u00ea dirigir a sua aten\u00e7\u00e3o tanto para a busca de melhorias operacionais quanto para aquilo que promove inova\u00e7\u00e3o dentro da companhia. \u201cA capacidade de alcan\u00e7ar simultaneamente alinhamento e adaptabilidade&#8221;, como explicam Cristina Gibson e Julian Birkinshaw, acad\u00eamicos que estudam o tema h\u00e1 d\u00e9cadas.<\/p>\n<p>Portanto, l\u00edder ambidestro \u00e9 quem se dedica \u00e0quilo que afeta a gest\u00e3o no curto prazo sem esquecer dos projetos cr\u00edticos para o sucesso futuro. Em termos de neg\u00f3cios, isso significa voc\u00ea dar um jeito de alcan\u00e7ar as metas do m\u00eas e, ao mesmo tempo, encontrar tempo de tirar do papel as ideias que ser\u00e3o respons\u00e1veis pela maior parte do faturamento daqui a tr\u00eas anos, por exemplo.<\/p>\n<p>J\u00e1 em 1991, o economista norte-americano James March ensinava: \u201cO problema b\u00e1sico de uma organiza\u00e7\u00e3o e\u0301 envolver-se em uma explora\u00e7\u00e3o suficiente para garantir a sua viabilidade atual e, ao mesmo tempo, dedicar energia para garantir sua viabilidade futura\u201d.<\/p>\n<p>Por\u00e9m, lidar com paradoxos n\u00e3o \u00e9 algo simples. A maior parte dos gestores tem uma dificuldade e tanto para acessar a chave \u201cliga-desliga\u201d dentro de si. E, da\u00ed, na d\u00favida, eles geralmente optam por cuidar da opera\u00e7\u00e3o, que \u00e9 onde fica mais f\u00e1cil ver os efeitos do seu trabalho. Resultado: deixando de inovar, a empresa \u00e9 atropelada por concorrentes \u00e1geis.<\/p>\n<p>Altos executivos ambidestros n\u00e3o apenas suportam a ambiguidade \u2013 eles s\u00e3o fascinados por ela. E isso acontece porque conseguem equilibrar em seu trabalho a necessidade de serem flex\u00edveis para enxergar as oportunidades que surgem sem perder a rigidez diante daquilo que \u00e9 inegoci\u00e1vel.<\/p>\n<p>Por conseguinte, estimular o pensamento paradoxal \u00e9 uma das coisas mais importantes na forma\u00e7\u00e3o de l\u00edderes. Algu\u00e9m que n\u00e3o sabe lidar com o contradit\u00f3rio, a ambiguidade, a aparente falta de l\u00f3gica e\/ou aquilo que bate de frente com suas cren\u00e7as pessoais dificilmente se torna um gestor ambidestro.<\/p>\n<p>A boa not\u00edcia \u00e9 que voc\u00eas podem ajudar os l\u00edderes a \u201cchutarem com os dois p\u00e9s\u201d a partir de hoje mesmo, promovendo a\u00e7\u00f5es como essas:<\/p>\n<p>Tome o cuidado de estabelecer metas que exijam dos l\u00edderes impacto de curto prazo (com o intuito de otimizar a opera\u00e7\u00e3o) e algumas outras que instiguem a inova\u00e7\u00e3o (para a descoberta de oportunidades).<\/p>\n<p>Incentive os l\u00edderes a valorizarem conflitos e tens\u00f5es em vez de fugirem de conversas dif\u00edceis e procrastinarem decis\u00f5es importantes.<\/p>\n<p>Quando poss\u00edvel, realize transfer\u00eancias interdepartamentais entre quem est\u00e1 muito pr\u00f3ximo da opera\u00e7\u00e3o e aqueles que atuam em \u00e1reas como P&amp;D ou Novos Neg\u00f3cios.<\/p>\n<p>Estimule o \u201cE\u201d em vez do \u201cOU\u201d na organiza\u00e7\u00e3o como um todo. Saber lidar com paradoxos \u00e9 uma necessidade de todo mundo que trabalha a\u00ed na sua companhia.<\/p>\n<p>Como voc\u00ea j\u00e1 deve ter percebido, l\u00edderes ambidestros s\u00e3o pessoas que, antes de qualquer decis\u00e3o importante, deixam suas paix\u00f5es de lado e ainda refletem: \u201cQual o impacto presente e futuro de cada uma das possibilidades de escolha que eu tenho neste momento? E como devo agir para o bem da organiza\u00e7\u00e3o?\u201d.<\/p>\n<p>Wellington Moreira, palestrante e consultor empresarial<\/p>\n<p>wellington@caputconsultoria.com.br<\/p>\n","protected":false},"excerpt":{"rendered":"<p>A lideran\u00e7a ambidestra tem a ver com voc\u00ea dirigir a sua aten\u00e7\u00e3o tanto para a busca de melhorias operacionais quanto para aquilo que promove inova\u00e7\u00e3o dentro da companhia. \u201cA capacidade de alcan\u00e7ar simultaneamente alinhamento e adaptabilidade&#8221;, como explicam Cristina Gibson e Julian Birkinshaw, acad\u00eamicos que estudam o tema h\u00e1 d\u00e9cadas. Portanto, l\u00edder ambidestro \u00e9 quem [&hellip;]<\/p>\n","protected":false},"author":0,"featured_media":21964,"comment_status":"open","ping_status":"","sticky":false,"template":"","format":"standard","meta":{"footnotes":""},"categories":[4],"tags":[],"class_list":["post-21963","post","type-post","status-publish","format-standard","has-post-thumbnail","hentry","category-noticias-empreendedorismo"],"blocksy_meta":{"styles_descriptor":{"styles":{"desktop":"","tablet":"","mobile":""},"google_fonts":[],"version":6}},"yoast_head":"<!-- This site is optimized with the Yoast SEO plugin v27.5 - https:\/\/yoast.com\/product\/yoast-seo-wordpress\/ -->\n<title>A lideran\u00e7a ambidestra - Contabilidade Caxias<\/title>\n<meta name=\"robots\" content=\"index, follow, max-snippet:-1, max-image-preview:large, max-video-preview:-1\" \/>\n<link rel=\"canonical\" href=\"https:\/\/contabilidadecaxias.com.br\/index.php\/2022\/12\/15\/a-lideranca-ambidestra\/\" \/>\n<meta property=\"og:locale\" content=\"pt_BR\" \/>\n<meta property=\"og:type\" content=\"article\" \/>\n<meta property=\"og:title\" content=\"A lideran\u00e7a ambidestra - Contabilidade Caxias\" \/>\n<meta property=\"og:description\" content=\"A lideran\u00e7a ambidestra tem a ver com voc\u00ea dirigir a sua aten\u00e7\u00e3o tanto para a busca de melhorias operacionais quanto para aquilo que promove inova\u00e7\u00e3o dentro da companhia. \u201cA capacidade de alcan\u00e7ar simultaneamente alinhamento e adaptabilidade&#8221;, como explicam Cristina Gibson e Julian Birkinshaw, acad\u00eamicos que estudam o tema h\u00e1 d\u00e9cadas. Portanto, l\u00edder ambidestro \u00e9 quem [&hellip;]\" \/>\n<meta property=\"og:url\" content=\"https:\/\/contabilidadecaxias.com.br\/index.php\/2022\/12\/15\/a-lideranca-ambidestra\/\" \/>\n<meta property=\"og:site_name\" content=\"Contabilidade Caxias\" \/>\n<meta property=\"article:published_time\" content=\"2022-12-15T09:03:25+00:00\" \/>\n<meta name=\"twitter:card\" content=\"summary_large_image\" \/>\n<meta name=\"twitter:label1\" content=\"Est. tempo de leitura\" \/>\n\t<meta name=\"twitter:data1\" content=\"3 minutos\" \/>\n<script type=\"application\/ld+json\" class=\"yoast-schema-graph\">{\"@context\":\"https:\\\/\\\/schema.org\",\"@graph\":[{\"@type\":\"Article\",\"@id\":\"https:\\\/\\\/contabilidadecaxias.com.br\\\/index.php\\\/2022\\\/12\\\/15\\\/a-lideranca-ambidestra\\\/#article\",\"isPartOf\":{\"@id\":\"https:\\\/\\\/contabilidadecaxias.com.br\\\/index.php\\\/2022\\\/12\\\/15\\\/a-lideranca-ambidestra\\\/\"},\"author\":{\"name\":\"\",\"@id\":\"\"},\"headline\":\"A lideran\u00e7a ambidestra\",\"datePublished\":\"2022-12-15T09:03:25+00:00\",\"mainEntityOfPage\":{\"@id\":\"https:\\\/\\\/contabilidadecaxias.com.br\\\/index.php\\\/2022\\\/12\\\/15\\\/a-lideranca-ambidestra\\\/\"},\"wordCount\":547,\"commentCount\":0,\"image\":{\"@id\":\"https:\\\/\\\/contabilidadecaxias.com.br\\\/index.php\\\/2022\\\/12\\\/15\\\/a-lideranca-ambidestra\\\/#primaryimage\"},\"thumbnailUrl\":\"https:\\\/\\\/contabilidadecaxias.com.br\\\/wp-content\\\/uploads\\\/2022\\\/12\\\/A-lideranca-ambidestra0322629300202212142044-JPRnpM.webp\",\"articleSection\":[\"Empreendedorismo\"],\"inLanguage\":\"pt-BR\",\"potentialAction\":[{\"@type\":\"CommentAction\",\"name\":\"Comment\",\"target\":[\"https:\\\/\\\/contabilidadecaxias.com.br\\\/index.php\\\/2022\\\/12\\\/15\\\/a-lideranca-ambidestra\\\/#respond\"]}]},{\"@type\":\"WebPage\",\"@id\":\"https:\\\/\\\/contabilidadecaxias.com.br\\\/index.php\\\/2022\\\/12\\\/15\\\/a-lideranca-ambidestra\\\/\",\"url\":\"https:\\\/\\\/contabilidadecaxias.com.br\\\/index.php\\\/2022\\\/12\\\/15\\\/a-lideranca-ambidestra\\\/\",\"name\":\"A lideran\u00e7a ambidestra - Contabilidade Caxias\",\"isPartOf\":{\"@id\":\"https:\\\/\\\/contabilidadecaxias.com.br\\\/#website\"},\"primaryImageOfPage\":{\"@id\":\"https:\\\/\\\/contabilidadecaxias.com.br\\\/index.php\\\/2022\\\/12\\\/15\\\/a-lideranca-ambidestra\\\/#primaryimage\"},\"image\":{\"@id\":\"https:\\\/\\\/contabilidadecaxias.com.br\\\/index.php\\\/2022\\\/12\\\/15\\\/a-lideranca-ambidestra\\\/#primaryimage\"},\"thumbnailUrl\":\"https:\\\/\\\/contabilidadecaxias.com.br\\\/wp-content\\\/uploads\\\/2022\\\/12\\\/A-lideranca-ambidestra0322629300202212142044-JPRnpM.webp\",\"datePublished\":\"2022-12-15T09:03:25+00:00\",\"author\":{\"@id\":\"\"},\"breadcrumb\":{\"@id\":\"https:\\\/\\\/contabilidadecaxias.com.br\\\/index.php\\\/2022\\\/12\\\/15\\\/a-lideranca-ambidestra\\\/#breadcrumb\"},\"inLanguage\":\"pt-BR\",\"potentialAction\":[{\"@type\":\"ReadAction\",\"target\":[\"https:\\\/\\\/contabilidadecaxias.com.br\\\/index.php\\\/2022\\\/12\\\/15\\\/a-lideranca-ambidestra\\\/\"]}]},{\"@type\":\"ImageObject\",\"inLanguage\":\"pt-BR\",\"@id\":\"https:\\\/\\\/contabilidadecaxias.com.br\\\/index.php\\\/2022\\\/12\\\/15\\\/a-lideranca-ambidestra\\\/#primaryimage\",\"url\":\"https:\\\/\\\/contabilidadecaxias.com.br\\\/wp-content\\\/uploads\\\/2022\\\/12\\\/A-lideranca-ambidestra0322629300202212142044-JPRnpM.webp\",\"contentUrl\":\"https:\\\/\\\/contabilidadecaxias.com.br\\\/wp-content\\\/uploads\\\/2022\\\/12\\\/A-lideranca-ambidestra0322629300202212142044-JPRnpM.webp\",\"width\":1799,\"height\":1200},{\"@type\":\"BreadcrumbList\",\"@id\":\"https:\\\/\\\/contabilidadecaxias.com.br\\\/index.php\\\/2022\\\/12\\\/15\\\/a-lideranca-ambidestra\\\/#breadcrumb\",\"itemListElement\":[{\"@type\":\"ListItem\",\"position\":1,\"name\":\"In\u00edcio\",\"item\":\"https:\\\/\\\/contabilidadecaxias.com.br\\\/\"},{\"@type\":\"ListItem\",\"position\":2,\"name\":\"A lideran\u00e7a ambidestra\"}]},{\"@type\":\"WebSite\",\"@id\":\"https:\\\/\\\/contabilidadecaxias.com.br\\\/#website\",\"url\":\"https:\\\/\\\/contabilidadecaxias.com.br\\\/\",\"name\":\"Contabilidade Caxias\",\"description\":\"Site especializado em Contabilidade para Caxias.\",\"potentialAction\":[{\"@type\":\"SearchAction\",\"target\":{\"@type\":\"EntryPoint\",\"urlTemplate\":\"https:\\\/\\\/contabilidadecaxias.com.br\\\/?s={search_term_string}\"},\"query-input\":{\"@type\":\"PropertyValueSpecification\",\"valueRequired\":true,\"valueName\":\"search_term_string\"}}],\"inLanguage\":\"pt-BR\"}]}<\/script>\n<!-- \/ Yoast SEO plugin. -->","yoast_head_json":{"title":"A lideran\u00e7a ambidestra - Contabilidade Caxias","robots":{"index":"index","follow":"follow","max-snippet":"max-snippet:-1","max-image-preview":"max-image-preview:large","max-video-preview":"max-video-preview:-1"},"canonical":"https:\/\/contabilidadecaxias.com.br\/index.php\/2022\/12\/15\/a-lideranca-ambidestra\/","og_locale":"pt_BR","og_type":"article","og_title":"A lideran\u00e7a ambidestra - Contabilidade Caxias","og_description":"A lideran\u00e7a ambidestra tem a ver com voc\u00ea dirigir a sua aten\u00e7\u00e3o tanto para a busca de melhorias operacionais quanto para aquilo que promove inova\u00e7\u00e3o dentro da companhia. \u201cA capacidade de alcan\u00e7ar simultaneamente alinhamento e adaptabilidade&#8221;, como explicam Cristina Gibson e Julian Birkinshaw, acad\u00eamicos que estudam o tema h\u00e1 d\u00e9cadas. Portanto, l\u00edder ambidestro \u00e9 quem [&hellip;]","og_url":"https:\/\/contabilidadecaxias.com.br\/index.php\/2022\/12\/15\/a-lideranca-ambidestra\/","og_site_name":"Contabilidade Caxias","article_published_time":"2022-12-15T09:03:25+00:00","twitter_card":"summary_large_image","twitter_misc":{"Est. tempo de leitura":"3 minutos"},"schema":{"@context":"https:\/\/schema.org","@graph":[{"@type":"Article","@id":"https:\/\/contabilidadecaxias.com.br\/index.php\/2022\/12\/15\/a-lideranca-ambidestra\/#article","isPartOf":{"@id":"https:\/\/contabilidadecaxias.com.br\/index.php\/2022\/12\/15\/a-lideranca-ambidestra\/"},"author":{"name":"","@id":""},"headline":"A lideran\u00e7a ambidestra","datePublished":"2022-12-15T09:03:25+00:00","mainEntityOfPage":{"@id":"https:\/\/contabilidadecaxias.com.br\/index.php\/2022\/12\/15\/a-lideranca-ambidestra\/"},"wordCount":547,"commentCount":0,"image":{"@id":"https:\/\/contabilidadecaxias.com.br\/index.php\/2022\/12\/15\/a-lideranca-ambidestra\/#primaryimage"},"thumbnailUrl":"https:\/\/contabilidadecaxias.com.br\/wp-content\/uploads\/2022\/12\/A-lideranca-ambidestra0322629300202212142044-JPRnpM.webp","articleSection":["Empreendedorismo"],"inLanguage":"pt-BR","potentialAction":[{"@type":"CommentAction","name":"Comment","target":["https:\/\/contabilidadecaxias.com.br\/index.php\/2022\/12\/15\/a-lideranca-ambidestra\/#respond"]}]},{"@type":"WebPage","@id":"https:\/\/contabilidadecaxias.com.br\/index.php\/2022\/12\/15\/a-lideranca-ambidestra\/","url":"https:\/\/contabilidadecaxias.com.br\/index.php\/2022\/12\/15\/a-lideranca-ambidestra\/","name":"A lideran\u00e7a ambidestra - Contabilidade Caxias","isPartOf":{"@id":"https:\/\/contabilidadecaxias.com.br\/#website"},"primaryImageOfPage":{"@id":"https:\/\/contabilidadecaxias.com.br\/index.php\/2022\/12\/15\/a-lideranca-ambidestra\/#primaryimage"},"image":{"@id":"https:\/\/contabilidadecaxias.com.br\/index.php\/2022\/12\/15\/a-lideranca-ambidestra\/#primaryimage"},"thumbnailUrl":"https:\/\/contabilidadecaxias.com.br\/wp-content\/uploads\/2022\/12\/A-lideranca-ambidestra0322629300202212142044-JPRnpM.webp","datePublished":"2022-12-15T09:03:25+00:00","author":{"@id":""},"breadcrumb":{"@id":"https:\/\/contabilidadecaxias.com.br\/index.php\/2022\/12\/15\/a-lideranca-ambidestra\/#breadcrumb"},"inLanguage":"pt-BR","potentialAction":[{"@type":"ReadAction","target":["https:\/\/contabilidadecaxias.com.br\/index.php\/2022\/12\/15\/a-lideranca-ambidestra\/"]}]},{"@type":"ImageObject","inLanguage":"pt-BR","@id":"https:\/\/contabilidadecaxias.com.br\/index.php\/2022\/12\/15\/a-lideranca-ambidestra\/#primaryimage","url":"https:\/\/contabilidadecaxias.com.br\/wp-content\/uploads\/2022\/12\/A-lideranca-ambidestra0322629300202212142044-JPRnpM.webp","contentUrl":"https:\/\/contabilidadecaxias.com.br\/wp-content\/uploads\/2022\/12\/A-lideranca-ambidestra0322629300202212142044-JPRnpM.webp","width":1799,"height":1200},{"@type":"BreadcrumbList","@id":"https:\/\/contabilidadecaxias.com.br\/index.php\/2022\/12\/15\/a-lideranca-ambidestra\/#breadcrumb","itemListElement":[{"@type":"ListItem","position":1,"name":"In\u00edcio","item":"https:\/\/contabilidadecaxias.com.br\/"},{"@type":"ListItem","position":2,"name":"A lideran\u00e7a ambidestra"}]},{"@type":"WebSite","@id":"https:\/\/contabilidadecaxias.com.br\/#website","url":"https:\/\/contabilidadecaxias.com.br\/","name":"Contabilidade Caxias","description":"Site especializado em Contabilidade para Caxias.","potentialAction":[{"@type":"SearchAction","target":{"@type":"EntryPoint","urlTemplate":"https:\/\/contabilidadecaxias.com.br\/?s={search_term_string}"},"query-input":{"@type":"PropertyValueSpecification","valueRequired":true,"valueName":"search_term_string"}}],"inLanguage":"pt-BR"}]}},"_links":{"self":[{"href":"https:\/\/contabilidadecaxias.com.br\/index.php\/wp-json\/wp\/v2\/posts\/21963","targetHints":{"allow":["GET"]}}],"collection":[{"href":"https:\/\/contabilidadecaxias.com.br\/index.php\/wp-json\/wp\/v2\/posts"}],"about":[{"href":"https:\/\/contabilidadecaxias.com.br\/index.php\/wp-json\/wp\/v2\/types\/post"}],"replies":[{"embeddable":true,"href":"https:\/\/contabilidadecaxias.com.br\/index.php\/wp-json\/wp\/v2\/comments?post=21963"}],"version-history":[{"count":0,"href":"https:\/\/contabilidadecaxias.com.br\/index.php\/wp-json\/wp\/v2\/posts\/21963\/revisions"}],"wp:featuredmedia":[{"embeddable":true,"href":"https:\/\/contabilidadecaxias.com.br\/index.php\/wp-json\/wp\/v2\/media\/21964"}],"wp:attachment":[{"href":"https:\/\/contabilidadecaxias.com.br\/index.php\/wp-json\/wp\/v2\/media?parent=21963"}],"wp:term":[{"taxonomy":"category","embeddable":true,"href":"https:\/\/contabilidadecaxias.com.br\/index.php\/wp-json\/wp\/v2\/categories?post=21963"},{"taxonomy":"post_tag","embeddable":true,"href":"https:\/\/contabilidadecaxias.com.br\/index.php\/wp-json\/wp\/v2\/tags?post=21963"}],"curies":[{"name":"wp","href":"https:\/\/api.w.org\/{rel}","templated":true}]}}