{"id":1711,"date":"2022-02-25T00:25:14","date_gmt":"2022-02-25T03:25:14","guid":{"rendered":"https:\/\/contabilidadecaxias.com.br\/index.php\/2022\/02\/25\/editorial-a-hipotese-mais-temida-se-concretizou\/"},"modified":"2022-02-25T00:25:14","modified_gmt":"2022-02-25T03:25:14","slug":"editorial-a-hipotese-mais-temida-se-concretizou","status":"publish","type":"post","link":"https:\/\/contabilidadecaxias.com.br\/index.php\/2022\/02\/25\/editorial-a-hipotese-mais-temida-se-concretizou\/","title":{"rendered":"EDITORIAL &#8211; A hip\u00f3tese mais temida se concretizou"},"content":{"rendered":"<p>A op\u00e7\u00e3o mais temida pelo mundo desde que aumentaram as tens\u00f5es entre R\u00fassia e Ucr\u00e2nia se concretizou. O presidente da R\u00fassia, Vladimir Putin, investiu contra o pa\u00eds vizinho, em uma a\u00e7\u00e3o militar por terra, ar e mar.<\/p>\n<p>| \u00a0Foto: Aris Messinis \/ AFP\u00a0 <\/p>\n<p>Analistas pol\u00edticos lembram que \u00e9 o\u00a0maior ataque de um Estado contra outro na Europa desde a Segunda Guerra Mundial. Desde as primeiras horas da manh\u00e3 desta quinta-feira (24), l\u00edderes ocidentais condenaram a invas\u00e3o e prometeram endurecer as san\u00e7\u00f5es econ\u00f4micas.\u00a0<\/p>\n<p>Durante a quinta-feira, n\u00e3o havia muita dimens\u00e3o da extens\u00e3o da invas\u00e3o russa no territ\u00f3rio ucraniano. A guerra de Putin contra Kiev acontece com o pretexto de proteger russos \u00e9tnicos no oriente ucraniano de um suposto genoc\u00eddio.\u00a0<\/p>\n<p>O expansionismo russo n\u00e3o \u00e9 algo novo e o mundo lembra de a\u00e7\u00f5es recentes semelhantes\u00a0em 2008, na Ge\u00f3rgia, e em 2014, na Crimeia.<\/p>\n<p>Mas por que tanta gente pelo planeta afora acordou neste 24 de fevereiro com o receio de que essa invas\u00e3o tome propor\u00e7\u00f5es tr\u00e1gicas? A resposta est\u00e1 no fato de a Ucr\u00e2nia ter uma grande import\u00e2ncia geopol\u00edtica para Moscou.\u00a0<\/p>\n<p>Existe uma forte liga\u00e7\u00e3o hist\u00f3rica entre os dois pa\u00edses e desde que Putin viu antigos territ\u00f3rios da Uni\u00e3o Sovi\u00e9tica serem adicionados \u00e0 Otan (Organiza\u00e7\u00e3o do Tratado do Atl\u00e2ntico Norte), no caso a\u00a0Est\u00f4nia, Let\u00f4nia e Litu\u00e2nia, o presidente russo manifestou que n\u00e3o iria tolerar que a Ucr\u00e2nia aderisse \u00e0 Alian\u00e7a Atl\u00e2ntica.\u00a0<\/p>\n<p>A organiza\u00e7\u00e3o militar intergovernamental \u00e9 formada por 30 pa\u00edses e foi criada durante a Guerra Fria, sob a lideran\u00e7a dos Estados Unidos, em oposi\u00e7\u00e3o \u00e0 extinta Uni\u00e3o Sovi\u00e9tica.\u00a0Com o fim do bloco comunista no in\u00edcio da d\u00e9cada de 1990, a Otan passou a ter mais um papel de zelar pelos interesses econ\u00f4micos de seus integrantes. Agora, o ex-agente secreto da KGB n\u00e3o quer os antigos inimigos da Alian\u00e7a Atl\u00e2ntica na porta de casa.\u00a0<\/p>\n<p>Outra quest\u00e3o que deve preocupar o Ocidente \u00e9 o poder b\u00e9lico dos pa\u00edses em quest\u00e3o e seus aliados. A China ao lado da R\u00fassia e os Estados Unidos ao lado da Ucr\u00e2nia. Al\u00e9m da perda vidas e da destrui\u00e7\u00e3o de territ\u00f3rios, o mundo deve sofrer as consequ\u00eancias econ\u00f4micas desse conflito.\u00a0<\/p>\n<p>E as na\u00e7\u00f5es ser\u00e3o chamadas a se posicionarem. No Brasil, at\u00e9 o fechamento deste editorial, somente o vice-presidente\u00a0Hamilton Mour\u00e3o havia criticado, duramente, a R\u00fassia, chegando a comparar a situa\u00e7\u00e3o desta quinta com a expans\u00e3o da Alemanha nazista frente \u00e0\u00a0Tchecoslov\u00e1quia e depois \u00e0 Pol\u00f4nia.\u00a0<\/p>\n<p>Importante que todos relembrem esses fatos da hist\u00f3ria, at\u00e9 mesmo para que ela n\u00e3o se repita.\u00a0<\/p>\n<p>Obrigado por ler a FOLHA!<\/p>","protected":false},"excerpt":{"rendered":"<p>A op\u00e7\u00e3o mais temida pelo mundo desde que aumentaram as tens\u00f5es entre R\u00fassia e Ucr\u00e2nia se concretizou. O presidente da R\u00fassia, Vladimir Putin, investiu contra o pa\u00eds vizinho, em uma a\u00e7\u00e3o militar por terra, ar e mar. | \u00a0Foto: Aris Messinis \/ AFP\u00a0 Analistas pol\u00edticos lembram que \u00e9 o\u00a0maior ataque de um Estado contra outro [&hellip;]<\/p>\n","protected":false},"author":0,"featured_media":1712,"comment_status":"open","ping_status":"open","sticky":false,"template":"","format":"standard","meta":{"footnotes":""},"categories":[4],"tags":[],"class_list":["post-1711","post","type-post","status-publish","format-standard","has-post-thumbnail","hentry","category-noticias-empreendedorismo"],"blocksy_meta":{"styles_descriptor":{"styles":{"desktop":"","tablet":"","mobile":""},"google_fonts":[],"version":6}},"yoast_head":"<!-- This site is optimized with the Yoast SEO plugin v27.5 - https:\/\/yoast.com\/product\/yoast-seo-wordpress\/ -->\n<title>EDITORIAL - A hip\u00f3tese mais temida se concretizou - Contabilidade Caxias<\/title>\n<meta name=\"robots\" content=\"index, follow, max-snippet:-1, max-image-preview:large, max-video-preview:-1\" \/>\n<link rel=\"canonical\" href=\"https:\/\/contabilidadecaxias.com.br\/index.php\/2022\/02\/25\/editorial-a-hipotese-mais-temida-se-concretizou\/\" \/>\n<meta property=\"og:locale\" content=\"pt_BR\" \/>\n<meta property=\"og:type\" content=\"article\" \/>\n<meta property=\"og:title\" content=\"EDITORIAL - A hip\u00f3tese mais temida se concretizou - Contabilidade Caxias\" \/>\n<meta property=\"og:description\" content=\"A op\u00e7\u00e3o mais temida pelo mundo desde que aumentaram as tens\u00f5es entre R\u00fassia e Ucr\u00e2nia se concretizou. O presidente da R\u00fassia, Vladimir Putin, investiu contra o pa\u00eds vizinho, em uma a\u00e7\u00e3o militar por terra, ar e mar. | \u00a0Foto: Aris Messinis \/ AFP\u00a0 Analistas pol\u00edticos lembram que \u00e9 o\u00a0maior ataque de um Estado contra outro [&hellip;]\" \/>\n<meta property=\"og:url\" content=\"https:\/\/contabilidadecaxias.com.br\/index.php\/2022\/02\/25\/editorial-a-hipotese-mais-temida-se-concretizou\/\" \/>\n<meta property=\"og:site_name\" content=\"Contabilidade Caxias\" \/>\n<meta property=\"article:published_time\" content=\"2022-02-25T03:25:14+00:00\" \/>\n<meta property=\"og:image\" content=\"https:\/\/contabilidadecaxias.com.br\/wp-content\/uploads\/2022\/02\/EDITORIAL-A-hipotese-mais-temida-se-concretizou0317703200202202241821-TdPP55.jpeg\" \/>\n\t<meta property=\"og:image:width\" content=\"945\" \/>\n\t<meta property=\"og:image:height\" content=\"630\" \/>\n\t<meta property=\"og:image:type\" content=\"image\/jpeg\" \/>\n<meta name=\"twitter:card\" content=\"summary_large_image\" \/>\n<meta name=\"twitter:label1\" content=\"Est. tempo de leitura\" \/>\n\t<meta name=\"twitter:data1\" content=\"2 minutos\" \/>\n<script type=\"application\/ld+json\" class=\"yoast-schema-graph\">{\"@context\":\"https:\\\/\\\/schema.org\",\"@graph\":[{\"@type\":\"Article\",\"@id\":\"https:\\\/\\\/contabilidadecaxias.com.br\\\/index.php\\\/2022\\\/02\\\/25\\\/editorial-a-hipotese-mais-temida-se-concretizou\\\/#article\",\"isPartOf\":{\"@id\":\"https:\\\/\\\/contabilidadecaxias.com.br\\\/index.php\\\/2022\\\/02\\\/25\\\/editorial-a-hipotese-mais-temida-se-concretizou\\\/\"},\"author\":{\"name\":\"\",\"@id\":\"\"},\"headline\":\"EDITORIAL &#8211; A hip\u00f3tese mais temida se concretizou\",\"datePublished\":\"2022-02-25T03:25:14+00:00\",\"mainEntityOfPage\":{\"@id\":\"https:\\\/\\\/contabilidadecaxias.com.br\\\/index.php\\\/2022\\\/02\\\/25\\\/editorial-a-hipotese-mais-temida-se-concretizou\\\/\"},\"wordCount\":489,\"commentCount\":0,\"image\":{\"@id\":\"https:\\\/\\\/contabilidadecaxias.com.br\\\/index.php\\\/2022\\\/02\\\/25\\\/editorial-a-hipotese-mais-temida-se-concretizou\\\/#primaryimage\"},\"thumbnailUrl\":\"https:\\\/\\\/contabilidadecaxias.com.br\\\/wp-content\\\/uploads\\\/2022\\\/02\\\/EDITORIAL-A-hipotese-mais-temida-se-concretizou0317703200202202241821-TdPP55.jpeg\",\"articleSection\":[\"Empreendedorismo\"],\"inLanguage\":\"pt-BR\",\"potentialAction\":[{\"@type\":\"CommentAction\",\"name\":\"Comment\",\"target\":[\"https:\\\/\\\/contabilidadecaxias.com.br\\\/index.php\\\/2022\\\/02\\\/25\\\/editorial-a-hipotese-mais-temida-se-concretizou\\\/#respond\"]}]},{\"@type\":\"WebPage\",\"@id\":\"https:\\\/\\\/contabilidadecaxias.com.br\\\/index.php\\\/2022\\\/02\\\/25\\\/editorial-a-hipotese-mais-temida-se-concretizou\\\/\",\"url\":\"https:\\\/\\\/contabilidadecaxias.com.br\\\/index.php\\\/2022\\\/02\\\/25\\\/editorial-a-hipotese-mais-temida-se-concretizou\\\/\",\"name\":\"EDITORIAL - A hip\u00f3tese mais temida se concretizou - Contabilidade Caxias\",\"isPartOf\":{\"@id\":\"https:\\\/\\\/contabilidadecaxias.com.br\\\/#website\"},\"primaryImageOfPage\":{\"@id\":\"https:\\\/\\\/contabilidadecaxias.com.br\\\/index.php\\\/2022\\\/02\\\/25\\\/editorial-a-hipotese-mais-temida-se-concretizou\\\/#primaryimage\"},\"image\":{\"@id\":\"https:\\\/\\\/contabilidadecaxias.com.br\\\/index.php\\\/2022\\\/02\\\/25\\\/editorial-a-hipotese-mais-temida-se-concretizou\\\/#primaryimage\"},\"thumbnailUrl\":\"https:\\\/\\\/contabilidadecaxias.com.br\\\/wp-content\\\/uploads\\\/2022\\\/02\\\/EDITORIAL-A-hipotese-mais-temida-se-concretizou0317703200202202241821-TdPP55.jpeg\",\"datePublished\":\"2022-02-25T03:25:14+00:00\",\"author\":{\"@id\":\"\"},\"breadcrumb\":{\"@id\":\"https:\\\/\\\/contabilidadecaxias.com.br\\\/index.php\\\/2022\\\/02\\\/25\\\/editorial-a-hipotese-mais-temida-se-concretizou\\\/#breadcrumb\"},\"inLanguage\":\"pt-BR\",\"potentialAction\":[{\"@type\":\"ReadAction\",\"target\":[\"https:\\\/\\\/contabilidadecaxias.com.br\\\/index.php\\\/2022\\\/02\\\/25\\\/editorial-a-hipotese-mais-temida-se-concretizou\\\/\"]}]},{\"@type\":\"ImageObject\",\"inLanguage\":\"pt-BR\",\"@id\":\"https:\\\/\\\/contabilidadecaxias.com.br\\\/index.php\\\/2022\\\/02\\\/25\\\/editorial-a-hipotese-mais-temida-se-concretizou\\\/#primaryimage\",\"url\":\"https:\\\/\\\/contabilidadecaxias.com.br\\\/wp-content\\\/uploads\\\/2022\\\/02\\\/EDITORIAL-A-hipotese-mais-temida-se-concretizou0317703200202202241821-TdPP55.jpeg\",\"contentUrl\":\"https:\\\/\\\/contabilidadecaxias.com.br\\\/wp-content\\\/uploads\\\/2022\\\/02\\\/EDITORIAL-A-hipotese-mais-temida-se-concretizou0317703200202202241821-TdPP55.jpeg\",\"width\":945,\"height\":630},{\"@type\":\"BreadcrumbList\",\"@id\":\"https:\\\/\\\/contabilidadecaxias.com.br\\\/index.php\\\/2022\\\/02\\\/25\\\/editorial-a-hipotese-mais-temida-se-concretizou\\\/#breadcrumb\",\"itemListElement\":[{\"@type\":\"ListItem\",\"position\":1,\"name\":\"In\u00edcio\",\"item\":\"https:\\\/\\\/contabilidadecaxias.com.br\\\/\"},{\"@type\":\"ListItem\",\"position\":2,\"name\":\"EDITORIAL &#8211; A hip\u00f3tese mais temida se concretizou\"}]},{\"@type\":\"WebSite\",\"@id\":\"https:\\\/\\\/contabilidadecaxias.com.br\\\/#website\",\"url\":\"https:\\\/\\\/contabilidadecaxias.com.br\\\/\",\"name\":\"Contabilidade Caxias\",\"description\":\"Site especializado em Contabilidade para Caxias.\",\"potentialAction\":[{\"@type\":\"SearchAction\",\"target\":{\"@type\":\"EntryPoint\",\"urlTemplate\":\"https:\\\/\\\/contabilidadecaxias.com.br\\\/?s={search_term_string}\"},\"query-input\":{\"@type\":\"PropertyValueSpecification\",\"valueRequired\":true,\"valueName\":\"search_term_string\"}}],\"inLanguage\":\"pt-BR\"}]}<\/script>\n<!-- \/ Yoast SEO plugin. -->","yoast_head_json":{"title":"EDITORIAL - A hip\u00f3tese mais temida se concretizou - Contabilidade Caxias","robots":{"index":"index","follow":"follow","max-snippet":"max-snippet:-1","max-image-preview":"max-image-preview:large","max-video-preview":"max-video-preview:-1"},"canonical":"https:\/\/contabilidadecaxias.com.br\/index.php\/2022\/02\/25\/editorial-a-hipotese-mais-temida-se-concretizou\/","og_locale":"pt_BR","og_type":"article","og_title":"EDITORIAL - A hip\u00f3tese mais temida se concretizou - Contabilidade Caxias","og_description":"A op\u00e7\u00e3o mais temida pelo mundo desde que aumentaram as tens\u00f5es entre R\u00fassia e Ucr\u00e2nia se concretizou. O presidente da R\u00fassia, Vladimir Putin, investiu contra o pa\u00eds vizinho, em uma a\u00e7\u00e3o militar por terra, ar e mar. | \u00a0Foto: Aris Messinis \/ AFP\u00a0 Analistas pol\u00edticos lembram que \u00e9 o\u00a0maior ataque de um Estado contra outro [&hellip;]","og_url":"https:\/\/contabilidadecaxias.com.br\/index.php\/2022\/02\/25\/editorial-a-hipotese-mais-temida-se-concretizou\/","og_site_name":"Contabilidade Caxias","article_published_time":"2022-02-25T03:25:14+00:00","og_image":[{"width":945,"height":630,"url":"https:\/\/contabilidadecaxias.com.br\/wp-content\/uploads\/2022\/02\/EDITORIAL-A-hipotese-mais-temida-se-concretizou0317703200202202241821-TdPP55.jpeg","type":"image\/jpeg"}],"twitter_card":"summary_large_image","twitter_misc":{"Est. tempo de leitura":"2 minutos"},"schema":{"@context":"https:\/\/schema.org","@graph":[{"@type":"Article","@id":"https:\/\/contabilidadecaxias.com.br\/index.php\/2022\/02\/25\/editorial-a-hipotese-mais-temida-se-concretizou\/#article","isPartOf":{"@id":"https:\/\/contabilidadecaxias.com.br\/index.php\/2022\/02\/25\/editorial-a-hipotese-mais-temida-se-concretizou\/"},"author":{"name":"","@id":""},"headline":"EDITORIAL &#8211; A hip\u00f3tese mais temida se concretizou","datePublished":"2022-02-25T03:25:14+00:00","mainEntityOfPage":{"@id":"https:\/\/contabilidadecaxias.com.br\/index.php\/2022\/02\/25\/editorial-a-hipotese-mais-temida-se-concretizou\/"},"wordCount":489,"commentCount":0,"image":{"@id":"https:\/\/contabilidadecaxias.com.br\/index.php\/2022\/02\/25\/editorial-a-hipotese-mais-temida-se-concretizou\/#primaryimage"},"thumbnailUrl":"https:\/\/contabilidadecaxias.com.br\/wp-content\/uploads\/2022\/02\/EDITORIAL-A-hipotese-mais-temida-se-concretizou0317703200202202241821-TdPP55.jpeg","articleSection":["Empreendedorismo"],"inLanguage":"pt-BR","potentialAction":[{"@type":"CommentAction","name":"Comment","target":["https:\/\/contabilidadecaxias.com.br\/index.php\/2022\/02\/25\/editorial-a-hipotese-mais-temida-se-concretizou\/#respond"]}]},{"@type":"WebPage","@id":"https:\/\/contabilidadecaxias.com.br\/index.php\/2022\/02\/25\/editorial-a-hipotese-mais-temida-se-concretizou\/","url":"https:\/\/contabilidadecaxias.com.br\/index.php\/2022\/02\/25\/editorial-a-hipotese-mais-temida-se-concretizou\/","name":"EDITORIAL - A hip\u00f3tese mais temida se concretizou - Contabilidade Caxias","isPartOf":{"@id":"https:\/\/contabilidadecaxias.com.br\/#website"},"primaryImageOfPage":{"@id":"https:\/\/contabilidadecaxias.com.br\/index.php\/2022\/02\/25\/editorial-a-hipotese-mais-temida-se-concretizou\/#primaryimage"},"image":{"@id":"https:\/\/contabilidadecaxias.com.br\/index.php\/2022\/02\/25\/editorial-a-hipotese-mais-temida-se-concretizou\/#primaryimage"},"thumbnailUrl":"https:\/\/contabilidadecaxias.com.br\/wp-content\/uploads\/2022\/02\/EDITORIAL-A-hipotese-mais-temida-se-concretizou0317703200202202241821-TdPP55.jpeg","datePublished":"2022-02-25T03:25:14+00:00","author":{"@id":""},"breadcrumb":{"@id":"https:\/\/contabilidadecaxias.com.br\/index.php\/2022\/02\/25\/editorial-a-hipotese-mais-temida-se-concretizou\/#breadcrumb"},"inLanguage":"pt-BR","potentialAction":[{"@type":"ReadAction","target":["https:\/\/contabilidadecaxias.com.br\/index.php\/2022\/02\/25\/editorial-a-hipotese-mais-temida-se-concretizou\/"]}]},{"@type":"ImageObject","inLanguage":"pt-BR","@id":"https:\/\/contabilidadecaxias.com.br\/index.php\/2022\/02\/25\/editorial-a-hipotese-mais-temida-se-concretizou\/#primaryimage","url":"https:\/\/contabilidadecaxias.com.br\/wp-content\/uploads\/2022\/02\/EDITORIAL-A-hipotese-mais-temida-se-concretizou0317703200202202241821-TdPP55.jpeg","contentUrl":"https:\/\/contabilidadecaxias.com.br\/wp-content\/uploads\/2022\/02\/EDITORIAL-A-hipotese-mais-temida-se-concretizou0317703200202202241821-TdPP55.jpeg","width":945,"height":630},{"@type":"BreadcrumbList","@id":"https:\/\/contabilidadecaxias.com.br\/index.php\/2022\/02\/25\/editorial-a-hipotese-mais-temida-se-concretizou\/#breadcrumb","itemListElement":[{"@type":"ListItem","position":1,"name":"In\u00edcio","item":"https:\/\/contabilidadecaxias.com.br\/"},{"@type":"ListItem","position":2,"name":"EDITORIAL &#8211; A hip\u00f3tese mais temida se concretizou"}]},{"@type":"WebSite","@id":"https:\/\/contabilidadecaxias.com.br\/#website","url":"https:\/\/contabilidadecaxias.com.br\/","name":"Contabilidade Caxias","description":"Site especializado em Contabilidade para Caxias.","potentialAction":[{"@type":"SearchAction","target":{"@type":"EntryPoint","urlTemplate":"https:\/\/contabilidadecaxias.com.br\/?s={search_term_string}"},"query-input":{"@type":"PropertyValueSpecification","valueRequired":true,"valueName":"search_term_string"}}],"inLanguage":"pt-BR"}]}},"_links":{"self":[{"href":"https:\/\/contabilidadecaxias.com.br\/index.php\/wp-json\/wp\/v2\/posts\/1711","targetHints":{"allow":["GET"]}}],"collection":[{"href":"https:\/\/contabilidadecaxias.com.br\/index.php\/wp-json\/wp\/v2\/posts"}],"about":[{"href":"https:\/\/contabilidadecaxias.com.br\/index.php\/wp-json\/wp\/v2\/types\/post"}],"replies":[{"embeddable":true,"href":"https:\/\/contabilidadecaxias.com.br\/index.php\/wp-json\/wp\/v2\/comments?post=1711"}],"version-history":[{"count":0,"href":"https:\/\/contabilidadecaxias.com.br\/index.php\/wp-json\/wp\/v2\/posts\/1711\/revisions"}],"wp:featuredmedia":[{"embeddable":true,"href":"https:\/\/contabilidadecaxias.com.br\/index.php\/wp-json\/wp\/v2\/media\/1712"}],"wp:attachment":[{"href":"https:\/\/contabilidadecaxias.com.br\/index.php\/wp-json\/wp\/v2\/media?parent=1711"}],"wp:term":[{"taxonomy":"category","embeddable":true,"href":"https:\/\/contabilidadecaxias.com.br\/index.php\/wp-json\/wp\/v2\/categories?post=1711"},{"taxonomy":"post_tag","embeddable":true,"href":"https:\/\/contabilidadecaxias.com.br\/index.php\/wp-json\/wp\/v2\/tags?post=1711"}],"curies":[{"name":"wp","href":"https:\/\/api.w.org\/{rel}","templated":true}]}}