{"id":1599,"date":"2022-02-24T09:18:36","date_gmt":"2022-02-24T12:18:36","guid":{"rendered":"https:\/\/contabilidadecaxias.com.br\/index.php\/2022\/02\/24\/serra-critica-decisao-de-doria-de-encerrar-restricao-total-a-fumo-no-palacio-dos-bandeirantes\/"},"modified":"2022-02-24T09:18:36","modified_gmt":"2022-02-24T12:18:36","slug":"serra-critica-decisao-de-doria-de-encerrar-restricao-total-a-fumo-no-palacio-dos-bandeirantes","status":"publish","type":"post","link":"https:\/\/contabilidadecaxias.com.br\/index.php\/2022\/02\/24\/serra-critica-decisao-de-doria-de-encerrar-restricao-total-a-fumo-no-palacio-dos-bandeirantes\/","title":{"rendered":"Serra critica decis\u00e3o de Doria de encerrar restri\u00e7\u00e3o total a fumo no Pal\u00e1cio dos Bandeirantes"},"content":{"rendered":"<p>S\u00c3O PAULO, SP (FOLHAPRESS) &#8211; O senador Jos\u00e9 Serra (PSDB) disse \u00e0 coluna Painel, da Folha de S.Paulo, que n\u00e3o concorda com a cria\u00e7\u00e3o de um fum\u00f3dromo no jardim do Pal\u00e1cio dos Bandeirantes, executada pelo governador tucano Jo\u00e3o Doria.<\/p>\n<p>A recente instala\u00e7\u00e3o do espa\u00e7o para fumantes, revelada pela coluna, deu fim a uma pol\u00edtica de quase 15 anos de toler\u00e2ncia zero em rela\u00e7\u00e3o ao tabaco no Pal\u00e1cio, iniciada por Serra em 2007.<\/p>\n<p>&#8220;Eu n\u00e3o teria aberto esse precedente. Sempre defendi e pratiquei a pol\u00edtica de toler\u00e2ncia zero em rela\u00e7\u00e3o ao tabaco, desde minha gest\u00e3o na Sa\u00fade&#8221;, afirma Serra.<\/p>\n<p>&#8220;Ao implantar restri\u00e7\u00e3o total ao fumo no Pal\u00e1cio dos Bandeirantes, quis dificultar o acesso de funcion\u00e1rios e visitantes ao cigarro, com o fim de desestimular o v\u00edcio&#8221;, completa.<\/p>\n<p>Em 2008, com Serra, o Pal\u00e1cio recebeu o Selo de Ambiente Livre do Tabaco, na categoria Ouro, concedido somente aos espa\u00e7os 100% sem tabaco, em que funcion\u00e1rios e visitantes n\u00e3o fumam nas depend\u00eancias, sejam internas, externas ou at\u00e9 mesmo dentro de ve\u00edculos no estacionamento.<\/p>\n<p>A gest\u00e3o estadual implantou as pol\u00edticas mais firmes de proibi\u00e7\u00e3o ao cigarro no Pal\u00e1cio no segundo semestre de 2007. Vice-governador de Jos\u00e9 Serra no mandato, Alberto Goldman era obrigado a deixar as depend\u00eancias do Pal\u00e1cio para fumar charutos, diz reportagem da revista Veja da \u00e9poca, por exemplo.<\/p>\n<p>A Folha de S.Paulo mostrou que os \u00faltimos cinzeiros de tr\u00eas fum\u00f3dromos foram retirados do Pal\u00e1cio dos Bandeirantes em setembro daquele ano e os funcion\u00e1rios passaram a ser multados quando flagrados fumando, inclusive nos jardins \u0097onde hoje est\u00e1 localizado o fum\u00f3dromo de Doria.<\/p>\n<p>Em um ano, de 2007 a 2008, 50 dos 190 funcion\u00e1rios que eram fumantes abandonaram o cigarro, segundo levantamento feito pela gest\u00e3o Serra. H\u00e1 at\u00e9 hoje placas nas paredes que dizem que fumar \u00e9 proibido em todos os ambientes do Pal\u00e1cio.<\/p>\n<p>A ideia de Serra com a proibi\u00e7\u00e3o inflex\u00edvel era a de transformar o Pal\u00e1cio em um exemplo para que estabelecimentos comerciais aderissem \u00e0s pol\u00edticas de restri\u00e7\u00e3o. O ent\u00e3o governador, atualmente senador, sancionou a Lei Estadual Antifumo em 2009, proibindo a pr\u00e1tica nos ambientes fechados de uso coletivo.<\/p>\n<p>O selo e a pol\u00edtica associada s\u00e3o constantemente exaltados como motivos de orgulho das gest\u00f5es tucanas em S\u00e3o Paulo.<\/p>\n<p>O novo fum\u00f3dromo do Pal\u00e1cio tem cinzeiros verticais de metal, bancos de madeira e fica sobre uma camada de brita.<\/p>\n<p>&#8220;O Pal\u00e1cio foi um dos primeiros lugares a se declarar 100% antifumo. \u00c9 um retrocesso em rela\u00e7\u00e3o ao exemplo que o governo do estado d\u00e1 \u00e0 popula\u00e7\u00e3o. Desmerece o selo que tem. \u00c9 lament\u00e1vel, espero que revejam a iniciativa&#8221;, diz a advogada Adriana Carvalho, diretora jur\u00eddica da ACT Promo\u00e7\u00e3o da Sa\u00fade (Alian\u00e7a de Controle do Tabagismo).<\/p>\n<p>&#8220;O selo \u00e9 um reconhecimento, um compromisso de boas pr\u00e1ticas. Tem uma quest\u00e3o simb\u00f3lica, o Pal\u00e1cio adotava uma pol\u00edtica interna mais protetiva do que a lei, era totalmente livre de tabaco, e agora est\u00e1 recuando&#8221;, completa Adriana.<\/p>\n<p>Segundo apurou a reportagem, Doria se disse incomodado com a presen\u00e7a dos fumantes na portaria do Pal\u00e1cio e por isso determinou a cria\u00e7\u00e3o do espa\u00e7o, que fica no jardim, aberto, mas pr\u00f3ximo a mesas de almo\u00e7o, o que gera potencial de dano a n\u00e3o-fumantes.<\/p>\n<p>Em nota, o governo de SP diz que defende e respeita a Lei Antifumo e que o espa\u00e7o \u00e9 em uma \u00e1rea ao ar livre e arborizada, e &#8220;a lei permite o consumo de cigarros em ambientes abertos&#8221;. O texto tamb\u00e9m diz que a medida visa garantir mais conforto e seguran\u00e7a a funcion\u00e1rios e visitantes.<\/p>","protected":false},"excerpt":{"rendered":"<p>S\u00c3O PAULO, SP (FOLHAPRESS) &#8211; O senador Jos\u00e9 Serra (PSDB) disse \u00e0 coluna Painel, da Folha de S.Paulo, que n\u00e3o concorda com a cria\u00e7\u00e3o de um fum\u00f3dromo no jardim do Pal\u00e1cio dos Bandeirantes, executada pelo governador tucano Jo\u00e3o Doria. A recente instala\u00e7\u00e3o do espa\u00e7o para fumantes, revelada pela coluna, deu fim a uma pol\u00edtica de [&hellip;]<\/p>\n","protected":false},"author":0,"featured_media":0,"comment_status":"open","ping_status":"open","sticky":false,"template":"","format":"standard","meta":{"footnotes":""},"categories":[4],"tags":[],"class_list":["post-1599","post","type-post","status-publish","format-standard","hentry","category-noticias-empreendedorismo"],"blocksy_meta":{"styles_descriptor":{"styles":{"desktop":"","tablet":"","mobile":""},"google_fonts":[],"version":6}},"yoast_head":"<!-- This site is optimized with the Yoast SEO plugin v27.5 - https:\/\/yoast.com\/product\/yoast-seo-wordpress\/ -->\n<title>Serra critica decis\u00e3o de Doria de encerrar restri\u00e7\u00e3o total a fumo no Pal\u00e1cio dos Bandeirantes - Contabilidade Caxias<\/title>\n<meta name=\"robots\" content=\"index, follow, max-snippet:-1, max-image-preview:large, max-video-preview:-1\" \/>\n<link rel=\"canonical\" href=\"https:\/\/contabilidadecaxias.com.br\/index.php\/2022\/02\/24\/serra-critica-decisao-de-doria-de-encerrar-restricao-total-a-fumo-no-palacio-dos-bandeirantes\/\" \/>\n<meta property=\"og:locale\" content=\"pt_BR\" \/>\n<meta property=\"og:type\" content=\"article\" \/>\n<meta property=\"og:title\" content=\"Serra critica decis\u00e3o de Doria de encerrar restri\u00e7\u00e3o total a fumo no Pal\u00e1cio dos Bandeirantes - Contabilidade Caxias\" \/>\n<meta property=\"og:description\" content=\"S\u00c3O PAULO, SP (FOLHAPRESS) &#8211; O senador Jos\u00e9 Serra (PSDB) disse \u00e0 coluna Painel, da Folha de S.Paulo, que n\u00e3o concorda com a cria\u00e7\u00e3o de um fum\u00f3dromo no jardim do Pal\u00e1cio dos Bandeirantes, executada pelo governador tucano Jo\u00e3o Doria. A recente instala\u00e7\u00e3o do espa\u00e7o para fumantes, revelada pela coluna, deu fim a uma pol\u00edtica de [&hellip;]\" \/>\n<meta property=\"og:url\" content=\"https:\/\/contabilidadecaxias.com.br\/index.php\/2022\/02\/24\/serra-critica-decisao-de-doria-de-encerrar-restricao-total-a-fumo-no-palacio-dos-bandeirantes\/\" \/>\n<meta property=\"og:site_name\" content=\"Contabilidade Caxias\" \/>\n<meta property=\"article:published_time\" content=\"2022-02-24T12:18:36+00:00\" \/>\n<meta name=\"twitter:card\" content=\"summary_large_image\" \/>\n<meta name=\"twitter:label1\" content=\"Est. tempo de leitura\" \/>\n\t<meta name=\"twitter:data1\" content=\"3 minutos\" \/>\n<script type=\"application\/ld+json\" class=\"yoast-schema-graph\">{\"@context\":\"https:\\\/\\\/schema.org\",\"@graph\":[{\"@type\":\"Article\",\"@id\":\"https:\\\/\\\/contabilidadecaxias.com.br\\\/index.php\\\/2022\\\/02\\\/24\\\/serra-critica-decisao-de-doria-de-encerrar-restricao-total-a-fumo-no-palacio-dos-bandeirantes\\\/#article\",\"isPartOf\":{\"@id\":\"https:\\\/\\\/contabilidadecaxias.com.br\\\/index.php\\\/2022\\\/02\\\/24\\\/serra-critica-decisao-de-doria-de-encerrar-restricao-total-a-fumo-no-palacio-dos-bandeirantes\\\/\"},\"author\":{\"name\":\"\",\"@id\":\"\"},\"headline\":\"Serra critica decis\u00e3o de Doria de encerrar restri\u00e7\u00e3o total a fumo no Pal\u00e1cio dos Bandeirantes\",\"datePublished\":\"2022-02-24T12:18:36+00:00\",\"mainEntityOfPage\":{\"@id\":\"https:\\\/\\\/contabilidadecaxias.com.br\\\/index.php\\\/2022\\\/02\\\/24\\\/serra-critica-decisao-de-doria-de-encerrar-restricao-total-a-fumo-no-palacio-dos-bandeirantes\\\/\"},\"wordCount\":660,\"commentCount\":0,\"articleSection\":[\"Empreendedorismo\"],\"inLanguage\":\"pt-BR\",\"potentialAction\":[{\"@type\":\"CommentAction\",\"name\":\"Comment\",\"target\":[\"https:\\\/\\\/contabilidadecaxias.com.br\\\/index.php\\\/2022\\\/02\\\/24\\\/serra-critica-decisao-de-doria-de-encerrar-restricao-total-a-fumo-no-palacio-dos-bandeirantes\\\/#respond\"]}]},{\"@type\":\"WebPage\",\"@id\":\"https:\\\/\\\/contabilidadecaxias.com.br\\\/index.php\\\/2022\\\/02\\\/24\\\/serra-critica-decisao-de-doria-de-encerrar-restricao-total-a-fumo-no-palacio-dos-bandeirantes\\\/\",\"url\":\"https:\\\/\\\/contabilidadecaxias.com.br\\\/index.php\\\/2022\\\/02\\\/24\\\/serra-critica-decisao-de-doria-de-encerrar-restricao-total-a-fumo-no-palacio-dos-bandeirantes\\\/\",\"name\":\"Serra critica decis\u00e3o de Doria de encerrar restri\u00e7\u00e3o total a fumo no Pal\u00e1cio dos Bandeirantes - Contabilidade Caxias\",\"isPartOf\":{\"@id\":\"https:\\\/\\\/contabilidadecaxias.com.br\\\/#website\"},\"datePublished\":\"2022-02-24T12:18:36+00:00\",\"author\":{\"@id\":\"\"},\"breadcrumb\":{\"@id\":\"https:\\\/\\\/contabilidadecaxias.com.br\\\/index.php\\\/2022\\\/02\\\/24\\\/serra-critica-decisao-de-doria-de-encerrar-restricao-total-a-fumo-no-palacio-dos-bandeirantes\\\/#breadcrumb\"},\"inLanguage\":\"pt-BR\",\"potentialAction\":[{\"@type\":\"ReadAction\",\"target\":[\"https:\\\/\\\/contabilidadecaxias.com.br\\\/index.php\\\/2022\\\/02\\\/24\\\/serra-critica-decisao-de-doria-de-encerrar-restricao-total-a-fumo-no-palacio-dos-bandeirantes\\\/\"]}]},{\"@type\":\"BreadcrumbList\",\"@id\":\"https:\\\/\\\/contabilidadecaxias.com.br\\\/index.php\\\/2022\\\/02\\\/24\\\/serra-critica-decisao-de-doria-de-encerrar-restricao-total-a-fumo-no-palacio-dos-bandeirantes\\\/#breadcrumb\",\"itemListElement\":[{\"@type\":\"ListItem\",\"position\":1,\"name\":\"In\u00edcio\",\"item\":\"https:\\\/\\\/contabilidadecaxias.com.br\\\/\"},{\"@type\":\"ListItem\",\"position\":2,\"name\":\"Serra critica decis\u00e3o de Doria de encerrar restri\u00e7\u00e3o total a fumo no Pal\u00e1cio dos Bandeirantes\"}]},{\"@type\":\"WebSite\",\"@id\":\"https:\\\/\\\/contabilidadecaxias.com.br\\\/#website\",\"url\":\"https:\\\/\\\/contabilidadecaxias.com.br\\\/\",\"name\":\"Contabilidade Caxias\",\"description\":\"Site especializado em Contabilidade para Caxias.\",\"potentialAction\":[{\"@type\":\"SearchAction\",\"target\":{\"@type\":\"EntryPoint\",\"urlTemplate\":\"https:\\\/\\\/contabilidadecaxias.com.br\\\/?s={search_term_string}\"},\"query-input\":{\"@type\":\"PropertyValueSpecification\",\"valueRequired\":true,\"valueName\":\"search_term_string\"}}],\"inLanguage\":\"pt-BR\"}]}<\/script>\n<!-- \/ Yoast SEO plugin. -->","yoast_head_json":{"title":"Serra critica decis\u00e3o de Doria de encerrar restri\u00e7\u00e3o total a fumo no Pal\u00e1cio dos Bandeirantes - Contabilidade Caxias","robots":{"index":"index","follow":"follow","max-snippet":"max-snippet:-1","max-image-preview":"max-image-preview:large","max-video-preview":"max-video-preview:-1"},"canonical":"https:\/\/contabilidadecaxias.com.br\/index.php\/2022\/02\/24\/serra-critica-decisao-de-doria-de-encerrar-restricao-total-a-fumo-no-palacio-dos-bandeirantes\/","og_locale":"pt_BR","og_type":"article","og_title":"Serra critica decis\u00e3o de Doria de encerrar restri\u00e7\u00e3o total a fumo no Pal\u00e1cio dos Bandeirantes - Contabilidade Caxias","og_description":"S\u00c3O PAULO, SP (FOLHAPRESS) &#8211; O senador Jos\u00e9 Serra (PSDB) disse \u00e0 coluna Painel, da Folha de S.Paulo, que n\u00e3o concorda com a cria\u00e7\u00e3o de um fum\u00f3dromo no jardim do Pal\u00e1cio dos Bandeirantes, executada pelo governador tucano Jo\u00e3o Doria. A recente instala\u00e7\u00e3o do espa\u00e7o para fumantes, revelada pela coluna, deu fim a uma pol\u00edtica de [&hellip;]","og_url":"https:\/\/contabilidadecaxias.com.br\/index.php\/2022\/02\/24\/serra-critica-decisao-de-doria-de-encerrar-restricao-total-a-fumo-no-palacio-dos-bandeirantes\/","og_site_name":"Contabilidade Caxias","article_published_time":"2022-02-24T12:18:36+00:00","twitter_card":"summary_large_image","twitter_misc":{"Est. tempo de leitura":"3 minutos"},"schema":{"@context":"https:\/\/schema.org","@graph":[{"@type":"Article","@id":"https:\/\/contabilidadecaxias.com.br\/index.php\/2022\/02\/24\/serra-critica-decisao-de-doria-de-encerrar-restricao-total-a-fumo-no-palacio-dos-bandeirantes\/#article","isPartOf":{"@id":"https:\/\/contabilidadecaxias.com.br\/index.php\/2022\/02\/24\/serra-critica-decisao-de-doria-de-encerrar-restricao-total-a-fumo-no-palacio-dos-bandeirantes\/"},"author":{"name":"","@id":""},"headline":"Serra critica decis\u00e3o de Doria de encerrar restri\u00e7\u00e3o total a fumo no Pal\u00e1cio dos Bandeirantes","datePublished":"2022-02-24T12:18:36+00:00","mainEntityOfPage":{"@id":"https:\/\/contabilidadecaxias.com.br\/index.php\/2022\/02\/24\/serra-critica-decisao-de-doria-de-encerrar-restricao-total-a-fumo-no-palacio-dos-bandeirantes\/"},"wordCount":660,"commentCount":0,"articleSection":["Empreendedorismo"],"inLanguage":"pt-BR","potentialAction":[{"@type":"CommentAction","name":"Comment","target":["https:\/\/contabilidadecaxias.com.br\/index.php\/2022\/02\/24\/serra-critica-decisao-de-doria-de-encerrar-restricao-total-a-fumo-no-palacio-dos-bandeirantes\/#respond"]}]},{"@type":"WebPage","@id":"https:\/\/contabilidadecaxias.com.br\/index.php\/2022\/02\/24\/serra-critica-decisao-de-doria-de-encerrar-restricao-total-a-fumo-no-palacio-dos-bandeirantes\/","url":"https:\/\/contabilidadecaxias.com.br\/index.php\/2022\/02\/24\/serra-critica-decisao-de-doria-de-encerrar-restricao-total-a-fumo-no-palacio-dos-bandeirantes\/","name":"Serra critica decis\u00e3o de Doria de encerrar restri\u00e7\u00e3o total a fumo no Pal\u00e1cio dos Bandeirantes - Contabilidade Caxias","isPartOf":{"@id":"https:\/\/contabilidadecaxias.com.br\/#website"},"datePublished":"2022-02-24T12:18:36+00:00","author":{"@id":""},"breadcrumb":{"@id":"https:\/\/contabilidadecaxias.com.br\/index.php\/2022\/02\/24\/serra-critica-decisao-de-doria-de-encerrar-restricao-total-a-fumo-no-palacio-dos-bandeirantes\/#breadcrumb"},"inLanguage":"pt-BR","potentialAction":[{"@type":"ReadAction","target":["https:\/\/contabilidadecaxias.com.br\/index.php\/2022\/02\/24\/serra-critica-decisao-de-doria-de-encerrar-restricao-total-a-fumo-no-palacio-dos-bandeirantes\/"]}]},{"@type":"BreadcrumbList","@id":"https:\/\/contabilidadecaxias.com.br\/index.php\/2022\/02\/24\/serra-critica-decisao-de-doria-de-encerrar-restricao-total-a-fumo-no-palacio-dos-bandeirantes\/#breadcrumb","itemListElement":[{"@type":"ListItem","position":1,"name":"In\u00edcio","item":"https:\/\/contabilidadecaxias.com.br\/"},{"@type":"ListItem","position":2,"name":"Serra critica decis\u00e3o de Doria de encerrar restri\u00e7\u00e3o total a fumo no Pal\u00e1cio dos Bandeirantes"}]},{"@type":"WebSite","@id":"https:\/\/contabilidadecaxias.com.br\/#website","url":"https:\/\/contabilidadecaxias.com.br\/","name":"Contabilidade Caxias","description":"Site especializado em Contabilidade para Caxias.","potentialAction":[{"@type":"SearchAction","target":{"@type":"EntryPoint","urlTemplate":"https:\/\/contabilidadecaxias.com.br\/?s={search_term_string}"},"query-input":{"@type":"PropertyValueSpecification","valueRequired":true,"valueName":"search_term_string"}}],"inLanguage":"pt-BR"}]}},"_links":{"self":[{"href":"https:\/\/contabilidadecaxias.com.br\/index.php\/wp-json\/wp\/v2\/posts\/1599","targetHints":{"allow":["GET"]}}],"collection":[{"href":"https:\/\/contabilidadecaxias.com.br\/index.php\/wp-json\/wp\/v2\/posts"}],"about":[{"href":"https:\/\/contabilidadecaxias.com.br\/index.php\/wp-json\/wp\/v2\/types\/post"}],"replies":[{"embeddable":true,"href":"https:\/\/contabilidadecaxias.com.br\/index.php\/wp-json\/wp\/v2\/comments?post=1599"}],"version-history":[{"count":0,"href":"https:\/\/contabilidadecaxias.com.br\/index.php\/wp-json\/wp\/v2\/posts\/1599\/revisions"}],"wp:attachment":[{"href":"https:\/\/contabilidadecaxias.com.br\/index.php\/wp-json\/wp\/v2\/media?parent=1599"}],"wp:term":[{"taxonomy":"category","embeddable":true,"href":"https:\/\/contabilidadecaxias.com.br\/index.php\/wp-json\/wp\/v2\/categories?post=1599"},{"taxonomy":"post_tag","embeddable":true,"href":"https:\/\/contabilidadecaxias.com.br\/index.php\/wp-json\/wp\/v2\/tags?post=1599"}],"curies":[{"name":"wp","href":"https:\/\/api.w.org\/{rel}","templated":true}]}}