{"id":15900,"date":"2022-10-05T18:02:16","date_gmt":"2022-10-05T21:02:16","guid":{"rendered":"https:\/\/contabilidadecaxias.com.br\/index.php\/2022\/10\/05\/determinada-reintegracao-de-gestor-demitido-apos-denunciar-caso-de-assedio-sexual\/"},"modified":"2022-10-05T18:02:16","modified_gmt":"2022-10-05T21:02:16","slug":"determinada-reintegracao-de-gestor-demitido-apos-denunciar-caso-de-assedio-sexual","status":"publish","type":"post","link":"https:\/\/contabilidadecaxias.com.br\/index.php\/2022\/10\/05\/determinada-reintegracao-de-gestor-demitido-apos-denunciar-caso-de-assedio-sexual\/","title":{"rendered":"Determinada reintegra\u00e7\u00e3o de gestor demitido ap\u00f3s denunciar caso de ass\u00e9dio sexual"},"content":{"rendered":"<\/p>\n<p>05\/10\/2022 &#8211; A Oitava Turma do Tribunal Superior do Trabalho (TST) rejeitou o recurso da Companhia de G\u00e1s de S\u00e3o Paulo (Comg\u00e1s) contra a reintegra\u00e7\u00e3o de um gestor dispensado ap\u00f3s reportar den\u00fancia de uma subordinada que teria sofrido ass\u00e9dio sexual de um diretor.<\/p>\n<p>Assim, manteve decis\u00e3o do Tribunal Regional do Trabalho da 2\u00aa Regi\u00e3o (SP) que, al\u00e9m da reintegra\u00e7\u00e3o em fun\u00e7\u00e3o compat\u00edvel com a da \u00e9poca, determinou o pagamento de indeniza\u00e7\u00e3o por danos morais e materiais.<\/p>\n<p>Processo:\u00a0<a href=\"https:\/\/consultaprocessual.tst.jus.br\/consultaProcessual\/consultaTstNumUnica.do?consulta=Consultar&amp;conscsjt=&amp;numeroTst=205000&amp;digitoTst=15&amp;anoTst=2008&amp;orgaoTst=5&amp;tribunalTst=02&amp;varaTst=0073&amp;submit=Consultar\" target=\"_blank\" rel=\"noopener\">RR-205000-15.2008.5.02.0073<\/a><\/p>\n","protected":false},"excerpt":{"rendered":"<p>05\/10\/2022 &#8211; A Oitava Turma do Tribunal Superior do Trabalho (TST) rejeitou o recurso da Companhia de G\u00e1s de S\u00e3o Paulo (Comg\u00e1s) contra a reintegra\u00e7\u00e3o de um gestor dispensado ap\u00f3s reportar den\u00fancia de uma subordinada que teria sofrido ass\u00e9dio sexual de um diretor. Assim, manteve decis\u00e3o do Tribunal Regional do Trabalho da 2\u00aa Regi\u00e3o (SP) [&hellip;]<\/p>\n","protected":false},"author":0,"featured_media":0,"comment_status":"open","ping_status":"","sticky":false,"template":"","format":"standard","meta":{"footnotes":""},"categories":[5],"tags":[],"class_list":["post-15900","post","type-post","status-publish","format-standard","hentry","category-noticias-educacao-financeira"],"blocksy_meta":{"styles_descriptor":{"styles":{"desktop":"","tablet":"","mobile":""},"google_fonts":[],"version":6}},"yoast_head":"<!-- This site is optimized with the Yoast SEO plugin v27.5 - https:\/\/yoast.com\/product\/yoast-seo-wordpress\/ -->\n<title>Determinada reintegra\u00e7\u00e3o de gestor demitido ap\u00f3s denunciar caso de ass\u00e9dio sexual - Contabilidade Caxias<\/title>\n<meta name=\"robots\" content=\"index, follow, max-snippet:-1, max-image-preview:large, max-video-preview:-1\" \/>\n<link rel=\"canonical\" href=\"https:\/\/contabilidadecaxias.com.br\/index.php\/2022\/10\/05\/determinada-reintegracao-de-gestor-demitido-apos-denunciar-caso-de-assedio-sexual\/\" \/>\n<meta property=\"og:locale\" content=\"pt_BR\" \/>\n<meta property=\"og:type\" content=\"article\" \/>\n<meta property=\"og:title\" content=\"Determinada reintegra\u00e7\u00e3o de gestor demitido ap\u00f3s denunciar caso de ass\u00e9dio sexual - Contabilidade Caxias\" \/>\n<meta property=\"og:description\" content=\"05\/10\/2022 &#8211; A Oitava Turma do Tribunal Superior do Trabalho (TST) rejeitou o recurso da Companhia de G\u00e1s de S\u00e3o Paulo (Comg\u00e1s) contra a reintegra\u00e7\u00e3o de um gestor dispensado ap\u00f3s reportar den\u00fancia de uma subordinada que teria sofrido ass\u00e9dio sexual de um diretor. Assim, manteve decis\u00e3o do Tribunal Regional do Trabalho da 2\u00aa Regi\u00e3o (SP) [&hellip;]\" \/>\n<meta property=\"og:url\" content=\"https:\/\/contabilidadecaxias.com.br\/index.php\/2022\/10\/05\/determinada-reintegracao-de-gestor-demitido-apos-denunciar-caso-de-assedio-sexual\/\" \/>\n<meta property=\"og:site_name\" content=\"Contabilidade Caxias\" \/>\n<meta property=\"article:published_time\" content=\"2022-10-05T21:02:16+00:00\" \/>\n<meta name=\"twitter:card\" content=\"summary_large_image\" \/>\n<script type=\"application\/ld+json\" class=\"yoast-schema-graph\">{\"@context\":\"https:\\\/\\\/schema.org\",\"@graph\":[{\"@type\":\"Article\",\"@id\":\"https:\\\/\\\/contabilidadecaxias.com.br\\\/index.php\\\/2022\\\/10\\\/05\\\/determinada-reintegracao-de-gestor-demitido-apos-denunciar-caso-de-assedio-sexual\\\/#article\",\"isPartOf\":{\"@id\":\"https:\\\/\\\/contabilidadecaxias.com.br\\\/index.php\\\/2022\\\/10\\\/05\\\/determinada-reintegracao-de-gestor-demitido-apos-denunciar-caso-de-assedio-sexual\\\/\"},\"author\":{\"name\":\"\",\"@id\":\"\"},\"headline\":\"Determinada reintegra\u00e7\u00e3o de gestor demitido ap\u00f3s denunciar caso de ass\u00e9dio sexual\",\"datePublished\":\"2022-10-05T21:02:16+00:00\",\"mainEntityOfPage\":{\"@id\":\"https:\\\/\\\/contabilidadecaxias.com.br\\\/index.php\\\/2022\\\/10\\\/05\\\/determinada-reintegracao-de-gestor-demitido-apos-denunciar-caso-de-assedio-sexual\\\/\"},\"wordCount\":105,\"commentCount\":0,\"articleSection\":[\"Educa\u00e7\u00e3o Financeira\"],\"inLanguage\":\"pt-BR\",\"potentialAction\":[{\"@type\":\"CommentAction\",\"name\":\"Comment\",\"target\":[\"https:\\\/\\\/contabilidadecaxias.com.br\\\/index.php\\\/2022\\\/10\\\/05\\\/determinada-reintegracao-de-gestor-demitido-apos-denunciar-caso-de-assedio-sexual\\\/#respond\"]}]},{\"@type\":\"WebPage\",\"@id\":\"https:\\\/\\\/contabilidadecaxias.com.br\\\/index.php\\\/2022\\\/10\\\/05\\\/determinada-reintegracao-de-gestor-demitido-apos-denunciar-caso-de-assedio-sexual\\\/\",\"url\":\"https:\\\/\\\/contabilidadecaxias.com.br\\\/index.php\\\/2022\\\/10\\\/05\\\/determinada-reintegracao-de-gestor-demitido-apos-denunciar-caso-de-assedio-sexual\\\/\",\"name\":\"Determinada reintegra\u00e7\u00e3o de gestor demitido ap\u00f3s denunciar caso de ass\u00e9dio sexual - Contabilidade Caxias\",\"isPartOf\":{\"@id\":\"https:\\\/\\\/contabilidadecaxias.com.br\\\/#website\"},\"datePublished\":\"2022-10-05T21:02:16+00:00\",\"author\":{\"@id\":\"\"},\"breadcrumb\":{\"@id\":\"https:\\\/\\\/contabilidadecaxias.com.br\\\/index.php\\\/2022\\\/10\\\/05\\\/determinada-reintegracao-de-gestor-demitido-apos-denunciar-caso-de-assedio-sexual\\\/#breadcrumb\"},\"inLanguage\":\"pt-BR\",\"potentialAction\":[{\"@type\":\"ReadAction\",\"target\":[\"https:\\\/\\\/contabilidadecaxias.com.br\\\/index.php\\\/2022\\\/10\\\/05\\\/determinada-reintegracao-de-gestor-demitido-apos-denunciar-caso-de-assedio-sexual\\\/\"]}]},{\"@type\":\"BreadcrumbList\",\"@id\":\"https:\\\/\\\/contabilidadecaxias.com.br\\\/index.php\\\/2022\\\/10\\\/05\\\/determinada-reintegracao-de-gestor-demitido-apos-denunciar-caso-de-assedio-sexual\\\/#breadcrumb\",\"itemListElement\":[{\"@type\":\"ListItem\",\"position\":1,\"name\":\"In\u00edcio\",\"item\":\"https:\\\/\\\/contabilidadecaxias.com.br\\\/\"},{\"@type\":\"ListItem\",\"position\":2,\"name\":\"Determinada reintegra\u00e7\u00e3o de gestor demitido ap\u00f3s denunciar caso de ass\u00e9dio sexual\"}]},{\"@type\":\"WebSite\",\"@id\":\"https:\\\/\\\/contabilidadecaxias.com.br\\\/#website\",\"url\":\"https:\\\/\\\/contabilidadecaxias.com.br\\\/\",\"name\":\"Contabilidade Caxias\",\"description\":\"Site especializado em Contabilidade para Caxias.\",\"potentialAction\":[{\"@type\":\"SearchAction\",\"target\":{\"@type\":\"EntryPoint\",\"urlTemplate\":\"https:\\\/\\\/contabilidadecaxias.com.br\\\/?s={search_term_string}\"},\"query-input\":{\"@type\":\"PropertyValueSpecification\",\"valueRequired\":true,\"valueName\":\"search_term_string\"}}],\"inLanguage\":\"pt-BR\"}]}<\/script>\n<!-- \/ Yoast SEO plugin. -->","yoast_head_json":{"title":"Determinada reintegra\u00e7\u00e3o de gestor demitido ap\u00f3s denunciar caso de ass\u00e9dio sexual - Contabilidade Caxias","robots":{"index":"index","follow":"follow","max-snippet":"max-snippet:-1","max-image-preview":"max-image-preview:large","max-video-preview":"max-video-preview:-1"},"canonical":"https:\/\/contabilidadecaxias.com.br\/index.php\/2022\/10\/05\/determinada-reintegracao-de-gestor-demitido-apos-denunciar-caso-de-assedio-sexual\/","og_locale":"pt_BR","og_type":"article","og_title":"Determinada reintegra\u00e7\u00e3o de gestor demitido ap\u00f3s denunciar caso de ass\u00e9dio sexual - Contabilidade Caxias","og_description":"05\/10\/2022 &#8211; A Oitava Turma do Tribunal Superior do Trabalho (TST) rejeitou o recurso da Companhia de G\u00e1s de S\u00e3o Paulo (Comg\u00e1s) contra a reintegra\u00e7\u00e3o de um gestor dispensado ap\u00f3s reportar den\u00fancia de uma subordinada que teria sofrido ass\u00e9dio sexual de um diretor. Assim, manteve decis\u00e3o do Tribunal Regional do Trabalho da 2\u00aa Regi\u00e3o (SP) [&hellip;]","og_url":"https:\/\/contabilidadecaxias.com.br\/index.php\/2022\/10\/05\/determinada-reintegracao-de-gestor-demitido-apos-denunciar-caso-de-assedio-sexual\/","og_site_name":"Contabilidade Caxias","article_published_time":"2022-10-05T21:02:16+00:00","twitter_card":"summary_large_image","schema":{"@context":"https:\/\/schema.org","@graph":[{"@type":"Article","@id":"https:\/\/contabilidadecaxias.com.br\/index.php\/2022\/10\/05\/determinada-reintegracao-de-gestor-demitido-apos-denunciar-caso-de-assedio-sexual\/#article","isPartOf":{"@id":"https:\/\/contabilidadecaxias.com.br\/index.php\/2022\/10\/05\/determinada-reintegracao-de-gestor-demitido-apos-denunciar-caso-de-assedio-sexual\/"},"author":{"name":"","@id":""},"headline":"Determinada reintegra\u00e7\u00e3o de gestor demitido ap\u00f3s denunciar caso de ass\u00e9dio sexual","datePublished":"2022-10-05T21:02:16+00:00","mainEntityOfPage":{"@id":"https:\/\/contabilidadecaxias.com.br\/index.php\/2022\/10\/05\/determinada-reintegracao-de-gestor-demitido-apos-denunciar-caso-de-assedio-sexual\/"},"wordCount":105,"commentCount":0,"articleSection":["Educa\u00e7\u00e3o Financeira"],"inLanguage":"pt-BR","potentialAction":[{"@type":"CommentAction","name":"Comment","target":["https:\/\/contabilidadecaxias.com.br\/index.php\/2022\/10\/05\/determinada-reintegracao-de-gestor-demitido-apos-denunciar-caso-de-assedio-sexual\/#respond"]}]},{"@type":"WebPage","@id":"https:\/\/contabilidadecaxias.com.br\/index.php\/2022\/10\/05\/determinada-reintegracao-de-gestor-demitido-apos-denunciar-caso-de-assedio-sexual\/","url":"https:\/\/contabilidadecaxias.com.br\/index.php\/2022\/10\/05\/determinada-reintegracao-de-gestor-demitido-apos-denunciar-caso-de-assedio-sexual\/","name":"Determinada reintegra\u00e7\u00e3o de gestor demitido ap\u00f3s denunciar caso de ass\u00e9dio sexual - Contabilidade Caxias","isPartOf":{"@id":"https:\/\/contabilidadecaxias.com.br\/#website"},"datePublished":"2022-10-05T21:02:16+00:00","author":{"@id":""},"breadcrumb":{"@id":"https:\/\/contabilidadecaxias.com.br\/index.php\/2022\/10\/05\/determinada-reintegracao-de-gestor-demitido-apos-denunciar-caso-de-assedio-sexual\/#breadcrumb"},"inLanguage":"pt-BR","potentialAction":[{"@type":"ReadAction","target":["https:\/\/contabilidadecaxias.com.br\/index.php\/2022\/10\/05\/determinada-reintegracao-de-gestor-demitido-apos-denunciar-caso-de-assedio-sexual\/"]}]},{"@type":"BreadcrumbList","@id":"https:\/\/contabilidadecaxias.com.br\/index.php\/2022\/10\/05\/determinada-reintegracao-de-gestor-demitido-apos-denunciar-caso-de-assedio-sexual\/#breadcrumb","itemListElement":[{"@type":"ListItem","position":1,"name":"In\u00edcio","item":"https:\/\/contabilidadecaxias.com.br\/"},{"@type":"ListItem","position":2,"name":"Determinada reintegra\u00e7\u00e3o de gestor demitido ap\u00f3s denunciar caso de ass\u00e9dio sexual"}]},{"@type":"WebSite","@id":"https:\/\/contabilidadecaxias.com.br\/#website","url":"https:\/\/contabilidadecaxias.com.br\/","name":"Contabilidade Caxias","description":"Site especializado em Contabilidade para Caxias.","potentialAction":[{"@type":"SearchAction","target":{"@type":"EntryPoint","urlTemplate":"https:\/\/contabilidadecaxias.com.br\/?s={search_term_string}"},"query-input":{"@type":"PropertyValueSpecification","valueRequired":true,"valueName":"search_term_string"}}],"inLanguage":"pt-BR"}]}},"_links":{"self":[{"href":"https:\/\/contabilidadecaxias.com.br\/index.php\/wp-json\/wp\/v2\/posts\/15900","targetHints":{"allow":["GET"]}}],"collection":[{"href":"https:\/\/contabilidadecaxias.com.br\/index.php\/wp-json\/wp\/v2\/posts"}],"about":[{"href":"https:\/\/contabilidadecaxias.com.br\/index.php\/wp-json\/wp\/v2\/types\/post"}],"replies":[{"embeddable":true,"href":"https:\/\/contabilidadecaxias.com.br\/index.php\/wp-json\/wp\/v2\/comments?post=15900"}],"version-history":[{"count":0,"href":"https:\/\/contabilidadecaxias.com.br\/index.php\/wp-json\/wp\/v2\/posts\/15900\/revisions"}],"wp:attachment":[{"href":"https:\/\/contabilidadecaxias.com.br\/index.php\/wp-json\/wp\/v2\/media?parent=15900"}],"wp:term":[{"taxonomy":"category","embeddable":true,"href":"https:\/\/contabilidadecaxias.com.br\/index.php\/wp-json\/wp\/v2\/categories?post=15900"},{"taxonomy":"post_tag","embeddable":true,"href":"https:\/\/contabilidadecaxias.com.br\/index.php\/wp-json\/wp\/v2\/tags?post=15900"}],"curies":[{"name":"wp","href":"https:\/\/api.w.org\/{rel}","templated":true}]}}