{"id":15884,"date":"2022-10-05T15:04:12","date_gmt":"2022-10-05T18:04:12","guid":{"rendered":"https:\/\/contabilidadecaxias.com.br\/index.php\/2022\/10\/05\/tst-adere-a-projeto-de-combate-ao-trafico-de-pessoas-para-trabalho-escravo-3\/"},"modified":"2022-10-05T15:04:12","modified_gmt":"2022-10-05T18:04:12","slug":"tst-adere-a-projeto-de-combate-ao-trafico-de-pessoas-para-trabalho-escravo-3","status":"publish","type":"post","link":"https:\/\/contabilidadecaxias.com.br\/index.php\/2022\/10\/05\/tst-adere-a-projeto-de-combate-ao-trafico-de-pessoas-para-trabalho-escravo-3\/","title":{"rendered":"TST adere a projeto de combate ao tr\u00e1fico de pessoas para trabalho escravo"},"content":{"rendered":"<\/p>\n<p>05\/10\/2022 &#8211; O Tribunal Superior do Trabalho passar\u00e1 a executar um conjunto de a\u00e7\u00f5es para fortalecer o combate ao tr\u00e1fico de pessoas e ao trabalho escravo no Brasil. Elas ser\u00e3o desenvolvidas no \u00e2mbito do projeto Liberdade no Ar, iniciativa do Minist\u00e9rio P\u00fablico do Trabalho (MPT), \u00e0 qual o TST e o Conselho Superior da Justi\u00e7a do Trabalho aderiram em cerim\u00f4nia realizada na sede do Tribunal.<\/p>\n","protected":false},"excerpt":{"rendered":"<p>05\/10\/2022 &#8211; O Tribunal Superior do Trabalho passar\u00e1 a executar um conjunto de a\u00e7\u00f5es para fortalecer o combate ao tr\u00e1fico de pessoas e ao trabalho escravo no Brasil. Elas ser\u00e3o desenvolvidas no \u00e2mbito do projeto Liberdade no Ar, iniciativa do Minist\u00e9rio P\u00fablico do Trabalho (MPT), \u00e0 qual o TST e o Conselho Superior da Justi\u00e7a [&hellip;]<\/p>\n","protected":false},"author":0,"featured_media":0,"comment_status":"open","ping_status":"","sticky":false,"template":"","format":"standard","meta":{"footnotes":""},"categories":[5],"tags":[],"class_list":["post-15884","post","type-post","status-publish","format-standard","hentry","category-noticias-educacao-financeira"],"blocksy_meta":{"styles_descriptor":{"styles":{"desktop":"","tablet":"","mobile":""},"google_fonts":[],"version":6}},"yoast_head":"<!-- This site is optimized with the Yoast SEO plugin v27.5 - https:\/\/yoast.com\/product\/yoast-seo-wordpress\/ -->\n<title>TST adere a projeto de combate ao tr\u00e1fico de pessoas para trabalho escravo - Contabilidade Caxias<\/title>\n<meta name=\"robots\" content=\"index, follow, max-snippet:-1, max-image-preview:large, max-video-preview:-1\" \/>\n<link rel=\"canonical\" href=\"https:\/\/contabilidadecaxias.com.br\/index.php\/2022\/10\/05\/tst-adere-a-projeto-de-combate-ao-trafico-de-pessoas-para-trabalho-escravo-3\/\" \/>\n<meta property=\"og:locale\" content=\"pt_BR\" \/>\n<meta property=\"og:type\" content=\"article\" \/>\n<meta property=\"og:title\" content=\"TST adere a projeto de combate ao tr\u00e1fico de pessoas para trabalho escravo - Contabilidade Caxias\" \/>\n<meta property=\"og:description\" content=\"05\/10\/2022 &#8211; O Tribunal Superior do Trabalho passar\u00e1 a executar um conjunto de a\u00e7\u00f5es para fortalecer o combate ao tr\u00e1fico de pessoas e ao trabalho escravo no Brasil. Elas ser\u00e3o desenvolvidas no \u00e2mbito do projeto Liberdade no Ar, iniciativa do Minist\u00e9rio P\u00fablico do Trabalho (MPT), \u00e0 qual o TST e o Conselho Superior da Justi\u00e7a [&hellip;]\" \/>\n<meta property=\"og:url\" content=\"https:\/\/contabilidadecaxias.com.br\/index.php\/2022\/10\/05\/tst-adere-a-projeto-de-combate-ao-trafico-de-pessoas-para-trabalho-escravo-3\/\" \/>\n<meta property=\"og:site_name\" content=\"Contabilidade Caxias\" \/>\n<meta property=\"article:published_time\" content=\"2022-10-05T18:04:12+00:00\" \/>\n<meta name=\"twitter:card\" content=\"summary_large_image\" \/>\n<script type=\"application\/ld+json\" class=\"yoast-schema-graph\">{\"@context\":\"https:\\\/\\\/schema.org\",\"@graph\":[{\"@type\":\"Article\",\"@id\":\"https:\\\/\\\/contabilidadecaxias.com.br\\\/index.php\\\/2022\\\/10\\\/05\\\/tst-adere-a-projeto-de-combate-ao-trafico-de-pessoas-para-trabalho-escravo-3\\\/#article\",\"isPartOf\":{\"@id\":\"https:\\\/\\\/contabilidadecaxias.com.br\\\/index.php\\\/2022\\\/10\\\/05\\\/tst-adere-a-projeto-de-combate-ao-trafico-de-pessoas-para-trabalho-escravo-3\\\/\"},\"author\":{\"name\":\"\",\"@id\":\"\"},\"headline\":\"TST adere a projeto de combate ao tr\u00e1fico de pessoas para trabalho escravo\",\"datePublished\":\"2022-10-05T18:04:12+00:00\",\"mainEntityOfPage\":{\"@id\":\"https:\\\/\\\/contabilidadecaxias.com.br\\\/index.php\\\/2022\\\/10\\\/05\\\/tst-adere-a-projeto-de-combate-ao-trafico-de-pessoas-para-trabalho-escravo-3\\\/\"},\"wordCount\":84,\"commentCount\":0,\"articleSection\":[\"Educa\u00e7\u00e3o Financeira\"],\"inLanguage\":\"pt-BR\",\"potentialAction\":[{\"@type\":\"CommentAction\",\"name\":\"Comment\",\"target\":[\"https:\\\/\\\/contabilidadecaxias.com.br\\\/index.php\\\/2022\\\/10\\\/05\\\/tst-adere-a-projeto-de-combate-ao-trafico-de-pessoas-para-trabalho-escravo-3\\\/#respond\"]}]},{\"@type\":\"WebPage\",\"@id\":\"https:\\\/\\\/contabilidadecaxias.com.br\\\/index.php\\\/2022\\\/10\\\/05\\\/tst-adere-a-projeto-de-combate-ao-trafico-de-pessoas-para-trabalho-escravo-3\\\/\",\"url\":\"https:\\\/\\\/contabilidadecaxias.com.br\\\/index.php\\\/2022\\\/10\\\/05\\\/tst-adere-a-projeto-de-combate-ao-trafico-de-pessoas-para-trabalho-escravo-3\\\/\",\"name\":\"TST adere a projeto de combate ao tr\u00e1fico de pessoas para trabalho escravo - Contabilidade Caxias\",\"isPartOf\":{\"@id\":\"https:\\\/\\\/contabilidadecaxias.com.br\\\/#website\"},\"datePublished\":\"2022-10-05T18:04:12+00:00\",\"author\":{\"@id\":\"\"},\"breadcrumb\":{\"@id\":\"https:\\\/\\\/contabilidadecaxias.com.br\\\/index.php\\\/2022\\\/10\\\/05\\\/tst-adere-a-projeto-de-combate-ao-trafico-de-pessoas-para-trabalho-escravo-3\\\/#breadcrumb\"},\"inLanguage\":\"pt-BR\",\"potentialAction\":[{\"@type\":\"ReadAction\",\"target\":[\"https:\\\/\\\/contabilidadecaxias.com.br\\\/index.php\\\/2022\\\/10\\\/05\\\/tst-adere-a-projeto-de-combate-ao-trafico-de-pessoas-para-trabalho-escravo-3\\\/\"]}]},{\"@type\":\"BreadcrumbList\",\"@id\":\"https:\\\/\\\/contabilidadecaxias.com.br\\\/index.php\\\/2022\\\/10\\\/05\\\/tst-adere-a-projeto-de-combate-ao-trafico-de-pessoas-para-trabalho-escravo-3\\\/#breadcrumb\",\"itemListElement\":[{\"@type\":\"ListItem\",\"position\":1,\"name\":\"In\u00edcio\",\"item\":\"https:\\\/\\\/contabilidadecaxias.com.br\\\/\"},{\"@type\":\"ListItem\",\"position\":2,\"name\":\"TST adere a projeto de combate ao tr\u00e1fico de pessoas para trabalho escravo\"}]},{\"@type\":\"WebSite\",\"@id\":\"https:\\\/\\\/contabilidadecaxias.com.br\\\/#website\",\"url\":\"https:\\\/\\\/contabilidadecaxias.com.br\\\/\",\"name\":\"Contabilidade Caxias\",\"description\":\"Site especializado em Contabilidade para Caxias.\",\"potentialAction\":[{\"@type\":\"SearchAction\",\"target\":{\"@type\":\"EntryPoint\",\"urlTemplate\":\"https:\\\/\\\/contabilidadecaxias.com.br\\\/?s={search_term_string}\"},\"query-input\":{\"@type\":\"PropertyValueSpecification\",\"valueRequired\":true,\"valueName\":\"search_term_string\"}}],\"inLanguage\":\"pt-BR\"}]}<\/script>\n<!-- \/ Yoast SEO plugin. -->","yoast_head_json":{"title":"TST adere a projeto de combate ao tr\u00e1fico de pessoas para trabalho escravo - Contabilidade Caxias","robots":{"index":"index","follow":"follow","max-snippet":"max-snippet:-1","max-image-preview":"max-image-preview:large","max-video-preview":"max-video-preview:-1"},"canonical":"https:\/\/contabilidadecaxias.com.br\/index.php\/2022\/10\/05\/tst-adere-a-projeto-de-combate-ao-trafico-de-pessoas-para-trabalho-escravo-3\/","og_locale":"pt_BR","og_type":"article","og_title":"TST adere a projeto de combate ao tr\u00e1fico de pessoas para trabalho escravo - Contabilidade Caxias","og_description":"05\/10\/2022 &#8211; O Tribunal Superior do Trabalho passar\u00e1 a executar um conjunto de a\u00e7\u00f5es para fortalecer o combate ao tr\u00e1fico de pessoas e ao trabalho escravo no Brasil. Elas ser\u00e3o desenvolvidas no \u00e2mbito do projeto Liberdade no Ar, iniciativa do Minist\u00e9rio P\u00fablico do Trabalho (MPT), \u00e0 qual o TST e o Conselho Superior da Justi\u00e7a [&hellip;]","og_url":"https:\/\/contabilidadecaxias.com.br\/index.php\/2022\/10\/05\/tst-adere-a-projeto-de-combate-ao-trafico-de-pessoas-para-trabalho-escravo-3\/","og_site_name":"Contabilidade Caxias","article_published_time":"2022-10-05T18:04:12+00:00","twitter_card":"summary_large_image","schema":{"@context":"https:\/\/schema.org","@graph":[{"@type":"Article","@id":"https:\/\/contabilidadecaxias.com.br\/index.php\/2022\/10\/05\/tst-adere-a-projeto-de-combate-ao-trafico-de-pessoas-para-trabalho-escravo-3\/#article","isPartOf":{"@id":"https:\/\/contabilidadecaxias.com.br\/index.php\/2022\/10\/05\/tst-adere-a-projeto-de-combate-ao-trafico-de-pessoas-para-trabalho-escravo-3\/"},"author":{"name":"","@id":""},"headline":"TST adere a projeto de combate ao tr\u00e1fico de pessoas para trabalho escravo","datePublished":"2022-10-05T18:04:12+00:00","mainEntityOfPage":{"@id":"https:\/\/contabilidadecaxias.com.br\/index.php\/2022\/10\/05\/tst-adere-a-projeto-de-combate-ao-trafico-de-pessoas-para-trabalho-escravo-3\/"},"wordCount":84,"commentCount":0,"articleSection":["Educa\u00e7\u00e3o Financeira"],"inLanguage":"pt-BR","potentialAction":[{"@type":"CommentAction","name":"Comment","target":["https:\/\/contabilidadecaxias.com.br\/index.php\/2022\/10\/05\/tst-adere-a-projeto-de-combate-ao-trafico-de-pessoas-para-trabalho-escravo-3\/#respond"]}]},{"@type":"WebPage","@id":"https:\/\/contabilidadecaxias.com.br\/index.php\/2022\/10\/05\/tst-adere-a-projeto-de-combate-ao-trafico-de-pessoas-para-trabalho-escravo-3\/","url":"https:\/\/contabilidadecaxias.com.br\/index.php\/2022\/10\/05\/tst-adere-a-projeto-de-combate-ao-trafico-de-pessoas-para-trabalho-escravo-3\/","name":"TST adere a projeto de combate ao tr\u00e1fico de pessoas para trabalho escravo - Contabilidade Caxias","isPartOf":{"@id":"https:\/\/contabilidadecaxias.com.br\/#website"},"datePublished":"2022-10-05T18:04:12+00:00","author":{"@id":""},"breadcrumb":{"@id":"https:\/\/contabilidadecaxias.com.br\/index.php\/2022\/10\/05\/tst-adere-a-projeto-de-combate-ao-trafico-de-pessoas-para-trabalho-escravo-3\/#breadcrumb"},"inLanguage":"pt-BR","potentialAction":[{"@type":"ReadAction","target":["https:\/\/contabilidadecaxias.com.br\/index.php\/2022\/10\/05\/tst-adere-a-projeto-de-combate-ao-trafico-de-pessoas-para-trabalho-escravo-3\/"]}]},{"@type":"BreadcrumbList","@id":"https:\/\/contabilidadecaxias.com.br\/index.php\/2022\/10\/05\/tst-adere-a-projeto-de-combate-ao-trafico-de-pessoas-para-trabalho-escravo-3\/#breadcrumb","itemListElement":[{"@type":"ListItem","position":1,"name":"In\u00edcio","item":"https:\/\/contabilidadecaxias.com.br\/"},{"@type":"ListItem","position":2,"name":"TST adere a projeto de combate ao tr\u00e1fico de pessoas para trabalho escravo"}]},{"@type":"WebSite","@id":"https:\/\/contabilidadecaxias.com.br\/#website","url":"https:\/\/contabilidadecaxias.com.br\/","name":"Contabilidade Caxias","description":"Site especializado em Contabilidade para Caxias.","potentialAction":[{"@type":"SearchAction","target":{"@type":"EntryPoint","urlTemplate":"https:\/\/contabilidadecaxias.com.br\/?s={search_term_string}"},"query-input":{"@type":"PropertyValueSpecification","valueRequired":true,"valueName":"search_term_string"}}],"inLanguage":"pt-BR"}]}},"_links":{"self":[{"href":"https:\/\/contabilidadecaxias.com.br\/index.php\/wp-json\/wp\/v2\/posts\/15884","targetHints":{"allow":["GET"]}}],"collection":[{"href":"https:\/\/contabilidadecaxias.com.br\/index.php\/wp-json\/wp\/v2\/posts"}],"about":[{"href":"https:\/\/contabilidadecaxias.com.br\/index.php\/wp-json\/wp\/v2\/types\/post"}],"replies":[{"embeddable":true,"href":"https:\/\/contabilidadecaxias.com.br\/index.php\/wp-json\/wp\/v2\/comments?post=15884"}],"version-history":[{"count":0,"href":"https:\/\/contabilidadecaxias.com.br\/index.php\/wp-json\/wp\/v2\/posts\/15884\/revisions"}],"wp:attachment":[{"href":"https:\/\/contabilidadecaxias.com.br\/index.php\/wp-json\/wp\/v2\/media?parent=15884"}],"wp:term":[{"taxonomy":"category","embeddable":true,"href":"https:\/\/contabilidadecaxias.com.br\/index.php\/wp-json\/wp\/v2\/categories?post=15884"},{"taxonomy":"post_tag","embeddable":true,"href":"https:\/\/contabilidadecaxias.com.br\/index.php\/wp-json\/wp\/v2\/tags?post=15884"}],"curies":[{"name":"wp","href":"https:\/\/api.w.org\/{rel}","templated":true}]}}