{"id":15856,"date":"2022-10-05T09:03:56","date_gmt":"2022-10-05T12:03:56","guid":{"rendered":"https:\/\/contabilidadecaxias.com.br\/index.php\/2022\/10\/05\/vinculo-de-emprego-de-corretores-declarado-por-auditor-fiscal-e-afastado-2\/"},"modified":"2022-10-05T09:03:56","modified_gmt":"2022-10-05T12:03:56","slug":"vinculo-de-emprego-de-corretores-declarado-por-auditor-fiscal-e-afastado-2","status":"publish","type":"post","link":"https:\/\/contabilidadecaxias.com.br\/index.php\/2022\/10\/05\/vinculo-de-emprego-de-corretores-declarado-por-auditor-fiscal-e-afastado-2\/","title":{"rendered":"V\u00ednculo de emprego de corretores declarado por auditor-fiscal \u00e9 afastado"},"content":{"rendered":"<div>\n\u00a0<br \/>\n\u00a0\u00a0\u00a0\u00a0\u00a0\u00a0\u00a0\u00a0 \u00a0\u00a0\u00a0\u00a0\u00a0\u00a0\u00a0\u00a0 \u00a0\u00a0\u00a0\u00a0\u00a0\u00a0 <a href=\"https:\/\/www.tst.jus.br\/documents\/10157\/27885360\/04-10-22_-_A_VOZ_DO_BRASIL.mp3\/0de74df9-e417-b93c-788e-95efd3b1c9f5?t=1664969246477\"> Baixe o \u00e1udio <\/a><\/div>\n<div><button>Reproduzir o \u00e1udio<\/button>\u00a0\u00a0<button>Pausar o \u00e1udio<\/button>\u00a0\u00a0<button>Aumentar o volume<\/button>\u00a0\u00a0<button>Diminuir o volume<\/button><\/div>\n<p>\u00a0<\/p>\n<p>05\/10\/22 &#8211;\u00a0A 5\u00aa Turma do Tribunal Superior do Trabalho considerou inv\u00e1lida a declara\u00e7\u00e3o de v\u00ednculo de emprego de corretores da Bradesco Vida e Previd\u00eancia S.A. por auditor-fiscal do trabalho. Tendo em vista que a exist\u00eancia da rela\u00e7\u00e3o de emprego era controvertida, o colegiado concluiu que cabe \u00e0 Justi\u00e7a do Trabalho definir a natureza das atividades prestadas.<\/p>\n<p>Saiba mais na reportagem de Samanta Flor.<\/p>\n<p>Processo:\u00a0<a href=\"https:\/\/consultaprocessual.tst.jus.br\/consultaProcessual\/consultaTstNumUnica.do?consulta=Consultar&amp;conscsjt=&amp;numeroTst=2634&amp;digitoTst=36&amp;anoTst=2011&amp;orgaoTst=5&amp;tribunalTst=02&amp;varaTst=0055&amp;submit=Consultar\" target=\"_blank\" rel=\"noopener\">Ag-ED-RR-2634-36.2011.5.02.0055<\/a><\/p>\n","protected":false},"excerpt":{"rendered":"<p>\u00a0 \u00a0\u00a0\u00a0\u00a0\u00a0\u00a0\u00a0\u00a0 \u00a0\u00a0\u00a0\u00a0\u00a0\u00a0\u00a0\u00a0 \u00a0\u00a0\u00a0\u00a0\u00a0\u00a0 Baixe o \u00e1udio Reproduzir o \u00e1udio\u00a0\u00a0Pausar o \u00e1udio\u00a0\u00a0Aumentar o volume\u00a0\u00a0Diminuir o volume \u00a0 05\/10\/22 &#8211;\u00a0A 5\u00aa Turma do Tribunal Superior do Trabalho considerou inv\u00e1lida a declara\u00e7\u00e3o de v\u00ednculo de emprego de corretores da Bradesco Vida e Previd\u00eancia S.A. por auditor-fiscal do trabalho. Tendo em vista que a exist\u00eancia da rela\u00e7\u00e3o de [&hellip;]<\/p>\n","protected":false},"author":0,"featured_media":0,"comment_status":"open","ping_status":"","sticky":false,"template":"","format":"standard","meta":{"footnotes":""},"categories":[5],"tags":[],"class_list":["post-15856","post","type-post","status-publish","format-standard","hentry","category-noticias-educacao-financeira"],"blocksy_meta":{"styles_descriptor":{"styles":{"desktop":"","tablet":"","mobile":""},"google_fonts":[],"version":6}},"yoast_head":"<!-- This site is optimized with the Yoast SEO plugin v27.5 - https:\/\/yoast.com\/product\/yoast-seo-wordpress\/ -->\n<title>V\u00ednculo de emprego de corretores declarado por auditor-fiscal \u00e9 afastado - Contabilidade Caxias<\/title>\n<meta name=\"robots\" content=\"index, follow, max-snippet:-1, max-image-preview:large, max-video-preview:-1\" \/>\n<link rel=\"canonical\" href=\"https:\/\/contabilidadecaxias.com.br\/index.php\/2022\/10\/05\/vinculo-de-emprego-de-corretores-declarado-por-auditor-fiscal-e-afastado-2\/\" \/>\n<meta property=\"og:locale\" content=\"pt_BR\" \/>\n<meta property=\"og:type\" content=\"article\" \/>\n<meta property=\"og:title\" content=\"V\u00ednculo de emprego de corretores declarado por auditor-fiscal \u00e9 afastado - Contabilidade Caxias\" \/>\n<meta property=\"og:description\" content=\"\u00a0 \u00a0\u00a0\u00a0\u00a0\u00a0\u00a0\u00a0\u00a0 \u00a0\u00a0\u00a0\u00a0\u00a0\u00a0\u00a0\u00a0 \u00a0\u00a0\u00a0\u00a0\u00a0\u00a0 Baixe o \u00e1udio Reproduzir o \u00e1udio\u00a0\u00a0Pausar o \u00e1udio\u00a0\u00a0Aumentar o volume\u00a0\u00a0Diminuir o volume \u00a0 05\/10\/22 &#8211;\u00a0A 5\u00aa Turma do Tribunal Superior do Trabalho considerou inv\u00e1lida a declara\u00e7\u00e3o de v\u00ednculo de emprego de corretores da Bradesco Vida e Previd\u00eancia S.A. por auditor-fiscal do trabalho. Tendo em vista que a exist\u00eancia da rela\u00e7\u00e3o de [&hellip;]\" \/>\n<meta property=\"og:url\" content=\"https:\/\/contabilidadecaxias.com.br\/index.php\/2022\/10\/05\/vinculo-de-emprego-de-corretores-declarado-por-auditor-fiscal-e-afastado-2\/\" \/>\n<meta property=\"og:site_name\" content=\"Contabilidade Caxias\" \/>\n<meta property=\"article:published_time\" content=\"2022-10-05T12:03:56+00:00\" \/>\n<meta name=\"twitter:card\" content=\"summary_large_image\" \/>\n<script type=\"application\/ld+json\" class=\"yoast-schema-graph\">{\"@context\":\"https:\\\/\\\/schema.org\",\"@graph\":[{\"@type\":\"Article\",\"@id\":\"https:\\\/\\\/contabilidadecaxias.com.br\\\/index.php\\\/2022\\\/10\\\/05\\\/vinculo-de-emprego-de-corretores-declarado-por-auditor-fiscal-e-afastado-2\\\/#article\",\"isPartOf\":{\"@id\":\"https:\\\/\\\/contabilidadecaxias.com.br\\\/index.php\\\/2022\\\/10\\\/05\\\/vinculo-de-emprego-de-corretores-declarado-por-auditor-fiscal-e-afastado-2\\\/\"},\"author\":{\"name\":\"\",\"@id\":\"\"},\"headline\":\"V\u00ednculo de emprego de corretores declarado por auditor-fiscal \u00e9 afastado\",\"datePublished\":\"2022-10-05T12:03:56+00:00\",\"mainEntityOfPage\":{\"@id\":\"https:\\\/\\\/contabilidadecaxias.com.br\\\/index.php\\\/2022\\\/10\\\/05\\\/vinculo-de-emprego-de-corretores-declarado-por-auditor-fiscal-e-afastado-2\\\/\"},\"wordCount\":97,\"commentCount\":0,\"articleSection\":[\"Educa\u00e7\u00e3o Financeira\"],\"inLanguage\":\"pt-BR\",\"potentialAction\":[{\"@type\":\"CommentAction\",\"name\":\"Comment\",\"target\":[\"https:\\\/\\\/contabilidadecaxias.com.br\\\/index.php\\\/2022\\\/10\\\/05\\\/vinculo-de-emprego-de-corretores-declarado-por-auditor-fiscal-e-afastado-2\\\/#respond\"]}]},{\"@type\":\"WebPage\",\"@id\":\"https:\\\/\\\/contabilidadecaxias.com.br\\\/index.php\\\/2022\\\/10\\\/05\\\/vinculo-de-emprego-de-corretores-declarado-por-auditor-fiscal-e-afastado-2\\\/\",\"url\":\"https:\\\/\\\/contabilidadecaxias.com.br\\\/index.php\\\/2022\\\/10\\\/05\\\/vinculo-de-emprego-de-corretores-declarado-por-auditor-fiscal-e-afastado-2\\\/\",\"name\":\"V\u00ednculo de emprego de corretores declarado por auditor-fiscal \u00e9 afastado - Contabilidade Caxias\",\"isPartOf\":{\"@id\":\"https:\\\/\\\/contabilidadecaxias.com.br\\\/#website\"},\"datePublished\":\"2022-10-05T12:03:56+00:00\",\"author\":{\"@id\":\"\"},\"breadcrumb\":{\"@id\":\"https:\\\/\\\/contabilidadecaxias.com.br\\\/index.php\\\/2022\\\/10\\\/05\\\/vinculo-de-emprego-de-corretores-declarado-por-auditor-fiscal-e-afastado-2\\\/#breadcrumb\"},\"inLanguage\":\"pt-BR\",\"potentialAction\":[{\"@type\":\"ReadAction\",\"target\":[\"https:\\\/\\\/contabilidadecaxias.com.br\\\/index.php\\\/2022\\\/10\\\/05\\\/vinculo-de-emprego-de-corretores-declarado-por-auditor-fiscal-e-afastado-2\\\/\"]}]},{\"@type\":\"BreadcrumbList\",\"@id\":\"https:\\\/\\\/contabilidadecaxias.com.br\\\/index.php\\\/2022\\\/10\\\/05\\\/vinculo-de-emprego-de-corretores-declarado-por-auditor-fiscal-e-afastado-2\\\/#breadcrumb\",\"itemListElement\":[{\"@type\":\"ListItem\",\"position\":1,\"name\":\"In\u00edcio\",\"item\":\"https:\\\/\\\/contabilidadecaxias.com.br\\\/\"},{\"@type\":\"ListItem\",\"position\":2,\"name\":\"V\u00ednculo de emprego de corretores declarado por auditor-fiscal \u00e9 afastado\"}]},{\"@type\":\"WebSite\",\"@id\":\"https:\\\/\\\/contabilidadecaxias.com.br\\\/#website\",\"url\":\"https:\\\/\\\/contabilidadecaxias.com.br\\\/\",\"name\":\"Contabilidade Caxias\",\"description\":\"Site especializado em Contabilidade para Caxias.\",\"potentialAction\":[{\"@type\":\"SearchAction\",\"target\":{\"@type\":\"EntryPoint\",\"urlTemplate\":\"https:\\\/\\\/contabilidadecaxias.com.br\\\/?s={search_term_string}\"},\"query-input\":{\"@type\":\"PropertyValueSpecification\",\"valueRequired\":true,\"valueName\":\"search_term_string\"}}],\"inLanguage\":\"pt-BR\"}]}<\/script>\n<!-- \/ Yoast SEO plugin. -->","yoast_head_json":{"title":"V\u00ednculo de emprego de corretores declarado por auditor-fiscal \u00e9 afastado - Contabilidade Caxias","robots":{"index":"index","follow":"follow","max-snippet":"max-snippet:-1","max-image-preview":"max-image-preview:large","max-video-preview":"max-video-preview:-1"},"canonical":"https:\/\/contabilidadecaxias.com.br\/index.php\/2022\/10\/05\/vinculo-de-emprego-de-corretores-declarado-por-auditor-fiscal-e-afastado-2\/","og_locale":"pt_BR","og_type":"article","og_title":"V\u00ednculo de emprego de corretores declarado por auditor-fiscal \u00e9 afastado - Contabilidade Caxias","og_description":"\u00a0 \u00a0\u00a0\u00a0\u00a0\u00a0\u00a0\u00a0\u00a0 \u00a0\u00a0\u00a0\u00a0\u00a0\u00a0\u00a0\u00a0 \u00a0\u00a0\u00a0\u00a0\u00a0\u00a0 Baixe o \u00e1udio Reproduzir o \u00e1udio\u00a0\u00a0Pausar o \u00e1udio\u00a0\u00a0Aumentar o volume\u00a0\u00a0Diminuir o volume \u00a0 05\/10\/22 &#8211;\u00a0A 5\u00aa Turma do Tribunal Superior do Trabalho considerou inv\u00e1lida a declara\u00e7\u00e3o de v\u00ednculo de emprego de corretores da Bradesco Vida e Previd\u00eancia S.A. por auditor-fiscal do trabalho. Tendo em vista que a exist\u00eancia da rela\u00e7\u00e3o de [&hellip;]","og_url":"https:\/\/contabilidadecaxias.com.br\/index.php\/2022\/10\/05\/vinculo-de-emprego-de-corretores-declarado-por-auditor-fiscal-e-afastado-2\/","og_site_name":"Contabilidade Caxias","article_published_time":"2022-10-05T12:03:56+00:00","twitter_card":"summary_large_image","schema":{"@context":"https:\/\/schema.org","@graph":[{"@type":"Article","@id":"https:\/\/contabilidadecaxias.com.br\/index.php\/2022\/10\/05\/vinculo-de-emprego-de-corretores-declarado-por-auditor-fiscal-e-afastado-2\/#article","isPartOf":{"@id":"https:\/\/contabilidadecaxias.com.br\/index.php\/2022\/10\/05\/vinculo-de-emprego-de-corretores-declarado-por-auditor-fiscal-e-afastado-2\/"},"author":{"name":"","@id":""},"headline":"V\u00ednculo de emprego de corretores declarado por auditor-fiscal \u00e9 afastado","datePublished":"2022-10-05T12:03:56+00:00","mainEntityOfPage":{"@id":"https:\/\/contabilidadecaxias.com.br\/index.php\/2022\/10\/05\/vinculo-de-emprego-de-corretores-declarado-por-auditor-fiscal-e-afastado-2\/"},"wordCount":97,"commentCount":0,"articleSection":["Educa\u00e7\u00e3o Financeira"],"inLanguage":"pt-BR","potentialAction":[{"@type":"CommentAction","name":"Comment","target":["https:\/\/contabilidadecaxias.com.br\/index.php\/2022\/10\/05\/vinculo-de-emprego-de-corretores-declarado-por-auditor-fiscal-e-afastado-2\/#respond"]}]},{"@type":"WebPage","@id":"https:\/\/contabilidadecaxias.com.br\/index.php\/2022\/10\/05\/vinculo-de-emprego-de-corretores-declarado-por-auditor-fiscal-e-afastado-2\/","url":"https:\/\/contabilidadecaxias.com.br\/index.php\/2022\/10\/05\/vinculo-de-emprego-de-corretores-declarado-por-auditor-fiscal-e-afastado-2\/","name":"V\u00ednculo de emprego de corretores declarado por auditor-fiscal \u00e9 afastado - Contabilidade Caxias","isPartOf":{"@id":"https:\/\/contabilidadecaxias.com.br\/#website"},"datePublished":"2022-10-05T12:03:56+00:00","author":{"@id":""},"breadcrumb":{"@id":"https:\/\/contabilidadecaxias.com.br\/index.php\/2022\/10\/05\/vinculo-de-emprego-de-corretores-declarado-por-auditor-fiscal-e-afastado-2\/#breadcrumb"},"inLanguage":"pt-BR","potentialAction":[{"@type":"ReadAction","target":["https:\/\/contabilidadecaxias.com.br\/index.php\/2022\/10\/05\/vinculo-de-emprego-de-corretores-declarado-por-auditor-fiscal-e-afastado-2\/"]}]},{"@type":"BreadcrumbList","@id":"https:\/\/contabilidadecaxias.com.br\/index.php\/2022\/10\/05\/vinculo-de-emprego-de-corretores-declarado-por-auditor-fiscal-e-afastado-2\/#breadcrumb","itemListElement":[{"@type":"ListItem","position":1,"name":"In\u00edcio","item":"https:\/\/contabilidadecaxias.com.br\/"},{"@type":"ListItem","position":2,"name":"V\u00ednculo de emprego de corretores declarado por auditor-fiscal \u00e9 afastado"}]},{"@type":"WebSite","@id":"https:\/\/contabilidadecaxias.com.br\/#website","url":"https:\/\/contabilidadecaxias.com.br\/","name":"Contabilidade Caxias","description":"Site especializado em Contabilidade para Caxias.","potentialAction":[{"@type":"SearchAction","target":{"@type":"EntryPoint","urlTemplate":"https:\/\/contabilidadecaxias.com.br\/?s={search_term_string}"},"query-input":{"@type":"PropertyValueSpecification","valueRequired":true,"valueName":"search_term_string"}}],"inLanguage":"pt-BR"}]}},"_links":{"self":[{"href":"https:\/\/contabilidadecaxias.com.br\/index.php\/wp-json\/wp\/v2\/posts\/15856","targetHints":{"allow":["GET"]}}],"collection":[{"href":"https:\/\/contabilidadecaxias.com.br\/index.php\/wp-json\/wp\/v2\/posts"}],"about":[{"href":"https:\/\/contabilidadecaxias.com.br\/index.php\/wp-json\/wp\/v2\/types\/post"}],"replies":[{"embeddable":true,"href":"https:\/\/contabilidadecaxias.com.br\/index.php\/wp-json\/wp\/v2\/comments?post=15856"}],"version-history":[{"count":0,"href":"https:\/\/contabilidadecaxias.com.br\/index.php\/wp-json\/wp\/v2\/posts\/15856\/revisions"}],"wp:attachment":[{"href":"https:\/\/contabilidadecaxias.com.br\/index.php\/wp-json\/wp\/v2\/media?parent=15856"}],"wp:term":[{"taxonomy":"category","embeddable":true,"href":"https:\/\/contabilidadecaxias.com.br\/index.php\/wp-json\/wp\/v2\/categories?post=15856"},{"taxonomy":"post_tag","embeddable":true,"href":"https:\/\/contabilidadecaxias.com.br\/index.php\/wp-json\/wp\/v2\/tags?post=15856"}],"curies":[{"name":"wp","href":"https:\/\/api.w.org\/{rel}","templated":true}]}}