{"id":1538,"date":"2022-02-23T11:13:54","date_gmt":"2022-02-23T14:13:54","guid":{"rendered":"https:\/\/contabilidadecaxias.com.br\/index.php\/2022\/02\/23\/gustavo-tem-vyni-e-tiago-como-proximos-alvos-para-o-paredao\/"},"modified":"2022-02-23T11:13:54","modified_gmt":"2022-02-23T14:13:54","slug":"gustavo-tem-vyni-e-tiago-como-proximos-alvos-para-o-paredao","status":"publish","type":"post","link":"https:\/\/contabilidadecaxias.com.br\/index.php\/2022\/02\/23\/gustavo-tem-vyni-e-tiago-como-proximos-alvos-para-o-paredao\/","title":{"rendered":"Gustavo tem Vyni e Tiago como pr\u00f3ximos alvos para o Pared\u00e3o"},"content":{"rendered":"<p>S\u00c3O PAULO, SP (FOLHAPRESS) &#8211; Gustavo voltou do seu primeiro Pared\u00e3o nesta ter\u00e7a-feira (22) e j\u00e1 est\u00e1 pensando no pr\u00f3ximo. Em conversa com Douglas Silva, o ex-participante da Casa de Vidro do BBB 2 (Globo) afirmou que j\u00e1 escolheu em quem vai focar para enfrentar a berlinda: Vyni e Tiago Abravanel.<\/p>\n<p>O brother recebeu 22% dos votos do p\u00fablico e passou longe de sair do programa. Brunna Gon\u00e7alves foi a escolhida para ser a eliminada da semana com 76%. Paulo Andr\u00e9 ficou em \u00faltimo lugar na porcentagem com apenas 1,58%. A enquete feita pelo F5 demonstrou a inten\u00e7\u00e3o de votos dos telespectadores e leitores; Brunna (71%), Gustavo (23%) e PA (6%).<\/p>\n<p>Mais cedo, antes do resultado sair, Gustavo voltou a defender a sua estadia na casa. Durante o programa ao vivo, o participante foi questionado pelo apresentador Tadeu Schmidt se estava nervoso e ele n\u00e3o escondeu que sim.<\/p>\n<p>Gustavo tamb\u00e9m comentou sobre o seu jogo e alfinetou alguns colegas do confinamento. &#8220;N\u00e3o me arrependo. Sei que minha estrat\u00e9gia \u00e9 arriscada. Em uma semana, consegui fazer mais do que quem j\u00e1 estava aqui fez em um m\u00eas. Seja o que Deus quiser&#8221;, disse.<\/p>\n<p>Na \u00faltima segunda (21) durante o Jogo da Disc\u00f3rdia, o brother foi o \u00fanico que recebeu em maior quantidade placas negativas de &#8220;n\u00e3o ganha de jeito nenhum&#8221;. Eliezer, Vyni, Jade, Tiago Abravanel e Eslov\u00eania foram quem elegeu Gustavo como incapaz sair campe\u00e3o.<\/p>\n<p>Todos eles usaram o mesmo discurso de que Gustavo estava jogando de uma maneira negativa e criando conflitos na casa, sem dar tamb\u00e9m a oportunidade de criar la\u00e7os e amizades. Ele, por sua vez, discordou dos jogadores.<\/p>\n<p>Gustavo disse que estava movimentando o programa diferentemente de alguns participantes que se escondiam atr\u00e1s do grupo de amizades. Ele tamb\u00e9m afirmou que n\u00e3o estava ferindo os seus princ\u00edpios ou passando em cima do seu car\u00e1ter por fazer isso.<\/p>\n<p>No seu momento de jogar, Gustavo deu o t\u00edtulo de seu aliado para DG e escolheu Vyni como &#8220;quem n\u00e3o ganha de jeito nenhum&#8221;. Ele usou como justificativa o fato de que Vyni n\u00e3o se posiciona e perde a oportunidade de mostrar o seu potencial.<\/p>","protected":false},"excerpt":{"rendered":"<p>S\u00c3O PAULO, SP (FOLHAPRESS) &#8211; Gustavo voltou do seu primeiro Pared\u00e3o nesta ter\u00e7a-feira (22) e j\u00e1 est\u00e1 pensando no pr\u00f3ximo. Em conversa com Douglas Silva, o ex-participante da Casa de Vidro do BBB 2 (Globo) afirmou que j\u00e1 escolheu em quem vai focar para enfrentar a berlinda: Vyni e Tiago Abravanel. O brother recebeu 22% [&hellip;]<\/p>\n","protected":false},"author":0,"featured_media":0,"comment_status":"open","ping_status":"open","sticky":false,"template":"","format":"standard","meta":{"footnotes":""},"categories":[4],"tags":[],"class_list":["post-1538","post","type-post","status-publish","format-standard","hentry","category-noticias-empreendedorismo"],"blocksy_meta":{"styles_descriptor":{"styles":{"desktop":"","tablet":"","mobile":""},"google_fonts":[],"version":6}},"yoast_head":"<!-- This site is optimized with the Yoast SEO plugin v27.5 - https:\/\/yoast.com\/product\/yoast-seo-wordpress\/ -->\n<title>Gustavo tem Vyni e Tiago como pr\u00f3ximos alvos para o Pared\u00e3o - Contabilidade Caxias<\/title>\n<meta name=\"robots\" content=\"index, follow, max-snippet:-1, max-image-preview:large, max-video-preview:-1\" \/>\n<link rel=\"canonical\" href=\"https:\/\/contabilidadecaxias.com.br\/index.php\/2022\/02\/23\/gustavo-tem-vyni-e-tiago-como-proximos-alvos-para-o-paredao\/\" \/>\n<meta property=\"og:locale\" content=\"pt_BR\" \/>\n<meta property=\"og:type\" content=\"article\" \/>\n<meta property=\"og:title\" content=\"Gustavo tem Vyni e Tiago como pr\u00f3ximos alvos para o Pared\u00e3o - Contabilidade Caxias\" \/>\n<meta property=\"og:description\" content=\"S\u00c3O PAULO, SP (FOLHAPRESS) &#8211; Gustavo voltou do seu primeiro Pared\u00e3o nesta ter\u00e7a-feira (22) e j\u00e1 est\u00e1 pensando no pr\u00f3ximo. Em conversa com Douglas Silva, o ex-participante da Casa de Vidro do BBB 2 (Globo) afirmou que j\u00e1 escolheu em quem vai focar para enfrentar a berlinda: Vyni e Tiago Abravanel. O brother recebeu 22% [&hellip;]\" \/>\n<meta property=\"og:url\" content=\"https:\/\/contabilidadecaxias.com.br\/index.php\/2022\/02\/23\/gustavo-tem-vyni-e-tiago-como-proximos-alvos-para-o-paredao\/\" \/>\n<meta property=\"og:site_name\" content=\"Contabilidade Caxias\" \/>\n<meta property=\"article:published_time\" content=\"2022-02-23T14:13:54+00:00\" \/>\n<meta name=\"twitter:card\" content=\"summary_large_image\" \/>\n<meta name=\"twitter:label1\" content=\"Est. tempo de leitura\" \/>\n\t<meta name=\"twitter:data1\" content=\"2 minutos\" \/>\n<script type=\"application\/ld+json\" class=\"yoast-schema-graph\">{\"@context\":\"https:\\\/\\\/schema.org\",\"@graph\":[{\"@type\":\"Article\",\"@id\":\"https:\\\/\\\/contabilidadecaxias.com.br\\\/index.php\\\/2022\\\/02\\\/23\\\/gustavo-tem-vyni-e-tiago-como-proximos-alvos-para-o-paredao\\\/#article\",\"isPartOf\":{\"@id\":\"https:\\\/\\\/contabilidadecaxias.com.br\\\/index.php\\\/2022\\\/02\\\/23\\\/gustavo-tem-vyni-e-tiago-como-proximos-alvos-para-o-paredao\\\/\"},\"author\":{\"name\":\"\",\"@id\":\"\"},\"headline\":\"Gustavo tem Vyni e Tiago como pr\u00f3ximos alvos para o Pared\u00e3o\",\"datePublished\":\"2022-02-23T14:13:54+00:00\",\"mainEntityOfPage\":{\"@id\":\"https:\\\/\\\/contabilidadecaxias.com.br\\\/index.php\\\/2022\\\/02\\\/23\\\/gustavo-tem-vyni-e-tiago-como-proximos-alvos-para-o-paredao\\\/\"},\"wordCount\":384,\"commentCount\":0,\"articleSection\":[\"Empreendedorismo\"],\"inLanguage\":\"pt-BR\",\"potentialAction\":[{\"@type\":\"CommentAction\",\"name\":\"Comment\",\"target\":[\"https:\\\/\\\/contabilidadecaxias.com.br\\\/index.php\\\/2022\\\/02\\\/23\\\/gustavo-tem-vyni-e-tiago-como-proximos-alvos-para-o-paredao\\\/#respond\"]}]},{\"@type\":\"WebPage\",\"@id\":\"https:\\\/\\\/contabilidadecaxias.com.br\\\/index.php\\\/2022\\\/02\\\/23\\\/gustavo-tem-vyni-e-tiago-como-proximos-alvos-para-o-paredao\\\/\",\"url\":\"https:\\\/\\\/contabilidadecaxias.com.br\\\/index.php\\\/2022\\\/02\\\/23\\\/gustavo-tem-vyni-e-tiago-como-proximos-alvos-para-o-paredao\\\/\",\"name\":\"Gustavo tem Vyni e Tiago como pr\u00f3ximos alvos para o Pared\u00e3o - Contabilidade Caxias\",\"isPartOf\":{\"@id\":\"https:\\\/\\\/contabilidadecaxias.com.br\\\/#website\"},\"datePublished\":\"2022-02-23T14:13:54+00:00\",\"author\":{\"@id\":\"\"},\"breadcrumb\":{\"@id\":\"https:\\\/\\\/contabilidadecaxias.com.br\\\/index.php\\\/2022\\\/02\\\/23\\\/gustavo-tem-vyni-e-tiago-como-proximos-alvos-para-o-paredao\\\/#breadcrumb\"},\"inLanguage\":\"pt-BR\",\"potentialAction\":[{\"@type\":\"ReadAction\",\"target\":[\"https:\\\/\\\/contabilidadecaxias.com.br\\\/index.php\\\/2022\\\/02\\\/23\\\/gustavo-tem-vyni-e-tiago-como-proximos-alvos-para-o-paredao\\\/\"]}]},{\"@type\":\"BreadcrumbList\",\"@id\":\"https:\\\/\\\/contabilidadecaxias.com.br\\\/index.php\\\/2022\\\/02\\\/23\\\/gustavo-tem-vyni-e-tiago-como-proximos-alvos-para-o-paredao\\\/#breadcrumb\",\"itemListElement\":[{\"@type\":\"ListItem\",\"position\":1,\"name\":\"In\u00edcio\",\"item\":\"https:\\\/\\\/contabilidadecaxias.com.br\\\/\"},{\"@type\":\"ListItem\",\"position\":2,\"name\":\"Gustavo tem Vyni e Tiago como pr\u00f3ximos alvos para o Pared\u00e3o\"}]},{\"@type\":\"WebSite\",\"@id\":\"https:\\\/\\\/contabilidadecaxias.com.br\\\/#website\",\"url\":\"https:\\\/\\\/contabilidadecaxias.com.br\\\/\",\"name\":\"Contabilidade Caxias\",\"description\":\"Site especializado em Contabilidade para Caxias.\",\"potentialAction\":[{\"@type\":\"SearchAction\",\"target\":{\"@type\":\"EntryPoint\",\"urlTemplate\":\"https:\\\/\\\/contabilidadecaxias.com.br\\\/?s={search_term_string}\"},\"query-input\":{\"@type\":\"PropertyValueSpecification\",\"valueRequired\":true,\"valueName\":\"search_term_string\"}}],\"inLanguage\":\"pt-BR\"}]}<\/script>\n<!-- \/ Yoast SEO plugin. -->","yoast_head_json":{"title":"Gustavo tem Vyni e Tiago como pr\u00f3ximos alvos para o Pared\u00e3o - Contabilidade Caxias","robots":{"index":"index","follow":"follow","max-snippet":"max-snippet:-1","max-image-preview":"max-image-preview:large","max-video-preview":"max-video-preview:-1"},"canonical":"https:\/\/contabilidadecaxias.com.br\/index.php\/2022\/02\/23\/gustavo-tem-vyni-e-tiago-como-proximos-alvos-para-o-paredao\/","og_locale":"pt_BR","og_type":"article","og_title":"Gustavo tem Vyni e Tiago como pr\u00f3ximos alvos para o Pared\u00e3o - Contabilidade Caxias","og_description":"S\u00c3O PAULO, SP (FOLHAPRESS) &#8211; Gustavo voltou do seu primeiro Pared\u00e3o nesta ter\u00e7a-feira (22) e j\u00e1 est\u00e1 pensando no pr\u00f3ximo. Em conversa com Douglas Silva, o ex-participante da Casa de Vidro do BBB 2 (Globo) afirmou que j\u00e1 escolheu em quem vai focar para enfrentar a berlinda: Vyni e Tiago Abravanel. O brother recebeu 22% [&hellip;]","og_url":"https:\/\/contabilidadecaxias.com.br\/index.php\/2022\/02\/23\/gustavo-tem-vyni-e-tiago-como-proximos-alvos-para-o-paredao\/","og_site_name":"Contabilidade Caxias","article_published_time":"2022-02-23T14:13:54+00:00","twitter_card":"summary_large_image","twitter_misc":{"Est. tempo de leitura":"2 minutos"},"schema":{"@context":"https:\/\/schema.org","@graph":[{"@type":"Article","@id":"https:\/\/contabilidadecaxias.com.br\/index.php\/2022\/02\/23\/gustavo-tem-vyni-e-tiago-como-proximos-alvos-para-o-paredao\/#article","isPartOf":{"@id":"https:\/\/contabilidadecaxias.com.br\/index.php\/2022\/02\/23\/gustavo-tem-vyni-e-tiago-como-proximos-alvos-para-o-paredao\/"},"author":{"name":"","@id":""},"headline":"Gustavo tem Vyni e Tiago como pr\u00f3ximos alvos para o Pared\u00e3o","datePublished":"2022-02-23T14:13:54+00:00","mainEntityOfPage":{"@id":"https:\/\/contabilidadecaxias.com.br\/index.php\/2022\/02\/23\/gustavo-tem-vyni-e-tiago-como-proximos-alvos-para-o-paredao\/"},"wordCount":384,"commentCount":0,"articleSection":["Empreendedorismo"],"inLanguage":"pt-BR","potentialAction":[{"@type":"CommentAction","name":"Comment","target":["https:\/\/contabilidadecaxias.com.br\/index.php\/2022\/02\/23\/gustavo-tem-vyni-e-tiago-como-proximos-alvos-para-o-paredao\/#respond"]}]},{"@type":"WebPage","@id":"https:\/\/contabilidadecaxias.com.br\/index.php\/2022\/02\/23\/gustavo-tem-vyni-e-tiago-como-proximos-alvos-para-o-paredao\/","url":"https:\/\/contabilidadecaxias.com.br\/index.php\/2022\/02\/23\/gustavo-tem-vyni-e-tiago-como-proximos-alvos-para-o-paredao\/","name":"Gustavo tem Vyni e Tiago como pr\u00f3ximos alvos para o Pared\u00e3o - Contabilidade Caxias","isPartOf":{"@id":"https:\/\/contabilidadecaxias.com.br\/#website"},"datePublished":"2022-02-23T14:13:54+00:00","author":{"@id":""},"breadcrumb":{"@id":"https:\/\/contabilidadecaxias.com.br\/index.php\/2022\/02\/23\/gustavo-tem-vyni-e-tiago-como-proximos-alvos-para-o-paredao\/#breadcrumb"},"inLanguage":"pt-BR","potentialAction":[{"@type":"ReadAction","target":["https:\/\/contabilidadecaxias.com.br\/index.php\/2022\/02\/23\/gustavo-tem-vyni-e-tiago-como-proximos-alvos-para-o-paredao\/"]}]},{"@type":"BreadcrumbList","@id":"https:\/\/contabilidadecaxias.com.br\/index.php\/2022\/02\/23\/gustavo-tem-vyni-e-tiago-como-proximos-alvos-para-o-paredao\/#breadcrumb","itemListElement":[{"@type":"ListItem","position":1,"name":"In\u00edcio","item":"https:\/\/contabilidadecaxias.com.br\/"},{"@type":"ListItem","position":2,"name":"Gustavo tem Vyni e Tiago como pr\u00f3ximos alvos para o Pared\u00e3o"}]},{"@type":"WebSite","@id":"https:\/\/contabilidadecaxias.com.br\/#website","url":"https:\/\/contabilidadecaxias.com.br\/","name":"Contabilidade Caxias","description":"Site especializado em Contabilidade para Caxias.","potentialAction":[{"@type":"SearchAction","target":{"@type":"EntryPoint","urlTemplate":"https:\/\/contabilidadecaxias.com.br\/?s={search_term_string}"},"query-input":{"@type":"PropertyValueSpecification","valueRequired":true,"valueName":"search_term_string"}}],"inLanguage":"pt-BR"}]}},"_links":{"self":[{"href":"https:\/\/contabilidadecaxias.com.br\/index.php\/wp-json\/wp\/v2\/posts\/1538","targetHints":{"allow":["GET"]}}],"collection":[{"href":"https:\/\/contabilidadecaxias.com.br\/index.php\/wp-json\/wp\/v2\/posts"}],"about":[{"href":"https:\/\/contabilidadecaxias.com.br\/index.php\/wp-json\/wp\/v2\/types\/post"}],"replies":[{"embeddable":true,"href":"https:\/\/contabilidadecaxias.com.br\/index.php\/wp-json\/wp\/v2\/comments?post=1538"}],"version-history":[{"count":0,"href":"https:\/\/contabilidadecaxias.com.br\/index.php\/wp-json\/wp\/v2\/posts\/1538\/revisions"}],"wp:attachment":[{"href":"https:\/\/contabilidadecaxias.com.br\/index.php\/wp-json\/wp\/v2\/media?parent=1538"}],"wp:term":[{"taxonomy":"category","embeddable":true,"href":"https:\/\/contabilidadecaxias.com.br\/index.php\/wp-json\/wp\/v2\/categories?post=1538"},{"taxonomy":"post_tag","embeddable":true,"href":"https:\/\/contabilidadecaxias.com.br\/index.php\/wp-json\/wp\/v2\/tags?post=1538"}],"curies":[{"name":"wp","href":"https:\/\/api.w.org\/{rel}","templated":true}]}}