{"id":15306,"date":"2022-09-30T11:03:09","date_gmt":"2022-09-30T14:03:09","guid":{"rendered":"https:\/\/contabilidadecaxias.com.br\/index.php\/2022\/09\/30\/ebserh-greve-e-encerrada-apos-acordo-parcial-realizado-no-tst\/"},"modified":"2022-09-30T11:03:09","modified_gmt":"2022-09-30T14:03:09","slug":"ebserh-greve-e-encerrada-apos-acordo-parcial-realizado-no-tst","status":"publish","type":"post","link":"https:\/\/contabilidadecaxias.com.br\/index.php\/2022\/09\/30\/ebserh-greve-e-encerrada-apos-acordo-parcial-realizado-no-tst\/","title":{"rendered":"Ebserh: greve \u00e9 encerrada ap\u00f3s acordo parcial realizado no TST"},"content":{"rendered":"<div class=\"noticia-wrapper\">\n<p><em><\/p>\n<p>Cl\u00e1usulas sociais e de natureza econ\u00f4mica ser\u00e3o resolvidas separadamente.<\/p>\n<p><\/em><\/p>\n<div class=\"social-media-share mobile\">\n        <a class=\"share-facebook\" href=\"https:\/\/www.facebook.com\/sharer.php?u=https:\/\/www.tst.jus.br\/-\/ebserh-greve-%C3%A9-encerrada-ap%C3%B3s-acordo-parcial-realizado-no-tst\" target=\"_blank\" rel=\"noopener\"><\/a><br \/>\n        <a class=\"share-twitter\" href=\"https:\/\/twitter.com\/intent\/tweet?text=Ebserh:%20greve%20%C3%A9%20encerrada%20ap%C3%B3s%20acordo%20parcial%20realizado%20no%20TST%0AVeja%20mais%20em:&amp;url=https:\/\/www.tst.jus.br\/-\/ebserh-greve-%C3%A9-encerrada-ap%C3%B3s-acordo-parcial-realizado-no-tst\" target=\"_blank\" rel=\"noopener\"><\/a><br \/>\n        <a class=\"share-linkedin\" href=\"https:\/\/www.linkedin.com\/shareArticle?mini=true&amp;url=https:\/\/www.tst.jus.br\/-\/ebserh-greve-%C3%A9-encerrada-ap%C3%B3s-acordo-parcial-realizado-no-tst&amp;title=Ebserh:%20greve%20%C3%A9%20encerrada%20ap%C3%B3s%20acordo%20parcial%20realizado%20no%20TST\" target=\"_blank\" rel=\"noopener\"><\/a><br \/>\n        <a class=\"share-whatsapp\" href=\"https:\/\/web.whatsapp.com\/send?text=https:\/\/www.tst.jus.br\/-\/ebserh-greve-%C3%A9-encerrada-ap%C3%B3s-acordo-parcial-realizado-no-tst\" target=\"_blank\" rel=\"noopener\"><\/a><br \/>\n        <a class=\"share-googleplus\" href=\"https:\/\/plus.google.com\/share?url=https:\/\/www.tst.jus.br\/-\/ebserh-greve-%C3%A9-encerrada-ap%C3%B3s-acordo-parcial-realizado-no-tst\" target=\"_blank\" rel=\"noopener\"><\/a>\n    <\/div>\n<div class=\"news-body\">\n<div class=\"imagem-da-noticia\">\n<p>Detalhe de m\u00e9dico ao ar livre com estetosc\u00f3pio na m\u00e3o. Foto: Marcelo Camargo\/Ag\u00eancia Brasil<\/p>\n<div class=\"social-media-share\">\n                    <a class=\"share-facebook\" href=\"https:\/\/www.facebook.com\/sharer.php?u=https:\/\/www.tst.jus.br\/-\/ebserh-greve-%C3%A9-encerrada-ap%C3%B3s-acordo-parcial-realizado-no-tst\" target=\"_blank\" rel=\"noopener\"><\/a><br \/>\n                    <a class=\"share-twitter\" href=\"https:\/\/twitter.com\/intent\/tweet?text=Ebserh:%20greve%20%C3%A9%20encerrada%20ap%C3%B3s%20acordo%20parcial%20realizado%20no%20TST%0AVeja%20mais%20em:&amp;url=https:\/\/www.tst.jus.br\/-\/ebserh-greve-%C3%A9-encerrada-ap%C3%B3s-acordo-parcial-realizado-no-tst\" target=\"_blank\" rel=\"noopener\"><\/a><br \/>\n                    <a class=\"share-linkedin\" href=\"https:\/\/www.linkedin.com\/shareArticle?mini=true&amp;url=https:\/\/www.tst.jus.br\/-\/ebserh-greve-%C3%A9-encerrada-ap%C3%B3s-acordo-parcial-realizado-no-tst&amp;title=Ebserh:%20greve%20%C3%A9%20encerrada%20ap%C3%B3s%20acordo%20parcial%20realizado%20no%20TST\" target=\"_blank\" rel=\"noopener\"><\/a><br \/>\n                    <a class=\"share-whatsapp\" href=\"https:\/\/web.whatsapp.com\/send?text=https:\/\/www.tst.jus.br\/-\/ebserh-greve-%C3%A9-encerrada-ap%C3%B3s-acordo-parcial-realizado-no-tst\" target=\"_blank\" rel=\"noopener\"><\/a><br \/>\n                    <a class=\"share-googleplus\" href=\"https:\/\/plus.google.com\/share?url=https:\/\/www.tst.jus.br\/-\/ebserh-greve-%C3%A9-encerrada-ap%C3%B3s-acordo-parcial-realizado-no-tst\" target=\"_blank\" rel=\"noopener\"><\/a>\n                <\/div>\n<\/p><\/div>\n<div class=\"materia\">\n<p>29\/09\/22- A Empresa Brasileira de Servi\u00e7os Hospitalares (Ebserh) e os sindicatos que representam seus empregados se reuniram nesta quinta-feira (29), no Tribunal Superior do Trabalho, e chegaram a um acordo parcial para p\u00f4r fim \u00e0 greve da categoria. Ap\u00f3s diversas rodadas de negocia\u00e7\u00e3o conduzidas pela ministra Dela\u00edde Miranda Arantes, ficou acertado que as cl\u00e1usulas de natureza social ficar\u00e3o mantidas, mas as econ\u00f4micas ir\u00e3o a julgamento pela Se\u00e7\u00e3o Especializada em Diss\u00eddios Coletivos (SDC), ap\u00f3s aprovadas em assembleia. O retorno ao trabalho est\u00e1 previsto para as 14h de amanh\u00e3 (30).<\/p>\n<p>O diss\u00eddio coletivo de greve foi ajuizado em maio do ano passado pela Ebserh visando \u00e0 declara\u00e7\u00e3o de abusividade da paralisa\u00e7\u00e3o promovida na \u00e9poca e que envolvem as negocia\u00e7\u00f5es coletivas relativas aos per\u00edodos entre 2021 e 2023. No curso do processo, as partes fizeram um acordo no in\u00edcio de fevereiro de 2022 para p\u00f4r fim a greve. Todavia, segundo a ministra, depois de retomadas as negocia\u00e7\u00f5es e ap\u00f3s v\u00e1rias tentativas de promover uma concilia\u00e7\u00e3o, as partes n\u00e3o conseguiram realizar um acordo capaz de p\u00f4r fim ao processo. No dia 21 deste m\u00eas, a greve foi retomada.<\/p>\n<h4>Cl\u00e1usulas sociais<\/h4>\n<p>De acordo com a negocia\u00e7\u00e3o de ontem, ficar\u00e3o mantidas todas as cl\u00e1usulas de natureza social da senten\u00e7a normativa 2019\/2020, por tr\u00eas anos.\u00a0<\/p>\n<p>Cl\u00e1usulas econ\u00f4micas<\/p>\n<p>Sem consenso entre as partes desde o in\u00edcio das negocia\u00e7\u00f5es, as cl\u00e1usulas econ\u00f4micas n\u00e3o foram objeto do acordo. Na audi\u00eancia, a Ebserh reiterou que n\u00e3o estava autorizada a tratar do tema. Segundo a empresa, h\u00e1 impedimentos na atual Lei Eleitoral para a concess\u00e3o de reajustes salariais, que tamb\u00e9m esbarram nas diretrizes da Secretaria de Coordena\u00e7\u00e3o e Governan\u00e7a das Empresas Estatais do Minist\u00e9rio da Economia (Sest).<\/p>\n<p>Nesse sentido, a relatora disse que as entidades devem se reunir em assembleia e detalhar as cl\u00e1usulas econ\u00f4micas a serem levadas a julgamento. \u201cN\u00e3o posso levar o caso \u00e0 SDC sem que as cl\u00e1usulas estejam especificadas\u201d, observou.\u00a0<\/p>\n<p>Com isso, as entidades se comprometeram a se reunir nesta sexta-feira (30) em assembleia e ter\u00e3o at\u00e9 segunda-feira (3) para enviar as reivindica\u00e7\u00f5es ao TST. Segundo elas, as cl\u00e1usulas de natureza econ\u00f4mica tratam de reajuste salarial, aux\u00edlio-alimenta\u00e7\u00e3o e repercuss\u00e3o econ\u00f4mica sobre algumas parcelas. \u00a0\u00a0<\/p>\n<h4>Dias parados\u00a0<\/h4>\n<p>Tamb\u00e9m ficou definido na audi\u00eancia que as horas relativas \u00e0 greve poder\u00e3o ser compensadas pelo banco de horas, no per\u00edodo m\u00e1ximo de 90 dias, a partir de 1\u00b0 de outubro. Tamb\u00e9m \u00e9 facultada, no mesmo prazo, a utiliza\u00e7\u00e3o do abono do ACT relativo a 1\u00ba\/3\/2022 a 28\/2\/2023. A empresa se comprometeu a n\u00e3o discutir a abusividade da greve.\u00a0<\/p>\n<p>(RR\/CF)<\/p>\n<\/div><\/div>\n<\/div>\n","protected":false},"excerpt":{"rendered":"<p>Cl\u00e1usulas sociais e de natureza econ\u00f4mica ser\u00e3o resolvidas separadamente. Detalhe de m\u00e9dico ao ar livre com estetosc\u00f3pio na m\u00e3o. Foto: Marcelo Camargo\/Ag\u00eancia Brasil 29\/09\/22- A Empresa Brasileira de Servi\u00e7os Hospitalares (Ebserh) e os sindicatos que representam seus empregados se reuniram nesta quinta-feira (29), no Tribunal Superior do Trabalho, e chegaram a um acordo parcial para [&hellip;]<\/p>\n","protected":false},"author":0,"featured_media":15307,"comment_status":"open","ping_status":"","sticky":false,"template":"","format":"standard","meta":{"footnotes":""},"categories":[5],"tags":[],"class_list":["post-15306","post","type-post","status-publish","format-standard","has-post-thumbnail","hentry","category-noticias-educacao-financeira"],"blocksy_meta":{"styles_descriptor":{"styles":{"desktop":"","tablet":"","mobile":""},"google_fonts":[],"version":6}},"yoast_head":"<!-- This site is optimized with the Yoast SEO plugin v27.4 - https:\/\/yoast.com\/product\/yoast-seo-wordpress\/ -->\n<title>Ebserh: greve \u00e9 encerrada ap\u00f3s acordo parcial realizado no TST - Contabilidade Caxias<\/title>\n<meta name=\"robots\" content=\"index, follow, max-snippet:-1, max-image-preview:large, max-video-preview:-1\" \/>\n<link rel=\"canonical\" href=\"https:\/\/contabilidadecaxias.com.br\/index.php\/2022\/09\/30\/ebserh-greve-e-encerrada-apos-acordo-parcial-realizado-no-tst\/\" \/>\n<meta property=\"og:locale\" content=\"pt_BR\" \/>\n<meta property=\"og:type\" content=\"article\" \/>\n<meta property=\"og:title\" content=\"Ebserh: greve \u00e9 encerrada ap\u00f3s acordo parcial realizado no TST - Contabilidade Caxias\" \/>\n<meta property=\"og:description\" content=\"Cl\u00e1usulas sociais e de natureza econ\u00f4mica ser\u00e3o resolvidas separadamente. Detalhe de m\u00e9dico ao ar livre com estetosc\u00f3pio na m\u00e3o. Foto: Marcelo Camargo\/Ag\u00eancia Brasil 29\/09\/22- A Empresa Brasileira de Servi\u00e7os Hospitalares (Ebserh) e os sindicatos que representam seus empregados se reuniram nesta quinta-feira (29), no Tribunal Superior do Trabalho, e chegaram a um acordo parcial para [&hellip;]\" \/>\n<meta property=\"og:url\" content=\"https:\/\/contabilidadecaxias.com.br\/index.php\/2022\/09\/30\/ebserh-greve-e-encerrada-apos-acordo-parcial-realizado-no-tst\/\" \/>\n<meta property=\"og:site_name\" content=\"Contabilidade Caxias\" \/>\n<meta property=\"article:published_time\" content=\"2022-09-30T14:03:09+00:00\" \/>\n<meta name=\"twitter:card\" content=\"summary_large_image\" \/>\n<meta name=\"twitter:label1\" content=\"Est. tempo de leitura\" \/>\n\t<meta name=\"twitter:data1\" content=\"2 minutos\" \/>\n<script type=\"application\/ld+json\" class=\"yoast-schema-graph\">{\"@context\":\"https:\\\/\\\/schema.org\",\"@graph\":[{\"@type\":\"Article\",\"@id\":\"https:\\\/\\\/contabilidadecaxias.com.br\\\/index.php\\\/2022\\\/09\\\/30\\\/ebserh-greve-e-encerrada-apos-acordo-parcial-realizado-no-tst\\\/#article\",\"isPartOf\":{\"@id\":\"https:\\\/\\\/contabilidadecaxias.com.br\\\/index.php\\\/2022\\\/09\\\/30\\\/ebserh-greve-e-encerrada-apos-acordo-parcial-realizado-no-tst\\\/\"},\"author\":{\"name\":\"\",\"@id\":\"\"},\"headline\":\"Ebserh: greve \u00e9 encerrada ap\u00f3s acordo parcial realizado no TST\",\"datePublished\":\"2022-09-30T14:03:09+00:00\",\"mainEntityOfPage\":{\"@id\":\"https:\\\/\\\/contabilidadecaxias.com.br\\\/index.php\\\/2022\\\/09\\\/30\\\/ebserh-greve-e-encerrada-apos-acordo-parcial-realizado-no-tst\\\/\"},\"wordCount\":506,\"commentCount\":0,\"image\":{\"@id\":\"https:\\\/\\\/contabilidadecaxias.com.br\\\/index.php\\\/2022\\\/09\\\/30\\\/ebserh-greve-e-encerrada-apos-acordo-parcial-realizado-no-tst\\\/#primaryimage\"},\"thumbnailUrl\":\"https:\\\/\\\/contabilidadecaxias.com.br\\\/wp-content\\\/uploads\\\/2022\\\/09\\\/ada0e725-2d47-637b-cb37-36813df26c51-EtPSsL.jpeg\",\"articleSection\":[\"Educa\u00e7\u00e3o Financeira\"],\"inLanguage\":\"pt-BR\",\"potentialAction\":[{\"@type\":\"CommentAction\",\"name\":\"Comment\",\"target\":[\"https:\\\/\\\/contabilidadecaxias.com.br\\\/index.php\\\/2022\\\/09\\\/30\\\/ebserh-greve-e-encerrada-apos-acordo-parcial-realizado-no-tst\\\/#respond\"]}]},{\"@type\":\"WebPage\",\"@id\":\"https:\\\/\\\/contabilidadecaxias.com.br\\\/index.php\\\/2022\\\/09\\\/30\\\/ebserh-greve-e-encerrada-apos-acordo-parcial-realizado-no-tst\\\/\",\"url\":\"https:\\\/\\\/contabilidadecaxias.com.br\\\/index.php\\\/2022\\\/09\\\/30\\\/ebserh-greve-e-encerrada-apos-acordo-parcial-realizado-no-tst\\\/\",\"name\":\"Ebserh: greve \u00e9 encerrada ap\u00f3s acordo parcial realizado no TST - Contabilidade Caxias\",\"isPartOf\":{\"@id\":\"https:\\\/\\\/contabilidadecaxias.com.br\\\/#website\"},\"primaryImageOfPage\":{\"@id\":\"https:\\\/\\\/contabilidadecaxias.com.br\\\/index.php\\\/2022\\\/09\\\/30\\\/ebserh-greve-e-encerrada-apos-acordo-parcial-realizado-no-tst\\\/#primaryimage\"},\"image\":{\"@id\":\"https:\\\/\\\/contabilidadecaxias.com.br\\\/index.php\\\/2022\\\/09\\\/30\\\/ebserh-greve-e-encerrada-apos-acordo-parcial-realizado-no-tst\\\/#primaryimage\"},\"thumbnailUrl\":\"https:\\\/\\\/contabilidadecaxias.com.br\\\/wp-content\\\/uploads\\\/2022\\\/09\\\/ada0e725-2d47-637b-cb37-36813df26c51-EtPSsL.jpeg\",\"datePublished\":\"2022-09-30T14:03:09+00:00\",\"author\":{\"@id\":\"\"},\"breadcrumb\":{\"@id\":\"https:\\\/\\\/contabilidadecaxias.com.br\\\/index.php\\\/2022\\\/09\\\/30\\\/ebserh-greve-e-encerrada-apos-acordo-parcial-realizado-no-tst\\\/#breadcrumb\"},\"inLanguage\":\"pt-BR\",\"potentialAction\":[{\"@type\":\"ReadAction\",\"target\":[\"https:\\\/\\\/contabilidadecaxias.com.br\\\/index.php\\\/2022\\\/09\\\/30\\\/ebserh-greve-e-encerrada-apos-acordo-parcial-realizado-no-tst\\\/\"]}]},{\"@type\":\"ImageObject\",\"inLanguage\":\"pt-BR\",\"@id\":\"https:\\\/\\\/contabilidadecaxias.com.br\\\/index.php\\\/2022\\\/09\\\/30\\\/ebserh-greve-e-encerrada-apos-acordo-parcial-realizado-no-tst\\\/#primaryimage\",\"url\":\"https:\\\/\\\/contabilidadecaxias.com.br\\\/wp-content\\\/uploads\\\/2022\\\/09\\\/ada0e725-2d47-637b-cb37-36813df26c51-EtPSsL.jpeg\",\"contentUrl\":\"https:\\\/\\\/contabilidadecaxias.com.br\\\/wp-content\\\/uploads\\\/2022\\\/09\\\/ada0e725-2d47-637b-cb37-36813df26c51-EtPSsL.jpeg\",\"width\":1170,\"height\":700},{\"@type\":\"BreadcrumbList\",\"@id\":\"https:\\\/\\\/contabilidadecaxias.com.br\\\/index.php\\\/2022\\\/09\\\/30\\\/ebserh-greve-e-encerrada-apos-acordo-parcial-realizado-no-tst\\\/#breadcrumb\",\"itemListElement\":[{\"@type\":\"ListItem\",\"position\":1,\"name\":\"In\u00edcio\",\"item\":\"https:\\\/\\\/contabilidadecaxias.com.br\\\/\"},{\"@type\":\"ListItem\",\"position\":2,\"name\":\"Ebserh: greve \u00e9 encerrada ap\u00f3s acordo parcial realizado no TST\"}]},{\"@type\":\"WebSite\",\"@id\":\"https:\\\/\\\/contabilidadecaxias.com.br\\\/#website\",\"url\":\"https:\\\/\\\/contabilidadecaxias.com.br\\\/\",\"name\":\"Contabilidade Caxias\",\"description\":\"Site especializado em Contabilidade para Caxias.\",\"potentialAction\":[{\"@type\":\"SearchAction\",\"target\":{\"@type\":\"EntryPoint\",\"urlTemplate\":\"https:\\\/\\\/contabilidadecaxias.com.br\\\/?s={search_term_string}\"},\"query-input\":{\"@type\":\"PropertyValueSpecification\",\"valueRequired\":true,\"valueName\":\"search_term_string\"}}],\"inLanguage\":\"pt-BR\"}]}<\/script>\n<!-- \/ Yoast SEO plugin. -->","yoast_head_json":{"title":"Ebserh: greve \u00e9 encerrada ap\u00f3s acordo parcial realizado no TST - Contabilidade Caxias","robots":{"index":"index","follow":"follow","max-snippet":"max-snippet:-1","max-image-preview":"max-image-preview:large","max-video-preview":"max-video-preview:-1"},"canonical":"https:\/\/contabilidadecaxias.com.br\/index.php\/2022\/09\/30\/ebserh-greve-e-encerrada-apos-acordo-parcial-realizado-no-tst\/","og_locale":"pt_BR","og_type":"article","og_title":"Ebserh: greve \u00e9 encerrada ap\u00f3s acordo parcial realizado no TST - Contabilidade Caxias","og_description":"Cl\u00e1usulas sociais e de natureza econ\u00f4mica ser\u00e3o resolvidas separadamente. Detalhe de m\u00e9dico ao ar livre com estetosc\u00f3pio na m\u00e3o. Foto: Marcelo Camargo\/Ag\u00eancia Brasil 29\/09\/22- A Empresa Brasileira de Servi\u00e7os Hospitalares (Ebserh) e os sindicatos que representam seus empregados se reuniram nesta quinta-feira (29), no Tribunal Superior do Trabalho, e chegaram a um acordo parcial para [&hellip;]","og_url":"https:\/\/contabilidadecaxias.com.br\/index.php\/2022\/09\/30\/ebserh-greve-e-encerrada-apos-acordo-parcial-realizado-no-tst\/","og_site_name":"Contabilidade Caxias","article_published_time":"2022-09-30T14:03:09+00:00","twitter_card":"summary_large_image","twitter_misc":{"Est. tempo de leitura":"2 minutos"},"schema":{"@context":"https:\/\/schema.org","@graph":[{"@type":"Article","@id":"https:\/\/contabilidadecaxias.com.br\/index.php\/2022\/09\/30\/ebserh-greve-e-encerrada-apos-acordo-parcial-realizado-no-tst\/#article","isPartOf":{"@id":"https:\/\/contabilidadecaxias.com.br\/index.php\/2022\/09\/30\/ebserh-greve-e-encerrada-apos-acordo-parcial-realizado-no-tst\/"},"author":{"name":"","@id":""},"headline":"Ebserh: greve \u00e9 encerrada ap\u00f3s acordo parcial realizado no TST","datePublished":"2022-09-30T14:03:09+00:00","mainEntityOfPage":{"@id":"https:\/\/contabilidadecaxias.com.br\/index.php\/2022\/09\/30\/ebserh-greve-e-encerrada-apos-acordo-parcial-realizado-no-tst\/"},"wordCount":506,"commentCount":0,"image":{"@id":"https:\/\/contabilidadecaxias.com.br\/index.php\/2022\/09\/30\/ebserh-greve-e-encerrada-apos-acordo-parcial-realizado-no-tst\/#primaryimage"},"thumbnailUrl":"https:\/\/contabilidadecaxias.com.br\/wp-content\/uploads\/2022\/09\/ada0e725-2d47-637b-cb37-36813df26c51-EtPSsL.jpeg","articleSection":["Educa\u00e7\u00e3o Financeira"],"inLanguage":"pt-BR","potentialAction":[{"@type":"CommentAction","name":"Comment","target":["https:\/\/contabilidadecaxias.com.br\/index.php\/2022\/09\/30\/ebserh-greve-e-encerrada-apos-acordo-parcial-realizado-no-tst\/#respond"]}]},{"@type":"WebPage","@id":"https:\/\/contabilidadecaxias.com.br\/index.php\/2022\/09\/30\/ebserh-greve-e-encerrada-apos-acordo-parcial-realizado-no-tst\/","url":"https:\/\/contabilidadecaxias.com.br\/index.php\/2022\/09\/30\/ebserh-greve-e-encerrada-apos-acordo-parcial-realizado-no-tst\/","name":"Ebserh: greve \u00e9 encerrada ap\u00f3s acordo parcial realizado no TST - Contabilidade Caxias","isPartOf":{"@id":"https:\/\/contabilidadecaxias.com.br\/#website"},"primaryImageOfPage":{"@id":"https:\/\/contabilidadecaxias.com.br\/index.php\/2022\/09\/30\/ebserh-greve-e-encerrada-apos-acordo-parcial-realizado-no-tst\/#primaryimage"},"image":{"@id":"https:\/\/contabilidadecaxias.com.br\/index.php\/2022\/09\/30\/ebserh-greve-e-encerrada-apos-acordo-parcial-realizado-no-tst\/#primaryimage"},"thumbnailUrl":"https:\/\/contabilidadecaxias.com.br\/wp-content\/uploads\/2022\/09\/ada0e725-2d47-637b-cb37-36813df26c51-EtPSsL.jpeg","datePublished":"2022-09-30T14:03:09+00:00","author":{"@id":""},"breadcrumb":{"@id":"https:\/\/contabilidadecaxias.com.br\/index.php\/2022\/09\/30\/ebserh-greve-e-encerrada-apos-acordo-parcial-realizado-no-tst\/#breadcrumb"},"inLanguage":"pt-BR","potentialAction":[{"@type":"ReadAction","target":["https:\/\/contabilidadecaxias.com.br\/index.php\/2022\/09\/30\/ebserh-greve-e-encerrada-apos-acordo-parcial-realizado-no-tst\/"]}]},{"@type":"ImageObject","inLanguage":"pt-BR","@id":"https:\/\/contabilidadecaxias.com.br\/index.php\/2022\/09\/30\/ebserh-greve-e-encerrada-apos-acordo-parcial-realizado-no-tst\/#primaryimage","url":"https:\/\/contabilidadecaxias.com.br\/wp-content\/uploads\/2022\/09\/ada0e725-2d47-637b-cb37-36813df26c51-EtPSsL.jpeg","contentUrl":"https:\/\/contabilidadecaxias.com.br\/wp-content\/uploads\/2022\/09\/ada0e725-2d47-637b-cb37-36813df26c51-EtPSsL.jpeg","width":1170,"height":700},{"@type":"BreadcrumbList","@id":"https:\/\/contabilidadecaxias.com.br\/index.php\/2022\/09\/30\/ebserh-greve-e-encerrada-apos-acordo-parcial-realizado-no-tst\/#breadcrumb","itemListElement":[{"@type":"ListItem","position":1,"name":"In\u00edcio","item":"https:\/\/contabilidadecaxias.com.br\/"},{"@type":"ListItem","position":2,"name":"Ebserh: greve \u00e9 encerrada ap\u00f3s acordo parcial realizado no TST"}]},{"@type":"WebSite","@id":"https:\/\/contabilidadecaxias.com.br\/#website","url":"https:\/\/contabilidadecaxias.com.br\/","name":"Contabilidade Caxias","description":"Site especializado em Contabilidade para Caxias.","potentialAction":[{"@type":"SearchAction","target":{"@type":"EntryPoint","urlTemplate":"https:\/\/contabilidadecaxias.com.br\/?s={search_term_string}"},"query-input":{"@type":"PropertyValueSpecification","valueRequired":true,"valueName":"search_term_string"}}],"inLanguage":"pt-BR"}]}},"_links":{"self":[{"href":"https:\/\/contabilidadecaxias.com.br\/index.php\/wp-json\/wp\/v2\/posts\/15306","targetHints":{"allow":["GET"]}}],"collection":[{"href":"https:\/\/contabilidadecaxias.com.br\/index.php\/wp-json\/wp\/v2\/posts"}],"about":[{"href":"https:\/\/contabilidadecaxias.com.br\/index.php\/wp-json\/wp\/v2\/types\/post"}],"replies":[{"embeddable":true,"href":"https:\/\/contabilidadecaxias.com.br\/index.php\/wp-json\/wp\/v2\/comments?post=15306"}],"version-history":[{"count":0,"href":"https:\/\/contabilidadecaxias.com.br\/index.php\/wp-json\/wp\/v2\/posts\/15306\/revisions"}],"wp:featuredmedia":[{"embeddable":true,"href":"https:\/\/contabilidadecaxias.com.br\/index.php\/wp-json\/wp\/v2\/media\/15307"}],"wp:attachment":[{"href":"https:\/\/contabilidadecaxias.com.br\/index.php\/wp-json\/wp\/v2\/media?parent=15306"}],"wp:term":[{"taxonomy":"category","embeddable":true,"href":"https:\/\/contabilidadecaxias.com.br\/index.php\/wp-json\/wp\/v2\/categories?post=15306"},{"taxonomy":"post_tag","embeddable":true,"href":"https:\/\/contabilidadecaxias.com.br\/index.php\/wp-json\/wp\/v2\/tags?post=15306"}],"curies":[{"name":"wp","href":"https:\/\/api.w.org\/{rel}","templated":true}]}}