{"id":15183,"date":"2022-09-29T14:43:39","date_gmt":"2022-09-29T17:43:39","guid":{"rendered":"https:\/\/contabilidadecaxias.com.br\/index.php\/2022\/09\/29\/futuro-da-justica-do-trabalho-e-tema-de-workshop-no-tst\/"},"modified":"2022-09-29T14:43:39","modified_gmt":"2022-09-29T17:43:39","slug":"futuro-da-justica-do-trabalho-e-tema-de-workshop-no-tst","status":"publish","type":"post","link":"https:\/\/contabilidadecaxias.com.br\/index.php\/2022\/09\/29\/futuro-da-justica-do-trabalho-e-tema-de-workshop-no-tst\/","title":{"rendered":"Futuro da Justi\u00e7a do Trabalho \u00e9 tema de workshop no TST"},"content":{"rendered":"<div class=\"noticia-wrapper\">\n<p><em><\/p>\n<p>O evento contou com a apresenta\u00e7\u00e3o de confer\u00eancias, oficinas e projetos sociais desenvolvidos pelos TRTs.<\/p>\n<p><\/em><\/p>\n<div class=\"social-media-share mobile\">\n        <a class=\"share-facebook\" href=\"https:\/\/www.facebook.com\/sharer.php?u=https:\/\/www.tst.jus.br\/-\/futuro-da-justi%C3%A7a-do-trabalho-%C3%A9-tema-de-workshop-no-tst\" target=\"_blank\" rel=\"noopener\"><\/a><br \/>\n        <a class=\"share-twitter\" href=\"https:\/\/twitter.com\/intent\/tweet?text=Futuro%20da%20Justi%C3%A7a%20do%20Trabalho%20%C3%A9%20tema%20de%20workshop%20no%20TST%0AVeja%20mais%20em:&amp;url=https:\/\/www.tst.jus.br\/-\/futuro-da-justi%C3%A7a-do-trabalho-%C3%A9-tema-de-workshop-no-tst\" target=\"_blank\" rel=\"noopener\"><\/a><br \/>\n        <a class=\"share-linkedin\" href=\"https:\/\/www.linkedin.com\/shareArticle?mini=true&amp;url=https:\/\/www.tst.jus.br\/-\/futuro-da-justi%C3%A7a-do-trabalho-%C3%A9-tema-de-workshop-no-tst&amp;title=Futuro%20da%20Justi%C3%A7a%20do%20Trabalho%20%C3%A9%20tema%20de%20workshop%20no%20TST\" target=\"_blank\" rel=\"noopener\"><\/a><br \/>\n        <a class=\"share-whatsapp\" href=\"https:\/\/web.whatsapp.com\/send?text=https:\/\/www.tst.jus.br\/-\/futuro-da-justi%C3%A7a-do-trabalho-%C3%A9-tema-de-workshop-no-tst\" target=\"_blank\" rel=\"noopener\"><\/a><br \/>\n        <a class=\"share-googleplus\" href=\"https:\/\/plus.google.com\/share?url=https:\/\/www.tst.jus.br\/-\/futuro-da-justi%C3%A7a-do-trabalho-%C3%A9-tema-de-workshop-no-tst\" target=\"_blank\" rel=\"noopener\"><\/a>\n    <\/div>\n<div class=\"news-body\">\n<div class=\"materia\">\n<p>29\/09\/22 &#8211; Debater as a\u00e7\u00f5es institucionais em todos os graus da Justi\u00e7a do Trabalho e pensar em novos projetos relacionados ao fortalecimento e \u00e0 valoriza\u00e7\u00e3o do papel social da institui\u00e7\u00e3o. Esse foi o objetivo das confer\u00eancias, din\u00e2micas e oficinas realizadas durante o workshop \u201cJusti\u00e7a do Trabalho: lan\u00e7ando luzes sobre o futuro da justi\u00e7a social\u201d, promovido nesta quarta-feira (28\/9) no Tribunal Superior do Trabalho, em Bras\u00edlia.<\/p>\n<p>O presidente do TST e do Conselho Superior da Justi\u00e7a do Trabalho (CSJT), ministro Emmanoel Pereira, fez a confer\u00eancia de abertura, com o tema \u201cO mundo mudou, a justi\u00e7a social tamb\u00e9m: iniciativas e perspectivas para uma renovada Justi\u00e7a do Trabalho\u201d. Segundo o ministro, a Justi\u00e7a do Trabalho, desde a sua instala\u00e7\u00e3o, em 1\u00ba de maio de 1941, tem buscado o equil\u00edbrio de for\u00e7as entre o capital e o trabalho, firmando-se como uma institui\u00e7\u00e3o essencial para o aprimoramento das rela\u00e7\u00f5es de trabalho.<\/p>\n<p>Ele destacou a constante evolu\u00e7\u00e3o da Justi\u00e7a trabalhista, comprovada pelos desafios superados durante a pandemia da covid-19. \u201cEsta justi\u00e7a, mais que qualquer outra institui\u00e7\u00e3o brasileira, tem ci\u00eancia da sua import\u00e2ncia na vida do ser humano, tanto sob o ponto de vista pessoal como coletivo\u201d, destacou. \u201cEssa import\u00e2ncia se traduz no respeito \u00e0 legisla\u00e7\u00e3o e na constante preocupa\u00e7\u00e3o com realidades que ainda assolam o trabalhador, \u00e0s quais o Judici\u00e1rio trabalhista pretende responder prontamente, comprovando sua capacidade de adapta\u00e7\u00e3o e renova\u00e7\u00e3o\u201d.<\/p>\n<h4>Escravid\u00e3o<\/h4>\n<p>A ju\u00edza federal Adriana Alves dos Santos Cruz, do Tribunal Regional Federal da 2\u00aa Regi\u00e3o (TRF-2), encerrou o evento com a confer\u00eancia \u201cOs significados da escravid\u00e3o nas estruturas sociais e econ\u00f4micas do Brasil: desafios para o futuro\u201d. Segundo a magistrada, o ponto de partida para analisar o assunto deve considerar a escravid\u00e3o como o \u201cpecado original\u201d da sociedade brasileira e a pedra fundamental sobre a qual ela se estrutura. \u201cN\u00e3o existe uma s\u00f3 riqueza neste pa\u00eds que n\u00e3o tenha o suor e o trabalho das pessoas negras e das pessoas ind\u00edgenas. Essa riqueza, at\u00e9 hoje, n\u00e3o se reverteu em benef\u00edcios a essas popula\u00e7\u00f5es\u201d, pontuou.\u00a0<\/p>\n<p>Adriana Cruz relembrou fatos marcantes da hist\u00f3ria brasileira e combateu a ideia oficial de aboli\u00e7\u00e3o da escravid\u00e3o com a Lei \u00c1urea. \u201cAp\u00f3s a suposta aboli\u00e7\u00e3o, houve um projeto de descarte dessa popula\u00e7\u00e3o. O projeto de na\u00e7\u00e3o, naquele momento, foi bem pensado&#8221;, disse. &#8220;Os imigrantes europeus vieram para apagar a presen\u00e7a negra e ind\u00edgena do territ\u00f3rio brasileiro. E o que vivemos hoje \u00e9 reflexo de todas essas constru\u00e7\u00f5es\u201d.<\/p>\n<p>De acordo com a ju\u00edza, o desafio \u00e9 entender como essas pr\u00e1ticas e o projeto eug\u00eanico nacional se apresentam hoje, bem como identificar os momentos em que o Direito est\u00e1 sendo indevidamente usado para pr\u00e1ticas discriminat\u00f3rias. \u201cA pr\u00e1tica do racismo, hoje, d\u00e1-se sob a mesma estrutura do passado, por\u00e9m com algumas atualiza\u00e7\u00f5es, como um smartphone que \u00e9 periodicamente atualizado, para que os bugs n\u00e3o sejam percebidos. O sistema de justi\u00e7a e o Direito s\u00e3o ferramentas poderosas para a manuten\u00e7\u00e3o dessa realidade de explora\u00e7\u00e3o\u201d, concluiu. \u00a0<\/p>\n<h4>Oficinas<\/h4>\n<p>O evento foi destinado a desembargadoras e desembargadores ocupantes dos cargos de administra\u00e7\u00e3o dos TRTs e de gest\u00e3o dos programas institucionais da Justi\u00e7a do Trabalho, como o Programa Trabalho Seguro e o Programa de Combate ao Trabalho Infantil e de Est\u00edmulo \u00e0 Aprendizagem. Para debater, ouvir e formular ideias para o aprimoramento institucional, foram realizadas tr\u00eas oficinas com temas relacionados \u00e0 Justi\u00e7a do Trabalho.\u00a0<\/p>\n<h4>Preconceito e discrimina\u00e7\u00e3o\u00a0<\/h4>\n<p>A primeira oficina abordou o tema \u201cPreconceito e discrimina\u00e7\u00e3o no ambiente de trabalho e julgamento em perspectiva de g\u00eanero\u201d, sob a coordena\u00e7\u00e3o da ministra do TST K\u00e1tia Magalh\u00e3es Arruda. Entre as propostas de a\u00e7\u00f5es institucionais e judic\u00e1rias para o enfrentamento do preconceito, da discrimina\u00e7\u00e3o e do ass\u00e9dio, foi sugerida a oferta de cursos sobre julgamento na perspectiva de g\u00eanero e direito antidiscriminat\u00f3rio, al\u00e9m da apura\u00e7\u00e3o de casos e da implementa\u00e7\u00e3o de mecanismos de den\u00fancia.\u00a0<\/p>\n<p>A ministra K\u00e1tia Arruda tamb\u00e9m sugeriu o aperfei\u00e7oamento da tabela de assuntos processuais sobre discrimina\u00e7\u00e3o, inclusive no PJe.\u00a0<\/p>\n<h4>Seguran\u00e7a no trabalho<\/h4>\n<p>Coordenada pela ministra Dela\u00edde Miranda Arantes, a segunda oficina teve como tema \u201cMeio Ambiente e Seguran\u00e7a do Trabalho\u201d. O grupo teve foco especial na sa\u00fade mental e f\u00edsica e discutiu formas de aproximar a magistratura do cotidiano do trabalho.\u00a0<\/p>\n<p>Para isso, foram apresentadas propostas como mais visitas de ju\u00edzas e ju\u00edzes aos ambientes com mais relatos de acidentes de trabalho, al\u00e9m da capacita\u00e7\u00e3o dos profissionais para melhor elaborarem e compreenderem laudos m\u00e9dicos.\u00a0<\/p>\n<h4>Trabalho infantil<\/h4>\n<p>Por fim, a terceira oficina, coordenada pelo ministro Evandro Valad\u00e3o, coordenador nacional do Programa de Combate ao Trabalho Infantil e de Est\u00edmulo \u00e0 Aprendizagem da Justi\u00e7a do Trabalho, apresentou uma s\u00e9rie de iniciativas para o aprimoramento do tema, com destaque para a articula\u00e7\u00e3o de mecanismos de amplia\u00e7\u00e3o e viabiliza\u00e7\u00e3o de estruturas para o combate ao trabalho infantil pelos TRTs. Entre as sugest\u00f5es apresentadas est\u00e3o a implementa\u00e7\u00e3o de marcadores de identifica\u00e7\u00e3o espec\u00edficos de trabalho infantil no sistema PJe para coleta de dados, o fortalecimento do Disque 100 e o direcionamento de recursos do Imposto de Renda aos fundos da inf\u00e2ncia e adolesc\u00eancia.\u00a0<\/p>\n<h4>Boas pr\u00e1ticas<\/h4>\n<p>Durante o workshop, tamb\u00e9m foram apresentados oito projetos desenvolvidos pelos \u00a0TRTs relacionados a temas sens\u00edveis da justi\u00e7a social. Confira as iniciativas cidad\u00e3s:<\/p>\n<p>TRT da 1\u00aa Regi\u00e3o (RJ): \u201c<a href=\"https:\/\/www.trt1.jus.br\/ultimas-noticias\/-\/asset_publisher\/IpQvDk7pXBme\/content\/feira-de-empregos-nesta-quarta-feira-14-9-traz-oportunidades-exclusivas-para-pessoas-com-deficiencia-e-reabilitados-do-inss\/21078\" target=\"_blank\" rel=\"noopener\">O circuito Dia D \u2013 feira de empregabilidade da pessoa com defici\u00eancia e reabilitados do INSS<\/a>\u201d, que busca facilitar a inser\u00e7\u00e3o de pessoas com defici\u00eancia no mercado de trabalho;<\/p>\n<p>TRT da 4\u00aa Regi\u00e3o (RS): \u201c<a href=\"https:\/\/www.trt4.jus.br\/portais\/trt4\/projeto-pescar\" target=\"_blank\" rel=\"noopener\">Comunidade Jur\u00eddico-Trabalhista do Projeto Pescar<\/a>\u201d, que promove \u00a0a forma\u00e7\u00e3o social profissionalizante de adolescentes e jovens;<\/p>\n<p>TRT da 5\u00aa Regi\u00e3o (BA): \u201c<a href=\"https:\/\/www.trt5.jus.br\/noticias\/primeiro-sac-trabalhista-pais-ja-funciona-forum-comercio-com-diversos-servicos-cidadao#content\" target=\"_blank\" rel=\"noopener\">SAC Trabalhista<\/a>\u201d, que conta com uma unidade f\u00edsica de \u00a0presta\u00e7\u00e3o de servi\u00e7os e atendimento aos usu\u00e1rios da Justi\u00e7a do Trabalho em Salvador;<\/p>\n<p>TRT da 8\u00aa Regi\u00e3o (PA\/AP): \u201c<a href=\"https:\/\/www.trt8.jus.br\/noticias\/2022\/judiciario-fraterno-leva-educacao-cidadania-e-respeito-comunidades\" target=\"_blank\" rel=\"noopener\">Projeto Judici\u00e1rio Fraterno<\/a>\u201d, que proporciona o trabalho decente, a inclus\u00e3o da pessoa com defici\u00eancia e a valoriza\u00e7\u00e3o da mulher na sociedade e no mercado de trabalho;<\/p>\n<p>TRT da 9\u00aa Regi\u00e3o (PR): \u201c<a href=\"https:\/\/www.trt9.jus.br\/portal\/noticias.xhtml?id=7475299\" target=\"_blank\" rel=\"noopener\">Programa de Inclus\u00e3o Digital Roberto Dala Barba<\/a>\u201d, voltado para o ensino de crian\u00e7as e adolescentes em situa\u00e7\u00e3o de vulnerabilidade;<\/p>\n<p>TRT da 18\u00aa Regi\u00e3o (GO): \u201c<a href=\"https:\/\/boaspraticas.cnj.jus.br\/pratica\/160\" target=\"_blank\" rel=\"noopener\">Caf\u00e9 Seguro \u2013 pela sa\u00fade e seguran\u00e7a do trabalhador<\/a>\u201d, que incentiva o di\u00e1logo entre gestores e funcion\u00e1rios de empresas de m\u00e9dio e grande porte sobre a import\u00e2ncia da preven\u00e7\u00e3o de acidentes de trabalho;<\/p>\n<p>TRT da 21\u00aa Regi\u00e3o (RN): \u201c<a href=\"https:\/\/www.trt21.jus.br\/noticias\/noticia\/trt-rn-renova-parceria-para-realizacao-do-novos-rumos-na-execucao-penal\" target=\"_blank\" rel=\"noopener\">Programa Novos Rumos<\/a>\u201d, em que pessoas que cumprem penas trabalham nas depend\u00eancias do \u00a0tribunal favorecendo, assim, a ressocializa\u00e7\u00e3o e o reingresso no mercado de trabalho;<\/p>\n<p>TRT da 22\u00aa Regi\u00e3o (PI): \u201c<a href=\"https:\/\/www.trt22.jus.br\/portal\/noticias\/projeto-educar-e-proteger-leva-centenas-de-criancas-ao-stand-do-trt-22-no-salipi\/\" target=\"_blank\" rel=\"noopener\">Projeto Salipi<\/a>\u201d, iniciativa em que o TRT participou do \u00a020\u00ba Sal\u00e3o do Livro do Piau\u00ed, com exposi\u00e7\u00f5es sobre o combate ao trabalho infantil e o trabalho seguro.<\/p>\n<p>(AM, ALB, DB, RT\/AJ\/\/CF)<\/p>\n<p>\n\u00a0<\/p>\n<\/div><\/div>\n<\/div>\n","protected":false},"excerpt":{"rendered":"<p>O evento contou com a apresenta\u00e7\u00e3o de confer\u00eancias, oficinas e projetos sociais desenvolvidos pelos TRTs. 29\/09\/22 &#8211; Debater as a\u00e7\u00f5es institucionais em todos os graus da Justi\u00e7a do Trabalho e pensar em novos projetos relacionados ao fortalecimento e \u00e0 valoriza\u00e7\u00e3o do papel social da institui\u00e7\u00e3o. Esse foi o objetivo das confer\u00eancias, din\u00e2micas e oficinas realizadas [&hellip;]<\/p>\n","protected":false},"author":0,"featured_media":0,"comment_status":"open","ping_status":"","sticky":false,"template":"","format":"standard","meta":{"footnotes":""},"categories":[5],"tags":[],"class_list":["post-15183","post","type-post","status-publish","format-standard","hentry","category-noticias-educacao-financeira"],"blocksy_meta":{"styles_descriptor":{"styles":{"desktop":"","tablet":"","mobile":""},"google_fonts":[],"version":6}},"yoast_head":"<!-- This site is optimized with the Yoast SEO plugin v27.5 - https:\/\/yoast.com\/product\/yoast-seo-wordpress\/ -->\n<title>Futuro da Justi\u00e7a do Trabalho \u00e9 tema de workshop no TST - Contabilidade Caxias<\/title>\n<meta name=\"robots\" content=\"index, follow, max-snippet:-1, max-image-preview:large, max-video-preview:-1\" \/>\n<link rel=\"canonical\" href=\"https:\/\/contabilidadecaxias.com.br\/index.php\/2022\/09\/29\/futuro-da-justica-do-trabalho-e-tema-de-workshop-no-tst\/\" \/>\n<meta property=\"og:locale\" content=\"pt_BR\" \/>\n<meta property=\"og:type\" content=\"article\" \/>\n<meta property=\"og:title\" content=\"Futuro da Justi\u00e7a do Trabalho \u00e9 tema de workshop no TST - Contabilidade Caxias\" \/>\n<meta property=\"og:description\" content=\"O evento contou com a apresenta\u00e7\u00e3o de confer\u00eancias, oficinas e projetos sociais desenvolvidos pelos TRTs. 29\/09\/22 &#8211; Debater as a\u00e7\u00f5es institucionais em todos os graus da Justi\u00e7a do Trabalho e pensar em novos projetos relacionados ao fortalecimento e \u00e0 valoriza\u00e7\u00e3o do papel social da institui\u00e7\u00e3o. Esse foi o objetivo das confer\u00eancias, din\u00e2micas e oficinas realizadas [&hellip;]\" \/>\n<meta property=\"og:url\" content=\"https:\/\/contabilidadecaxias.com.br\/index.php\/2022\/09\/29\/futuro-da-justica-do-trabalho-e-tema-de-workshop-no-tst\/\" \/>\n<meta property=\"og:site_name\" content=\"Contabilidade Caxias\" \/>\n<meta property=\"article:published_time\" content=\"2022-09-29T17:43:39+00:00\" \/>\n<meta name=\"twitter:card\" content=\"summary_large_image\" \/>\n<meta name=\"twitter:label1\" content=\"Est. tempo de leitura\" \/>\n\t<meta name=\"twitter:data1\" content=\"6 minutos\" \/>\n<script type=\"application\/ld+json\" class=\"yoast-schema-graph\">{\"@context\":\"https:\\\/\\\/schema.org\",\"@graph\":[{\"@type\":\"Article\",\"@id\":\"https:\\\/\\\/contabilidadecaxias.com.br\\\/index.php\\\/2022\\\/09\\\/29\\\/futuro-da-justica-do-trabalho-e-tema-de-workshop-no-tst\\\/#article\",\"isPartOf\":{\"@id\":\"https:\\\/\\\/contabilidadecaxias.com.br\\\/index.php\\\/2022\\\/09\\\/29\\\/futuro-da-justica-do-trabalho-e-tema-de-workshop-no-tst\\\/\"},\"author\":{\"name\":\"\",\"@id\":\"\"},\"headline\":\"Futuro da Justi\u00e7a do Trabalho \u00e9 tema de workshop no TST\",\"datePublished\":\"2022-09-29T17:43:39+00:00\",\"mainEntityOfPage\":{\"@id\":\"https:\\\/\\\/contabilidadecaxias.com.br\\\/index.php\\\/2022\\\/09\\\/29\\\/futuro-da-justica-do-trabalho-e-tema-de-workshop-no-tst\\\/\"},\"wordCount\":1252,\"commentCount\":0,\"articleSection\":[\"Educa\u00e7\u00e3o Financeira\"],\"inLanguage\":\"pt-BR\",\"potentialAction\":[{\"@type\":\"CommentAction\",\"name\":\"Comment\",\"target\":[\"https:\\\/\\\/contabilidadecaxias.com.br\\\/index.php\\\/2022\\\/09\\\/29\\\/futuro-da-justica-do-trabalho-e-tema-de-workshop-no-tst\\\/#respond\"]}]},{\"@type\":\"WebPage\",\"@id\":\"https:\\\/\\\/contabilidadecaxias.com.br\\\/index.php\\\/2022\\\/09\\\/29\\\/futuro-da-justica-do-trabalho-e-tema-de-workshop-no-tst\\\/\",\"url\":\"https:\\\/\\\/contabilidadecaxias.com.br\\\/index.php\\\/2022\\\/09\\\/29\\\/futuro-da-justica-do-trabalho-e-tema-de-workshop-no-tst\\\/\",\"name\":\"Futuro da Justi\u00e7a do Trabalho \u00e9 tema de workshop no TST - Contabilidade Caxias\",\"isPartOf\":{\"@id\":\"https:\\\/\\\/contabilidadecaxias.com.br\\\/#website\"},\"datePublished\":\"2022-09-29T17:43:39+00:00\",\"author\":{\"@id\":\"\"},\"breadcrumb\":{\"@id\":\"https:\\\/\\\/contabilidadecaxias.com.br\\\/index.php\\\/2022\\\/09\\\/29\\\/futuro-da-justica-do-trabalho-e-tema-de-workshop-no-tst\\\/#breadcrumb\"},\"inLanguage\":\"pt-BR\",\"potentialAction\":[{\"@type\":\"ReadAction\",\"target\":[\"https:\\\/\\\/contabilidadecaxias.com.br\\\/index.php\\\/2022\\\/09\\\/29\\\/futuro-da-justica-do-trabalho-e-tema-de-workshop-no-tst\\\/\"]}]},{\"@type\":\"BreadcrumbList\",\"@id\":\"https:\\\/\\\/contabilidadecaxias.com.br\\\/index.php\\\/2022\\\/09\\\/29\\\/futuro-da-justica-do-trabalho-e-tema-de-workshop-no-tst\\\/#breadcrumb\",\"itemListElement\":[{\"@type\":\"ListItem\",\"position\":1,\"name\":\"In\u00edcio\",\"item\":\"https:\\\/\\\/contabilidadecaxias.com.br\\\/\"},{\"@type\":\"ListItem\",\"position\":2,\"name\":\"Futuro da Justi\u00e7a do Trabalho \u00e9 tema de workshop no TST\"}]},{\"@type\":\"WebSite\",\"@id\":\"https:\\\/\\\/contabilidadecaxias.com.br\\\/#website\",\"url\":\"https:\\\/\\\/contabilidadecaxias.com.br\\\/\",\"name\":\"Contabilidade Caxias\",\"description\":\"Site especializado em Contabilidade para Caxias.\",\"potentialAction\":[{\"@type\":\"SearchAction\",\"target\":{\"@type\":\"EntryPoint\",\"urlTemplate\":\"https:\\\/\\\/contabilidadecaxias.com.br\\\/?s={search_term_string}\"},\"query-input\":{\"@type\":\"PropertyValueSpecification\",\"valueRequired\":true,\"valueName\":\"search_term_string\"}}],\"inLanguage\":\"pt-BR\"}]}<\/script>\n<!-- \/ Yoast SEO plugin. -->","yoast_head_json":{"title":"Futuro da Justi\u00e7a do Trabalho \u00e9 tema de workshop no TST - Contabilidade Caxias","robots":{"index":"index","follow":"follow","max-snippet":"max-snippet:-1","max-image-preview":"max-image-preview:large","max-video-preview":"max-video-preview:-1"},"canonical":"https:\/\/contabilidadecaxias.com.br\/index.php\/2022\/09\/29\/futuro-da-justica-do-trabalho-e-tema-de-workshop-no-tst\/","og_locale":"pt_BR","og_type":"article","og_title":"Futuro da Justi\u00e7a do Trabalho \u00e9 tema de workshop no TST - Contabilidade Caxias","og_description":"O evento contou com a apresenta\u00e7\u00e3o de confer\u00eancias, oficinas e projetos sociais desenvolvidos pelos TRTs. 29\/09\/22 &#8211; Debater as a\u00e7\u00f5es institucionais em todos os graus da Justi\u00e7a do Trabalho e pensar em novos projetos relacionados ao fortalecimento e \u00e0 valoriza\u00e7\u00e3o do papel social da institui\u00e7\u00e3o. Esse foi o objetivo das confer\u00eancias, din\u00e2micas e oficinas realizadas [&hellip;]","og_url":"https:\/\/contabilidadecaxias.com.br\/index.php\/2022\/09\/29\/futuro-da-justica-do-trabalho-e-tema-de-workshop-no-tst\/","og_site_name":"Contabilidade Caxias","article_published_time":"2022-09-29T17:43:39+00:00","twitter_card":"summary_large_image","twitter_misc":{"Est. tempo de leitura":"6 minutos"},"schema":{"@context":"https:\/\/schema.org","@graph":[{"@type":"Article","@id":"https:\/\/contabilidadecaxias.com.br\/index.php\/2022\/09\/29\/futuro-da-justica-do-trabalho-e-tema-de-workshop-no-tst\/#article","isPartOf":{"@id":"https:\/\/contabilidadecaxias.com.br\/index.php\/2022\/09\/29\/futuro-da-justica-do-trabalho-e-tema-de-workshop-no-tst\/"},"author":{"name":"","@id":""},"headline":"Futuro da Justi\u00e7a do Trabalho \u00e9 tema de workshop no TST","datePublished":"2022-09-29T17:43:39+00:00","mainEntityOfPage":{"@id":"https:\/\/contabilidadecaxias.com.br\/index.php\/2022\/09\/29\/futuro-da-justica-do-trabalho-e-tema-de-workshop-no-tst\/"},"wordCount":1252,"commentCount":0,"articleSection":["Educa\u00e7\u00e3o Financeira"],"inLanguage":"pt-BR","potentialAction":[{"@type":"CommentAction","name":"Comment","target":["https:\/\/contabilidadecaxias.com.br\/index.php\/2022\/09\/29\/futuro-da-justica-do-trabalho-e-tema-de-workshop-no-tst\/#respond"]}]},{"@type":"WebPage","@id":"https:\/\/contabilidadecaxias.com.br\/index.php\/2022\/09\/29\/futuro-da-justica-do-trabalho-e-tema-de-workshop-no-tst\/","url":"https:\/\/contabilidadecaxias.com.br\/index.php\/2022\/09\/29\/futuro-da-justica-do-trabalho-e-tema-de-workshop-no-tst\/","name":"Futuro da Justi\u00e7a do Trabalho \u00e9 tema de workshop no TST - Contabilidade Caxias","isPartOf":{"@id":"https:\/\/contabilidadecaxias.com.br\/#website"},"datePublished":"2022-09-29T17:43:39+00:00","author":{"@id":""},"breadcrumb":{"@id":"https:\/\/contabilidadecaxias.com.br\/index.php\/2022\/09\/29\/futuro-da-justica-do-trabalho-e-tema-de-workshop-no-tst\/#breadcrumb"},"inLanguage":"pt-BR","potentialAction":[{"@type":"ReadAction","target":["https:\/\/contabilidadecaxias.com.br\/index.php\/2022\/09\/29\/futuro-da-justica-do-trabalho-e-tema-de-workshop-no-tst\/"]}]},{"@type":"BreadcrumbList","@id":"https:\/\/contabilidadecaxias.com.br\/index.php\/2022\/09\/29\/futuro-da-justica-do-trabalho-e-tema-de-workshop-no-tst\/#breadcrumb","itemListElement":[{"@type":"ListItem","position":1,"name":"In\u00edcio","item":"https:\/\/contabilidadecaxias.com.br\/"},{"@type":"ListItem","position":2,"name":"Futuro da Justi\u00e7a do Trabalho \u00e9 tema de workshop no TST"}]},{"@type":"WebSite","@id":"https:\/\/contabilidadecaxias.com.br\/#website","url":"https:\/\/contabilidadecaxias.com.br\/","name":"Contabilidade Caxias","description":"Site especializado em Contabilidade para Caxias.","potentialAction":[{"@type":"SearchAction","target":{"@type":"EntryPoint","urlTemplate":"https:\/\/contabilidadecaxias.com.br\/?s={search_term_string}"},"query-input":{"@type":"PropertyValueSpecification","valueRequired":true,"valueName":"search_term_string"}}],"inLanguage":"pt-BR"}]}},"_links":{"self":[{"href":"https:\/\/contabilidadecaxias.com.br\/index.php\/wp-json\/wp\/v2\/posts\/15183","targetHints":{"allow":["GET"]}}],"collection":[{"href":"https:\/\/contabilidadecaxias.com.br\/index.php\/wp-json\/wp\/v2\/posts"}],"about":[{"href":"https:\/\/contabilidadecaxias.com.br\/index.php\/wp-json\/wp\/v2\/types\/post"}],"replies":[{"embeddable":true,"href":"https:\/\/contabilidadecaxias.com.br\/index.php\/wp-json\/wp\/v2\/comments?post=15183"}],"version-history":[{"count":0,"href":"https:\/\/contabilidadecaxias.com.br\/index.php\/wp-json\/wp\/v2\/posts\/15183\/revisions"}],"wp:attachment":[{"href":"https:\/\/contabilidadecaxias.com.br\/index.php\/wp-json\/wp\/v2\/media?parent=15183"}],"wp:term":[{"taxonomy":"category","embeddable":true,"href":"https:\/\/contabilidadecaxias.com.br\/index.php\/wp-json\/wp\/v2\/categories?post=15183"},{"taxonomy":"post_tag","embeddable":true,"href":"https:\/\/contabilidadecaxias.com.br\/index.php\/wp-json\/wp\/v2\/tags?post=15183"}],"curies":[{"name":"wp","href":"https:\/\/api.w.org\/{rel}","templated":true}]}}