{"id":1461,"date":"2022-02-22T20:00:23","date_gmt":"2022-02-22T23:00:23","guid":{"rendered":"https:\/\/contabilidadecaxias.com.br\/index.php\/2022\/02\/22\/censura-do-inep-ao-enem-e-mordaca-de-bolsonaro-afirma-senador\/"},"modified":"2022-02-22T20:00:23","modified_gmt":"2022-02-22T23:00:23","slug":"censura-do-inep-ao-enem-e-mordaca-de-bolsonaro-afirma-senador","status":"publish","type":"post","link":"https:\/\/contabilidadecaxias.com.br\/index.php\/2022\/02\/22\/censura-do-inep-ao-enem-e-mordaca-de-bolsonaro-afirma-senador\/","title":{"rendered":"&#8216;Censura do Inep ao Enem \u00e9 morda\u00e7a de Bolsonaro&#8217;, afirma senador"},"content":{"rendered":"<p>MACEI\u00d3, AL (UOL\/FOLHAPRESS) &#8211; O senador Rog\u00e9rio Carvalho (PT-SE) chamou de censura a a\u00e7\u00e3o do Inep (Instituto Nacional de Estudos e Pesquisas Educacionais An\u00edsio Teixeira), \u00f3rg\u00e3o vinculado ao Minist\u00e9rio da Educa\u00e7\u00e3o, de tirar do ar toda a s\u00e9rie hist\u00f3rica com dados sobre o Censo Escolar da Educa\u00e7\u00e3o B\u00e1sica, e tamb\u00e9m os microdados do Enem (Exame Nacional do Ensino M\u00e9dio) anteriores aos ano de 2020, e apontou que essa \u00e9 uma tentativa do presidente Jair Bolsonaro (PL) de &#8220;amorda\u00e7ar a educa\u00e7\u00e3o&#8221;.<\/p>\n<p>Nas redes sociais, Rog\u00e9rio Carvalho classificou como &#8220;autorit\u00e1ria&#8221; a decis\u00e3o do Inep e afirmou que isso n\u00e3o ir\u00e1 &#8220;esconder&#8221; que Bolsonaro &#8220;arrebentou o MEC e comprometeu&#8221; a educa\u00e7\u00e3o nacional.<\/p>\n<p>&#8220;Mais uma atitude autorit\u00e1ria do desgoverno Bolsonaro para amorda\u00e7ar a educa\u00e7\u00e3o. Censurar os dados n\u00e3o ir\u00e1 esconder o fato de que Bolsonaro arrebentou o MEC e comprometeu o processo de aprendizagem e de alfabetiza\u00e7\u00e3o de milh\u00f5es de brasileiros. Censura nunca mais!&#8221;, escreveu o parlamentar em seu perfil no Twitter.<\/p>\n<p>Na \u00faltima sexta-feira (18), o Inep fez uso da LGPD (Lei Geral de Prote\u00e7\u00e3o de Dados) para censurar dados referentes ao Enem e ao Censo Escolar que foram retirados do ar. No site da autarquia constam apenas as informa\u00e7\u00f5es referentes ao Censo Escolar de 2021 e do Enem 2020.<\/p>\n<p>Essas informa\u00e7\u00f5es s\u00e3o consideradas importantes por possu\u00edrem dados detalhados sobre os alunos e professores da educa\u00e7\u00e3o b\u00e1sica para a forma\u00e7\u00e3o de pol\u00edticas p\u00fablicas voltadas a educa\u00e7\u00e3o, al\u00e9m de permitirem a avalia\u00e7\u00e3o da efic\u00e1cia das a\u00e7\u00f5es do governo federal na \u00e1rea.<\/p>\n<p>Ap\u00f3s os dados serem retirados do ar, a bancada do PT na C\u00e2mara enviou requerimento em que cobra explica\u00e7\u00f5es sobre o porqu\u00ea da atitude do Inep em ocultar essas informa\u00e7\u00f5es, e pede que o ministro da Educa\u00e7\u00e3o, Milton Ribeiro, detalhe ao Congresso quais foram as raz\u00f5es para vetar esses dados at\u00e9 ent\u00e3o p\u00fablicos.<\/p>\n<p>Os parlamentares querem saber qual a inten\u00e7\u00e3o do Inep com a mudan\u00e7a e se a autarquia se amparou em algum estudo que sustente essa medida.<\/p>\n<p>&#8220;[Essa censura] tende a impossibilitar a produ\u00e7\u00e3o de diversas pesquisas e pol\u00edticas p\u00fablicas educacionais, principalmente no que diz respeito aos impactos da pandemia para alunos e professores&#8221;, diz o documento.<\/p>\n<p>&#8220;Quanto ao Censo, o governo parece &#8216;recolher&#8217; as bases de dados, sem sustenta\u00e7\u00e3o cient\u00edfica, e divulgar dados mais restritos sob o suposto amparo da LGPD e, com isso, &#8216;somem&#8217; informa\u00e7\u00f5es da base e n\u00e3o se permitem an\u00e1lises transparentes e p\u00fablicas. \u00c9 algo que mexe com a vida de todo mundo&#8221;, completou, ressaltando que &#8220;de qualquer forma, provavelmente a mudan\u00e7a vai gerar dificuldades para an\u00e1lises comparativas e s\u00e9ries hist\u00f3ricas&#8221;.<\/p>\n<p>Nos documentos divulgados pelo Inep foram evidenciados um padr\u00e3o que divergia do apresentado pelo \u00f3rg\u00e3o at\u00e9 ent\u00e3o. A t\u00edtulo de compara\u00e7\u00e3o, os dados do Censo 2020 tinha 13 arquivos de 17 GigaBytes no total, com informa\u00e7\u00f5es sobre professores, estudantes e escolar. Agora, no Censo 2021, a autarquia apresentou um \u00fanico arquivo com 164 MegaBytes, cem vezes menor que o anterior, al\u00e9m de excluir informa\u00e7\u00f5es cruciais sobre alunos e professores, sem as quais dificultam na forma\u00e7\u00e3o de pol\u00edticas p\u00fablicas.<\/p>\n<p>J\u00e1 em rela\u00e7\u00e3o aos microdados do Enem 2020, tamb\u00e9m foram constatadas mudan\u00e7as com a retirada de at\u00e9 44% das informa\u00e7\u00f5es. Antes, a autarquia enviava 136 colunas com informa\u00e7\u00f5es referentes aos participantes do exame, agora foram 76 colunas.<\/p>\n<p>Em nota, o Inep explicou que a altera\u00e7\u00e3o no formato da apresenta\u00e7\u00e3o dos arquivos deve-se a uma reestrutura\u00e7\u00e3o que visa &#8220;suprimir a possibilidade de identifica\u00e7\u00e3o de pessoas, em atendimento \u00e0s normas previstas na Lei n.\u00ba 13.709, de 14 de agosto de 2018 (Lei Geral de Prote\u00e7\u00e3o de Dados Pessoais &#8211; LGPD).&#8221; Sobre os arquivos dos anos anteriores, o \u00f3rg\u00e3o justificou a aus\u00eancia ao adequamento de tais dados ao novo formato.<\/p>\n<p>No entanto, para a bancada petista &#8220;trata-se de situa\u00e7\u00e3o extremamente grave que requer prontos esclarecimentos, sobretudo em raz\u00e3o de serem modifica\u00e7\u00f5es efetivadas sem que a comunicada educacional, notadamente pesquisadores\/as, estivessem esclarecidos de tais altera\u00e7\u00f5es em importante base acad\u00eamico-cient\u00edfica e para orienta\u00e7\u00e3o de pol\u00edticas p\u00fablicas educacionais&#8221;.<\/p>","protected":false},"excerpt":{"rendered":"<p>MACEI\u00d3, AL (UOL\/FOLHAPRESS) &#8211; O senador Rog\u00e9rio Carvalho (PT-SE) chamou de censura a a\u00e7\u00e3o do Inep (Instituto Nacional de Estudos e Pesquisas Educacionais An\u00edsio Teixeira), \u00f3rg\u00e3o vinculado ao Minist\u00e9rio da Educa\u00e7\u00e3o, de tirar do ar toda a s\u00e9rie hist\u00f3rica com dados sobre o Censo Escolar da Educa\u00e7\u00e3o B\u00e1sica, e tamb\u00e9m os microdados do Enem (Exame [&hellip;]<\/p>\n","protected":false},"author":0,"featured_media":0,"comment_status":"open","ping_status":"open","sticky":false,"template":"","format":"standard","meta":{"footnotes":""},"categories":[4],"tags":[],"class_list":["post-1461","post","type-post","status-publish","format-standard","hentry","category-noticias-empreendedorismo"],"blocksy_meta":{"styles_descriptor":{"styles":{"desktop":"","tablet":"","mobile":""},"google_fonts":[],"version":6}},"yoast_head":"<!-- This site is optimized with the Yoast SEO plugin v27.5 - https:\/\/yoast.com\/product\/yoast-seo-wordpress\/ -->\n<title>&#039;Censura do Inep ao Enem \u00e9 morda\u00e7a de Bolsonaro&#039;, afirma senador - Contabilidade Caxias<\/title>\n<meta name=\"robots\" content=\"index, follow, max-snippet:-1, max-image-preview:large, max-video-preview:-1\" \/>\n<link rel=\"canonical\" href=\"https:\/\/contabilidadecaxias.com.br\/index.php\/2022\/02\/22\/censura-do-inep-ao-enem-e-mordaca-de-bolsonaro-afirma-senador\/\" \/>\n<meta property=\"og:locale\" content=\"pt_BR\" \/>\n<meta property=\"og:type\" content=\"article\" \/>\n<meta property=\"og:title\" content=\"&#039;Censura do Inep ao Enem \u00e9 morda\u00e7a de Bolsonaro&#039;, afirma senador - Contabilidade Caxias\" \/>\n<meta property=\"og:description\" content=\"MACEI\u00d3, AL (UOL\/FOLHAPRESS) &#8211; O senador Rog\u00e9rio Carvalho (PT-SE) chamou de censura a a\u00e7\u00e3o do Inep (Instituto Nacional de Estudos e Pesquisas Educacionais An\u00edsio Teixeira), \u00f3rg\u00e3o vinculado ao Minist\u00e9rio da Educa\u00e7\u00e3o, de tirar do ar toda a s\u00e9rie hist\u00f3rica com dados sobre o Censo Escolar da Educa\u00e7\u00e3o B\u00e1sica, e tamb\u00e9m os microdados do Enem (Exame [&hellip;]\" \/>\n<meta property=\"og:url\" content=\"https:\/\/contabilidadecaxias.com.br\/index.php\/2022\/02\/22\/censura-do-inep-ao-enem-e-mordaca-de-bolsonaro-afirma-senador\/\" \/>\n<meta property=\"og:site_name\" content=\"Contabilidade Caxias\" \/>\n<meta property=\"article:published_time\" content=\"2022-02-22T23:00:23+00:00\" \/>\n<meta name=\"twitter:card\" content=\"summary_large_image\" \/>\n<meta name=\"twitter:label1\" content=\"Est. tempo de leitura\" \/>\n\t<meta name=\"twitter:data1\" content=\"4 minutos\" \/>\n<script type=\"application\/ld+json\" class=\"yoast-schema-graph\">{\"@context\":\"https:\\\/\\\/schema.org\",\"@graph\":[{\"@type\":\"Article\",\"@id\":\"https:\\\/\\\/contabilidadecaxias.com.br\\\/index.php\\\/2022\\\/02\\\/22\\\/censura-do-inep-ao-enem-e-mordaca-de-bolsonaro-afirma-senador\\\/#article\",\"isPartOf\":{\"@id\":\"https:\\\/\\\/contabilidadecaxias.com.br\\\/index.php\\\/2022\\\/02\\\/22\\\/censura-do-inep-ao-enem-e-mordaca-de-bolsonaro-afirma-senador\\\/\"},\"author\":{\"name\":\"\",\"@id\":\"\"},\"headline\":\"&#8216;Censura do Inep ao Enem \u00e9 morda\u00e7a de Bolsonaro&#8217;, afirma senador\",\"datePublished\":\"2022-02-22T23:00:23+00:00\",\"mainEntityOfPage\":{\"@id\":\"https:\\\/\\\/contabilidadecaxias.com.br\\\/index.php\\\/2022\\\/02\\\/22\\\/censura-do-inep-ao-enem-e-mordaca-de-bolsonaro-afirma-senador\\\/\"},\"wordCount\":743,\"commentCount\":0,\"articleSection\":[\"Empreendedorismo\"],\"inLanguage\":\"pt-BR\",\"potentialAction\":[{\"@type\":\"CommentAction\",\"name\":\"Comment\",\"target\":[\"https:\\\/\\\/contabilidadecaxias.com.br\\\/index.php\\\/2022\\\/02\\\/22\\\/censura-do-inep-ao-enem-e-mordaca-de-bolsonaro-afirma-senador\\\/#respond\"]}]},{\"@type\":\"WebPage\",\"@id\":\"https:\\\/\\\/contabilidadecaxias.com.br\\\/index.php\\\/2022\\\/02\\\/22\\\/censura-do-inep-ao-enem-e-mordaca-de-bolsonaro-afirma-senador\\\/\",\"url\":\"https:\\\/\\\/contabilidadecaxias.com.br\\\/index.php\\\/2022\\\/02\\\/22\\\/censura-do-inep-ao-enem-e-mordaca-de-bolsonaro-afirma-senador\\\/\",\"name\":\"'Censura do Inep ao Enem \u00e9 morda\u00e7a de Bolsonaro', afirma senador - Contabilidade Caxias\",\"isPartOf\":{\"@id\":\"https:\\\/\\\/contabilidadecaxias.com.br\\\/#website\"},\"datePublished\":\"2022-02-22T23:00:23+00:00\",\"author\":{\"@id\":\"\"},\"breadcrumb\":{\"@id\":\"https:\\\/\\\/contabilidadecaxias.com.br\\\/index.php\\\/2022\\\/02\\\/22\\\/censura-do-inep-ao-enem-e-mordaca-de-bolsonaro-afirma-senador\\\/#breadcrumb\"},\"inLanguage\":\"pt-BR\",\"potentialAction\":[{\"@type\":\"ReadAction\",\"target\":[\"https:\\\/\\\/contabilidadecaxias.com.br\\\/index.php\\\/2022\\\/02\\\/22\\\/censura-do-inep-ao-enem-e-mordaca-de-bolsonaro-afirma-senador\\\/\"]}]},{\"@type\":\"BreadcrumbList\",\"@id\":\"https:\\\/\\\/contabilidadecaxias.com.br\\\/index.php\\\/2022\\\/02\\\/22\\\/censura-do-inep-ao-enem-e-mordaca-de-bolsonaro-afirma-senador\\\/#breadcrumb\",\"itemListElement\":[{\"@type\":\"ListItem\",\"position\":1,\"name\":\"In\u00edcio\",\"item\":\"https:\\\/\\\/contabilidadecaxias.com.br\\\/\"},{\"@type\":\"ListItem\",\"position\":2,\"name\":\"&#8216;Censura do Inep ao Enem \u00e9 morda\u00e7a de Bolsonaro&#8217;, afirma senador\"}]},{\"@type\":\"WebSite\",\"@id\":\"https:\\\/\\\/contabilidadecaxias.com.br\\\/#website\",\"url\":\"https:\\\/\\\/contabilidadecaxias.com.br\\\/\",\"name\":\"Contabilidade Caxias\",\"description\":\"Site especializado em Contabilidade para Caxias.\",\"potentialAction\":[{\"@type\":\"SearchAction\",\"target\":{\"@type\":\"EntryPoint\",\"urlTemplate\":\"https:\\\/\\\/contabilidadecaxias.com.br\\\/?s={search_term_string}\"},\"query-input\":{\"@type\":\"PropertyValueSpecification\",\"valueRequired\":true,\"valueName\":\"search_term_string\"}}],\"inLanguage\":\"pt-BR\"}]}<\/script>\n<!-- \/ Yoast SEO plugin. -->","yoast_head_json":{"title":"'Censura do Inep ao Enem \u00e9 morda\u00e7a de Bolsonaro', afirma senador - Contabilidade Caxias","robots":{"index":"index","follow":"follow","max-snippet":"max-snippet:-1","max-image-preview":"max-image-preview:large","max-video-preview":"max-video-preview:-1"},"canonical":"https:\/\/contabilidadecaxias.com.br\/index.php\/2022\/02\/22\/censura-do-inep-ao-enem-e-mordaca-de-bolsonaro-afirma-senador\/","og_locale":"pt_BR","og_type":"article","og_title":"'Censura do Inep ao Enem \u00e9 morda\u00e7a de Bolsonaro', afirma senador - Contabilidade Caxias","og_description":"MACEI\u00d3, AL (UOL\/FOLHAPRESS) &#8211; O senador Rog\u00e9rio Carvalho (PT-SE) chamou de censura a a\u00e7\u00e3o do Inep (Instituto Nacional de Estudos e Pesquisas Educacionais An\u00edsio Teixeira), \u00f3rg\u00e3o vinculado ao Minist\u00e9rio da Educa\u00e7\u00e3o, de tirar do ar toda a s\u00e9rie hist\u00f3rica com dados sobre o Censo Escolar da Educa\u00e7\u00e3o B\u00e1sica, e tamb\u00e9m os microdados do Enem (Exame [&hellip;]","og_url":"https:\/\/contabilidadecaxias.com.br\/index.php\/2022\/02\/22\/censura-do-inep-ao-enem-e-mordaca-de-bolsonaro-afirma-senador\/","og_site_name":"Contabilidade Caxias","article_published_time":"2022-02-22T23:00:23+00:00","twitter_card":"summary_large_image","twitter_misc":{"Est. tempo de leitura":"4 minutos"},"schema":{"@context":"https:\/\/schema.org","@graph":[{"@type":"Article","@id":"https:\/\/contabilidadecaxias.com.br\/index.php\/2022\/02\/22\/censura-do-inep-ao-enem-e-mordaca-de-bolsonaro-afirma-senador\/#article","isPartOf":{"@id":"https:\/\/contabilidadecaxias.com.br\/index.php\/2022\/02\/22\/censura-do-inep-ao-enem-e-mordaca-de-bolsonaro-afirma-senador\/"},"author":{"name":"","@id":""},"headline":"&#8216;Censura do Inep ao Enem \u00e9 morda\u00e7a de Bolsonaro&#8217;, afirma senador","datePublished":"2022-02-22T23:00:23+00:00","mainEntityOfPage":{"@id":"https:\/\/contabilidadecaxias.com.br\/index.php\/2022\/02\/22\/censura-do-inep-ao-enem-e-mordaca-de-bolsonaro-afirma-senador\/"},"wordCount":743,"commentCount":0,"articleSection":["Empreendedorismo"],"inLanguage":"pt-BR","potentialAction":[{"@type":"CommentAction","name":"Comment","target":["https:\/\/contabilidadecaxias.com.br\/index.php\/2022\/02\/22\/censura-do-inep-ao-enem-e-mordaca-de-bolsonaro-afirma-senador\/#respond"]}]},{"@type":"WebPage","@id":"https:\/\/contabilidadecaxias.com.br\/index.php\/2022\/02\/22\/censura-do-inep-ao-enem-e-mordaca-de-bolsonaro-afirma-senador\/","url":"https:\/\/contabilidadecaxias.com.br\/index.php\/2022\/02\/22\/censura-do-inep-ao-enem-e-mordaca-de-bolsonaro-afirma-senador\/","name":"'Censura do Inep ao Enem \u00e9 morda\u00e7a de Bolsonaro', afirma senador - Contabilidade Caxias","isPartOf":{"@id":"https:\/\/contabilidadecaxias.com.br\/#website"},"datePublished":"2022-02-22T23:00:23+00:00","author":{"@id":""},"breadcrumb":{"@id":"https:\/\/contabilidadecaxias.com.br\/index.php\/2022\/02\/22\/censura-do-inep-ao-enem-e-mordaca-de-bolsonaro-afirma-senador\/#breadcrumb"},"inLanguage":"pt-BR","potentialAction":[{"@type":"ReadAction","target":["https:\/\/contabilidadecaxias.com.br\/index.php\/2022\/02\/22\/censura-do-inep-ao-enem-e-mordaca-de-bolsonaro-afirma-senador\/"]}]},{"@type":"BreadcrumbList","@id":"https:\/\/contabilidadecaxias.com.br\/index.php\/2022\/02\/22\/censura-do-inep-ao-enem-e-mordaca-de-bolsonaro-afirma-senador\/#breadcrumb","itemListElement":[{"@type":"ListItem","position":1,"name":"In\u00edcio","item":"https:\/\/contabilidadecaxias.com.br\/"},{"@type":"ListItem","position":2,"name":"&#8216;Censura do Inep ao Enem \u00e9 morda\u00e7a de Bolsonaro&#8217;, afirma senador"}]},{"@type":"WebSite","@id":"https:\/\/contabilidadecaxias.com.br\/#website","url":"https:\/\/contabilidadecaxias.com.br\/","name":"Contabilidade Caxias","description":"Site especializado em Contabilidade para Caxias.","potentialAction":[{"@type":"SearchAction","target":{"@type":"EntryPoint","urlTemplate":"https:\/\/contabilidadecaxias.com.br\/?s={search_term_string}"},"query-input":{"@type":"PropertyValueSpecification","valueRequired":true,"valueName":"search_term_string"}}],"inLanguage":"pt-BR"}]}},"_links":{"self":[{"href":"https:\/\/contabilidadecaxias.com.br\/index.php\/wp-json\/wp\/v2\/posts\/1461","targetHints":{"allow":["GET"]}}],"collection":[{"href":"https:\/\/contabilidadecaxias.com.br\/index.php\/wp-json\/wp\/v2\/posts"}],"about":[{"href":"https:\/\/contabilidadecaxias.com.br\/index.php\/wp-json\/wp\/v2\/types\/post"}],"replies":[{"embeddable":true,"href":"https:\/\/contabilidadecaxias.com.br\/index.php\/wp-json\/wp\/v2\/comments?post=1461"}],"version-history":[{"count":0,"href":"https:\/\/contabilidadecaxias.com.br\/index.php\/wp-json\/wp\/v2\/posts\/1461\/revisions"}],"wp:attachment":[{"href":"https:\/\/contabilidadecaxias.com.br\/index.php\/wp-json\/wp\/v2\/media?parent=1461"}],"wp:term":[{"taxonomy":"category","embeddable":true,"href":"https:\/\/contabilidadecaxias.com.br\/index.php\/wp-json\/wp\/v2\/categories?post=1461"},{"taxonomy":"post_tag","embeddable":true,"href":"https:\/\/contabilidadecaxias.com.br\/index.php\/wp-json\/wp\/v2\/tags?post=1461"}],"curies":[{"name":"wp","href":"https:\/\/api.w.org\/{rel}","templated":true}]}}