{"id":14589,"date":"2022-09-23T18:02:51","date_gmt":"2022-09-23T21:02:51","guid":{"rendered":"https:\/\/contabilidadecaxias.com.br\/index.php\/2022\/09\/23\/segundo-encontro-do-forum-nacional-das-corregedorias-regionais-da-justica-do-trabalho-e-realizado-no-tst\/"},"modified":"2022-09-23T18:02:51","modified_gmt":"2022-09-23T21:02:51","slug":"segundo-encontro-do-forum-nacional-das-corregedorias-regionais-da-justica-do-trabalho-e-realizado-no-tst","status":"publish","type":"post","link":"https:\/\/contabilidadecaxias.com.br\/index.php\/2022\/09\/23\/segundo-encontro-do-forum-nacional-das-corregedorias-regionais-da-justica-do-trabalho-e-realizado-no-tst\/","title":{"rendered":"Segundo encontro do F\u00f3rum Nacional das Corregedorias Regionais da Justi\u00e7a do Trabalho \u00e9 realizado no TST"},"content":{"rendered":"<div class=\"noticia-wrapper\">\n<p><em><\/p>\n<p>O evento viabilizou a reuni\u00e3o de corregedoras e corregedores regionais para o compartilhamento de experi\u00eancias e o aprimoramento de atividades.\u00a0<\/p>\n<p><\/em><\/p>\n<div class=\"social-media-share mobile\">\n        <a class=\"share-facebook\" href=\"https:\/\/www.facebook.com\/sharer.php?u=https:\/\/www.tst.jus.br\/-\/segundo-encontro-do-f%C3%B3rum-nacional-das-corregedorias-regionais-da-justi%C3%A7a-do-trabalho-%C3%A9-realizado-no-tst\" target=\"_blank\" rel=\"noopener\"><\/a><br \/>\n        <a class=\"share-twitter\" href=\"https:\/\/twitter.com\/intent\/tweet?text=Segundo%20encontro%20do%20F%C3%B3rum%20Nacional%20das%20Corregedorias%20Regionais%20da%20Justi%C3%A7a%20do%20Trabalho%20%C3%A9%20realizado%20no%20TST%0AVeja%20mais%20em:&amp;url=https:\/\/www.tst.jus.br\/-\/segundo-encontro-do-f%C3%B3rum-nacional-das-corregedorias-regionais-da-justi%C3%A7a-do-trabalho-%C3%A9-realizado-no-tst\" target=\"_blank\" rel=\"noopener\"><\/a><br \/>\n        <a class=\"share-linkedin\" href=\"https:\/\/www.linkedin.com\/shareArticle?mini=true&amp;url=https:\/\/www.tst.jus.br\/-\/segundo-encontro-do-f%C3%B3rum-nacional-das-corregedorias-regionais-da-justi%C3%A7a-do-trabalho-%C3%A9-realizado-no-tst&amp;title=Segundo%20encontro%20do%20F%C3%B3rum%20Nacional%20das%20Corregedorias%20Regionais%20da%20Justi%C3%A7a%20do%20Trabalho%20%C3%A9%20realizado%20no%20TST\" target=\"_blank\" rel=\"noopener\"><\/a><br \/>\n        <a class=\"share-whatsapp\" href=\"https:\/\/web.whatsapp.com\/send?text=https:\/\/www.tst.jus.br\/-\/segundo-encontro-do-f%C3%B3rum-nacional-das-corregedorias-regionais-da-justi%C3%A7a-do-trabalho-%C3%A9-realizado-no-tst\" target=\"_blank\" rel=\"noopener\"><\/a><br \/>\n        <a class=\"share-googleplus\" href=\"https:\/\/plus.google.com\/share?url=https:\/\/www.tst.jus.br\/-\/segundo-encontro-do-f%C3%B3rum-nacional-das-corregedorias-regionais-da-justi%C3%A7a-do-trabalho-%C3%A9-realizado-no-tst\" target=\"_blank\" rel=\"noopener\"><\/a>\n    <\/div>\n<div class=\"news-body\">\n<div class=\"imagem-da-noticia\">\n<p>Ministros Lelio Bentes e Caputo Bastos. (Foto: Dimmy Falc\u00e3o &#8211; Secom\/TST)<\/p>\n<div class=\"social-media-share\">\n                    <a class=\"share-facebook\" href=\"https:\/\/www.facebook.com\/sharer.php?u=https:\/\/www.tst.jus.br\/-\/segundo-encontro-do-f%C3%B3rum-nacional-das-corregedorias-regionais-da-justi%C3%A7a-do-trabalho-%C3%A9-realizado-no-tst\" target=\"_blank\" rel=\"noopener\"><\/a><br \/>\n                    <a class=\"share-twitter\" href=\"https:\/\/twitter.com\/intent\/tweet?text=Segundo%20encontro%20do%20F%C3%B3rum%20Nacional%20das%20Corregedorias%20Regionais%20da%20Justi%C3%A7a%20do%20Trabalho%20%C3%A9%20realizado%20no%20TST%0AVeja%20mais%20em:&amp;url=https:\/\/www.tst.jus.br\/-\/segundo-encontro-do-f%C3%B3rum-nacional-das-corregedorias-regionais-da-justi%C3%A7a-do-trabalho-%C3%A9-realizado-no-tst\" target=\"_blank\" rel=\"noopener\"><\/a><br \/>\n                    <a class=\"share-linkedin\" href=\"https:\/\/www.linkedin.com\/shareArticle?mini=true&amp;url=https:\/\/www.tst.jus.br\/-\/segundo-encontro-do-f%C3%B3rum-nacional-das-corregedorias-regionais-da-justi%C3%A7a-do-trabalho-%C3%A9-realizado-no-tst&amp;title=Segundo%20encontro%20do%20F%C3%B3rum%20Nacional%20das%20Corregedorias%20Regionais%20da%20Justi%C3%A7a%20do%20Trabalho%20%C3%A9%20realizado%20no%20TST\" target=\"_blank\" rel=\"noopener\"><\/a><br \/>\n                    <a class=\"share-whatsapp\" href=\"https:\/\/web.whatsapp.com\/send?text=https:\/\/www.tst.jus.br\/-\/segundo-encontro-do-f%C3%B3rum-nacional-das-corregedorias-regionais-da-justi%C3%A7a-do-trabalho-%C3%A9-realizado-no-tst\" target=\"_blank\" rel=\"noopener\"><\/a><br \/>\n                    <a class=\"share-googleplus\" href=\"https:\/\/plus.google.com\/share?url=https:\/\/www.tst.jus.br\/-\/segundo-encontro-do-f%C3%B3rum-nacional-das-corregedorias-regionais-da-justi%C3%A7a-do-trabalho-%C3%A9-realizado-no-tst\" target=\"_blank\" rel=\"noopener\"><\/a>\n                <\/div>\n<\/p><\/div>\n<div class=\"materia\">\n<p><strong>22\/8\/2022<\/strong> &#8211; A Corregedoria-Geral da Justi\u00e7a do Trabalho realizou, nesta quinta-feira (2\/9), na sede do Tribunal Superior do Trabalho (TST), em Bras\u00edlia, a 2\u00aa edi\u00e7\u00e3o do F\u00f3rum Nacional das Corregedorias Regionais da Justi\u00e7a do Trabalho. O evento viabilizou a reuni\u00e3o de corregedoras e corregedores regionais e o compartilhamento de experi\u00eancias e de iniciativas adotadas nos diferentes Tribunais Regionais do Trabalho (TRTs).<\/p>\n<p>O corregedor-geral da Justi\u00e7a do Trabalho, ministro Guilherme Caputo Bastos, destacou a import\u00e2ncia do f\u00f3rum e da continuidade do evento, que tamb\u00e9m participaram ju\u00edzes (as) auxiliares e secret\u00e1rios (as) das corregedorias. \u201cEsse \u00e9 um momento em que n\u00f3s, corregedores temos a abertura para tratar dos assuntos pr\u00f3prios da corregedoria\u201d.<\/p>\n<p><strong>Relev\u00e2ncia institucional\u00a0<\/strong><\/p>\n<p>O ministro Lelio Bentes Corr\u00eaa, que assumir\u00e1 a Presid\u00eancia do TST e do CSJT a partir de outubro, destacou sua admira\u00e7\u00e3o pelo trabalho das corregedorias e lembrou que j\u00e1 ocupou a fun\u00e7\u00e3o de corregedor-geral da Justi\u00e7a do Trabalho de 2018 a 2020. Ressaltou que, ao conhecer os TRTs durante as correi\u00e7\u00f5es regionais, se admirou com diversas atividades sociais e projetos relevantes, como o Projeto Garimpo, do TRT da 21\u00aa Regi\u00e3o (RN).\u00a0<\/p>\n<p>A ferramenta, que localiza valores de dep\u00f3sitos recursais, honor\u00e1rios periciais e alvar\u00e1s em contas judiciais \u201cesquecidas\u201d, foi nacionalizada em 2019. \u201cA grande fun\u00e7\u00e3o da corregedoria \u00e9 liderar e inspirar. Esse esp\u00edrito \u00a0eu tenho certeza que encontro entre as senhoras e os senhores que aceitam essa miss\u00e3o desafiadora da corregedoria\u201d, disse. \u201cA miss\u00e3o de atender aos anseios de quem realmente precisa, que tem por objetivo enxergar aqueles que passam invis\u00edveis\u201d, completou.<\/p>\n<p><strong>Efetividade da Execu\u00e7\u00e3o Trabalhista<\/strong><\/p>\n<p>O ministro do TST e coordenador da Comiss\u00e3o Nacional da Efetividade da Execu\u00e7\u00e3o Trabalhista, Cl\u00e1udio Brand\u00e3o, participou por videoconfer\u00eancia e falou sobre a import\u00e2ncia da Semana de Execu\u00e7\u00e3o Trabalhista, que est\u00e1 sendo realizada em todo o pa\u00eds desde segunda (19\/9). Segundo ele, os trabalhos de sensibiliza\u00e7\u00e3o para o tema t\u00eam sido intensos, com o objetivo de concluir o maior n\u00famero de processos que aguardam a conclus\u00e3o.<\/p>\n<p><strong>Saiba mais: <a href=\"https:\/\/www.csjt.jus.br\/web\/csjt\/noticias3\/-\/asset_publisher\/RPt2\/content\/id\/10701770\" target=\"_blank\" rel=\"noopener\">Justi\u00e7a do Trabalho abre Semana Nacional da Execu\u00e7\u00e3o Trabalhista 2022<\/a><\/strong><\/p>\n<p>Exaltou tamb\u00e9m a efici\u00eancia dos tribunais e ressaltou a necessidade de buscar sempre melhoria nos resultados. \u201cN\u00f3s somos o \u00e2mbito do Poder Judici\u00e1rio com melhor \u00edndice de efetividade da execu\u00e7\u00e3o, mas n\u00f3s ainda estamos muito aqu\u00e9m do que desejamos\u201d, disse. O ministro aproveitou tamb\u00e9m para refor\u00e7ar junto \u00e0s corregedorias regionais a import\u00e2ncia de efetivar a conclus\u00e3o dos processos, pois em alguns casos, n\u00e3o se lan\u00e7a a data efetiva de extin\u00e7\u00e3o no sistema.\u00a0<\/p>\n<p>\u201cEste dado \u00e9 o que faz cessar a contagem do prazo que se estabeleceu quando se lan\u00e7ou o in\u00edcio da execu\u00e7\u00e3o e resolve muitas das queixas que alguns tribunais t\u00eam realizado para a Comiss\u00e3o de Execu\u00e7\u00e3o, questionando resultados alcan\u00e7ados em que o desempenho da vara foi satisfat\u00f3rio, mas, quando este indicador \u00e9 lan\u00e7ado no Igest (\u00cdndice Nacional de Gest\u00e3o de Desempenho), os prazos m\u00e9dios de tramita\u00e7\u00e3o do processo revelam dados diferentes, que s\u00e3o contabilizados quando se computam os prazos relativos \u00e0 tramita\u00e7\u00e3o processual\u201d, destacou.<\/p>\n<p><strong>Boas pr\u00e1ticas<\/strong><\/p>\n<p>Durante o encontro, foram apresentadas diversas boas pr\u00e1ticas que tem gerado uma melhora na presta\u00e7\u00e3o jurisdicional nos TRTs e em varas do trabalho pelo pa\u00eds, como as ferramentas como o I-Con e PANGEA, \u00a0usadas no TRT da 4\u00aa Regi\u00e3o (RS); al\u00e9m da utiliza\u00e7\u00e3o da Business Intelligence (BI), no TRT da 5\u00aa Regi\u00e3o (BA).<\/p>\n<p>Outra iniciativa do TRT-4 (RS) apresentada foi a Vara Especializada em Acidente do Trabalho. Tamb\u00e9m na regi\u00e3o Sul, destaque para os projetos Mapeamento do Momento Prop\u00edcio \u00e0 Concilia\u00e7\u00e3o, Lapidar e o Selo de Excel\u00eancia \u2013 Gest\u00e3o de Metas.<\/p>\n<p>Al\u00e9m disso, teve a apresenta\u00e7\u00e3o do programa Distribui\u00e7\u00e3o Sim\u00e9trica, do TRT da 19\u00aa Regi\u00e3o (AL), e a exposi\u00e7\u00e3o da experi\u00eancia do TRT da 23\u00aa Regi\u00e3o (MT), com o N\u00facleo de Justi\u00e7a 4.0 &#8211; Execu\u00e7\u00e3o Concentrada, al\u00e9m de projetos da Corregedoria-geral da Justi\u00e7a do Trabalho, como a Execu\u00e7\u00e3o Concentrada (Provimento CGJT n\u00ba 01\/2022) e o Projeto Distribui\u00e7\u00e3o Sim\u00e9trica.<\/p>\n<p>(Nathalia Valente \/ Ana Luiza Brand\u00e3o \/ D\u00e9bora Bitencourt\/ AJ)<\/p>\n<\/div><\/div>\n<\/div>\n","protected":false},"excerpt":{"rendered":"<p>O evento viabilizou a reuni\u00e3o de corregedoras e corregedores regionais para o compartilhamento de experi\u00eancias e o aprimoramento de atividades.\u00a0 Ministros Lelio Bentes e Caputo Bastos. (Foto: Dimmy Falc\u00e3o &#8211; Secom\/TST) 22\/8\/2022 &#8211; A Corregedoria-Geral da Justi\u00e7a do Trabalho realizou, nesta quinta-feira (2\/9), na sede do Tribunal Superior do Trabalho (TST), em Bras\u00edlia, a 2\u00aa [&hellip;]<\/p>\n","protected":false},"author":0,"featured_media":14590,"comment_status":"open","ping_status":"","sticky":false,"template":"","format":"standard","meta":{"footnotes":""},"categories":[5],"tags":[],"class_list":["post-14589","post","type-post","status-publish","format-standard","has-post-thumbnail","hentry","category-noticias-educacao-financeira"],"blocksy_meta":{"styles_descriptor":{"styles":{"desktop":"","tablet":"","mobile":""},"google_fonts":[],"version":6}},"yoast_head":"<!-- This site is optimized with the Yoast SEO plugin v27.5 - https:\/\/yoast.com\/product\/yoast-seo-wordpress\/ -->\n<title>Segundo encontro do F\u00f3rum Nacional das Corregedorias Regionais da Justi\u00e7a do Trabalho \u00e9 realizado no TST - Contabilidade Caxias<\/title>\n<meta name=\"robots\" content=\"index, follow, max-snippet:-1, max-image-preview:large, max-video-preview:-1\" \/>\n<link rel=\"canonical\" href=\"https:\/\/contabilidadecaxias.com.br\/index.php\/2022\/09\/23\/segundo-encontro-do-forum-nacional-das-corregedorias-regionais-da-justica-do-trabalho-e-realizado-no-tst\/\" \/>\n<meta property=\"og:locale\" content=\"pt_BR\" \/>\n<meta property=\"og:type\" content=\"article\" \/>\n<meta property=\"og:title\" content=\"Segundo encontro do F\u00f3rum Nacional das Corregedorias Regionais da Justi\u00e7a do Trabalho \u00e9 realizado no TST - Contabilidade Caxias\" \/>\n<meta property=\"og:description\" content=\"O evento viabilizou a reuni\u00e3o de corregedoras e corregedores regionais para o compartilhamento de experi\u00eancias e o aprimoramento de atividades.\u00a0 Ministros Lelio Bentes e Caputo Bastos. (Foto: Dimmy Falc\u00e3o &#8211; Secom\/TST) 22\/8\/2022 &#8211; A Corregedoria-Geral da Justi\u00e7a do Trabalho realizou, nesta quinta-feira (2\/9), na sede do Tribunal Superior do Trabalho (TST), em Bras\u00edlia, a 2\u00aa [&hellip;]\" \/>\n<meta property=\"og:url\" content=\"https:\/\/contabilidadecaxias.com.br\/index.php\/2022\/09\/23\/segundo-encontro-do-forum-nacional-das-corregedorias-regionais-da-justica-do-trabalho-e-realizado-no-tst\/\" \/>\n<meta property=\"og:site_name\" content=\"Contabilidade Caxias\" \/>\n<meta property=\"article:published_time\" content=\"2022-09-23T21:02:51+00:00\" \/>\n<meta name=\"twitter:card\" content=\"summary_large_image\" \/>\n<meta name=\"twitter:label1\" content=\"Est. tempo de leitura\" \/>\n\t<meta name=\"twitter:data1\" content=\"4 minutos\" \/>\n<script type=\"application\/ld+json\" class=\"yoast-schema-graph\">{\"@context\":\"https:\\\/\\\/schema.org\",\"@graph\":[{\"@type\":\"Article\",\"@id\":\"https:\\\/\\\/contabilidadecaxias.com.br\\\/index.php\\\/2022\\\/09\\\/23\\\/segundo-encontro-do-forum-nacional-das-corregedorias-regionais-da-justica-do-trabalho-e-realizado-no-tst\\\/#article\",\"isPartOf\":{\"@id\":\"https:\\\/\\\/contabilidadecaxias.com.br\\\/index.php\\\/2022\\\/09\\\/23\\\/segundo-encontro-do-forum-nacional-das-corregedorias-regionais-da-justica-do-trabalho-e-realizado-no-tst\\\/\"},\"author\":{\"name\":\"\",\"@id\":\"\"},\"headline\":\"Segundo encontro do F\u00f3rum Nacional das Corregedorias Regionais da Justi\u00e7a do Trabalho \u00e9 realizado no TST\",\"datePublished\":\"2022-09-23T21:02:51+00:00\",\"mainEntityOfPage\":{\"@id\":\"https:\\\/\\\/contabilidadecaxias.com.br\\\/index.php\\\/2022\\\/09\\\/23\\\/segundo-encontro-do-forum-nacional-das-corregedorias-regionais-da-justica-do-trabalho-e-realizado-no-tst\\\/\"},\"wordCount\":785,\"commentCount\":0,\"image\":{\"@id\":\"https:\\\/\\\/contabilidadecaxias.com.br\\\/index.php\\\/2022\\\/09\\\/23\\\/segundo-encontro-do-forum-nacional-das-corregedorias-regionais-da-justica-do-trabalho-e-realizado-no-tst\\\/#primaryimage\"},\"thumbnailUrl\":\"https:\\\/\\\/contabilidadecaxias.com.br\\\/wp-content\\\/uploads\\\/2022\\\/09\\\/c4b87194-ccd6-0ba1-ea59-c3ba69d6a44f-WY7n0X-scaled.jpeg\",\"articleSection\":[\"Educa\u00e7\u00e3o Financeira\"],\"inLanguage\":\"pt-BR\",\"potentialAction\":[{\"@type\":\"CommentAction\",\"name\":\"Comment\",\"target\":[\"https:\\\/\\\/contabilidadecaxias.com.br\\\/index.php\\\/2022\\\/09\\\/23\\\/segundo-encontro-do-forum-nacional-das-corregedorias-regionais-da-justica-do-trabalho-e-realizado-no-tst\\\/#respond\"]}]},{\"@type\":\"WebPage\",\"@id\":\"https:\\\/\\\/contabilidadecaxias.com.br\\\/index.php\\\/2022\\\/09\\\/23\\\/segundo-encontro-do-forum-nacional-das-corregedorias-regionais-da-justica-do-trabalho-e-realizado-no-tst\\\/\",\"url\":\"https:\\\/\\\/contabilidadecaxias.com.br\\\/index.php\\\/2022\\\/09\\\/23\\\/segundo-encontro-do-forum-nacional-das-corregedorias-regionais-da-justica-do-trabalho-e-realizado-no-tst\\\/\",\"name\":\"Segundo encontro do F\u00f3rum Nacional das Corregedorias Regionais da Justi\u00e7a do Trabalho \u00e9 realizado no TST - Contabilidade Caxias\",\"isPartOf\":{\"@id\":\"https:\\\/\\\/contabilidadecaxias.com.br\\\/#website\"},\"primaryImageOfPage\":{\"@id\":\"https:\\\/\\\/contabilidadecaxias.com.br\\\/index.php\\\/2022\\\/09\\\/23\\\/segundo-encontro-do-forum-nacional-das-corregedorias-regionais-da-justica-do-trabalho-e-realizado-no-tst\\\/#primaryimage\"},\"image\":{\"@id\":\"https:\\\/\\\/contabilidadecaxias.com.br\\\/index.php\\\/2022\\\/09\\\/23\\\/segundo-encontro-do-forum-nacional-das-corregedorias-regionais-da-justica-do-trabalho-e-realizado-no-tst\\\/#primaryimage\"},\"thumbnailUrl\":\"https:\\\/\\\/contabilidadecaxias.com.br\\\/wp-content\\\/uploads\\\/2022\\\/09\\\/c4b87194-ccd6-0ba1-ea59-c3ba69d6a44f-WY7n0X-scaled.jpeg\",\"datePublished\":\"2022-09-23T21:02:51+00:00\",\"author\":{\"@id\":\"\"},\"breadcrumb\":{\"@id\":\"https:\\\/\\\/contabilidadecaxias.com.br\\\/index.php\\\/2022\\\/09\\\/23\\\/segundo-encontro-do-forum-nacional-das-corregedorias-regionais-da-justica-do-trabalho-e-realizado-no-tst\\\/#breadcrumb\"},\"inLanguage\":\"pt-BR\",\"potentialAction\":[{\"@type\":\"ReadAction\",\"target\":[\"https:\\\/\\\/contabilidadecaxias.com.br\\\/index.php\\\/2022\\\/09\\\/23\\\/segundo-encontro-do-forum-nacional-das-corregedorias-regionais-da-justica-do-trabalho-e-realizado-no-tst\\\/\"]}]},{\"@type\":\"ImageObject\",\"inLanguage\":\"pt-BR\",\"@id\":\"https:\\\/\\\/contabilidadecaxias.com.br\\\/index.php\\\/2022\\\/09\\\/23\\\/segundo-encontro-do-forum-nacional-das-corregedorias-regionais-da-justica-do-trabalho-e-realizado-no-tst\\\/#primaryimage\",\"url\":\"https:\\\/\\\/contabilidadecaxias.com.br\\\/wp-content\\\/uploads\\\/2022\\\/09\\\/c4b87194-ccd6-0ba1-ea59-c3ba69d6a44f-WY7n0X-scaled.jpeg\",\"contentUrl\":\"https:\\\/\\\/contabilidadecaxias.com.br\\\/wp-content\\\/uploads\\\/2022\\\/09\\\/c4b87194-ccd6-0ba1-ea59-c3ba69d6a44f-WY7n0X-scaled.jpeg\",\"width\":2560,\"height\":1707},{\"@type\":\"BreadcrumbList\",\"@id\":\"https:\\\/\\\/contabilidadecaxias.com.br\\\/index.php\\\/2022\\\/09\\\/23\\\/segundo-encontro-do-forum-nacional-das-corregedorias-regionais-da-justica-do-trabalho-e-realizado-no-tst\\\/#breadcrumb\",\"itemListElement\":[{\"@type\":\"ListItem\",\"position\":1,\"name\":\"In\u00edcio\",\"item\":\"https:\\\/\\\/contabilidadecaxias.com.br\\\/\"},{\"@type\":\"ListItem\",\"position\":2,\"name\":\"Segundo encontro do F\u00f3rum Nacional das Corregedorias Regionais da Justi\u00e7a do Trabalho \u00e9 realizado no TST\"}]},{\"@type\":\"WebSite\",\"@id\":\"https:\\\/\\\/contabilidadecaxias.com.br\\\/#website\",\"url\":\"https:\\\/\\\/contabilidadecaxias.com.br\\\/\",\"name\":\"Contabilidade Caxias\",\"description\":\"Site especializado em Contabilidade para Caxias.\",\"potentialAction\":[{\"@type\":\"SearchAction\",\"target\":{\"@type\":\"EntryPoint\",\"urlTemplate\":\"https:\\\/\\\/contabilidadecaxias.com.br\\\/?s={search_term_string}\"},\"query-input\":{\"@type\":\"PropertyValueSpecification\",\"valueRequired\":true,\"valueName\":\"search_term_string\"}}],\"inLanguage\":\"pt-BR\"}]}<\/script>\n<!-- \/ Yoast SEO plugin. -->","yoast_head_json":{"title":"Segundo encontro do F\u00f3rum Nacional das Corregedorias Regionais da Justi\u00e7a do Trabalho \u00e9 realizado no TST - Contabilidade Caxias","robots":{"index":"index","follow":"follow","max-snippet":"max-snippet:-1","max-image-preview":"max-image-preview:large","max-video-preview":"max-video-preview:-1"},"canonical":"https:\/\/contabilidadecaxias.com.br\/index.php\/2022\/09\/23\/segundo-encontro-do-forum-nacional-das-corregedorias-regionais-da-justica-do-trabalho-e-realizado-no-tst\/","og_locale":"pt_BR","og_type":"article","og_title":"Segundo encontro do F\u00f3rum Nacional das Corregedorias Regionais da Justi\u00e7a do Trabalho \u00e9 realizado no TST - Contabilidade Caxias","og_description":"O evento viabilizou a reuni\u00e3o de corregedoras e corregedores regionais para o compartilhamento de experi\u00eancias e o aprimoramento de atividades.\u00a0 Ministros Lelio Bentes e Caputo Bastos. (Foto: Dimmy Falc\u00e3o &#8211; Secom\/TST) 22\/8\/2022 &#8211; A Corregedoria-Geral da Justi\u00e7a do Trabalho realizou, nesta quinta-feira (2\/9), na sede do Tribunal Superior do Trabalho (TST), em Bras\u00edlia, a 2\u00aa [&hellip;]","og_url":"https:\/\/contabilidadecaxias.com.br\/index.php\/2022\/09\/23\/segundo-encontro-do-forum-nacional-das-corregedorias-regionais-da-justica-do-trabalho-e-realizado-no-tst\/","og_site_name":"Contabilidade Caxias","article_published_time":"2022-09-23T21:02:51+00:00","twitter_card":"summary_large_image","twitter_misc":{"Est. tempo de leitura":"4 minutos"},"schema":{"@context":"https:\/\/schema.org","@graph":[{"@type":"Article","@id":"https:\/\/contabilidadecaxias.com.br\/index.php\/2022\/09\/23\/segundo-encontro-do-forum-nacional-das-corregedorias-regionais-da-justica-do-trabalho-e-realizado-no-tst\/#article","isPartOf":{"@id":"https:\/\/contabilidadecaxias.com.br\/index.php\/2022\/09\/23\/segundo-encontro-do-forum-nacional-das-corregedorias-regionais-da-justica-do-trabalho-e-realizado-no-tst\/"},"author":{"name":"","@id":""},"headline":"Segundo encontro do F\u00f3rum Nacional das Corregedorias Regionais da Justi\u00e7a do Trabalho \u00e9 realizado no TST","datePublished":"2022-09-23T21:02:51+00:00","mainEntityOfPage":{"@id":"https:\/\/contabilidadecaxias.com.br\/index.php\/2022\/09\/23\/segundo-encontro-do-forum-nacional-das-corregedorias-regionais-da-justica-do-trabalho-e-realizado-no-tst\/"},"wordCount":785,"commentCount":0,"image":{"@id":"https:\/\/contabilidadecaxias.com.br\/index.php\/2022\/09\/23\/segundo-encontro-do-forum-nacional-das-corregedorias-regionais-da-justica-do-trabalho-e-realizado-no-tst\/#primaryimage"},"thumbnailUrl":"https:\/\/contabilidadecaxias.com.br\/wp-content\/uploads\/2022\/09\/c4b87194-ccd6-0ba1-ea59-c3ba69d6a44f-WY7n0X-scaled.jpeg","articleSection":["Educa\u00e7\u00e3o Financeira"],"inLanguage":"pt-BR","potentialAction":[{"@type":"CommentAction","name":"Comment","target":["https:\/\/contabilidadecaxias.com.br\/index.php\/2022\/09\/23\/segundo-encontro-do-forum-nacional-das-corregedorias-regionais-da-justica-do-trabalho-e-realizado-no-tst\/#respond"]}]},{"@type":"WebPage","@id":"https:\/\/contabilidadecaxias.com.br\/index.php\/2022\/09\/23\/segundo-encontro-do-forum-nacional-das-corregedorias-regionais-da-justica-do-trabalho-e-realizado-no-tst\/","url":"https:\/\/contabilidadecaxias.com.br\/index.php\/2022\/09\/23\/segundo-encontro-do-forum-nacional-das-corregedorias-regionais-da-justica-do-trabalho-e-realizado-no-tst\/","name":"Segundo encontro do F\u00f3rum Nacional das Corregedorias Regionais da Justi\u00e7a do Trabalho \u00e9 realizado no TST - Contabilidade Caxias","isPartOf":{"@id":"https:\/\/contabilidadecaxias.com.br\/#website"},"primaryImageOfPage":{"@id":"https:\/\/contabilidadecaxias.com.br\/index.php\/2022\/09\/23\/segundo-encontro-do-forum-nacional-das-corregedorias-regionais-da-justica-do-trabalho-e-realizado-no-tst\/#primaryimage"},"image":{"@id":"https:\/\/contabilidadecaxias.com.br\/index.php\/2022\/09\/23\/segundo-encontro-do-forum-nacional-das-corregedorias-regionais-da-justica-do-trabalho-e-realizado-no-tst\/#primaryimage"},"thumbnailUrl":"https:\/\/contabilidadecaxias.com.br\/wp-content\/uploads\/2022\/09\/c4b87194-ccd6-0ba1-ea59-c3ba69d6a44f-WY7n0X-scaled.jpeg","datePublished":"2022-09-23T21:02:51+00:00","author":{"@id":""},"breadcrumb":{"@id":"https:\/\/contabilidadecaxias.com.br\/index.php\/2022\/09\/23\/segundo-encontro-do-forum-nacional-das-corregedorias-regionais-da-justica-do-trabalho-e-realizado-no-tst\/#breadcrumb"},"inLanguage":"pt-BR","potentialAction":[{"@type":"ReadAction","target":["https:\/\/contabilidadecaxias.com.br\/index.php\/2022\/09\/23\/segundo-encontro-do-forum-nacional-das-corregedorias-regionais-da-justica-do-trabalho-e-realizado-no-tst\/"]}]},{"@type":"ImageObject","inLanguage":"pt-BR","@id":"https:\/\/contabilidadecaxias.com.br\/index.php\/2022\/09\/23\/segundo-encontro-do-forum-nacional-das-corregedorias-regionais-da-justica-do-trabalho-e-realizado-no-tst\/#primaryimage","url":"https:\/\/contabilidadecaxias.com.br\/wp-content\/uploads\/2022\/09\/c4b87194-ccd6-0ba1-ea59-c3ba69d6a44f-WY7n0X-scaled.jpeg","contentUrl":"https:\/\/contabilidadecaxias.com.br\/wp-content\/uploads\/2022\/09\/c4b87194-ccd6-0ba1-ea59-c3ba69d6a44f-WY7n0X-scaled.jpeg","width":2560,"height":1707},{"@type":"BreadcrumbList","@id":"https:\/\/contabilidadecaxias.com.br\/index.php\/2022\/09\/23\/segundo-encontro-do-forum-nacional-das-corregedorias-regionais-da-justica-do-trabalho-e-realizado-no-tst\/#breadcrumb","itemListElement":[{"@type":"ListItem","position":1,"name":"In\u00edcio","item":"https:\/\/contabilidadecaxias.com.br\/"},{"@type":"ListItem","position":2,"name":"Segundo encontro do F\u00f3rum Nacional das Corregedorias Regionais da Justi\u00e7a do Trabalho \u00e9 realizado no TST"}]},{"@type":"WebSite","@id":"https:\/\/contabilidadecaxias.com.br\/#website","url":"https:\/\/contabilidadecaxias.com.br\/","name":"Contabilidade Caxias","description":"Site especializado em Contabilidade para Caxias.","potentialAction":[{"@type":"SearchAction","target":{"@type":"EntryPoint","urlTemplate":"https:\/\/contabilidadecaxias.com.br\/?s={search_term_string}"},"query-input":{"@type":"PropertyValueSpecification","valueRequired":true,"valueName":"search_term_string"}}],"inLanguage":"pt-BR"}]}},"_links":{"self":[{"href":"https:\/\/contabilidadecaxias.com.br\/index.php\/wp-json\/wp\/v2\/posts\/14589","targetHints":{"allow":["GET"]}}],"collection":[{"href":"https:\/\/contabilidadecaxias.com.br\/index.php\/wp-json\/wp\/v2\/posts"}],"about":[{"href":"https:\/\/contabilidadecaxias.com.br\/index.php\/wp-json\/wp\/v2\/types\/post"}],"replies":[{"embeddable":true,"href":"https:\/\/contabilidadecaxias.com.br\/index.php\/wp-json\/wp\/v2\/comments?post=14589"}],"version-history":[{"count":0,"href":"https:\/\/contabilidadecaxias.com.br\/index.php\/wp-json\/wp\/v2\/posts\/14589\/revisions"}],"wp:featuredmedia":[{"embeddable":true,"href":"https:\/\/contabilidadecaxias.com.br\/index.php\/wp-json\/wp\/v2\/media\/14590"}],"wp:attachment":[{"href":"https:\/\/contabilidadecaxias.com.br\/index.php\/wp-json\/wp\/v2\/media?parent=14589"}],"wp:term":[{"taxonomy":"category","embeddable":true,"href":"https:\/\/contabilidadecaxias.com.br\/index.php\/wp-json\/wp\/v2\/categories?post=14589"},{"taxonomy":"post_tag","embeddable":true,"href":"https:\/\/contabilidadecaxias.com.br\/index.php\/wp-json\/wp\/v2\/tags?post=14589"}],"curies":[{"name":"wp","href":"https:\/\/api.w.org\/{rel}","templated":true}]}}