{"id":14438,"date":"2022-09-22T15:02:14","date_gmt":"2022-09-22T18:02:14","guid":{"rendered":"https:\/\/contabilidadecaxias.com.br\/index.php\/2022\/09\/22\/propagandista-de-laboratorio-eleito-diretor-de-cooperativa-nao-tera-direito-a-estabilidade\/"},"modified":"2022-09-22T15:02:14","modified_gmt":"2022-09-22T18:02:14","slug":"propagandista-de-laboratorio-eleito-diretor-de-cooperativa-nao-tera-direito-a-estabilidade","status":"publish","type":"post","link":"https:\/\/contabilidadecaxias.com.br\/index.php\/2022\/09\/22\/propagandista-de-laboratorio-eleito-diretor-de-cooperativa-nao-tera-direito-a-estabilidade\/","title":{"rendered":"Propagandista de laborat\u00f3rio eleito diretor de cooperativa n\u00e3o ter\u00e1 direito a estabilidade"},"content":{"rendered":"<div class=\"noticia-wrapper\">\n<p><em><\/p>\n<p>Por se tratar de cooperativa de consumo, a garantia do emprego n\u00e3o \u00e9 devida<\/p>\n<p><\/em><\/p>\n<div class=\"social-media-share mobile\">\n        <a class=\"share-facebook\" href=\"https:\/\/www.facebook.com\/sharer.php?u=https:\/\/www.tst.jus.br\/-\/propagandista-de-laborat%C3%B3rio-eleito-diretor-de-cooperativa-n%C3%A3o-ter%C3%A1-direito-a-estabilidade\" target=\"_blank\" rel=\"noopener\"><\/a><br \/>\n        <a class=\"share-twitter\" href=\"https:\/\/twitter.com\/intent\/tweet?text=Propagandista%20de%20laborat%C3%B3rio%20eleito%20diretor%20de%20cooperativa%20n%C3%A3o%20ter%C3%A1%20direito%20a%20estabilidade%0AVeja%20mais%20em:&amp;url=https:\/\/www.tst.jus.br\/-\/propagandista-de-laborat%C3%B3rio-eleito-diretor-de-cooperativa-n%C3%A3o-ter%C3%A1-direito-a-estabilidade\" target=\"_blank\" rel=\"noopener\"><\/a><br \/>\n        <a class=\"share-linkedin\" href=\"https:\/\/www.linkedin.com\/shareArticle?mini=true&amp;url=https:\/\/www.tst.jus.br\/-\/propagandista-de-laborat%C3%B3rio-eleito-diretor-de-cooperativa-n%C3%A3o-ter%C3%A1-direito-a-estabilidade&amp;title=Propagandista%20de%20laborat%C3%B3rio%20eleito%20diretor%20de%20cooperativa%20n%C3%A3o%20ter%C3%A1%20direito%20a%20estabilidade\" target=\"_blank\" rel=\"noopener\"><\/a><br \/>\n        <a class=\"share-whatsapp\" href=\"https:\/\/web.whatsapp.com\/send?text=https:\/\/www.tst.jus.br\/-\/propagandista-de-laborat%C3%B3rio-eleito-diretor-de-cooperativa-n%C3%A3o-ter%C3%A1-direito-a-estabilidade\" target=\"_blank\" rel=\"noopener\"><\/a><br \/>\n        <a class=\"share-googleplus\" href=\"https:\/\/plus.google.com\/share?url=https:\/\/www.tst.jus.br\/-\/propagandista-de-laborat%C3%B3rio-eleito-diretor-de-cooperativa-n%C3%A3o-ter%C3%A1-direito-a-estabilidade\" target=\"_blank\" rel=\"noopener\"><\/a>\n    <\/div>\n<div class=\"news-body\">\n<div class=\"imagem-da-noticia\">\n<p>Ministro Alexandre Agra Belmonte<\/p>\n<div class=\"social-media-share\">\n                    <a class=\"share-facebook\" href=\"https:\/\/www.facebook.com\/sharer.php?u=https:\/\/www.tst.jus.br\/-\/propagandista-de-laborat%C3%B3rio-eleito-diretor-de-cooperativa-n%C3%A3o-ter%C3%A1-direito-a-estabilidade\" target=\"_blank\" rel=\"noopener\"><\/a><br \/>\n                    <a class=\"share-twitter\" href=\"https:\/\/twitter.com\/intent\/tweet?text=Propagandista%20de%20laborat%C3%B3rio%20eleito%20diretor%20de%20cooperativa%20n%C3%A3o%20ter%C3%A1%20direito%20a%20estabilidade%0AVeja%20mais%20em:&amp;url=https:\/\/www.tst.jus.br\/-\/propagandista-de-laborat%C3%B3rio-eleito-diretor-de-cooperativa-n%C3%A3o-ter%C3%A1-direito-a-estabilidade\" target=\"_blank\" rel=\"noopener\"><\/a><br \/>\n                    <a class=\"share-linkedin\" href=\"https:\/\/www.linkedin.com\/shareArticle?mini=true&amp;url=https:\/\/www.tst.jus.br\/-\/propagandista-de-laborat%C3%B3rio-eleito-diretor-de-cooperativa-n%C3%A3o-ter%C3%A1-direito-a-estabilidade&amp;title=Propagandista%20de%20laborat%C3%B3rio%20eleito%20diretor%20de%20cooperativa%20n%C3%A3o%20ter%C3%A1%20direito%20a%20estabilidade\" target=\"_blank\" rel=\"noopener\"><\/a><br \/>\n                    <a class=\"share-whatsapp\" href=\"https:\/\/web.whatsapp.com\/send?text=https:\/\/www.tst.jus.br\/-\/propagandista-de-laborat%C3%B3rio-eleito-diretor-de-cooperativa-n%C3%A3o-ter%C3%A1-direito-a-estabilidade\" target=\"_blank\" rel=\"noopener\"><\/a><br \/>\n                    <a class=\"share-googleplus\" href=\"https:\/\/plus.google.com\/share?url=https:\/\/www.tst.jus.br\/-\/propagandista-de-laborat%C3%B3rio-eleito-diretor-de-cooperativa-n%C3%A3o-ter%C3%A1-direito-a-estabilidade\" target=\"_blank\" rel=\"noopener\"><\/a>\n                <\/div>\n<\/p><\/div>\n<div class=\"materia\">\n<p>22\/9\/2022 &#8211; A Oitava Turma do Tribunal Superior do Trabalho decidiu que um representante propagandista dos Laborat\u00f3rios Pfizer Ltda. n\u00e3o tem direito \u00e0 estabilidade provis\u00f3ria por ser diretor da Cooperativa de Consumo dos Propagandistas, Propagandistas Vendedores e Vendedores de Produtos Farmac\u00eauticos de Feira de Santana (Coopvenfs). Para o colegiado, n\u00e3o h\u00e1 conflito entre o objeto social da cooperativa e o interesse ou a atividade principal da ind\u00fastria farmac\u00eautica de modo que justifique a garantia do emprego.<\/p>\n<p><strong>Estabilidade e reintegra\u00e7\u00e3o\u00a0<\/strong><\/p>\n<p>O representante trabalhou para a Pfizer de 2014 a 2018 e, ao ser demitido, exercia o cargo de diretor financeiro da cooperativa, com mandato at\u00e9 2020. Na reclama\u00e7\u00e3o trabalhista, ele sustentava ter direito \u00e0 estabilidade assegurada aos dirigentes sindicais e pedia a reintegra\u00e7\u00e3o no emprego.<\/p>\n<p>O ju\u00edzo da 6\u00aa Vara do Trabalho de Feira de Santana (BA) declarou a nulidade da dispensa e determinou a reintegra\u00e7\u00e3o nas mesmas condi\u00e7\u00f5es de trabalho anteriores ao desligamento. A senten\u00e7a foi mantida pelo Tribunal Regional do Trabalho da 5\u00aa Regi\u00e3o (BA) com base na Lei 5.764\/1971, que define a Pol\u00edtica Nacional de Cooperativismo. Segundo o TRT, a lei garante aos empregados que sejam eleitos diretores de sociedades cooperativas criadas por eles t\u00eam as mesmas garantias asseguradas aos dirigentes sindicais pelo artigo 543 da CLT.<\/p>\n<p>Inconformada, a Pfizer recorreu para o Tribunal Superior do Trabalho. \u00a0<\/p>\n<p><strong>Sem confronto de interesses<\/strong><\/p>\n<p>O relator do recurso, ministro Agra Belmonte, explicou que a estabilidade sindical visa proteger o empregado que, em raz\u00e3o das prerrogativas inerentes \u00e0 representatividade da categoria, pode vir a entrar em algum confronto com os interesses e as atividades do empregador. No caso, por\u00e9m, n\u00e3o h\u00e1 conflito entre o objeto da cooperativa e os interesses ou a atividade principal do empregador.<\/p>\n<p>Segundo o TRT, \u00a0a Coopvenfs \u00e9 uma sociedade de natureza civil, sem fins lucrativos, que se destina a adquirir produtos para serem fornecidos a seus associados nas melhores condi\u00e7\u00f5es de qualidade e pre\u00e7os, al\u00e9m da defesa econ\u00f4mica e social por meio da ajuda m\u00fatua. Essas atividades envolvem, por exemplo, conv\u00eanios com faculdades, col\u00e9gios particulares e cursos de idiomas, visando menores custos.<\/p>\n<p>A decis\u00e3o foi un\u00e2nime.<\/p>\n<p>(GL\/CF) \u00a0\u00a0 \u00a0<\/p>\n<p>Processo: <a href=\"https:\/\/consultaprocessual.tst.jus.br\/consultaProcessual\/consultaTstNumUnica.do?consulta=Consultar&amp;conscsjt=&amp;numeroTst=1616&amp;digitoTst=48&amp;anoTst=2017&amp;orgaoTst=5&amp;tribunalTst=05&amp;consult=consult%0D%0A++++++&amp;consult1=consult1&amp;varaTst=0196&amp;submit=Consultar\" target=\"_blank\" rel=\"noopener\">RRAg-1616-48.2017.5.05.0196<\/a><\/p>\n<p>Esta mat\u00e9ria tem cunho meramente informativo.<br \/>\nPermitida a reprodu\u00e7\u00e3o mediante cita\u00e7\u00e3o da fonte.<br \/>\nSecretaria de Comunica\u00e7\u00e3o Social<br \/>\nTribunal Superior do Trabalho<br \/>\nTel. (61) 3043-4907<br \/>\nsecom@tst.jus.br<\/p>\n<\/div><\/div>\n<\/div>\n","protected":false},"excerpt":{"rendered":"<p>Por se tratar de cooperativa de consumo, a garantia do emprego n\u00e3o \u00e9 devida Ministro Alexandre Agra Belmonte 22\/9\/2022 &#8211; A Oitava Turma do Tribunal Superior do Trabalho decidiu que um representante propagandista dos Laborat\u00f3rios Pfizer Ltda. n\u00e3o tem direito \u00e0 estabilidade provis\u00f3ria por ser diretor da Cooperativa de Consumo dos Propagandistas, Propagandistas Vendedores e [&hellip;]<\/p>\n","protected":false},"author":0,"featured_media":14439,"comment_status":"open","ping_status":"","sticky":false,"template":"","format":"standard","meta":{"footnotes":""},"categories":[5],"tags":[],"class_list":["post-14438","post","type-post","status-publish","format-standard","has-post-thumbnail","hentry","category-noticias-educacao-financeira"],"blocksy_meta":{"styles_descriptor":{"styles":{"desktop":"","tablet":"","mobile":""},"google_fonts":[],"version":6}},"yoast_head":"<!-- This site is optimized with the Yoast SEO plugin v27.5 - https:\/\/yoast.com\/product\/yoast-seo-wordpress\/ -->\n<title>Propagandista de laborat\u00f3rio eleito diretor de cooperativa n\u00e3o ter\u00e1 direito a estabilidade - Contabilidade Caxias<\/title>\n<meta name=\"robots\" content=\"index, follow, max-snippet:-1, max-image-preview:large, max-video-preview:-1\" \/>\n<link rel=\"canonical\" href=\"https:\/\/contabilidadecaxias.com.br\/index.php\/2022\/09\/22\/propagandista-de-laboratorio-eleito-diretor-de-cooperativa-nao-tera-direito-a-estabilidade\/\" \/>\n<meta property=\"og:locale\" content=\"pt_BR\" \/>\n<meta property=\"og:type\" content=\"article\" \/>\n<meta property=\"og:title\" content=\"Propagandista de laborat\u00f3rio eleito diretor de cooperativa n\u00e3o ter\u00e1 direito a estabilidade - Contabilidade Caxias\" \/>\n<meta property=\"og:description\" content=\"Por se tratar de cooperativa de consumo, a garantia do emprego n\u00e3o \u00e9 devida Ministro Alexandre Agra Belmonte 22\/9\/2022 &#8211; A Oitava Turma do Tribunal Superior do Trabalho decidiu que um representante propagandista dos Laborat\u00f3rios Pfizer Ltda. n\u00e3o tem direito \u00e0 estabilidade provis\u00f3ria por ser diretor da Cooperativa de Consumo dos Propagandistas, Propagandistas Vendedores e [&hellip;]\" \/>\n<meta property=\"og:url\" content=\"https:\/\/contabilidadecaxias.com.br\/index.php\/2022\/09\/22\/propagandista-de-laboratorio-eleito-diretor-de-cooperativa-nao-tera-direito-a-estabilidade\/\" \/>\n<meta property=\"og:site_name\" content=\"Contabilidade Caxias\" \/>\n<meta property=\"article:published_time\" content=\"2022-09-22T18:02:14+00:00\" \/>\n<meta name=\"twitter:card\" content=\"summary_large_image\" \/>\n<meta name=\"twitter:label1\" content=\"Est. tempo de leitura\" \/>\n\t<meta name=\"twitter:data1\" content=\"2 minutos\" \/>\n<script type=\"application\/ld+json\" class=\"yoast-schema-graph\">{\"@context\":\"https:\\\/\\\/schema.org\",\"@graph\":[{\"@type\":\"Article\",\"@id\":\"https:\\\/\\\/contabilidadecaxias.com.br\\\/index.php\\\/2022\\\/09\\\/22\\\/propagandista-de-laboratorio-eleito-diretor-de-cooperativa-nao-tera-direito-a-estabilidade\\\/#article\",\"isPartOf\":{\"@id\":\"https:\\\/\\\/contabilidadecaxias.com.br\\\/index.php\\\/2022\\\/09\\\/22\\\/propagandista-de-laboratorio-eleito-diretor-de-cooperativa-nao-tera-direito-a-estabilidade\\\/\"},\"author\":{\"name\":\"\",\"@id\":\"\"},\"headline\":\"Propagandista de laborat\u00f3rio eleito diretor de cooperativa n\u00e3o ter\u00e1 direito a estabilidade\",\"datePublished\":\"2022-09-22T18:02:14+00:00\",\"mainEntityOfPage\":{\"@id\":\"https:\\\/\\\/contabilidadecaxias.com.br\\\/index.php\\\/2022\\\/09\\\/22\\\/propagandista-de-laboratorio-eleito-diretor-de-cooperativa-nao-tera-direito-a-estabilidade\\\/\"},\"wordCount\":434,\"commentCount\":0,\"image\":{\"@id\":\"https:\\\/\\\/contabilidadecaxias.com.br\\\/index.php\\\/2022\\\/09\\\/22\\\/propagandista-de-laboratorio-eleito-diretor-de-cooperativa-nao-tera-direito-a-estabilidade\\\/#primaryimage\"},\"thumbnailUrl\":\"https:\\\/\\\/contabilidadecaxias.com.br\\\/wp-content\\\/uploads\\\/2022\\\/09\\\/38249a1c-3e6c-e8ad-6578-8f2e1aa0578e-pRBzNo-scaled.jpeg\",\"articleSection\":[\"Educa\u00e7\u00e3o Financeira\"],\"inLanguage\":\"pt-BR\",\"potentialAction\":[{\"@type\":\"CommentAction\",\"name\":\"Comment\",\"target\":[\"https:\\\/\\\/contabilidadecaxias.com.br\\\/index.php\\\/2022\\\/09\\\/22\\\/propagandista-de-laboratorio-eleito-diretor-de-cooperativa-nao-tera-direito-a-estabilidade\\\/#respond\"]}]},{\"@type\":\"WebPage\",\"@id\":\"https:\\\/\\\/contabilidadecaxias.com.br\\\/index.php\\\/2022\\\/09\\\/22\\\/propagandista-de-laboratorio-eleito-diretor-de-cooperativa-nao-tera-direito-a-estabilidade\\\/\",\"url\":\"https:\\\/\\\/contabilidadecaxias.com.br\\\/index.php\\\/2022\\\/09\\\/22\\\/propagandista-de-laboratorio-eleito-diretor-de-cooperativa-nao-tera-direito-a-estabilidade\\\/\",\"name\":\"Propagandista de laborat\u00f3rio eleito diretor de cooperativa n\u00e3o ter\u00e1 direito a estabilidade - Contabilidade Caxias\",\"isPartOf\":{\"@id\":\"https:\\\/\\\/contabilidadecaxias.com.br\\\/#website\"},\"primaryImageOfPage\":{\"@id\":\"https:\\\/\\\/contabilidadecaxias.com.br\\\/index.php\\\/2022\\\/09\\\/22\\\/propagandista-de-laboratorio-eleito-diretor-de-cooperativa-nao-tera-direito-a-estabilidade\\\/#primaryimage\"},\"image\":{\"@id\":\"https:\\\/\\\/contabilidadecaxias.com.br\\\/index.php\\\/2022\\\/09\\\/22\\\/propagandista-de-laboratorio-eleito-diretor-de-cooperativa-nao-tera-direito-a-estabilidade\\\/#primaryimage\"},\"thumbnailUrl\":\"https:\\\/\\\/contabilidadecaxias.com.br\\\/wp-content\\\/uploads\\\/2022\\\/09\\\/38249a1c-3e6c-e8ad-6578-8f2e1aa0578e-pRBzNo-scaled.jpeg\",\"datePublished\":\"2022-09-22T18:02:14+00:00\",\"author\":{\"@id\":\"\"},\"breadcrumb\":{\"@id\":\"https:\\\/\\\/contabilidadecaxias.com.br\\\/index.php\\\/2022\\\/09\\\/22\\\/propagandista-de-laboratorio-eleito-diretor-de-cooperativa-nao-tera-direito-a-estabilidade\\\/#breadcrumb\"},\"inLanguage\":\"pt-BR\",\"potentialAction\":[{\"@type\":\"ReadAction\",\"target\":[\"https:\\\/\\\/contabilidadecaxias.com.br\\\/index.php\\\/2022\\\/09\\\/22\\\/propagandista-de-laboratorio-eleito-diretor-de-cooperativa-nao-tera-direito-a-estabilidade\\\/\"]}]},{\"@type\":\"ImageObject\",\"inLanguage\":\"pt-BR\",\"@id\":\"https:\\\/\\\/contabilidadecaxias.com.br\\\/index.php\\\/2022\\\/09\\\/22\\\/propagandista-de-laboratorio-eleito-diretor-de-cooperativa-nao-tera-direito-a-estabilidade\\\/#primaryimage\",\"url\":\"https:\\\/\\\/contabilidadecaxias.com.br\\\/wp-content\\\/uploads\\\/2022\\\/09\\\/38249a1c-3e6c-e8ad-6578-8f2e1aa0578e-pRBzNo-scaled.jpeg\",\"contentUrl\":\"https:\\\/\\\/contabilidadecaxias.com.br\\\/wp-content\\\/uploads\\\/2022\\\/09\\\/38249a1c-3e6c-e8ad-6578-8f2e1aa0578e-pRBzNo-scaled.jpeg\",\"width\":2560,\"height\":1707},{\"@type\":\"BreadcrumbList\",\"@id\":\"https:\\\/\\\/contabilidadecaxias.com.br\\\/index.php\\\/2022\\\/09\\\/22\\\/propagandista-de-laboratorio-eleito-diretor-de-cooperativa-nao-tera-direito-a-estabilidade\\\/#breadcrumb\",\"itemListElement\":[{\"@type\":\"ListItem\",\"position\":1,\"name\":\"In\u00edcio\",\"item\":\"https:\\\/\\\/contabilidadecaxias.com.br\\\/\"},{\"@type\":\"ListItem\",\"position\":2,\"name\":\"Propagandista de laborat\u00f3rio eleito diretor de cooperativa n\u00e3o ter\u00e1 direito a estabilidade\"}]},{\"@type\":\"WebSite\",\"@id\":\"https:\\\/\\\/contabilidadecaxias.com.br\\\/#website\",\"url\":\"https:\\\/\\\/contabilidadecaxias.com.br\\\/\",\"name\":\"Contabilidade Caxias\",\"description\":\"Site especializado em Contabilidade para Caxias.\",\"potentialAction\":[{\"@type\":\"SearchAction\",\"target\":{\"@type\":\"EntryPoint\",\"urlTemplate\":\"https:\\\/\\\/contabilidadecaxias.com.br\\\/?s={search_term_string}\"},\"query-input\":{\"@type\":\"PropertyValueSpecification\",\"valueRequired\":true,\"valueName\":\"search_term_string\"}}],\"inLanguage\":\"pt-BR\"}]}<\/script>\n<!-- \/ Yoast SEO plugin. -->","yoast_head_json":{"title":"Propagandista de laborat\u00f3rio eleito diretor de cooperativa n\u00e3o ter\u00e1 direito a estabilidade - Contabilidade Caxias","robots":{"index":"index","follow":"follow","max-snippet":"max-snippet:-1","max-image-preview":"max-image-preview:large","max-video-preview":"max-video-preview:-1"},"canonical":"https:\/\/contabilidadecaxias.com.br\/index.php\/2022\/09\/22\/propagandista-de-laboratorio-eleito-diretor-de-cooperativa-nao-tera-direito-a-estabilidade\/","og_locale":"pt_BR","og_type":"article","og_title":"Propagandista de laborat\u00f3rio eleito diretor de cooperativa n\u00e3o ter\u00e1 direito a estabilidade - Contabilidade Caxias","og_description":"Por se tratar de cooperativa de consumo, a garantia do emprego n\u00e3o \u00e9 devida Ministro Alexandre Agra Belmonte 22\/9\/2022 &#8211; A Oitava Turma do Tribunal Superior do Trabalho decidiu que um representante propagandista dos Laborat\u00f3rios Pfizer Ltda. n\u00e3o tem direito \u00e0 estabilidade provis\u00f3ria por ser diretor da Cooperativa de Consumo dos Propagandistas, Propagandistas Vendedores e [&hellip;]","og_url":"https:\/\/contabilidadecaxias.com.br\/index.php\/2022\/09\/22\/propagandista-de-laboratorio-eleito-diretor-de-cooperativa-nao-tera-direito-a-estabilidade\/","og_site_name":"Contabilidade Caxias","article_published_time":"2022-09-22T18:02:14+00:00","twitter_card":"summary_large_image","twitter_misc":{"Est. tempo de leitura":"2 minutos"},"schema":{"@context":"https:\/\/schema.org","@graph":[{"@type":"Article","@id":"https:\/\/contabilidadecaxias.com.br\/index.php\/2022\/09\/22\/propagandista-de-laboratorio-eleito-diretor-de-cooperativa-nao-tera-direito-a-estabilidade\/#article","isPartOf":{"@id":"https:\/\/contabilidadecaxias.com.br\/index.php\/2022\/09\/22\/propagandista-de-laboratorio-eleito-diretor-de-cooperativa-nao-tera-direito-a-estabilidade\/"},"author":{"name":"","@id":""},"headline":"Propagandista de laborat\u00f3rio eleito diretor de cooperativa n\u00e3o ter\u00e1 direito a estabilidade","datePublished":"2022-09-22T18:02:14+00:00","mainEntityOfPage":{"@id":"https:\/\/contabilidadecaxias.com.br\/index.php\/2022\/09\/22\/propagandista-de-laboratorio-eleito-diretor-de-cooperativa-nao-tera-direito-a-estabilidade\/"},"wordCount":434,"commentCount":0,"image":{"@id":"https:\/\/contabilidadecaxias.com.br\/index.php\/2022\/09\/22\/propagandista-de-laboratorio-eleito-diretor-de-cooperativa-nao-tera-direito-a-estabilidade\/#primaryimage"},"thumbnailUrl":"https:\/\/contabilidadecaxias.com.br\/wp-content\/uploads\/2022\/09\/38249a1c-3e6c-e8ad-6578-8f2e1aa0578e-pRBzNo-scaled.jpeg","articleSection":["Educa\u00e7\u00e3o Financeira"],"inLanguage":"pt-BR","potentialAction":[{"@type":"CommentAction","name":"Comment","target":["https:\/\/contabilidadecaxias.com.br\/index.php\/2022\/09\/22\/propagandista-de-laboratorio-eleito-diretor-de-cooperativa-nao-tera-direito-a-estabilidade\/#respond"]}]},{"@type":"WebPage","@id":"https:\/\/contabilidadecaxias.com.br\/index.php\/2022\/09\/22\/propagandista-de-laboratorio-eleito-diretor-de-cooperativa-nao-tera-direito-a-estabilidade\/","url":"https:\/\/contabilidadecaxias.com.br\/index.php\/2022\/09\/22\/propagandista-de-laboratorio-eleito-diretor-de-cooperativa-nao-tera-direito-a-estabilidade\/","name":"Propagandista de laborat\u00f3rio eleito diretor de cooperativa n\u00e3o ter\u00e1 direito a estabilidade - Contabilidade Caxias","isPartOf":{"@id":"https:\/\/contabilidadecaxias.com.br\/#website"},"primaryImageOfPage":{"@id":"https:\/\/contabilidadecaxias.com.br\/index.php\/2022\/09\/22\/propagandista-de-laboratorio-eleito-diretor-de-cooperativa-nao-tera-direito-a-estabilidade\/#primaryimage"},"image":{"@id":"https:\/\/contabilidadecaxias.com.br\/index.php\/2022\/09\/22\/propagandista-de-laboratorio-eleito-diretor-de-cooperativa-nao-tera-direito-a-estabilidade\/#primaryimage"},"thumbnailUrl":"https:\/\/contabilidadecaxias.com.br\/wp-content\/uploads\/2022\/09\/38249a1c-3e6c-e8ad-6578-8f2e1aa0578e-pRBzNo-scaled.jpeg","datePublished":"2022-09-22T18:02:14+00:00","author":{"@id":""},"breadcrumb":{"@id":"https:\/\/contabilidadecaxias.com.br\/index.php\/2022\/09\/22\/propagandista-de-laboratorio-eleito-diretor-de-cooperativa-nao-tera-direito-a-estabilidade\/#breadcrumb"},"inLanguage":"pt-BR","potentialAction":[{"@type":"ReadAction","target":["https:\/\/contabilidadecaxias.com.br\/index.php\/2022\/09\/22\/propagandista-de-laboratorio-eleito-diretor-de-cooperativa-nao-tera-direito-a-estabilidade\/"]}]},{"@type":"ImageObject","inLanguage":"pt-BR","@id":"https:\/\/contabilidadecaxias.com.br\/index.php\/2022\/09\/22\/propagandista-de-laboratorio-eleito-diretor-de-cooperativa-nao-tera-direito-a-estabilidade\/#primaryimage","url":"https:\/\/contabilidadecaxias.com.br\/wp-content\/uploads\/2022\/09\/38249a1c-3e6c-e8ad-6578-8f2e1aa0578e-pRBzNo-scaled.jpeg","contentUrl":"https:\/\/contabilidadecaxias.com.br\/wp-content\/uploads\/2022\/09\/38249a1c-3e6c-e8ad-6578-8f2e1aa0578e-pRBzNo-scaled.jpeg","width":2560,"height":1707},{"@type":"BreadcrumbList","@id":"https:\/\/contabilidadecaxias.com.br\/index.php\/2022\/09\/22\/propagandista-de-laboratorio-eleito-diretor-de-cooperativa-nao-tera-direito-a-estabilidade\/#breadcrumb","itemListElement":[{"@type":"ListItem","position":1,"name":"In\u00edcio","item":"https:\/\/contabilidadecaxias.com.br\/"},{"@type":"ListItem","position":2,"name":"Propagandista de laborat\u00f3rio eleito diretor de cooperativa n\u00e3o ter\u00e1 direito a estabilidade"}]},{"@type":"WebSite","@id":"https:\/\/contabilidadecaxias.com.br\/#website","url":"https:\/\/contabilidadecaxias.com.br\/","name":"Contabilidade Caxias","description":"Site especializado em Contabilidade para Caxias.","potentialAction":[{"@type":"SearchAction","target":{"@type":"EntryPoint","urlTemplate":"https:\/\/contabilidadecaxias.com.br\/?s={search_term_string}"},"query-input":{"@type":"PropertyValueSpecification","valueRequired":true,"valueName":"search_term_string"}}],"inLanguage":"pt-BR"}]}},"_links":{"self":[{"href":"https:\/\/contabilidadecaxias.com.br\/index.php\/wp-json\/wp\/v2\/posts\/14438","targetHints":{"allow":["GET"]}}],"collection":[{"href":"https:\/\/contabilidadecaxias.com.br\/index.php\/wp-json\/wp\/v2\/posts"}],"about":[{"href":"https:\/\/contabilidadecaxias.com.br\/index.php\/wp-json\/wp\/v2\/types\/post"}],"replies":[{"embeddable":true,"href":"https:\/\/contabilidadecaxias.com.br\/index.php\/wp-json\/wp\/v2\/comments?post=14438"}],"version-history":[{"count":0,"href":"https:\/\/contabilidadecaxias.com.br\/index.php\/wp-json\/wp\/v2\/posts\/14438\/revisions"}],"wp:featuredmedia":[{"embeddable":true,"href":"https:\/\/contabilidadecaxias.com.br\/index.php\/wp-json\/wp\/v2\/media\/14439"}],"wp:attachment":[{"href":"https:\/\/contabilidadecaxias.com.br\/index.php\/wp-json\/wp\/v2\/media?parent=14438"}],"wp:term":[{"taxonomy":"category","embeddable":true,"href":"https:\/\/contabilidadecaxias.com.br\/index.php\/wp-json\/wp\/v2\/categories?post=14438"},{"taxonomy":"post_tag","embeddable":true,"href":"https:\/\/contabilidadecaxias.com.br\/index.php\/wp-json\/wp\/v2\/tags?post=14438"}],"curies":[{"name":"wp","href":"https:\/\/api.w.org\/{rel}","templated":true}]}}