{"id":14152,"date":"2022-09-15T18:10:42","date_gmt":"2022-09-15T21:10:42","guid":{"rendered":"https:\/\/contabilidadecaxias.com.br\/index.php\/2022\/09\/15\/justica-do-trabalho-deve-julgar-caso-sobre-condicoes-de-trabalho-em-delegacia-no-es\/"},"modified":"2022-09-15T18:10:42","modified_gmt":"2022-09-15T21:10:42","slug":"justica-do-trabalho-deve-julgar-caso-sobre-condicoes-de-trabalho-em-delegacia-no-es","status":"publish","type":"post","link":"https:\/\/contabilidadecaxias.com.br\/index.php\/2022\/09\/15\/justica-do-trabalho-deve-julgar-caso-sobre-condicoes-de-trabalho-em-delegacia-no-es\/","title":{"rendered":"Justi\u00e7a do Trabalho deve julgar caso sobre condi\u00e7\u00f5es de trabalho em delegacia no ES"},"content":{"rendered":"<div class=\"noticia-wrapper\">\n<p><em><\/p>\n<p>As condi\u00e7\u00f5es de seguran\u00e7a, sa\u00fade e higiene de trabalho afetam tanto celetistas quanto estatut\u00e1rios<\/p>\n<p><\/em><\/p>\n<div class=\"social-media-share mobile\">\n        <a class=\"share-facebook\" href=\"https:\/\/www.facebook.com\/sharer.php?u=https:\/\/www.tst.jus.br\/-\/justi%C3%A7a-do-trabalho-deve-julgar-caso-sobre-condi%C3%A7%C3%B5es-de-trabalho-em-delegacia-no-es\" target=\"_blank\" rel=\"noopener\"><\/a><br \/>\n        <a class=\"share-twitter\" href=\"https:\/\/twitter.com\/intent\/tweet?text=Justi%C3%A7a%20do%20Trabalho%20deve%20julgar%20caso%20sobre%20condi%C3%A7%C3%B5es%20de%20trabalho%20em%20delegacia%20no%20ES%0AVeja%20mais%20em:&amp;url=https:\/\/www.tst.jus.br\/-\/justi%C3%A7a-do-trabalho-deve-julgar-caso-sobre-condi%C3%A7%C3%B5es-de-trabalho-em-delegacia-no-es\" target=\"_blank\" rel=\"noopener\"><\/a><br \/>\n        <a class=\"share-linkedin\" href=\"https:\/\/www.linkedin.com\/shareArticle?mini=true&amp;url=https:\/\/www.tst.jus.br\/-\/justi%C3%A7a-do-trabalho-deve-julgar-caso-sobre-condi%C3%A7%C3%B5es-de-trabalho-em-delegacia-no-es&amp;title=Justi%C3%A7a%20do%20Trabalho%20deve%20julgar%20caso%20sobre%20condi%C3%A7%C3%B5es%20de%20trabalho%20em%20delegacia%20no%20ES\" target=\"_blank\" rel=\"noopener\"><\/a><br \/>\n        <a class=\"share-whatsapp\" href=\"https:\/\/web.whatsapp.com\/send?text=https:\/\/www.tst.jus.br\/-\/justi%C3%A7a-do-trabalho-deve-julgar-caso-sobre-condi%C3%A7%C3%B5es-de-trabalho-em-delegacia-no-es\" target=\"_blank\" rel=\"noopener\"><\/a><br \/>\n        <a class=\"share-googleplus\" href=\"https:\/\/plus.google.com\/share?url=https:\/\/www.tst.jus.br\/-\/justi%C3%A7a-do-trabalho-deve-julgar-caso-sobre-condi%C3%A7%C3%B5es-de-trabalho-em-delegacia-no-es\" target=\"_blank\" rel=\"noopener\"><\/a>\n    <\/div>\n<div class=\"news-body\">\n<div class=\"imagem-da-noticia\">\n<p>Ministro Mauricio Godinho Delgado<\/p>\n<div class=\"social-media-share\">\n                    <a class=\"share-facebook\" href=\"https:\/\/www.facebook.com\/sharer.php?u=https:\/\/www.tst.jus.br\/-\/justi%C3%A7a-do-trabalho-deve-julgar-caso-sobre-condi%C3%A7%C3%B5es-de-trabalho-em-delegacia-no-es\" target=\"_blank\" rel=\"noopener\"><\/a><br \/>\n                    <a class=\"share-twitter\" href=\"https:\/\/twitter.com\/intent\/tweet?text=Justi%C3%A7a%20do%20Trabalho%20deve%20julgar%20caso%20sobre%20condi%C3%A7%C3%B5es%20de%20trabalho%20em%20delegacia%20no%20ES%0AVeja%20mais%20em:&amp;url=https:\/\/www.tst.jus.br\/-\/justi%C3%A7a-do-trabalho-deve-julgar-caso-sobre-condi%C3%A7%C3%B5es-de-trabalho-em-delegacia-no-es\" target=\"_blank\" rel=\"noopener\"><\/a><br \/>\n                    <a class=\"share-linkedin\" href=\"https:\/\/www.linkedin.com\/shareArticle?mini=true&amp;url=https:\/\/www.tst.jus.br\/-\/justi%C3%A7a-do-trabalho-deve-julgar-caso-sobre-condi%C3%A7%C3%B5es-de-trabalho-em-delegacia-no-es&amp;title=Justi%C3%A7a%20do%20Trabalho%20deve%20julgar%20caso%20sobre%20condi%C3%A7%C3%B5es%20de%20trabalho%20em%20delegacia%20no%20ES\" target=\"_blank\" rel=\"noopener\"><\/a><br \/>\n                    <a class=\"share-whatsapp\" href=\"https:\/\/web.whatsapp.com\/send?text=https:\/\/www.tst.jus.br\/-\/justi%C3%A7a-do-trabalho-deve-julgar-caso-sobre-condi%C3%A7%C3%B5es-de-trabalho-em-delegacia-no-es\" target=\"_blank\" rel=\"noopener\"><\/a><br \/>\n                    <a class=\"share-googleplus\" href=\"https:\/\/plus.google.com\/share?url=https:\/\/www.tst.jus.br\/-\/justi%C3%A7a-do-trabalho-deve-julgar-caso-sobre-condi%C3%A7%C3%B5es-de-trabalho-em-delegacia-no-es\" target=\"_blank\" rel=\"noopener\"><\/a>\n                <\/div>\n<\/p><\/div>\n<div class=\"materia\">\n<p>15\/09\/22 &#8211; A Terceira Turma do Tribunal Superior do Trabalho reafirmou a compet\u00eancia da Justi\u00e7a do Trabalho para julgar uma a\u00e7\u00e3o civil p\u00fablica que visa obrigar a Secretaria de Seguran\u00e7a P\u00fablica do Estado do Esp\u00edrito Santo a adequar as condi\u00e7\u00f5es de trabalho da Delegacia de Pol\u00edcia Civil de Bom Jesus do Norte. Segundo o colegiado, o caso trata de tutela do meio ambiente do trabalho e, portanto, se insere na compet\u00eancia da Justi\u00e7a especializada, quer se trate de servidor p\u00fablico estatut\u00e1rio ou celetista.\u00a0<\/p>\n<h4>Inadequa\u00e7\u00e3o das instala\u00e7\u00f5es<\/h4>\n<p>A a\u00e7\u00e3o civil p\u00fablica foi proposta pelo Minist\u00e9rio P\u00fablico do Trabalho (MPT) a partir de den\u00fancia do sindicato dos policiais a respeito de diversas unidades, entre elas a Delegacia de Bom Jesus. Ap\u00f3s dilig\u00eancia, a Defesa Civil do munic\u00edpio constatou as m\u00e1s condi\u00e7\u00f5es das instala\u00e7\u00f5es el\u00e9tricas, com fia\u00e7\u00e3o exposta, falta de prote\u00e7\u00e3o contra inc\u00eandios, instala\u00e7\u00f5es sanit\u00e1rias inadequadas e sem higieniza\u00e7\u00e3o, umidade, mofo e rachaduras, risco de queda e m\u00f3veis inadequados. \u00a0<\/p>\n<p>Em sua defesa, o Estado do Esp\u00edrito Santo sustentou que, de acordo com o entendimento do Supremo Tribunal Federal (STF), a Justi\u00e7a do Trabalho n\u00e3o seria competente para julgar o caso, que envolvia servidores p\u00fablicos estatut\u00e1rios.<\/p>\n<h4>Compet\u00eancia<\/h4>\n<p>O Tribunal Regional do Trabalho da 17\u00aa Regi\u00e3o (ES), no entanto, considerou que o estado, como empregador, tem o dever de garantir a seus funcion\u00e1rios um meio ambiente de trabalho sadio e equilibrado. Ainda, de acordo com o TRT, o caso n\u00e3o tem como partes o poder p\u00fablico e seus servidores, mas o MPT, que buscava medidas protetivas em rela\u00e7\u00e3o \u00e0s condi\u00e7\u00f5es de trabalho. \u201cA compet\u00eancia, nessa hip\u00f3tese, \u00e9 da Justi\u00e7a do Trabalho, independentemente do v\u00ednculo jur\u00eddico dos trabalhadores\u201d, concluiu.\u00a0<\/p>\n<h4>Estatut\u00e1rios, celetistas e terceirizados<\/h4>\n<p>Para o relator do agravo de instrumento do estado, ministro Mauricio Godinho Delgado, a natureza do v\u00ednculo entre o ente p\u00fablico e o trabalhador, no caso concreto, n\u00e3o \u00e9 relevante para alterar a compet\u00eancia da Justi\u00e7a do Trabalho. Ele lembrou que \u00e9 comum, na administra\u00e7\u00e3o p\u00fablica, a conviv\u00eancia de pessoas de diferentes v\u00ednculos (estatut\u00e1rios, celetistas, prestadores de servi\u00e7os terceirizados e estagi\u00e1rios) e que o cumprimento das condi\u00e7\u00f5es de seguran\u00e7a, sa\u00fade e higiene de trabalho deve servir para todos. \u201dSeria invi\u00e1vel definir a compet\u00eancia em a\u00e7\u00f5es como essa tendo como fundamento determinante a condi\u00e7\u00e3o jur\u00eddica individual de cada trabalhador dentro da administra\u00e7\u00e3o p\u00fablica\u201d, explicou.<\/p>\n<p>O ministro observou, ainda, que, de acordo com o entendimento do STF sobre a mat\u00e9ria (S\u00famula 736), a limita\u00e7\u00e3o de compet\u00eancia da Justi\u00e7a do Trabalho em rela\u00e7\u00e3o a servidores estatut\u00e1rios n\u00e3o alcan\u00e7a a\u00e7\u00f5es que tratem do descumprimento de normas de seguran\u00e7a, higiene e sa\u00fade dos trabalhadores.\u00a0<\/p>\n<p>Por unanimidade, a Turma negou provimento ao agravo.<\/p>\n<p>(DA\/CF)<\/p>\n<p>Processo: <a href=\"https:\/\/consultaprocessual.tst.jus.br\/consultaProcessual\/consultaTstNumUnica.do?consulta=Consultar&amp;conscsjt=&amp;numeroTst=1539&amp;digitoTst=04&amp;anoTst=2017&amp;orgaoTst=5&amp;tribunalTst=17&amp;varaTst=0132&amp;submit=Consultar\" target=\"_blank\" rel=\"noopener\">AIRR-1539-04.2017.5.17.0132<\/a><\/p>\n<p><em>Esta mat\u00e9ria tem cunho meramente informativo.<br \/>\nPermitida a reprodu\u00e7\u00e3o mediante cita\u00e7\u00e3o da fonte.<br \/>\nSecretaria de Comunica\u00e7\u00e3o Social<br \/>\n<a href=\"https:\/\/www.tst.jus.br\/\" target=\"_blank\" rel=\"noopener\">Tribunal Superior do Trabalho<\/a><br \/>\nTel. (61) 3043-4907\u00a0<br \/>\n<a href=\"mailto:secom@tst.jus.br\" target=\"\" rel=\"noopener\">secom@tst.jus.br<\/a><\/em><\/p>\n<\/div><\/div>\n<\/div>\n","protected":false},"excerpt":{"rendered":"<p>As condi\u00e7\u00f5es de seguran\u00e7a, sa\u00fade e higiene de trabalho afetam tanto celetistas quanto estatut\u00e1rios Ministro Mauricio Godinho Delgado 15\/09\/22 &#8211; A Terceira Turma do Tribunal Superior do Trabalho reafirmou a compet\u00eancia da Justi\u00e7a do Trabalho para julgar uma a\u00e7\u00e3o civil p\u00fablica que visa obrigar a Secretaria de Seguran\u00e7a P\u00fablica do Estado do Esp\u00edrito Santo a [&hellip;]<\/p>\n","protected":false},"author":0,"featured_media":14153,"comment_status":"open","ping_status":"","sticky":false,"template":"","format":"standard","meta":{"footnotes":""},"categories":[5],"tags":[],"class_list":["post-14152","post","type-post","status-publish","format-standard","has-post-thumbnail","hentry","category-noticias-educacao-financeira"],"blocksy_meta":{"styles_descriptor":{"styles":{"desktop":"","tablet":"","mobile":""},"google_fonts":[],"version":6}},"yoast_head":"<!-- This site is optimized with the Yoast SEO plugin v27.5 - https:\/\/yoast.com\/product\/yoast-seo-wordpress\/ -->\n<title>Justi\u00e7a do Trabalho deve julgar caso sobre condi\u00e7\u00f5es de trabalho em delegacia no ES - Contabilidade Caxias<\/title>\n<meta name=\"robots\" content=\"index, follow, max-snippet:-1, max-image-preview:large, max-video-preview:-1\" \/>\n<link rel=\"canonical\" href=\"https:\/\/contabilidadecaxias.com.br\/index.php\/2022\/09\/15\/justica-do-trabalho-deve-julgar-caso-sobre-condicoes-de-trabalho-em-delegacia-no-es\/\" \/>\n<meta property=\"og:locale\" content=\"pt_BR\" \/>\n<meta property=\"og:type\" content=\"article\" \/>\n<meta property=\"og:title\" content=\"Justi\u00e7a do Trabalho deve julgar caso sobre condi\u00e7\u00f5es de trabalho em delegacia no ES - Contabilidade Caxias\" \/>\n<meta property=\"og:description\" content=\"As condi\u00e7\u00f5es de seguran\u00e7a, sa\u00fade e higiene de trabalho afetam tanto celetistas quanto estatut\u00e1rios Ministro Mauricio Godinho Delgado 15\/09\/22 &#8211; A Terceira Turma do Tribunal Superior do Trabalho reafirmou a compet\u00eancia da Justi\u00e7a do Trabalho para julgar uma a\u00e7\u00e3o civil p\u00fablica que visa obrigar a Secretaria de Seguran\u00e7a P\u00fablica do Estado do Esp\u00edrito Santo a [&hellip;]\" \/>\n<meta property=\"og:url\" content=\"https:\/\/contabilidadecaxias.com.br\/index.php\/2022\/09\/15\/justica-do-trabalho-deve-julgar-caso-sobre-condicoes-de-trabalho-em-delegacia-no-es\/\" \/>\n<meta property=\"og:site_name\" content=\"Contabilidade Caxias\" \/>\n<meta property=\"article:published_time\" content=\"2022-09-15T21:10:42+00:00\" \/>\n<meta name=\"twitter:card\" content=\"summary_large_image\" \/>\n<meta name=\"twitter:label1\" content=\"Est. tempo de leitura\" \/>\n\t<meta name=\"twitter:data1\" content=\"3 minutos\" \/>\n<script type=\"application\/ld+json\" class=\"yoast-schema-graph\">{\"@context\":\"https:\\\/\\\/schema.org\",\"@graph\":[{\"@type\":\"Article\",\"@id\":\"https:\\\/\\\/contabilidadecaxias.com.br\\\/index.php\\\/2022\\\/09\\\/15\\\/justica-do-trabalho-deve-julgar-caso-sobre-condicoes-de-trabalho-em-delegacia-no-es\\\/#article\",\"isPartOf\":{\"@id\":\"https:\\\/\\\/contabilidadecaxias.com.br\\\/index.php\\\/2022\\\/09\\\/15\\\/justica-do-trabalho-deve-julgar-caso-sobre-condicoes-de-trabalho-em-delegacia-no-es\\\/\"},\"author\":{\"name\":\"\",\"@id\":\"\"},\"headline\":\"Justi\u00e7a do Trabalho deve julgar caso sobre condi\u00e7\u00f5es de trabalho em delegacia no ES\",\"datePublished\":\"2022-09-15T21:10:42+00:00\",\"mainEntityOfPage\":{\"@id\":\"https:\\\/\\\/contabilidadecaxias.com.br\\\/index.php\\\/2022\\\/09\\\/15\\\/justica-do-trabalho-deve-julgar-caso-sobre-condicoes-de-trabalho-em-delegacia-no-es\\\/\"},\"wordCount\":588,\"commentCount\":0,\"image\":{\"@id\":\"https:\\\/\\\/contabilidadecaxias.com.br\\\/index.php\\\/2022\\\/09\\\/15\\\/justica-do-trabalho-deve-julgar-caso-sobre-condicoes-de-trabalho-em-delegacia-no-es\\\/#primaryimage\"},\"thumbnailUrl\":\"https:\\\/\\\/contabilidadecaxias.com.br\\\/wp-content\\\/uploads\\\/2022\\\/09\\\/264a84a8-8aeb-1e87-971a-cbce49a31777-IyiL7R.jpeg\",\"articleSection\":[\"Educa\u00e7\u00e3o Financeira\"],\"inLanguage\":\"pt-BR\",\"potentialAction\":[{\"@type\":\"CommentAction\",\"name\":\"Comment\",\"target\":[\"https:\\\/\\\/contabilidadecaxias.com.br\\\/index.php\\\/2022\\\/09\\\/15\\\/justica-do-trabalho-deve-julgar-caso-sobre-condicoes-de-trabalho-em-delegacia-no-es\\\/#respond\"]}]},{\"@type\":\"WebPage\",\"@id\":\"https:\\\/\\\/contabilidadecaxias.com.br\\\/index.php\\\/2022\\\/09\\\/15\\\/justica-do-trabalho-deve-julgar-caso-sobre-condicoes-de-trabalho-em-delegacia-no-es\\\/\",\"url\":\"https:\\\/\\\/contabilidadecaxias.com.br\\\/index.php\\\/2022\\\/09\\\/15\\\/justica-do-trabalho-deve-julgar-caso-sobre-condicoes-de-trabalho-em-delegacia-no-es\\\/\",\"name\":\"Justi\u00e7a do Trabalho deve julgar caso sobre condi\u00e7\u00f5es de trabalho em delegacia no ES - Contabilidade Caxias\",\"isPartOf\":{\"@id\":\"https:\\\/\\\/contabilidadecaxias.com.br\\\/#website\"},\"primaryImageOfPage\":{\"@id\":\"https:\\\/\\\/contabilidadecaxias.com.br\\\/index.php\\\/2022\\\/09\\\/15\\\/justica-do-trabalho-deve-julgar-caso-sobre-condicoes-de-trabalho-em-delegacia-no-es\\\/#primaryimage\"},\"image\":{\"@id\":\"https:\\\/\\\/contabilidadecaxias.com.br\\\/index.php\\\/2022\\\/09\\\/15\\\/justica-do-trabalho-deve-julgar-caso-sobre-condicoes-de-trabalho-em-delegacia-no-es\\\/#primaryimage\"},\"thumbnailUrl\":\"https:\\\/\\\/contabilidadecaxias.com.br\\\/wp-content\\\/uploads\\\/2022\\\/09\\\/264a84a8-8aeb-1e87-971a-cbce49a31777-IyiL7R.jpeg\",\"datePublished\":\"2022-09-15T21:10:42+00:00\",\"author\":{\"@id\":\"\"},\"breadcrumb\":{\"@id\":\"https:\\\/\\\/contabilidadecaxias.com.br\\\/index.php\\\/2022\\\/09\\\/15\\\/justica-do-trabalho-deve-julgar-caso-sobre-condicoes-de-trabalho-em-delegacia-no-es\\\/#breadcrumb\"},\"inLanguage\":\"pt-BR\",\"potentialAction\":[{\"@type\":\"ReadAction\",\"target\":[\"https:\\\/\\\/contabilidadecaxias.com.br\\\/index.php\\\/2022\\\/09\\\/15\\\/justica-do-trabalho-deve-julgar-caso-sobre-condicoes-de-trabalho-em-delegacia-no-es\\\/\"]}]},{\"@type\":\"ImageObject\",\"inLanguage\":\"pt-BR\",\"@id\":\"https:\\\/\\\/contabilidadecaxias.com.br\\\/index.php\\\/2022\\\/09\\\/15\\\/justica-do-trabalho-deve-julgar-caso-sobre-condicoes-de-trabalho-em-delegacia-no-es\\\/#primaryimage\",\"url\":\"https:\\\/\\\/contabilidadecaxias.com.br\\\/wp-content\\\/uploads\\\/2022\\\/09\\\/264a84a8-8aeb-1e87-971a-cbce49a31777-IyiL7R.jpeg\",\"contentUrl\":\"https:\\\/\\\/contabilidadecaxias.com.br\\\/wp-content\\\/uploads\\\/2022\\\/09\\\/264a84a8-8aeb-1e87-971a-cbce49a31777-IyiL7R.jpeg\",\"width\":1280,\"height\":853},{\"@type\":\"BreadcrumbList\",\"@id\":\"https:\\\/\\\/contabilidadecaxias.com.br\\\/index.php\\\/2022\\\/09\\\/15\\\/justica-do-trabalho-deve-julgar-caso-sobre-condicoes-de-trabalho-em-delegacia-no-es\\\/#breadcrumb\",\"itemListElement\":[{\"@type\":\"ListItem\",\"position\":1,\"name\":\"In\u00edcio\",\"item\":\"https:\\\/\\\/contabilidadecaxias.com.br\\\/\"},{\"@type\":\"ListItem\",\"position\":2,\"name\":\"Justi\u00e7a do Trabalho deve julgar caso sobre condi\u00e7\u00f5es de trabalho em delegacia no ES\"}]},{\"@type\":\"WebSite\",\"@id\":\"https:\\\/\\\/contabilidadecaxias.com.br\\\/#website\",\"url\":\"https:\\\/\\\/contabilidadecaxias.com.br\\\/\",\"name\":\"Contabilidade Caxias\",\"description\":\"Site especializado em Contabilidade para Caxias.\",\"potentialAction\":[{\"@type\":\"SearchAction\",\"target\":{\"@type\":\"EntryPoint\",\"urlTemplate\":\"https:\\\/\\\/contabilidadecaxias.com.br\\\/?s={search_term_string}\"},\"query-input\":{\"@type\":\"PropertyValueSpecification\",\"valueRequired\":true,\"valueName\":\"search_term_string\"}}],\"inLanguage\":\"pt-BR\"}]}<\/script>\n<!-- \/ Yoast SEO plugin. -->","yoast_head_json":{"title":"Justi\u00e7a do Trabalho deve julgar caso sobre condi\u00e7\u00f5es de trabalho em delegacia no ES - Contabilidade Caxias","robots":{"index":"index","follow":"follow","max-snippet":"max-snippet:-1","max-image-preview":"max-image-preview:large","max-video-preview":"max-video-preview:-1"},"canonical":"https:\/\/contabilidadecaxias.com.br\/index.php\/2022\/09\/15\/justica-do-trabalho-deve-julgar-caso-sobre-condicoes-de-trabalho-em-delegacia-no-es\/","og_locale":"pt_BR","og_type":"article","og_title":"Justi\u00e7a do Trabalho deve julgar caso sobre condi\u00e7\u00f5es de trabalho em delegacia no ES - Contabilidade Caxias","og_description":"As condi\u00e7\u00f5es de seguran\u00e7a, sa\u00fade e higiene de trabalho afetam tanto celetistas quanto estatut\u00e1rios Ministro Mauricio Godinho Delgado 15\/09\/22 &#8211; A Terceira Turma do Tribunal Superior do Trabalho reafirmou a compet\u00eancia da Justi\u00e7a do Trabalho para julgar uma a\u00e7\u00e3o civil p\u00fablica que visa obrigar a Secretaria de Seguran\u00e7a P\u00fablica do Estado do Esp\u00edrito Santo a [&hellip;]","og_url":"https:\/\/contabilidadecaxias.com.br\/index.php\/2022\/09\/15\/justica-do-trabalho-deve-julgar-caso-sobre-condicoes-de-trabalho-em-delegacia-no-es\/","og_site_name":"Contabilidade Caxias","article_published_time":"2022-09-15T21:10:42+00:00","twitter_card":"summary_large_image","twitter_misc":{"Est. tempo de leitura":"3 minutos"},"schema":{"@context":"https:\/\/schema.org","@graph":[{"@type":"Article","@id":"https:\/\/contabilidadecaxias.com.br\/index.php\/2022\/09\/15\/justica-do-trabalho-deve-julgar-caso-sobre-condicoes-de-trabalho-em-delegacia-no-es\/#article","isPartOf":{"@id":"https:\/\/contabilidadecaxias.com.br\/index.php\/2022\/09\/15\/justica-do-trabalho-deve-julgar-caso-sobre-condicoes-de-trabalho-em-delegacia-no-es\/"},"author":{"name":"","@id":""},"headline":"Justi\u00e7a do Trabalho deve julgar caso sobre condi\u00e7\u00f5es de trabalho em delegacia no ES","datePublished":"2022-09-15T21:10:42+00:00","mainEntityOfPage":{"@id":"https:\/\/contabilidadecaxias.com.br\/index.php\/2022\/09\/15\/justica-do-trabalho-deve-julgar-caso-sobre-condicoes-de-trabalho-em-delegacia-no-es\/"},"wordCount":588,"commentCount":0,"image":{"@id":"https:\/\/contabilidadecaxias.com.br\/index.php\/2022\/09\/15\/justica-do-trabalho-deve-julgar-caso-sobre-condicoes-de-trabalho-em-delegacia-no-es\/#primaryimage"},"thumbnailUrl":"https:\/\/contabilidadecaxias.com.br\/wp-content\/uploads\/2022\/09\/264a84a8-8aeb-1e87-971a-cbce49a31777-IyiL7R.jpeg","articleSection":["Educa\u00e7\u00e3o Financeira"],"inLanguage":"pt-BR","potentialAction":[{"@type":"CommentAction","name":"Comment","target":["https:\/\/contabilidadecaxias.com.br\/index.php\/2022\/09\/15\/justica-do-trabalho-deve-julgar-caso-sobre-condicoes-de-trabalho-em-delegacia-no-es\/#respond"]}]},{"@type":"WebPage","@id":"https:\/\/contabilidadecaxias.com.br\/index.php\/2022\/09\/15\/justica-do-trabalho-deve-julgar-caso-sobre-condicoes-de-trabalho-em-delegacia-no-es\/","url":"https:\/\/contabilidadecaxias.com.br\/index.php\/2022\/09\/15\/justica-do-trabalho-deve-julgar-caso-sobre-condicoes-de-trabalho-em-delegacia-no-es\/","name":"Justi\u00e7a do Trabalho deve julgar caso sobre condi\u00e7\u00f5es de trabalho em delegacia no ES - Contabilidade Caxias","isPartOf":{"@id":"https:\/\/contabilidadecaxias.com.br\/#website"},"primaryImageOfPage":{"@id":"https:\/\/contabilidadecaxias.com.br\/index.php\/2022\/09\/15\/justica-do-trabalho-deve-julgar-caso-sobre-condicoes-de-trabalho-em-delegacia-no-es\/#primaryimage"},"image":{"@id":"https:\/\/contabilidadecaxias.com.br\/index.php\/2022\/09\/15\/justica-do-trabalho-deve-julgar-caso-sobre-condicoes-de-trabalho-em-delegacia-no-es\/#primaryimage"},"thumbnailUrl":"https:\/\/contabilidadecaxias.com.br\/wp-content\/uploads\/2022\/09\/264a84a8-8aeb-1e87-971a-cbce49a31777-IyiL7R.jpeg","datePublished":"2022-09-15T21:10:42+00:00","author":{"@id":""},"breadcrumb":{"@id":"https:\/\/contabilidadecaxias.com.br\/index.php\/2022\/09\/15\/justica-do-trabalho-deve-julgar-caso-sobre-condicoes-de-trabalho-em-delegacia-no-es\/#breadcrumb"},"inLanguage":"pt-BR","potentialAction":[{"@type":"ReadAction","target":["https:\/\/contabilidadecaxias.com.br\/index.php\/2022\/09\/15\/justica-do-trabalho-deve-julgar-caso-sobre-condicoes-de-trabalho-em-delegacia-no-es\/"]}]},{"@type":"ImageObject","inLanguage":"pt-BR","@id":"https:\/\/contabilidadecaxias.com.br\/index.php\/2022\/09\/15\/justica-do-trabalho-deve-julgar-caso-sobre-condicoes-de-trabalho-em-delegacia-no-es\/#primaryimage","url":"https:\/\/contabilidadecaxias.com.br\/wp-content\/uploads\/2022\/09\/264a84a8-8aeb-1e87-971a-cbce49a31777-IyiL7R.jpeg","contentUrl":"https:\/\/contabilidadecaxias.com.br\/wp-content\/uploads\/2022\/09\/264a84a8-8aeb-1e87-971a-cbce49a31777-IyiL7R.jpeg","width":1280,"height":853},{"@type":"BreadcrumbList","@id":"https:\/\/contabilidadecaxias.com.br\/index.php\/2022\/09\/15\/justica-do-trabalho-deve-julgar-caso-sobre-condicoes-de-trabalho-em-delegacia-no-es\/#breadcrumb","itemListElement":[{"@type":"ListItem","position":1,"name":"In\u00edcio","item":"https:\/\/contabilidadecaxias.com.br\/"},{"@type":"ListItem","position":2,"name":"Justi\u00e7a do Trabalho deve julgar caso sobre condi\u00e7\u00f5es de trabalho em delegacia no ES"}]},{"@type":"WebSite","@id":"https:\/\/contabilidadecaxias.com.br\/#website","url":"https:\/\/contabilidadecaxias.com.br\/","name":"Contabilidade Caxias","description":"Site especializado em Contabilidade para Caxias.","potentialAction":[{"@type":"SearchAction","target":{"@type":"EntryPoint","urlTemplate":"https:\/\/contabilidadecaxias.com.br\/?s={search_term_string}"},"query-input":{"@type":"PropertyValueSpecification","valueRequired":true,"valueName":"search_term_string"}}],"inLanguage":"pt-BR"}]}},"_links":{"self":[{"href":"https:\/\/contabilidadecaxias.com.br\/index.php\/wp-json\/wp\/v2\/posts\/14152","targetHints":{"allow":["GET"]}}],"collection":[{"href":"https:\/\/contabilidadecaxias.com.br\/index.php\/wp-json\/wp\/v2\/posts"}],"about":[{"href":"https:\/\/contabilidadecaxias.com.br\/index.php\/wp-json\/wp\/v2\/types\/post"}],"replies":[{"embeddable":true,"href":"https:\/\/contabilidadecaxias.com.br\/index.php\/wp-json\/wp\/v2\/comments?post=14152"}],"version-history":[{"count":0,"href":"https:\/\/contabilidadecaxias.com.br\/index.php\/wp-json\/wp\/v2\/posts\/14152\/revisions"}],"wp:featuredmedia":[{"embeddable":true,"href":"https:\/\/contabilidadecaxias.com.br\/index.php\/wp-json\/wp\/v2\/media\/14153"}],"wp:attachment":[{"href":"https:\/\/contabilidadecaxias.com.br\/index.php\/wp-json\/wp\/v2\/media?parent=14152"}],"wp:term":[{"taxonomy":"category","embeddable":true,"href":"https:\/\/contabilidadecaxias.com.br\/index.php\/wp-json\/wp\/v2\/categories?post=14152"},{"taxonomy":"post_tag","embeddable":true,"href":"https:\/\/contabilidadecaxias.com.br\/index.php\/wp-json\/wp\/v2\/tags?post=14152"}],"curies":[{"name":"wp","href":"https:\/\/api.w.org\/{rel}","templated":true}]}}