{"id":13940,"date":"2022-09-02T10:25:07","date_gmt":"2022-09-02T13:25:07","guid":{"rendered":"https:\/\/contabilidadecaxias.com.br\/index.php\/2022\/09\/02\/acao-por-perdas-na-aposentadoria-de-analista-sera-julgada-pela-justica-do-trabalho\/"},"modified":"2022-09-02T10:25:07","modified_gmt":"2022-09-02T13:25:07","slug":"acao-por-perdas-na-aposentadoria-de-analista-sera-julgada-pela-justica-do-trabalho","status":"publish","type":"post","link":"https:\/\/contabilidadecaxias.com.br\/index.php\/2022\/09\/02\/acao-por-perdas-na-aposentadoria-de-analista-sera-julgada-pela-justica-do-trabalho\/","title":{"rendered":"A\u00e7\u00e3o por perdas na aposentadoria de analista ser\u00e1 julgada pela Justi\u00e7a do Trabalho"},"content":{"rendered":"<div class=\"noticia-wrapper\">\n<p><em><\/p>\n<p>Segundo a 3\u00aa Turma, os preju\u00edzos na complementa\u00e7\u00e3o de aposentadoria decorrem de ato il\u00edcito da empresa<\/p>\n<p><\/em><\/p>\n<div class=\"social-media-share mobile\">\n        <a class=\"share-facebook\" href=\"https:\/\/www.facebook.com\/sharer.php?u=https:\/\/www.tst.jus.br\/-\/a%C3%A7%C3%A3o-por-perdas-na-aposentadoria-de-analista-ser%C3%A1-julgada-pela-justi%C3%A7a-do-trabalho\" target=\"_blank\" rel=\"noopener\"><\/a><br \/>\n        <a class=\"share-twitter\" href=\"https:\/\/twitter.com\/intent\/tweet?text=A%C3%A7%C3%A3o%20por%20perdas%20na%20aposentadoria%20de%20analista%20ser%C3%A1%20julgada%20pela%20Justi%C3%A7a%20do%20Trabalho%0AVeja%20mais%20em:&amp;url=https:\/\/www.tst.jus.br\/-\/a%C3%A7%C3%A3o-por-perdas-na-aposentadoria-de-analista-ser%C3%A1-julgada-pela-justi%C3%A7a-do-trabalho\" target=\"_blank\" rel=\"noopener\"><\/a><br \/>\n        <a class=\"share-linkedin\" href=\"https:\/\/www.linkedin.com\/shareArticle?mini=true&amp;url=https:\/\/www.tst.jus.br\/-\/a%C3%A7%C3%A3o-por-perdas-na-aposentadoria-de-analista-ser%C3%A1-julgada-pela-justi%C3%A7a-do-trabalho&amp;title=A%C3%A7%C3%A3o%20por%20perdas%20na%20aposentadoria%20de%20analista%20ser%C3%A1%20julgada%20pela%20Justi%C3%A7a%20do%20Trabalho\" target=\"_blank\" rel=\"noopener\"><\/a><br \/>\n        <a class=\"share-whatsapp\" href=\"https:\/\/web.whatsapp.com\/send?text=https:\/\/www.tst.jus.br\/-\/a%C3%A7%C3%A3o-por-perdas-na-aposentadoria-de-analista-ser%C3%A1-julgada-pela-justi%C3%A7a-do-trabalho\" target=\"_blank\" rel=\"noopener\"><\/a><br \/>\n        <a class=\"share-googleplus\" href=\"https:\/\/plus.google.com\/share?url=https:\/\/www.tst.jus.br\/-\/a%C3%A7%C3%A3o-por-perdas-na-aposentadoria-de-analista-ser%C3%A1-julgada-pela-justi%C3%A7a-do-trabalho\" target=\"_blank\" rel=\"noopener\"><\/a>\n    <\/div>\n<div class=\"news-body\">\n<div class=\"imagem-da-noticia\">\n<p>Ministro Mauricio Godinho Delgado<\/p>\n<div class=\"social-media-share\">\n                    <a class=\"share-facebook\" href=\"https:\/\/www.facebook.com\/sharer.php?u=https:\/\/www.tst.jus.br\/-\/a%C3%A7%C3%A3o-por-perdas-na-aposentadoria-de-analista-ser%C3%A1-julgada-pela-justi%C3%A7a-do-trabalho\" target=\"_blank\" rel=\"noopener\"><\/a><br \/>\n                    <a class=\"share-twitter\" href=\"https:\/\/twitter.com\/intent\/tweet?text=A%C3%A7%C3%A3o%20por%20perdas%20na%20aposentadoria%20de%20analista%20ser%C3%A1%20julgada%20pela%20Justi%C3%A7a%20do%20Trabalho%0AVeja%20mais%20em:&amp;url=https:\/\/www.tst.jus.br\/-\/a%C3%A7%C3%A3o-por-perdas-na-aposentadoria-de-analista-ser%C3%A1-julgada-pela-justi%C3%A7a-do-trabalho\" target=\"_blank\" rel=\"noopener\"><\/a><br \/>\n                    <a class=\"share-linkedin\" href=\"https:\/\/www.linkedin.com\/shareArticle?mini=true&amp;url=https:\/\/www.tst.jus.br\/-\/a%C3%A7%C3%A3o-por-perdas-na-aposentadoria-de-analista-ser%C3%A1-julgada-pela-justi%C3%A7a-do-trabalho&amp;title=A%C3%A7%C3%A3o%20por%20perdas%20na%20aposentadoria%20de%20analista%20ser%C3%A1%20julgada%20pela%20Justi%C3%A7a%20do%20Trabalho\" target=\"_blank\" rel=\"noopener\"><\/a><br \/>\n                    <a class=\"share-whatsapp\" href=\"https:\/\/web.whatsapp.com\/send?text=https:\/\/www.tst.jus.br\/-\/a%C3%A7%C3%A3o-por-perdas-na-aposentadoria-de-analista-ser%C3%A1-julgada-pela-justi%C3%A7a-do-trabalho\" target=\"_blank\" rel=\"noopener\"><\/a><br \/>\n                    <a class=\"share-googleplus\" href=\"https:\/\/plus.google.com\/share?url=https:\/\/www.tst.jus.br\/-\/a%C3%A7%C3%A3o-por-perdas-na-aposentadoria-de-analista-ser%C3%A1-julgada-pela-justi%C3%A7a-do-trabalho\" target=\"_blank\" rel=\"noopener\"><\/a>\n                <\/div>\n<\/p><\/div>\n<div class=\"materia\">\n<p>02\/09\/22 &#8211;\u00a0A Terceira Turma do Tribunal Superior do Trabalho decidiu que a Justi\u00e7a do Trabalho \u00e9 competente para processar e julgar pedido de repara\u00e7\u00e3o dos preju\u00edzos sofridos por uma analista de suporte da IBM Brasil &#8211; Ind\u00fastria de M\u00e1quinas e Equipamentos Ltda. relativos \u00e0 complementa\u00e7\u00e3o de aposentadoria. Segundo o colegiado, o dano decorre de ato il\u00edcito da empregada que resultou no recebimento de valor inferior ao que seria devido.<\/p>\n<h4>Altera\u00e7\u00e3o contratual lesiva<\/h4>\n<p>A analista de suporte de sistemas, que entrou para a IBM em junho de 1974, teve o contrato de trabalho rescindido formalmente em julho de 1994. Segundo seu relato, no dia seguinte \u00e0 rescis\u00e3o, foi admitida, com sal\u00e1rio menor, pela GSI Servi\u00e7os de Inform\u00e1tica, controlada e administrada pela IBM. Em 1999, retornou aos quadros da IBM at\u00e9 o desligamento definitivo, em mar\u00e7o de 2013.\u00a0<\/p>\n<p>Ela sustentava, na reclama\u00e7\u00e3o trabalhista, que a altera\u00e7\u00e3o contratual havia suprimido direitos conquistados ao longo de anos de contrato de trabalho para a IBM antes de 1994. Al\u00e9m de pedir a declara\u00e7\u00e3o de unicidade contratual e diferen\u00e7as salariais a partir de agosto de 1994, requereu, tamb\u00e9m, indeniza\u00e7\u00e3o por dano material relativo aos direitos de aposentadoria complementar.<\/p>\n<h4>Perdas na complementa\u00e7\u00e3o\u00a0<\/h4>\n<p>De acordo com seu argumento, em 1996, o regulamento de complementa\u00e7\u00e3o de aposentadoria da Funda\u00e7\u00e3o IBM fora alterado, com a cria\u00e7\u00e3o de um novo plano de benef\u00edcios e aportes da IBM com base no tempo de servi\u00e7o na companhia. O percentual pago por cada empresa sobre a contribui\u00e7\u00e3o volunt\u00e1ria da empregada era de 50% na GSI e de 70% na IBM. Al\u00e9m disso, pessoas com 10 anos ou mais de servi\u00e7os em 1996 tinham direito a um b\u00f4nus extra de 10% com base no tempo de servi\u00e7o, mas somente para a IBM.<\/p>\n<h4>Previd\u00eancia complementar<\/h4>\n<p>O Tribunal Regional do Trabalho da 15\u00aa Regi\u00e3o (Campinas\/SP) manteve a senten\u00e7a que reconheceu a unicidade contratual. Por\u00e9m, quanto ao pedido de indeniza\u00e7\u00e3o por danos materiais correspondentes \u00e0s diferen\u00e7as das contribui\u00e7\u00f5es, entendeu que a compet\u00eancia para julgar a quest\u00e3o n\u00e3o era da Justi\u00e7a do Trabalho, porque a an\u00e1lise da mat\u00e9ria envolveria, necessariamente, as regras do plano de previd\u00eancia complementar da empresa, cuja compet\u00eancia \u00e9 da Justi\u00e7a Comum.<\/p>\n<h4>Ato il\u00edcito\u00a0<\/h4>\n<p>Para o relator do recurso de revista da analista, ministro Mauricio Godinho Delgado, a demanda n\u00e3o est\u00e1 inserida no entendimento do Supremo Tribunal Federal (STF) sobre a compet\u00eancia da Justi\u00e7a Comum para pedidos referentes \u00e0 complementa\u00e7\u00e3o de aposentadoria, pois n\u00e3o h\u00e1 discuss\u00e3o em torno da responsabilidade da entidade de previd\u00eancia privada (Funda\u00e7\u00e3o IBM). No caso, trata-se de preju\u00edzos decorrentes de altera\u00e7\u00f5es il\u00edcitas no contrato de trabalho.<\/p>\n<p>O ministro assinalou, ainda, que o Superior Tribunal de Justi\u00e7a (STJ), no julgamento de recursos especiais repetitivos, reafirmou entendimento de que \u00e9 da compet\u00eancia da Justi\u00e7a do Trabalho julgar a\u00e7\u00f5es que envolvam pedido de repara\u00e7\u00e3o de preju\u00edzos causados ao trabalhador, em raz\u00e3o de ato il\u00edcito do empregador.<\/p>\n<p>A decis\u00e3o foi un\u00e2nime. O processo, agora, retornar\u00e1 \u00e0 Vara do Trabalho de Hortol\u00e2ndia (SP) a fim de que prossiga o julgamento da a\u00e7\u00e3o.<\/p>\n<p>(LT\/CF)<\/p>\n<p>Processo: <a href=\"https:\/\/consultaprocessual.tst.jus.br\/consultaProcessual\/consultaTstNumUnica.do;jsessionid=5XuC1GWTlDfu01eF7b9VpQshF27hENdS3TKxRs9m.consultaprocessual-19-f6wm4?conscsjt=&amp;numeroTst=11213&amp;digitoTst=68&amp;anoTst=2015&amp;orgaoTst=5&amp;tribunalTst=&amp;varaTst=&amp;consulta=Consultar\" target=\"_blank\" rel=\"noopener\">ARR-11213-68.2015.5.15.0152<\/a><\/p>\n<p><em>Esta mat\u00e9ria tem cunho meramente informativo.<br \/>\nPermitida a reprodu\u00e7\u00e3o mediante cita\u00e7\u00e3o da fonte.<br \/>\nSecretaria de Comunica\u00e7\u00e3o Social<br \/>\n<a href=\"https:\/\/www.tst.jus.br\/\" target=\"_blank\" rel=\"noopener\">Tribunal Superior do Trabalho<\/a><br \/>\nTel. (61) 3043-4907\u00a0<br \/>\n<a href=\"mailto:secom@tst.jus.br\" target=\"\" rel=\"noopener\">secom@tst.jus.br<\/a><\/em><\/p>\n<\/div><\/div>\n<\/div>\n","protected":false},"excerpt":{"rendered":"<p>Segundo a 3\u00aa Turma, os preju\u00edzos na complementa\u00e7\u00e3o de aposentadoria decorrem de ato il\u00edcito da empresa Ministro Mauricio Godinho Delgado 02\/09\/22 &#8211;\u00a0A Terceira Turma do Tribunal Superior do Trabalho decidiu que a Justi\u00e7a do Trabalho \u00e9 competente para processar e julgar pedido de repara\u00e7\u00e3o dos preju\u00edzos sofridos por uma analista de suporte da IBM Brasil [&hellip;]<\/p>\n","protected":false},"author":0,"featured_media":13941,"comment_status":"open","ping_status":"","sticky":false,"template":"","format":"standard","meta":{"footnotes":""},"categories":[5],"tags":[],"class_list":["post-13940","post","type-post","status-publish","format-standard","has-post-thumbnail","hentry","category-noticias-educacao-financeira"],"blocksy_meta":{"styles_descriptor":{"styles":{"desktop":"","tablet":"","mobile":""},"google_fonts":[],"version":6}},"yoast_head":"<!-- This site is optimized with the Yoast SEO plugin v27.4 - https:\/\/yoast.com\/product\/yoast-seo-wordpress\/ -->\n<title>A\u00e7\u00e3o por perdas na aposentadoria de analista ser\u00e1 julgada pela Justi\u00e7a do Trabalho - Contabilidade Caxias<\/title>\n<meta name=\"robots\" content=\"index, follow, max-snippet:-1, max-image-preview:large, max-video-preview:-1\" \/>\n<link rel=\"canonical\" href=\"https:\/\/contabilidadecaxias.com.br\/index.php\/2022\/09\/02\/acao-por-perdas-na-aposentadoria-de-analista-sera-julgada-pela-justica-do-trabalho\/\" \/>\n<meta property=\"og:locale\" content=\"pt_BR\" \/>\n<meta property=\"og:type\" content=\"article\" \/>\n<meta property=\"og:title\" content=\"A\u00e7\u00e3o por perdas na aposentadoria de analista ser\u00e1 julgada pela Justi\u00e7a do Trabalho - Contabilidade Caxias\" \/>\n<meta property=\"og:description\" content=\"Segundo a 3\u00aa Turma, os preju\u00edzos na complementa\u00e7\u00e3o de aposentadoria decorrem de ato il\u00edcito da empresa Ministro Mauricio Godinho Delgado 02\/09\/22 &#8211;\u00a0A Terceira Turma do Tribunal Superior do Trabalho decidiu que a Justi\u00e7a do Trabalho \u00e9 competente para processar e julgar pedido de repara\u00e7\u00e3o dos preju\u00edzos sofridos por uma analista de suporte da IBM Brasil [&hellip;]\" \/>\n<meta property=\"og:url\" content=\"https:\/\/contabilidadecaxias.com.br\/index.php\/2022\/09\/02\/acao-por-perdas-na-aposentadoria-de-analista-sera-julgada-pela-justica-do-trabalho\/\" \/>\n<meta property=\"og:site_name\" content=\"Contabilidade Caxias\" \/>\n<meta property=\"article:published_time\" content=\"2022-09-02T13:25:07+00:00\" \/>\n<meta name=\"twitter:card\" content=\"summary_large_image\" \/>\n<meta name=\"twitter:label1\" content=\"Est. tempo de leitura\" \/>\n\t<meta name=\"twitter:data1\" content=\"3 minutos\" \/>\n<script type=\"application\/ld+json\" class=\"yoast-schema-graph\">{\"@context\":\"https:\\\/\\\/schema.org\",\"@graph\":[{\"@type\":\"Article\",\"@id\":\"https:\\\/\\\/contabilidadecaxias.com.br\\\/index.php\\\/2022\\\/09\\\/02\\\/acao-por-perdas-na-aposentadoria-de-analista-sera-julgada-pela-justica-do-trabalho\\\/#article\",\"isPartOf\":{\"@id\":\"https:\\\/\\\/contabilidadecaxias.com.br\\\/index.php\\\/2022\\\/09\\\/02\\\/acao-por-perdas-na-aposentadoria-de-analista-sera-julgada-pela-justica-do-trabalho\\\/\"},\"author\":{\"name\":\"\",\"@id\":\"\"},\"headline\":\"A\u00e7\u00e3o por perdas na aposentadoria de analista ser\u00e1 julgada pela Justi\u00e7a do Trabalho\",\"datePublished\":\"2022-09-02T13:25:07+00:00\",\"mainEntityOfPage\":{\"@id\":\"https:\\\/\\\/contabilidadecaxias.com.br\\\/index.php\\\/2022\\\/09\\\/02\\\/acao-por-perdas-na-aposentadoria-de-analista-sera-julgada-pela-justica-do-trabalho\\\/\"},\"wordCount\":621,\"commentCount\":0,\"image\":{\"@id\":\"https:\\\/\\\/contabilidadecaxias.com.br\\\/index.php\\\/2022\\\/09\\\/02\\\/acao-por-perdas-na-aposentadoria-de-analista-sera-julgada-pela-justica-do-trabalho\\\/#primaryimage\"},\"thumbnailUrl\":\"https:\\\/\\\/contabilidadecaxias.com.br\\\/wp-content\\\/uploads\\\/2022\\\/09\\\/61670920-9bab-3580-36b2-4e46938fcbe7-oGYr0Z.jpeg\",\"articleSection\":[\"Educa\u00e7\u00e3o Financeira\"],\"inLanguage\":\"pt-BR\",\"potentialAction\":[{\"@type\":\"CommentAction\",\"name\":\"Comment\",\"target\":[\"https:\\\/\\\/contabilidadecaxias.com.br\\\/index.php\\\/2022\\\/09\\\/02\\\/acao-por-perdas-na-aposentadoria-de-analista-sera-julgada-pela-justica-do-trabalho\\\/#respond\"]}]},{\"@type\":\"WebPage\",\"@id\":\"https:\\\/\\\/contabilidadecaxias.com.br\\\/index.php\\\/2022\\\/09\\\/02\\\/acao-por-perdas-na-aposentadoria-de-analista-sera-julgada-pela-justica-do-trabalho\\\/\",\"url\":\"https:\\\/\\\/contabilidadecaxias.com.br\\\/index.php\\\/2022\\\/09\\\/02\\\/acao-por-perdas-na-aposentadoria-de-analista-sera-julgada-pela-justica-do-trabalho\\\/\",\"name\":\"A\u00e7\u00e3o por perdas na aposentadoria de analista ser\u00e1 julgada pela Justi\u00e7a do Trabalho - Contabilidade Caxias\",\"isPartOf\":{\"@id\":\"https:\\\/\\\/contabilidadecaxias.com.br\\\/#website\"},\"primaryImageOfPage\":{\"@id\":\"https:\\\/\\\/contabilidadecaxias.com.br\\\/index.php\\\/2022\\\/09\\\/02\\\/acao-por-perdas-na-aposentadoria-de-analista-sera-julgada-pela-justica-do-trabalho\\\/#primaryimage\"},\"image\":{\"@id\":\"https:\\\/\\\/contabilidadecaxias.com.br\\\/index.php\\\/2022\\\/09\\\/02\\\/acao-por-perdas-na-aposentadoria-de-analista-sera-julgada-pela-justica-do-trabalho\\\/#primaryimage\"},\"thumbnailUrl\":\"https:\\\/\\\/contabilidadecaxias.com.br\\\/wp-content\\\/uploads\\\/2022\\\/09\\\/61670920-9bab-3580-36b2-4e46938fcbe7-oGYr0Z.jpeg\",\"datePublished\":\"2022-09-02T13:25:07+00:00\",\"author\":{\"@id\":\"\"},\"breadcrumb\":{\"@id\":\"https:\\\/\\\/contabilidadecaxias.com.br\\\/index.php\\\/2022\\\/09\\\/02\\\/acao-por-perdas-na-aposentadoria-de-analista-sera-julgada-pela-justica-do-trabalho\\\/#breadcrumb\"},\"inLanguage\":\"pt-BR\",\"potentialAction\":[{\"@type\":\"ReadAction\",\"target\":[\"https:\\\/\\\/contabilidadecaxias.com.br\\\/index.php\\\/2022\\\/09\\\/02\\\/acao-por-perdas-na-aposentadoria-de-analista-sera-julgada-pela-justica-do-trabalho\\\/\"]}]},{\"@type\":\"ImageObject\",\"inLanguage\":\"pt-BR\",\"@id\":\"https:\\\/\\\/contabilidadecaxias.com.br\\\/index.php\\\/2022\\\/09\\\/02\\\/acao-por-perdas-na-aposentadoria-de-analista-sera-julgada-pela-justica-do-trabalho\\\/#primaryimage\",\"url\":\"https:\\\/\\\/contabilidadecaxias.com.br\\\/wp-content\\\/uploads\\\/2022\\\/09\\\/61670920-9bab-3580-36b2-4e46938fcbe7-oGYr0Z.jpeg\",\"contentUrl\":\"https:\\\/\\\/contabilidadecaxias.com.br\\\/wp-content\\\/uploads\\\/2022\\\/09\\\/61670920-9bab-3580-36b2-4e46938fcbe7-oGYr0Z.jpeg\",\"width\":1200,\"height\":789},{\"@type\":\"BreadcrumbList\",\"@id\":\"https:\\\/\\\/contabilidadecaxias.com.br\\\/index.php\\\/2022\\\/09\\\/02\\\/acao-por-perdas-na-aposentadoria-de-analista-sera-julgada-pela-justica-do-trabalho\\\/#breadcrumb\",\"itemListElement\":[{\"@type\":\"ListItem\",\"position\":1,\"name\":\"In\u00edcio\",\"item\":\"https:\\\/\\\/contabilidadecaxias.com.br\\\/\"},{\"@type\":\"ListItem\",\"position\":2,\"name\":\"A\u00e7\u00e3o por perdas na aposentadoria de analista ser\u00e1 julgada pela Justi\u00e7a do Trabalho\"}]},{\"@type\":\"WebSite\",\"@id\":\"https:\\\/\\\/contabilidadecaxias.com.br\\\/#website\",\"url\":\"https:\\\/\\\/contabilidadecaxias.com.br\\\/\",\"name\":\"Contabilidade Caxias\",\"description\":\"Site especializado em Contabilidade para Caxias.\",\"potentialAction\":[{\"@type\":\"SearchAction\",\"target\":{\"@type\":\"EntryPoint\",\"urlTemplate\":\"https:\\\/\\\/contabilidadecaxias.com.br\\\/?s={search_term_string}\"},\"query-input\":{\"@type\":\"PropertyValueSpecification\",\"valueRequired\":true,\"valueName\":\"search_term_string\"}}],\"inLanguage\":\"pt-BR\"}]}<\/script>\n<!-- \/ Yoast SEO plugin. -->","yoast_head_json":{"title":"A\u00e7\u00e3o por perdas na aposentadoria de analista ser\u00e1 julgada pela Justi\u00e7a do Trabalho - Contabilidade Caxias","robots":{"index":"index","follow":"follow","max-snippet":"max-snippet:-1","max-image-preview":"max-image-preview:large","max-video-preview":"max-video-preview:-1"},"canonical":"https:\/\/contabilidadecaxias.com.br\/index.php\/2022\/09\/02\/acao-por-perdas-na-aposentadoria-de-analista-sera-julgada-pela-justica-do-trabalho\/","og_locale":"pt_BR","og_type":"article","og_title":"A\u00e7\u00e3o por perdas na aposentadoria de analista ser\u00e1 julgada pela Justi\u00e7a do Trabalho - Contabilidade Caxias","og_description":"Segundo a 3\u00aa Turma, os preju\u00edzos na complementa\u00e7\u00e3o de aposentadoria decorrem de ato il\u00edcito da empresa Ministro Mauricio Godinho Delgado 02\/09\/22 &#8211;\u00a0A Terceira Turma do Tribunal Superior do Trabalho decidiu que a Justi\u00e7a do Trabalho \u00e9 competente para processar e julgar pedido de repara\u00e7\u00e3o dos preju\u00edzos sofridos por uma analista de suporte da IBM Brasil [&hellip;]","og_url":"https:\/\/contabilidadecaxias.com.br\/index.php\/2022\/09\/02\/acao-por-perdas-na-aposentadoria-de-analista-sera-julgada-pela-justica-do-trabalho\/","og_site_name":"Contabilidade Caxias","article_published_time":"2022-09-02T13:25:07+00:00","twitter_card":"summary_large_image","twitter_misc":{"Est. tempo de leitura":"3 minutos"},"schema":{"@context":"https:\/\/schema.org","@graph":[{"@type":"Article","@id":"https:\/\/contabilidadecaxias.com.br\/index.php\/2022\/09\/02\/acao-por-perdas-na-aposentadoria-de-analista-sera-julgada-pela-justica-do-trabalho\/#article","isPartOf":{"@id":"https:\/\/contabilidadecaxias.com.br\/index.php\/2022\/09\/02\/acao-por-perdas-na-aposentadoria-de-analista-sera-julgada-pela-justica-do-trabalho\/"},"author":{"name":"","@id":""},"headline":"A\u00e7\u00e3o por perdas na aposentadoria de analista ser\u00e1 julgada pela Justi\u00e7a do Trabalho","datePublished":"2022-09-02T13:25:07+00:00","mainEntityOfPage":{"@id":"https:\/\/contabilidadecaxias.com.br\/index.php\/2022\/09\/02\/acao-por-perdas-na-aposentadoria-de-analista-sera-julgada-pela-justica-do-trabalho\/"},"wordCount":621,"commentCount":0,"image":{"@id":"https:\/\/contabilidadecaxias.com.br\/index.php\/2022\/09\/02\/acao-por-perdas-na-aposentadoria-de-analista-sera-julgada-pela-justica-do-trabalho\/#primaryimage"},"thumbnailUrl":"https:\/\/contabilidadecaxias.com.br\/wp-content\/uploads\/2022\/09\/61670920-9bab-3580-36b2-4e46938fcbe7-oGYr0Z.jpeg","articleSection":["Educa\u00e7\u00e3o Financeira"],"inLanguage":"pt-BR","potentialAction":[{"@type":"CommentAction","name":"Comment","target":["https:\/\/contabilidadecaxias.com.br\/index.php\/2022\/09\/02\/acao-por-perdas-na-aposentadoria-de-analista-sera-julgada-pela-justica-do-trabalho\/#respond"]}]},{"@type":"WebPage","@id":"https:\/\/contabilidadecaxias.com.br\/index.php\/2022\/09\/02\/acao-por-perdas-na-aposentadoria-de-analista-sera-julgada-pela-justica-do-trabalho\/","url":"https:\/\/contabilidadecaxias.com.br\/index.php\/2022\/09\/02\/acao-por-perdas-na-aposentadoria-de-analista-sera-julgada-pela-justica-do-trabalho\/","name":"A\u00e7\u00e3o por perdas na aposentadoria de analista ser\u00e1 julgada pela Justi\u00e7a do Trabalho - Contabilidade Caxias","isPartOf":{"@id":"https:\/\/contabilidadecaxias.com.br\/#website"},"primaryImageOfPage":{"@id":"https:\/\/contabilidadecaxias.com.br\/index.php\/2022\/09\/02\/acao-por-perdas-na-aposentadoria-de-analista-sera-julgada-pela-justica-do-trabalho\/#primaryimage"},"image":{"@id":"https:\/\/contabilidadecaxias.com.br\/index.php\/2022\/09\/02\/acao-por-perdas-na-aposentadoria-de-analista-sera-julgada-pela-justica-do-trabalho\/#primaryimage"},"thumbnailUrl":"https:\/\/contabilidadecaxias.com.br\/wp-content\/uploads\/2022\/09\/61670920-9bab-3580-36b2-4e46938fcbe7-oGYr0Z.jpeg","datePublished":"2022-09-02T13:25:07+00:00","author":{"@id":""},"breadcrumb":{"@id":"https:\/\/contabilidadecaxias.com.br\/index.php\/2022\/09\/02\/acao-por-perdas-na-aposentadoria-de-analista-sera-julgada-pela-justica-do-trabalho\/#breadcrumb"},"inLanguage":"pt-BR","potentialAction":[{"@type":"ReadAction","target":["https:\/\/contabilidadecaxias.com.br\/index.php\/2022\/09\/02\/acao-por-perdas-na-aposentadoria-de-analista-sera-julgada-pela-justica-do-trabalho\/"]}]},{"@type":"ImageObject","inLanguage":"pt-BR","@id":"https:\/\/contabilidadecaxias.com.br\/index.php\/2022\/09\/02\/acao-por-perdas-na-aposentadoria-de-analista-sera-julgada-pela-justica-do-trabalho\/#primaryimage","url":"https:\/\/contabilidadecaxias.com.br\/wp-content\/uploads\/2022\/09\/61670920-9bab-3580-36b2-4e46938fcbe7-oGYr0Z.jpeg","contentUrl":"https:\/\/contabilidadecaxias.com.br\/wp-content\/uploads\/2022\/09\/61670920-9bab-3580-36b2-4e46938fcbe7-oGYr0Z.jpeg","width":1200,"height":789},{"@type":"BreadcrumbList","@id":"https:\/\/contabilidadecaxias.com.br\/index.php\/2022\/09\/02\/acao-por-perdas-na-aposentadoria-de-analista-sera-julgada-pela-justica-do-trabalho\/#breadcrumb","itemListElement":[{"@type":"ListItem","position":1,"name":"In\u00edcio","item":"https:\/\/contabilidadecaxias.com.br\/"},{"@type":"ListItem","position":2,"name":"A\u00e7\u00e3o por perdas na aposentadoria de analista ser\u00e1 julgada pela Justi\u00e7a do Trabalho"}]},{"@type":"WebSite","@id":"https:\/\/contabilidadecaxias.com.br\/#website","url":"https:\/\/contabilidadecaxias.com.br\/","name":"Contabilidade Caxias","description":"Site especializado em Contabilidade para Caxias.","potentialAction":[{"@type":"SearchAction","target":{"@type":"EntryPoint","urlTemplate":"https:\/\/contabilidadecaxias.com.br\/?s={search_term_string}"},"query-input":{"@type":"PropertyValueSpecification","valueRequired":true,"valueName":"search_term_string"}}],"inLanguage":"pt-BR"}]}},"_links":{"self":[{"href":"https:\/\/contabilidadecaxias.com.br\/index.php\/wp-json\/wp\/v2\/posts\/13940","targetHints":{"allow":["GET"]}}],"collection":[{"href":"https:\/\/contabilidadecaxias.com.br\/index.php\/wp-json\/wp\/v2\/posts"}],"about":[{"href":"https:\/\/contabilidadecaxias.com.br\/index.php\/wp-json\/wp\/v2\/types\/post"}],"replies":[{"embeddable":true,"href":"https:\/\/contabilidadecaxias.com.br\/index.php\/wp-json\/wp\/v2\/comments?post=13940"}],"version-history":[{"count":0,"href":"https:\/\/contabilidadecaxias.com.br\/index.php\/wp-json\/wp\/v2\/posts\/13940\/revisions"}],"wp:featuredmedia":[{"embeddable":true,"href":"https:\/\/contabilidadecaxias.com.br\/index.php\/wp-json\/wp\/v2\/media\/13941"}],"wp:attachment":[{"href":"https:\/\/contabilidadecaxias.com.br\/index.php\/wp-json\/wp\/v2\/media?parent=13940"}],"wp:term":[{"taxonomy":"category","embeddable":true,"href":"https:\/\/contabilidadecaxias.com.br\/index.php\/wp-json\/wp\/v2\/categories?post=13940"},{"taxonomy":"post_tag","embeddable":true,"href":"https:\/\/contabilidadecaxias.com.br\/index.php\/wp-json\/wp\/v2\/tags?post=13940"}],"curies":[{"name":"wp","href":"https:\/\/api.w.org\/{rel}","templated":true}]}}