{"id":13928,"date":"2022-09-01T20:09:24","date_gmt":"2022-09-01T23:09:24","guid":{"rendered":"https:\/\/contabilidadecaxias.com.br\/index.php\/2022\/09\/01\/tst-homenageia-ministro-renato-de-lacerda-paiva-em-sua-ultima-sessao-da-sdi-1\/"},"modified":"2022-09-01T20:09:24","modified_gmt":"2022-09-01T23:09:24","slug":"tst-homenageia-ministro-renato-de-lacerda-paiva-em-sua-ultima-sessao-da-sdi-1","status":"publish","type":"post","link":"https:\/\/contabilidadecaxias.com.br\/index.php\/2022\/09\/01\/tst-homenageia-ministro-renato-de-lacerda-paiva-em-sua-ultima-sessao-da-sdi-1\/","title":{"rendered":"TST homenageia ministro Renato de Lacerda Paiva em sua \u00faltima sess\u00e3o da SDI-1"},"content":{"rendered":"<div class=\"noticia-wrapper\">\n<p><em><\/p>\n<p>O ministro se despede do TST na pr\u00f3xima semana, em raz\u00e3o de sua aposentadoria<\/p>\n<p><\/em><\/p>\n<div class=\"social-media-share mobile\">\n        <a class=\"share-facebook\" href=\"https:\/\/www.facebook.com\/sharer.php?u=https:\/\/www.tst.jus.br\/-\/tst-homenageia-ministro-renato-de-lacerda-paiva-em-sua-%C3%BAltima-sess%C3%A3o-da-sdi-1\" target=\"_blank\" rel=\"noopener\"><\/a><br \/>\n        <a class=\"share-twitter\" href=\"https:\/\/twitter.com\/intent\/tweet?text=TST%20homenageia%20ministro%20Renato%20de%20Lacerda%20Paiva%20em%20sua%20%C3%BAltima%20sess%C3%A3o%20da%20SDI-1%0AVeja%20mais%20em:&amp;url=https:\/\/www.tst.jus.br\/-\/tst-homenageia-ministro-renato-de-lacerda-paiva-em-sua-%C3%BAltima-sess%C3%A3o-da-sdi-1\" target=\"_blank\" rel=\"noopener\"><\/a><br \/>\n        <a class=\"share-linkedin\" href=\"https:\/\/www.linkedin.com\/shareArticle?mini=true&amp;url=https:\/\/www.tst.jus.br\/-\/tst-homenageia-ministro-renato-de-lacerda-paiva-em-sua-%C3%BAltima-sess%C3%A3o-da-sdi-1&amp;title=TST%20homenageia%20ministro%20Renato%20de%20Lacerda%20Paiva%20em%20sua%20%C3%BAltima%20sess%C3%A3o%20da%20SDI-1\" target=\"_blank\" rel=\"noopener\"><\/a><br \/>\n        <a class=\"share-whatsapp\" href=\"https:\/\/web.whatsapp.com\/send?text=https:\/\/www.tst.jus.br\/-\/tst-homenageia-ministro-renato-de-lacerda-paiva-em-sua-%C3%BAltima-sess%C3%A3o-da-sdi-1\" target=\"_blank\" rel=\"noopener\"><\/a><br \/>\n        <a class=\"share-googleplus\" href=\"https:\/\/plus.google.com\/share?url=https:\/\/www.tst.jus.br\/-\/tst-homenageia-ministro-renato-de-lacerda-paiva-em-sua-%C3%BAltima-sess%C3%A3o-da-sdi-1\" target=\"_blank\" rel=\"noopener\"><\/a>\n    <\/div>\n<div class=\"news-body\">\n<div class=\"imagem-da-noticia\">\n<p>Ministro Renato de Lacerda Paiva<\/p>\n<div class=\"social-media-share\">\n                    <a class=\"share-facebook\" href=\"https:\/\/www.facebook.com\/sharer.php?u=https:\/\/www.tst.jus.br\/-\/tst-homenageia-ministro-renato-de-lacerda-paiva-em-sua-%C3%BAltima-sess%C3%A3o-da-sdi-1\" target=\"_blank\" rel=\"noopener\"><\/a><br \/>\n                    <a class=\"share-twitter\" href=\"https:\/\/twitter.com\/intent\/tweet?text=TST%20homenageia%20ministro%20Renato%20de%20Lacerda%20Paiva%20em%20sua%20%C3%BAltima%20sess%C3%A3o%20da%20SDI-1%0AVeja%20mais%20em:&amp;url=https:\/\/www.tst.jus.br\/-\/tst-homenageia-ministro-renato-de-lacerda-paiva-em-sua-%C3%BAltima-sess%C3%A3o-da-sdi-1\" target=\"_blank\" rel=\"noopener\"><\/a><br \/>\n                    <a class=\"share-linkedin\" href=\"https:\/\/www.linkedin.com\/shareArticle?mini=true&amp;url=https:\/\/www.tst.jus.br\/-\/tst-homenageia-ministro-renato-de-lacerda-paiva-em-sua-%C3%BAltima-sess%C3%A3o-da-sdi-1&amp;title=TST%20homenageia%20ministro%20Renato%20de%20Lacerda%20Paiva%20em%20sua%20%C3%BAltima%20sess%C3%A3o%20da%20SDI-1\" target=\"_blank\" rel=\"noopener\"><\/a><br \/>\n                    <a class=\"share-whatsapp\" href=\"https:\/\/web.whatsapp.com\/send?text=https:\/\/www.tst.jus.br\/-\/tst-homenageia-ministro-renato-de-lacerda-paiva-em-sua-%C3%BAltima-sess%C3%A3o-da-sdi-1\" target=\"_blank\" rel=\"noopener\"><\/a><br \/>\n                    <a class=\"share-googleplus\" href=\"https:\/\/plus.google.com\/share?url=https:\/\/www.tst.jus.br\/-\/tst-homenageia-ministro-renato-de-lacerda-paiva-em-sua-%C3%BAltima-sess%C3%A3o-da-sdi-1\" target=\"_blank\" rel=\"noopener\"><\/a>\n                <\/div>\n<\/p><\/div>\n<div class=\"materia\">\n<p>01\/09\/22 &#8211; O ministro Renato de Lacerda Paiva, que se aposenta no pr\u00f3ximo dia 8 do Tribunal Superior do Trabalho, foi homenageado, nesta quinta-feira (1\u00ba), ao participar de sua \u00faltima sess\u00e3o da subse\u00e7\u00e3o I Especializada em Diss\u00eddios Individuais (SDI-1). Segundo o presidente do TST, ministro Emmanoel Pereira, a trajet\u00f3ria do ministro Renato ser\u00e1 marcada por seu exemplo como cidad\u00e3o, sempre am\u00e1vel e generoso.\u00a0<\/p>\n<p>O presidente do TST elogiou o trabalho desenvolvido pelo ministro Renato em mais de 40 anos de dedica\u00e7\u00e3o \u00e0 magistratura trabalhista, destacando o brilhantismo das suas decis\u00f5es judiciais. \u201cAo longo dos anos de conviv\u00eancia conosco, ele deu mostras sobejas do que seja o bem conviver, do que seja a amizade e a busca paciente e pac\u00edfica de objetivos comuns\u201d, afirmou. \u201cVamos sentir saudades. Seja muito feliz, ministro Renato\u201d.\u00a0<\/p>\n<h4>Compet\u00eancia e cordialidade<\/h4>\n<p>A ministra vice-presidente, Dora Maria da Costa, as ministras Maria Cristina Peduzzi e Maria Helena Mallmann, al\u00e9m dos ministros Lelio Bentes Corr\u00eaa, Aloysio Corr\u00eaa da Veiga, Jos\u00e9 Roberto Pimenta, Hugo Scheuermann, Cl\u00e1udio Brand\u00e3o, Breno Medeiros e Alexandre Ramos tamb\u00e9m se associaram \u00e0s homenagens e lamentaram a perda do conv\u00edvio com o ministro Renato, considerado uma refer\u00eancia para todos e um colega cordial.<\/p>\n<p>Ainda endossaram as homenagens a subprocuradora-geral do trabalho, Edelamare Barbosa, e o advogado Fernando Abdala, presentes \u00e0 sess\u00e3o.<\/p>\n<h4>Momentos de emo\u00e7\u00e3o<\/h4>\n<p>Ao agradecer as homenagens, o ministro Renato disse que vem se preparando para essa sa\u00edda desde o in\u00edcio do ano, porque sabe que \u00e9 dif\u00edcil, depois de tantos anos, deixar a magistratura. \u201cEmbora seja um momento de intensa emo\u00e7\u00e3o, n\u00e3o \u00e9 momento de tristeza para mim, porque a vida me deu a magistratura\u201d, assinalou. \u201cSou grato \u00e0 vida por ter me dado a magistratura e sou grato \u00e0 vida por estar me tirando a magistratura, porque, se assim o faz, ela tem um prop\u00f3sito pra mim, como sempre teve na minha vida\u201d.<\/p>\n<p>O ministro Renato de Lacerda Paiva ingressou na carreira de juiz do trabalho substituto, por meio de concurso p\u00fablico, em 1981, no Tribunal Regional do Trabalho da 2\u00aa Regi\u00e3o (SP). Atuou como juiz convocado no TST em diferentes ocasi\u00f5es at\u00e9 sua nomea\u00e7\u00e3o como ministro em 15\/4\/2002. Entre os cargos que exerceu no Tribunal est\u00e3o o de presidente da Segunda Turma, corregedor-geral da Justi\u00e7a do Trabalho (2016\/2017) e vice-presidente (2018\/2020).<\/p>\n<p>(LF\/CF)<br \/>\n\u00a0<\/p>\n<\/div><\/div>\n<\/div>\n","protected":false},"excerpt":{"rendered":"<p>O ministro se despede do TST na pr\u00f3xima semana, em raz\u00e3o de sua aposentadoria Ministro Renato de Lacerda Paiva 01\/09\/22 &#8211; O ministro Renato de Lacerda Paiva, que se aposenta no pr\u00f3ximo dia 8 do Tribunal Superior do Trabalho, foi homenageado, nesta quinta-feira (1\u00ba), ao participar de sua \u00faltima sess\u00e3o da subse\u00e7\u00e3o I Especializada em [&hellip;]<\/p>\n","protected":false},"author":0,"featured_media":13929,"comment_status":"open","ping_status":"","sticky":false,"template":"","format":"standard","meta":{"footnotes":""},"categories":[5],"tags":[],"class_list":["post-13928","post","type-post","status-publish","format-standard","has-post-thumbnail","hentry","category-noticias-educacao-financeira"],"blocksy_meta":{"styles_descriptor":{"styles":{"desktop":"","tablet":"","mobile":""},"google_fonts":[],"version":6}},"yoast_head":"<!-- This site is optimized with the Yoast SEO plugin v27.4 - https:\/\/yoast.com\/product\/yoast-seo-wordpress\/ -->\n<title>TST homenageia ministro Renato de Lacerda Paiva em sua \u00faltima sess\u00e3o da SDI-1 - Contabilidade Caxias<\/title>\n<meta name=\"robots\" content=\"index, follow, max-snippet:-1, max-image-preview:large, max-video-preview:-1\" \/>\n<link rel=\"canonical\" href=\"https:\/\/contabilidadecaxias.com.br\/index.php\/2022\/09\/01\/tst-homenageia-ministro-renato-de-lacerda-paiva-em-sua-ultima-sessao-da-sdi-1\/\" \/>\n<meta property=\"og:locale\" content=\"pt_BR\" \/>\n<meta property=\"og:type\" content=\"article\" \/>\n<meta property=\"og:title\" content=\"TST homenageia ministro Renato de Lacerda Paiva em sua \u00faltima sess\u00e3o da SDI-1 - Contabilidade Caxias\" \/>\n<meta property=\"og:description\" content=\"O ministro se despede do TST na pr\u00f3xima semana, em raz\u00e3o de sua aposentadoria Ministro Renato de Lacerda Paiva 01\/09\/22 &#8211; O ministro Renato de Lacerda Paiva, que se aposenta no pr\u00f3ximo dia 8 do Tribunal Superior do Trabalho, foi homenageado, nesta quinta-feira (1\u00ba), ao participar de sua \u00faltima sess\u00e3o da subse\u00e7\u00e3o I Especializada em [&hellip;]\" \/>\n<meta property=\"og:url\" content=\"https:\/\/contabilidadecaxias.com.br\/index.php\/2022\/09\/01\/tst-homenageia-ministro-renato-de-lacerda-paiva-em-sua-ultima-sessao-da-sdi-1\/\" \/>\n<meta property=\"og:site_name\" content=\"Contabilidade Caxias\" \/>\n<meta property=\"article:published_time\" content=\"2022-09-01T23:09:24+00:00\" \/>\n<meta name=\"twitter:card\" content=\"summary_large_image\" \/>\n<meta name=\"twitter:label1\" content=\"Est. tempo de leitura\" \/>\n\t<meta name=\"twitter:data1\" content=\"2 minutos\" \/>\n<script type=\"application\/ld+json\" class=\"yoast-schema-graph\">{\"@context\":\"https:\\\/\\\/schema.org\",\"@graph\":[{\"@type\":\"Article\",\"@id\":\"https:\\\/\\\/contabilidadecaxias.com.br\\\/index.php\\\/2022\\\/09\\\/01\\\/tst-homenageia-ministro-renato-de-lacerda-paiva-em-sua-ultima-sessao-da-sdi-1\\\/#article\",\"isPartOf\":{\"@id\":\"https:\\\/\\\/contabilidadecaxias.com.br\\\/index.php\\\/2022\\\/09\\\/01\\\/tst-homenageia-ministro-renato-de-lacerda-paiva-em-sua-ultima-sessao-da-sdi-1\\\/\"},\"author\":{\"name\":\"\",\"@id\":\"\"},\"headline\":\"TST homenageia ministro Renato de Lacerda Paiva em sua \u00faltima sess\u00e3o da SDI-1\",\"datePublished\":\"2022-09-01T23:09:24+00:00\",\"mainEntityOfPage\":{\"@id\":\"https:\\\/\\\/contabilidadecaxias.com.br\\\/index.php\\\/2022\\\/09\\\/01\\\/tst-homenageia-ministro-renato-de-lacerda-paiva-em-sua-ultima-sessao-da-sdi-1\\\/\"},\"wordCount\":434,\"commentCount\":0,\"image\":{\"@id\":\"https:\\\/\\\/contabilidadecaxias.com.br\\\/index.php\\\/2022\\\/09\\\/01\\\/tst-homenageia-ministro-renato-de-lacerda-paiva-em-sua-ultima-sessao-da-sdi-1\\\/#primaryimage\"},\"thumbnailUrl\":\"https:\\\/\\\/contabilidadecaxias.com.br\\\/wp-content\\\/uploads\\\/2022\\\/09\\\/1765be7c-347c-7b2b-9804-e92d8d5cc67c-iEGBEt-scaled.jpeg\",\"articleSection\":[\"Educa\u00e7\u00e3o Financeira\"],\"inLanguage\":\"pt-BR\",\"potentialAction\":[{\"@type\":\"CommentAction\",\"name\":\"Comment\",\"target\":[\"https:\\\/\\\/contabilidadecaxias.com.br\\\/index.php\\\/2022\\\/09\\\/01\\\/tst-homenageia-ministro-renato-de-lacerda-paiva-em-sua-ultima-sessao-da-sdi-1\\\/#respond\"]}]},{\"@type\":\"WebPage\",\"@id\":\"https:\\\/\\\/contabilidadecaxias.com.br\\\/index.php\\\/2022\\\/09\\\/01\\\/tst-homenageia-ministro-renato-de-lacerda-paiva-em-sua-ultima-sessao-da-sdi-1\\\/\",\"url\":\"https:\\\/\\\/contabilidadecaxias.com.br\\\/index.php\\\/2022\\\/09\\\/01\\\/tst-homenageia-ministro-renato-de-lacerda-paiva-em-sua-ultima-sessao-da-sdi-1\\\/\",\"name\":\"TST homenageia ministro Renato de Lacerda Paiva em sua \u00faltima sess\u00e3o da SDI-1 - Contabilidade Caxias\",\"isPartOf\":{\"@id\":\"https:\\\/\\\/contabilidadecaxias.com.br\\\/#website\"},\"primaryImageOfPage\":{\"@id\":\"https:\\\/\\\/contabilidadecaxias.com.br\\\/index.php\\\/2022\\\/09\\\/01\\\/tst-homenageia-ministro-renato-de-lacerda-paiva-em-sua-ultima-sessao-da-sdi-1\\\/#primaryimage\"},\"image\":{\"@id\":\"https:\\\/\\\/contabilidadecaxias.com.br\\\/index.php\\\/2022\\\/09\\\/01\\\/tst-homenageia-ministro-renato-de-lacerda-paiva-em-sua-ultima-sessao-da-sdi-1\\\/#primaryimage\"},\"thumbnailUrl\":\"https:\\\/\\\/contabilidadecaxias.com.br\\\/wp-content\\\/uploads\\\/2022\\\/09\\\/1765be7c-347c-7b2b-9804-e92d8d5cc67c-iEGBEt-scaled.jpeg\",\"datePublished\":\"2022-09-01T23:09:24+00:00\",\"author\":{\"@id\":\"\"},\"breadcrumb\":{\"@id\":\"https:\\\/\\\/contabilidadecaxias.com.br\\\/index.php\\\/2022\\\/09\\\/01\\\/tst-homenageia-ministro-renato-de-lacerda-paiva-em-sua-ultima-sessao-da-sdi-1\\\/#breadcrumb\"},\"inLanguage\":\"pt-BR\",\"potentialAction\":[{\"@type\":\"ReadAction\",\"target\":[\"https:\\\/\\\/contabilidadecaxias.com.br\\\/index.php\\\/2022\\\/09\\\/01\\\/tst-homenageia-ministro-renato-de-lacerda-paiva-em-sua-ultima-sessao-da-sdi-1\\\/\"]}]},{\"@type\":\"ImageObject\",\"inLanguage\":\"pt-BR\",\"@id\":\"https:\\\/\\\/contabilidadecaxias.com.br\\\/index.php\\\/2022\\\/09\\\/01\\\/tst-homenageia-ministro-renato-de-lacerda-paiva-em-sua-ultima-sessao-da-sdi-1\\\/#primaryimage\",\"url\":\"https:\\\/\\\/contabilidadecaxias.com.br\\\/wp-content\\\/uploads\\\/2022\\\/09\\\/1765be7c-347c-7b2b-9804-e92d8d5cc67c-iEGBEt-scaled.jpeg\",\"contentUrl\":\"https:\\\/\\\/contabilidadecaxias.com.br\\\/wp-content\\\/uploads\\\/2022\\\/09\\\/1765be7c-347c-7b2b-9804-e92d8d5cc67c-iEGBEt-scaled.jpeg\",\"width\":2560,\"height\":1706},{\"@type\":\"BreadcrumbList\",\"@id\":\"https:\\\/\\\/contabilidadecaxias.com.br\\\/index.php\\\/2022\\\/09\\\/01\\\/tst-homenageia-ministro-renato-de-lacerda-paiva-em-sua-ultima-sessao-da-sdi-1\\\/#breadcrumb\",\"itemListElement\":[{\"@type\":\"ListItem\",\"position\":1,\"name\":\"In\u00edcio\",\"item\":\"https:\\\/\\\/contabilidadecaxias.com.br\\\/\"},{\"@type\":\"ListItem\",\"position\":2,\"name\":\"TST homenageia ministro Renato de Lacerda Paiva em sua \u00faltima sess\u00e3o da SDI-1\"}]},{\"@type\":\"WebSite\",\"@id\":\"https:\\\/\\\/contabilidadecaxias.com.br\\\/#website\",\"url\":\"https:\\\/\\\/contabilidadecaxias.com.br\\\/\",\"name\":\"Contabilidade Caxias\",\"description\":\"Site especializado em Contabilidade para Caxias.\",\"potentialAction\":[{\"@type\":\"SearchAction\",\"target\":{\"@type\":\"EntryPoint\",\"urlTemplate\":\"https:\\\/\\\/contabilidadecaxias.com.br\\\/?s={search_term_string}\"},\"query-input\":{\"@type\":\"PropertyValueSpecification\",\"valueRequired\":true,\"valueName\":\"search_term_string\"}}],\"inLanguage\":\"pt-BR\"}]}<\/script>\n<!-- \/ Yoast SEO plugin. -->","yoast_head_json":{"title":"TST homenageia ministro Renato de Lacerda Paiva em sua \u00faltima sess\u00e3o da SDI-1 - Contabilidade Caxias","robots":{"index":"index","follow":"follow","max-snippet":"max-snippet:-1","max-image-preview":"max-image-preview:large","max-video-preview":"max-video-preview:-1"},"canonical":"https:\/\/contabilidadecaxias.com.br\/index.php\/2022\/09\/01\/tst-homenageia-ministro-renato-de-lacerda-paiva-em-sua-ultima-sessao-da-sdi-1\/","og_locale":"pt_BR","og_type":"article","og_title":"TST homenageia ministro Renato de Lacerda Paiva em sua \u00faltima sess\u00e3o da SDI-1 - Contabilidade Caxias","og_description":"O ministro se despede do TST na pr\u00f3xima semana, em raz\u00e3o de sua aposentadoria Ministro Renato de Lacerda Paiva 01\/09\/22 &#8211; O ministro Renato de Lacerda Paiva, que se aposenta no pr\u00f3ximo dia 8 do Tribunal Superior do Trabalho, foi homenageado, nesta quinta-feira (1\u00ba), ao participar de sua \u00faltima sess\u00e3o da subse\u00e7\u00e3o I Especializada em [&hellip;]","og_url":"https:\/\/contabilidadecaxias.com.br\/index.php\/2022\/09\/01\/tst-homenageia-ministro-renato-de-lacerda-paiva-em-sua-ultima-sessao-da-sdi-1\/","og_site_name":"Contabilidade Caxias","article_published_time":"2022-09-01T23:09:24+00:00","twitter_card":"summary_large_image","twitter_misc":{"Est. tempo de leitura":"2 minutos"},"schema":{"@context":"https:\/\/schema.org","@graph":[{"@type":"Article","@id":"https:\/\/contabilidadecaxias.com.br\/index.php\/2022\/09\/01\/tst-homenageia-ministro-renato-de-lacerda-paiva-em-sua-ultima-sessao-da-sdi-1\/#article","isPartOf":{"@id":"https:\/\/contabilidadecaxias.com.br\/index.php\/2022\/09\/01\/tst-homenageia-ministro-renato-de-lacerda-paiva-em-sua-ultima-sessao-da-sdi-1\/"},"author":{"name":"","@id":""},"headline":"TST homenageia ministro Renato de Lacerda Paiva em sua \u00faltima sess\u00e3o da SDI-1","datePublished":"2022-09-01T23:09:24+00:00","mainEntityOfPage":{"@id":"https:\/\/contabilidadecaxias.com.br\/index.php\/2022\/09\/01\/tst-homenageia-ministro-renato-de-lacerda-paiva-em-sua-ultima-sessao-da-sdi-1\/"},"wordCount":434,"commentCount":0,"image":{"@id":"https:\/\/contabilidadecaxias.com.br\/index.php\/2022\/09\/01\/tst-homenageia-ministro-renato-de-lacerda-paiva-em-sua-ultima-sessao-da-sdi-1\/#primaryimage"},"thumbnailUrl":"https:\/\/contabilidadecaxias.com.br\/wp-content\/uploads\/2022\/09\/1765be7c-347c-7b2b-9804-e92d8d5cc67c-iEGBEt-scaled.jpeg","articleSection":["Educa\u00e7\u00e3o Financeira"],"inLanguage":"pt-BR","potentialAction":[{"@type":"CommentAction","name":"Comment","target":["https:\/\/contabilidadecaxias.com.br\/index.php\/2022\/09\/01\/tst-homenageia-ministro-renato-de-lacerda-paiva-em-sua-ultima-sessao-da-sdi-1\/#respond"]}]},{"@type":"WebPage","@id":"https:\/\/contabilidadecaxias.com.br\/index.php\/2022\/09\/01\/tst-homenageia-ministro-renato-de-lacerda-paiva-em-sua-ultima-sessao-da-sdi-1\/","url":"https:\/\/contabilidadecaxias.com.br\/index.php\/2022\/09\/01\/tst-homenageia-ministro-renato-de-lacerda-paiva-em-sua-ultima-sessao-da-sdi-1\/","name":"TST homenageia ministro Renato de Lacerda Paiva em sua \u00faltima sess\u00e3o da SDI-1 - Contabilidade Caxias","isPartOf":{"@id":"https:\/\/contabilidadecaxias.com.br\/#website"},"primaryImageOfPage":{"@id":"https:\/\/contabilidadecaxias.com.br\/index.php\/2022\/09\/01\/tst-homenageia-ministro-renato-de-lacerda-paiva-em-sua-ultima-sessao-da-sdi-1\/#primaryimage"},"image":{"@id":"https:\/\/contabilidadecaxias.com.br\/index.php\/2022\/09\/01\/tst-homenageia-ministro-renato-de-lacerda-paiva-em-sua-ultima-sessao-da-sdi-1\/#primaryimage"},"thumbnailUrl":"https:\/\/contabilidadecaxias.com.br\/wp-content\/uploads\/2022\/09\/1765be7c-347c-7b2b-9804-e92d8d5cc67c-iEGBEt-scaled.jpeg","datePublished":"2022-09-01T23:09:24+00:00","author":{"@id":""},"breadcrumb":{"@id":"https:\/\/contabilidadecaxias.com.br\/index.php\/2022\/09\/01\/tst-homenageia-ministro-renato-de-lacerda-paiva-em-sua-ultima-sessao-da-sdi-1\/#breadcrumb"},"inLanguage":"pt-BR","potentialAction":[{"@type":"ReadAction","target":["https:\/\/contabilidadecaxias.com.br\/index.php\/2022\/09\/01\/tst-homenageia-ministro-renato-de-lacerda-paiva-em-sua-ultima-sessao-da-sdi-1\/"]}]},{"@type":"ImageObject","inLanguage":"pt-BR","@id":"https:\/\/contabilidadecaxias.com.br\/index.php\/2022\/09\/01\/tst-homenageia-ministro-renato-de-lacerda-paiva-em-sua-ultima-sessao-da-sdi-1\/#primaryimage","url":"https:\/\/contabilidadecaxias.com.br\/wp-content\/uploads\/2022\/09\/1765be7c-347c-7b2b-9804-e92d8d5cc67c-iEGBEt-scaled.jpeg","contentUrl":"https:\/\/contabilidadecaxias.com.br\/wp-content\/uploads\/2022\/09\/1765be7c-347c-7b2b-9804-e92d8d5cc67c-iEGBEt-scaled.jpeg","width":2560,"height":1706},{"@type":"BreadcrumbList","@id":"https:\/\/contabilidadecaxias.com.br\/index.php\/2022\/09\/01\/tst-homenageia-ministro-renato-de-lacerda-paiva-em-sua-ultima-sessao-da-sdi-1\/#breadcrumb","itemListElement":[{"@type":"ListItem","position":1,"name":"In\u00edcio","item":"https:\/\/contabilidadecaxias.com.br\/"},{"@type":"ListItem","position":2,"name":"TST homenageia ministro Renato de Lacerda Paiva em sua \u00faltima sess\u00e3o da SDI-1"}]},{"@type":"WebSite","@id":"https:\/\/contabilidadecaxias.com.br\/#website","url":"https:\/\/contabilidadecaxias.com.br\/","name":"Contabilidade Caxias","description":"Site especializado em Contabilidade para Caxias.","potentialAction":[{"@type":"SearchAction","target":{"@type":"EntryPoint","urlTemplate":"https:\/\/contabilidadecaxias.com.br\/?s={search_term_string}"},"query-input":{"@type":"PropertyValueSpecification","valueRequired":true,"valueName":"search_term_string"}}],"inLanguage":"pt-BR"}]}},"_links":{"self":[{"href":"https:\/\/contabilidadecaxias.com.br\/index.php\/wp-json\/wp\/v2\/posts\/13928","targetHints":{"allow":["GET"]}}],"collection":[{"href":"https:\/\/contabilidadecaxias.com.br\/index.php\/wp-json\/wp\/v2\/posts"}],"about":[{"href":"https:\/\/contabilidadecaxias.com.br\/index.php\/wp-json\/wp\/v2\/types\/post"}],"replies":[{"embeddable":true,"href":"https:\/\/contabilidadecaxias.com.br\/index.php\/wp-json\/wp\/v2\/comments?post=13928"}],"version-history":[{"count":0,"href":"https:\/\/contabilidadecaxias.com.br\/index.php\/wp-json\/wp\/v2\/posts\/13928\/revisions"}],"wp:featuredmedia":[{"embeddable":true,"href":"https:\/\/contabilidadecaxias.com.br\/index.php\/wp-json\/wp\/v2\/media\/13929"}],"wp:attachment":[{"href":"https:\/\/contabilidadecaxias.com.br\/index.php\/wp-json\/wp\/v2\/media?parent=13928"}],"wp:term":[{"taxonomy":"category","embeddable":true,"href":"https:\/\/contabilidadecaxias.com.br\/index.php\/wp-json\/wp\/v2\/categories?post=13928"},{"taxonomy":"post_tag","embeddable":true,"href":"https:\/\/contabilidadecaxias.com.br\/index.php\/wp-json\/wp\/v2\/tags?post=13928"}],"curies":[{"name":"wp","href":"https:\/\/api.w.org\/{rel}","templated":true}]}}