{"id":13921,"date":"2022-09-01T12:13:44","date_gmt":"2022-09-01T15:13:44","guid":{"rendered":"https:\/\/contabilidadecaxias.com.br\/index.php\/2022\/09\/01\/enfermeira-de-missao-evangelica-em-posto-indigena-recebera-horas-extras-e-sobreaviso\/"},"modified":"2022-09-01T12:13:44","modified_gmt":"2022-09-01T15:13:44","slug":"enfermeira-de-missao-evangelica-em-posto-indigena-recebera-horas-extras-e-sobreaviso","status":"publish","type":"post","link":"https:\/\/contabilidadecaxias.com.br\/index.php\/2022\/09\/01\/enfermeira-de-missao-evangelica-em-posto-indigena-recebera-horas-extras-e-sobreaviso\/","title":{"rendered":"Enfermeira de miss\u00e3o evang\u00e9lica em posto ind\u00edgena receber\u00e1 horas extras e sobreaviso"},"content":{"rendered":"<div class=\"noticia-wrapper\">\n<p><em><\/p>\n<p>Ela ficava \u00e0 disposi\u00e7\u00e3o 24h no posto de sa\u00fade da aldeia<\/p>\n<p><\/em><\/p>\n<div class=\"social-media-share mobile\">\n        <a class=\"share-facebook\" href=\"https:\/\/www.facebook.com\/sharer.php?u=https:\/\/www.tst.jus.br\/-\/enfermeira-de-miss%C3%A3o-evang%C3%A9lica-em-posto-ind%C3%ADgena-receber%C3%A1-horas-extras-e-sobreaviso\" target=\"_blank\" rel=\"noopener\"><\/a><br \/>\n        <a class=\"share-twitter\" href=\"https:\/\/twitter.com\/intent\/tweet?text=Enfermeira%20de%20miss%C3%A3o%20evang%C3%A9lica%20em%20posto%20ind%C3%ADgena%20receber%C3%A1%20horas%20extras%20e%20sobreaviso%0AVeja%20mais%20em:&amp;url=https:\/\/www.tst.jus.br\/-\/enfermeira-de-miss%C3%A3o-evang%C3%A9lica-em-posto-ind%C3%ADgena-receber%C3%A1-horas-extras-e-sobreaviso\" target=\"_blank\" rel=\"noopener\"><\/a><br \/>\n        <a class=\"share-linkedin\" href=\"https:\/\/www.linkedin.com\/shareArticle?mini=true&amp;url=https:\/\/www.tst.jus.br\/-\/enfermeira-de-miss%C3%A3o-evang%C3%A9lica-em-posto-ind%C3%ADgena-receber%C3%A1-horas-extras-e-sobreaviso&amp;title=Enfermeira%20de%20miss%C3%A3o%20evang%C3%A9lica%20em%20posto%20ind%C3%ADgena%20receber%C3%A1%20horas%20extras%20e%20sobreaviso\" target=\"_blank\" rel=\"noopener\"><\/a><br \/>\n        <a class=\"share-whatsapp\" href=\"https:\/\/web.whatsapp.com\/send?text=https:\/\/www.tst.jus.br\/-\/enfermeira-de-miss%C3%A3o-evang%C3%A9lica-em-posto-ind%C3%ADgena-receber%C3%A1-horas-extras-e-sobreaviso\" target=\"_blank\" rel=\"noopener\"><\/a><br \/>\n        <a class=\"share-googleplus\" href=\"https:\/\/plus.google.com\/share?url=https:\/\/www.tst.jus.br\/-\/enfermeira-de-miss%C3%A3o-evang%C3%A9lica-em-posto-ind%C3%ADgena-receber%C3%A1-horas-extras-e-sobreaviso\" target=\"_blank\" rel=\"noopener\"><\/a>\n    <\/div>\n<div class=\"news-body\">\n<div class=\"imagem-da-noticia\">\n<p>Ministro Augusto C\u00e9sar<\/p>\n<div class=\"social-media-share\">\n                    <a class=\"share-facebook\" href=\"https:\/\/www.facebook.com\/sharer.php?u=https:\/\/www.tst.jus.br\/-\/enfermeira-de-miss%C3%A3o-evang%C3%A9lica-em-posto-ind%C3%ADgena-receber%C3%A1-horas-extras-e-sobreaviso\" target=\"_blank\" rel=\"noopener\"><\/a><br \/>\n                    <a class=\"share-twitter\" href=\"https:\/\/twitter.com\/intent\/tweet?text=Enfermeira%20de%20miss%C3%A3o%20evang%C3%A9lica%20em%20posto%20ind%C3%ADgena%20receber%C3%A1%20horas%20extras%20e%20sobreaviso%0AVeja%20mais%20em:&amp;url=https:\/\/www.tst.jus.br\/-\/enfermeira-de-miss%C3%A3o-evang%C3%A9lica-em-posto-ind%C3%ADgena-receber%C3%A1-horas-extras-e-sobreaviso\" target=\"_blank\" rel=\"noopener\"><\/a><br \/>\n                    <a class=\"share-linkedin\" href=\"https:\/\/www.linkedin.com\/shareArticle?mini=true&amp;url=https:\/\/www.tst.jus.br\/-\/enfermeira-de-miss%C3%A3o-evang%C3%A9lica-em-posto-ind%C3%ADgena-receber%C3%A1-horas-extras-e-sobreaviso&amp;title=Enfermeira%20de%20miss%C3%A3o%20evang%C3%A9lica%20em%20posto%20ind%C3%ADgena%20receber%C3%A1%20horas%20extras%20e%20sobreaviso\" target=\"_blank\" rel=\"noopener\"><\/a><br \/>\n                    <a class=\"share-whatsapp\" href=\"https:\/\/web.whatsapp.com\/send?text=https:\/\/www.tst.jus.br\/-\/enfermeira-de-miss%C3%A3o-evang%C3%A9lica-em-posto-ind%C3%ADgena-receber%C3%A1-horas-extras-e-sobreaviso\" target=\"_blank\" rel=\"noopener\"><\/a><br \/>\n                    <a class=\"share-googleplus\" href=\"https:\/\/plus.google.com\/share?url=https:\/\/www.tst.jus.br\/-\/enfermeira-de-miss%C3%A3o-evang%C3%A9lica-em-posto-ind%C3%ADgena-receber%C3%A1-horas-extras-e-sobreaviso\" target=\"_blank\" rel=\"noopener\"><\/a>\n                <\/div>\n<\/p><\/div>\n<div class=\"materia\">\n<p>01\/09\/22 &#8211;\u00a0A Sexta Turma do Tribunal Superior do Trabalho rejeitou o exame do recurso da Miss\u00e3o Evang\u00e9lica Caiu\u00e1, com sede em Dourados (MS), contra a condena\u00e7\u00e3o ao pagamento de horas extras a uma enfermeira pelo trabalho aos domingos e feriados numa aldeia ind\u00edgena local. Segundo o colegiado, as pretens\u00f5es da entidade eram frontalmente contr\u00e1rias \u00e0s conclus\u00f5es que levaram \u00e0 condena\u00e7\u00e3o.<\/p>\n<h4>Aldeia ind\u00edgena<\/h4>\n<p>A enfermeira foi contratada em Alta Floresta (RO) para trabalhar na vila de Porto Rolim, em escala de 20 x 10 dias. Na reclama\u00e7\u00e3o trabalhista, ela disse que, nos 20 dias em que trabalhava consecutivamente, tinha de ficar \u00e0 disposi\u00e7\u00e3o da miss\u00e3o e prestar assist\u00eancia 24 horas no posto de sa\u00fade da vila, atendendo brancos e ind\u00edgenas. Embora o hor\u00e1rio combinado fosse das 8h \u00e0s 18h, sustentou que, tr\u00eas vezes na semana, iniciava a jornada \u00e0s 7h, para fazer as visitas, e ficava durante todo o tempo \u00e0 disposi\u00e7\u00e3o ou de sobreaviso, pois era chamada v\u00e1rias vezes \u00e0 noite ou mesmo de madrugada.<\/p>\n<p>Suas atribui\u00e7\u00f5es envolviam a verifica\u00e7\u00e3o e a aplica\u00e7\u00e3o das vacinas, preparando as caixas com term\u00f4metro e cuidando de manter o controle da temperatura. Ainda conforme seu relato, nas folgas tinha de produzir relat\u00f3rios e mapas para prestar conta do trabalho.<\/p>\n<p>Segundo as testemunhas ouvidas no processo, os hor\u00e1rios anotados na folha de ponto correspondiam ao da ida e da volta, e n\u00e3o os hor\u00e1rios de trabalho na aldeia, e a anota\u00e7\u00e3o era feita apenas quando a profissional retornava. Tamb\u00e9m foi relatado que, durante a visita a alguma aldeia, a enfermeira eventualmente tinha de dormir no local, em raz\u00e3o da dist\u00e2ncia, e que o pernoite podia ser numa barraca, caso n\u00e3o houvesse um local cedido pela comunidade ind\u00edgena para ela passar a pernoite, como a casa do cacique.<\/p>\n<h4>Controle de jornada<\/h4>\n<p>O Tribunal Regional do Trabalho da 24\u00aa Regi\u00e3o (MS) reconheceu a possibilidade de controle de jornada pela Miss\u00e3o Evang\u00e9lica e constatou que, dos 10 dias de folga, a enfermeira s\u00f3 usufru\u00eda oito. Tamb\u00e9m entendeu que havia o trabalho em sobreaviso, pois a possibilidade de a profissional ser chamada pelos ind\u00edgenas a qualquer momento era veross\u00edmil, em raz\u00e3o da pr\u00f3pria natureza de suas atividades. Concluiu, ent\u00e3o, serem devidos horas extras, horas de prontid\u00e3o e adicional de 100% relativo aos domingos e feriados trabalhados durante todo o contrato de trabalho.<\/p>\n<h4>Reexame de fatos e provas<\/h4>\n<p>O relator do recurso de revista da miss\u00e3o, ministro Augusto C\u00e9sar, assinalou que, a partir do exame detido dos autos, a pretens\u00e3o recursal est\u00e1 frontalmente contr\u00e1ria \u00e0s afirma\u00e7\u00f5es do TRT sobre o tema. \u201cNo caso, para se chegar \u00e0 conclus\u00e3o diversa, seria imprescind\u00edvel o reexame f\u00e1tico-probat\u00f3rio, o que n\u00e3o \u00e9 vi\u00e1vel, diante da S\u00famula 126 do TST\u201d, afirmou.<\/p>\n<p>A decis\u00e3o foi un\u00e2nime.<\/p>\n<p>(GL\/CF)<br \/>\n\u00a0\u00a0\u00a0 \u00a0<br \/>\nProcesso: <a href=\"https:\/\/consultaprocessual.tst.jus.br\/consultaProcessual\/consultaTstNumUnica.do?consulta=Consultar&amp;conscsjt=&amp;numeroTst=460&amp;digitoTst=53&amp;anoTst=2017&amp;orgaoTst=5&amp;tribunalTst=14&amp;varaTst=0041&amp;submit=Consultar\" target=\"_blank\" rel=\"noopener\">RR-460-53.2017.5.14.0041<\/a><\/p>\n<p><em>Esta mat\u00e9ria tem cunho meramente informativo.<br \/>\nPermitida a reprodu\u00e7\u00e3o mediante cita\u00e7\u00e3o da fonte.<br \/>\nSecretaria de Comunica\u00e7\u00e3o Social<br \/>\n<a href=\"https:\/\/www.tst.jus.br\/\" target=\"_blank\" rel=\"noopener\">Tribunal Superior do Trabalho<\/a><br \/>\nTel. (61) 3043-4907<br \/>\n<a href=\"mailto:secom@tst.jus.br\" target=\"\" rel=\"noopener\">secom@tst.jus.br<\/a><\/em><\/p>\n<\/div><\/div>\n<\/div>\n","protected":false},"excerpt":{"rendered":"<p>Ela ficava \u00e0 disposi\u00e7\u00e3o 24h no posto de sa\u00fade da aldeia Ministro Augusto C\u00e9sar 01\/09\/22 &#8211;\u00a0A Sexta Turma do Tribunal Superior do Trabalho rejeitou o exame do recurso da Miss\u00e3o Evang\u00e9lica Caiu\u00e1, com sede em Dourados (MS), contra a condena\u00e7\u00e3o ao pagamento de horas extras a uma enfermeira pelo trabalho aos domingos e feriados numa [&hellip;]<\/p>\n","protected":false},"author":0,"featured_media":13922,"comment_status":"open","ping_status":"","sticky":false,"template":"","format":"standard","meta":{"footnotes":""},"categories":[5],"tags":[],"class_list":["post-13921","post","type-post","status-publish","format-standard","has-post-thumbnail","hentry","category-noticias-educacao-financeira"],"blocksy_meta":{"styles_descriptor":{"styles":{"desktop":"","tablet":"","mobile":""},"google_fonts":[],"version":6}},"yoast_head":"<!-- This site is optimized with the Yoast SEO plugin v27.4 - https:\/\/yoast.com\/product\/yoast-seo-wordpress\/ -->\n<title>Enfermeira de miss\u00e3o evang\u00e9lica em posto ind\u00edgena receber\u00e1 horas extras e sobreaviso - Contabilidade Caxias<\/title>\n<meta name=\"robots\" content=\"index, follow, max-snippet:-1, max-image-preview:large, max-video-preview:-1\" \/>\n<link rel=\"canonical\" href=\"https:\/\/contabilidadecaxias.com.br\/index.php\/2022\/09\/01\/enfermeira-de-missao-evangelica-em-posto-indigena-recebera-horas-extras-e-sobreaviso\/\" \/>\n<meta property=\"og:locale\" content=\"pt_BR\" \/>\n<meta property=\"og:type\" content=\"article\" \/>\n<meta property=\"og:title\" content=\"Enfermeira de miss\u00e3o evang\u00e9lica em posto ind\u00edgena receber\u00e1 horas extras e sobreaviso - Contabilidade Caxias\" \/>\n<meta property=\"og:description\" content=\"Ela ficava \u00e0 disposi\u00e7\u00e3o 24h no posto de sa\u00fade da aldeia Ministro Augusto C\u00e9sar 01\/09\/22 &#8211;\u00a0A Sexta Turma do Tribunal Superior do Trabalho rejeitou o exame do recurso da Miss\u00e3o Evang\u00e9lica Caiu\u00e1, com sede em Dourados (MS), contra a condena\u00e7\u00e3o ao pagamento de horas extras a uma enfermeira pelo trabalho aos domingos e feriados numa [&hellip;]\" \/>\n<meta property=\"og:url\" content=\"https:\/\/contabilidadecaxias.com.br\/index.php\/2022\/09\/01\/enfermeira-de-missao-evangelica-em-posto-indigena-recebera-horas-extras-e-sobreaviso\/\" \/>\n<meta property=\"og:site_name\" content=\"Contabilidade Caxias\" \/>\n<meta property=\"article:published_time\" content=\"2022-09-01T15:13:44+00:00\" \/>\n<meta name=\"twitter:card\" content=\"summary_large_image\" \/>\n<meta name=\"twitter:label1\" content=\"Est. tempo de leitura\" \/>\n\t<meta name=\"twitter:data1\" content=\"3 minutos\" \/>\n<script type=\"application\/ld+json\" class=\"yoast-schema-graph\">{\"@context\":\"https:\\\/\\\/schema.org\",\"@graph\":[{\"@type\":\"Article\",\"@id\":\"https:\\\/\\\/contabilidadecaxias.com.br\\\/index.php\\\/2022\\\/09\\\/01\\\/enfermeira-de-missao-evangelica-em-posto-indigena-recebera-horas-extras-e-sobreaviso\\\/#article\",\"isPartOf\":{\"@id\":\"https:\\\/\\\/contabilidadecaxias.com.br\\\/index.php\\\/2022\\\/09\\\/01\\\/enfermeira-de-missao-evangelica-em-posto-indigena-recebera-horas-extras-e-sobreaviso\\\/\"},\"author\":{\"name\":\"\",\"@id\":\"\"},\"headline\":\"Enfermeira de miss\u00e3o evang\u00e9lica em posto ind\u00edgena receber\u00e1 horas extras e sobreaviso\",\"datePublished\":\"2022-09-01T15:13:44+00:00\",\"mainEntityOfPage\":{\"@id\":\"https:\\\/\\\/contabilidadecaxias.com.br\\\/index.php\\\/2022\\\/09\\\/01\\\/enfermeira-de-missao-evangelica-em-posto-indigena-recebera-horas-extras-e-sobreaviso\\\/\"},\"wordCount\":561,\"commentCount\":0,\"image\":{\"@id\":\"https:\\\/\\\/contabilidadecaxias.com.br\\\/index.php\\\/2022\\\/09\\\/01\\\/enfermeira-de-missao-evangelica-em-posto-indigena-recebera-horas-extras-e-sobreaviso\\\/#primaryimage\"},\"thumbnailUrl\":\"https:\\\/\\\/contabilidadecaxias.com.br\\\/wp-content\\\/uploads\\\/2022\\\/09\\\/b2d7a9be-5ed8-fd5b-6e6a-7eee868ffcb6-eDgWif.jpeg\",\"articleSection\":[\"Educa\u00e7\u00e3o Financeira\"],\"inLanguage\":\"pt-BR\",\"potentialAction\":[{\"@type\":\"CommentAction\",\"name\":\"Comment\",\"target\":[\"https:\\\/\\\/contabilidadecaxias.com.br\\\/index.php\\\/2022\\\/09\\\/01\\\/enfermeira-de-missao-evangelica-em-posto-indigena-recebera-horas-extras-e-sobreaviso\\\/#respond\"]}]},{\"@type\":\"WebPage\",\"@id\":\"https:\\\/\\\/contabilidadecaxias.com.br\\\/index.php\\\/2022\\\/09\\\/01\\\/enfermeira-de-missao-evangelica-em-posto-indigena-recebera-horas-extras-e-sobreaviso\\\/\",\"url\":\"https:\\\/\\\/contabilidadecaxias.com.br\\\/index.php\\\/2022\\\/09\\\/01\\\/enfermeira-de-missao-evangelica-em-posto-indigena-recebera-horas-extras-e-sobreaviso\\\/\",\"name\":\"Enfermeira de miss\u00e3o evang\u00e9lica em posto ind\u00edgena receber\u00e1 horas extras e sobreaviso - Contabilidade Caxias\",\"isPartOf\":{\"@id\":\"https:\\\/\\\/contabilidadecaxias.com.br\\\/#website\"},\"primaryImageOfPage\":{\"@id\":\"https:\\\/\\\/contabilidadecaxias.com.br\\\/index.php\\\/2022\\\/09\\\/01\\\/enfermeira-de-missao-evangelica-em-posto-indigena-recebera-horas-extras-e-sobreaviso\\\/#primaryimage\"},\"image\":{\"@id\":\"https:\\\/\\\/contabilidadecaxias.com.br\\\/index.php\\\/2022\\\/09\\\/01\\\/enfermeira-de-missao-evangelica-em-posto-indigena-recebera-horas-extras-e-sobreaviso\\\/#primaryimage\"},\"thumbnailUrl\":\"https:\\\/\\\/contabilidadecaxias.com.br\\\/wp-content\\\/uploads\\\/2022\\\/09\\\/b2d7a9be-5ed8-fd5b-6e6a-7eee868ffcb6-eDgWif.jpeg\",\"datePublished\":\"2022-09-01T15:13:44+00:00\",\"author\":{\"@id\":\"\"},\"breadcrumb\":{\"@id\":\"https:\\\/\\\/contabilidadecaxias.com.br\\\/index.php\\\/2022\\\/09\\\/01\\\/enfermeira-de-missao-evangelica-em-posto-indigena-recebera-horas-extras-e-sobreaviso\\\/#breadcrumb\"},\"inLanguage\":\"pt-BR\",\"potentialAction\":[{\"@type\":\"ReadAction\",\"target\":[\"https:\\\/\\\/contabilidadecaxias.com.br\\\/index.php\\\/2022\\\/09\\\/01\\\/enfermeira-de-missao-evangelica-em-posto-indigena-recebera-horas-extras-e-sobreaviso\\\/\"]}]},{\"@type\":\"ImageObject\",\"inLanguage\":\"pt-BR\",\"@id\":\"https:\\\/\\\/contabilidadecaxias.com.br\\\/index.php\\\/2022\\\/09\\\/01\\\/enfermeira-de-missao-evangelica-em-posto-indigena-recebera-horas-extras-e-sobreaviso\\\/#primaryimage\",\"url\":\"https:\\\/\\\/contabilidadecaxias.com.br\\\/wp-content\\\/uploads\\\/2022\\\/09\\\/b2d7a9be-5ed8-fd5b-6e6a-7eee868ffcb6-eDgWif.jpeg\",\"contentUrl\":\"https:\\\/\\\/contabilidadecaxias.com.br\\\/wp-content\\\/uploads\\\/2022\\\/09\\\/b2d7a9be-5ed8-fd5b-6e6a-7eee868ffcb6-eDgWif.jpeg\",\"width\":1200,\"height\":789},{\"@type\":\"BreadcrumbList\",\"@id\":\"https:\\\/\\\/contabilidadecaxias.com.br\\\/index.php\\\/2022\\\/09\\\/01\\\/enfermeira-de-missao-evangelica-em-posto-indigena-recebera-horas-extras-e-sobreaviso\\\/#breadcrumb\",\"itemListElement\":[{\"@type\":\"ListItem\",\"position\":1,\"name\":\"In\u00edcio\",\"item\":\"https:\\\/\\\/contabilidadecaxias.com.br\\\/\"},{\"@type\":\"ListItem\",\"position\":2,\"name\":\"Enfermeira de miss\u00e3o evang\u00e9lica em posto ind\u00edgena receber\u00e1 horas extras e sobreaviso\"}]},{\"@type\":\"WebSite\",\"@id\":\"https:\\\/\\\/contabilidadecaxias.com.br\\\/#website\",\"url\":\"https:\\\/\\\/contabilidadecaxias.com.br\\\/\",\"name\":\"Contabilidade Caxias\",\"description\":\"Site especializado em Contabilidade para Caxias.\",\"potentialAction\":[{\"@type\":\"SearchAction\",\"target\":{\"@type\":\"EntryPoint\",\"urlTemplate\":\"https:\\\/\\\/contabilidadecaxias.com.br\\\/?s={search_term_string}\"},\"query-input\":{\"@type\":\"PropertyValueSpecification\",\"valueRequired\":true,\"valueName\":\"search_term_string\"}}],\"inLanguage\":\"pt-BR\"}]}<\/script>\n<!-- \/ Yoast SEO plugin. -->","yoast_head_json":{"title":"Enfermeira de miss\u00e3o evang\u00e9lica em posto ind\u00edgena receber\u00e1 horas extras e sobreaviso - Contabilidade Caxias","robots":{"index":"index","follow":"follow","max-snippet":"max-snippet:-1","max-image-preview":"max-image-preview:large","max-video-preview":"max-video-preview:-1"},"canonical":"https:\/\/contabilidadecaxias.com.br\/index.php\/2022\/09\/01\/enfermeira-de-missao-evangelica-em-posto-indigena-recebera-horas-extras-e-sobreaviso\/","og_locale":"pt_BR","og_type":"article","og_title":"Enfermeira de miss\u00e3o evang\u00e9lica em posto ind\u00edgena receber\u00e1 horas extras e sobreaviso - Contabilidade Caxias","og_description":"Ela ficava \u00e0 disposi\u00e7\u00e3o 24h no posto de sa\u00fade da aldeia Ministro Augusto C\u00e9sar 01\/09\/22 &#8211;\u00a0A Sexta Turma do Tribunal Superior do Trabalho rejeitou o exame do recurso da Miss\u00e3o Evang\u00e9lica Caiu\u00e1, com sede em Dourados (MS), contra a condena\u00e7\u00e3o ao pagamento de horas extras a uma enfermeira pelo trabalho aos domingos e feriados numa [&hellip;]","og_url":"https:\/\/contabilidadecaxias.com.br\/index.php\/2022\/09\/01\/enfermeira-de-missao-evangelica-em-posto-indigena-recebera-horas-extras-e-sobreaviso\/","og_site_name":"Contabilidade Caxias","article_published_time":"2022-09-01T15:13:44+00:00","twitter_card":"summary_large_image","twitter_misc":{"Est. tempo de leitura":"3 minutos"},"schema":{"@context":"https:\/\/schema.org","@graph":[{"@type":"Article","@id":"https:\/\/contabilidadecaxias.com.br\/index.php\/2022\/09\/01\/enfermeira-de-missao-evangelica-em-posto-indigena-recebera-horas-extras-e-sobreaviso\/#article","isPartOf":{"@id":"https:\/\/contabilidadecaxias.com.br\/index.php\/2022\/09\/01\/enfermeira-de-missao-evangelica-em-posto-indigena-recebera-horas-extras-e-sobreaviso\/"},"author":{"name":"","@id":""},"headline":"Enfermeira de miss\u00e3o evang\u00e9lica em posto ind\u00edgena receber\u00e1 horas extras e sobreaviso","datePublished":"2022-09-01T15:13:44+00:00","mainEntityOfPage":{"@id":"https:\/\/contabilidadecaxias.com.br\/index.php\/2022\/09\/01\/enfermeira-de-missao-evangelica-em-posto-indigena-recebera-horas-extras-e-sobreaviso\/"},"wordCount":561,"commentCount":0,"image":{"@id":"https:\/\/contabilidadecaxias.com.br\/index.php\/2022\/09\/01\/enfermeira-de-missao-evangelica-em-posto-indigena-recebera-horas-extras-e-sobreaviso\/#primaryimage"},"thumbnailUrl":"https:\/\/contabilidadecaxias.com.br\/wp-content\/uploads\/2022\/09\/b2d7a9be-5ed8-fd5b-6e6a-7eee868ffcb6-eDgWif.jpeg","articleSection":["Educa\u00e7\u00e3o Financeira"],"inLanguage":"pt-BR","potentialAction":[{"@type":"CommentAction","name":"Comment","target":["https:\/\/contabilidadecaxias.com.br\/index.php\/2022\/09\/01\/enfermeira-de-missao-evangelica-em-posto-indigena-recebera-horas-extras-e-sobreaviso\/#respond"]}]},{"@type":"WebPage","@id":"https:\/\/contabilidadecaxias.com.br\/index.php\/2022\/09\/01\/enfermeira-de-missao-evangelica-em-posto-indigena-recebera-horas-extras-e-sobreaviso\/","url":"https:\/\/contabilidadecaxias.com.br\/index.php\/2022\/09\/01\/enfermeira-de-missao-evangelica-em-posto-indigena-recebera-horas-extras-e-sobreaviso\/","name":"Enfermeira de miss\u00e3o evang\u00e9lica em posto ind\u00edgena receber\u00e1 horas extras e sobreaviso - Contabilidade Caxias","isPartOf":{"@id":"https:\/\/contabilidadecaxias.com.br\/#website"},"primaryImageOfPage":{"@id":"https:\/\/contabilidadecaxias.com.br\/index.php\/2022\/09\/01\/enfermeira-de-missao-evangelica-em-posto-indigena-recebera-horas-extras-e-sobreaviso\/#primaryimage"},"image":{"@id":"https:\/\/contabilidadecaxias.com.br\/index.php\/2022\/09\/01\/enfermeira-de-missao-evangelica-em-posto-indigena-recebera-horas-extras-e-sobreaviso\/#primaryimage"},"thumbnailUrl":"https:\/\/contabilidadecaxias.com.br\/wp-content\/uploads\/2022\/09\/b2d7a9be-5ed8-fd5b-6e6a-7eee868ffcb6-eDgWif.jpeg","datePublished":"2022-09-01T15:13:44+00:00","author":{"@id":""},"breadcrumb":{"@id":"https:\/\/contabilidadecaxias.com.br\/index.php\/2022\/09\/01\/enfermeira-de-missao-evangelica-em-posto-indigena-recebera-horas-extras-e-sobreaviso\/#breadcrumb"},"inLanguage":"pt-BR","potentialAction":[{"@type":"ReadAction","target":["https:\/\/contabilidadecaxias.com.br\/index.php\/2022\/09\/01\/enfermeira-de-missao-evangelica-em-posto-indigena-recebera-horas-extras-e-sobreaviso\/"]}]},{"@type":"ImageObject","inLanguage":"pt-BR","@id":"https:\/\/contabilidadecaxias.com.br\/index.php\/2022\/09\/01\/enfermeira-de-missao-evangelica-em-posto-indigena-recebera-horas-extras-e-sobreaviso\/#primaryimage","url":"https:\/\/contabilidadecaxias.com.br\/wp-content\/uploads\/2022\/09\/b2d7a9be-5ed8-fd5b-6e6a-7eee868ffcb6-eDgWif.jpeg","contentUrl":"https:\/\/contabilidadecaxias.com.br\/wp-content\/uploads\/2022\/09\/b2d7a9be-5ed8-fd5b-6e6a-7eee868ffcb6-eDgWif.jpeg","width":1200,"height":789},{"@type":"BreadcrumbList","@id":"https:\/\/contabilidadecaxias.com.br\/index.php\/2022\/09\/01\/enfermeira-de-missao-evangelica-em-posto-indigena-recebera-horas-extras-e-sobreaviso\/#breadcrumb","itemListElement":[{"@type":"ListItem","position":1,"name":"In\u00edcio","item":"https:\/\/contabilidadecaxias.com.br\/"},{"@type":"ListItem","position":2,"name":"Enfermeira de miss\u00e3o evang\u00e9lica em posto ind\u00edgena receber\u00e1 horas extras e sobreaviso"}]},{"@type":"WebSite","@id":"https:\/\/contabilidadecaxias.com.br\/#website","url":"https:\/\/contabilidadecaxias.com.br\/","name":"Contabilidade Caxias","description":"Site especializado em Contabilidade para Caxias.","potentialAction":[{"@type":"SearchAction","target":{"@type":"EntryPoint","urlTemplate":"https:\/\/contabilidadecaxias.com.br\/?s={search_term_string}"},"query-input":{"@type":"PropertyValueSpecification","valueRequired":true,"valueName":"search_term_string"}}],"inLanguage":"pt-BR"}]}},"_links":{"self":[{"href":"https:\/\/contabilidadecaxias.com.br\/index.php\/wp-json\/wp\/v2\/posts\/13921","targetHints":{"allow":["GET"]}}],"collection":[{"href":"https:\/\/contabilidadecaxias.com.br\/index.php\/wp-json\/wp\/v2\/posts"}],"about":[{"href":"https:\/\/contabilidadecaxias.com.br\/index.php\/wp-json\/wp\/v2\/types\/post"}],"replies":[{"embeddable":true,"href":"https:\/\/contabilidadecaxias.com.br\/index.php\/wp-json\/wp\/v2\/comments?post=13921"}],"version-history":[{"count":0,"href":"https:\/\/contabilidadecaxias.com.br\/index.php\/wp-json\/wp\/v2\/posts\/13921\/revisions"}],"wp:featuredmedia":[{"embeddable":true,"href":"https:\/\/contabilidadecaxias.com.br\/index.php\/wp-json\/wp\/v2\/media\/13922"}],"wp:attachment":[{"href":"https:\/\/contabilidadecaxias.com.br\/index.php\/wp-json\/wp\/v2\/media?parent=13921"}],"wp:term":[{"taxonomy":"category","embeddable":true,"href":"https:\/\/contabilidadecaxias.com.br\/index.php\/wp-json\/wp\/v2\/categories?post=13921"},{"taxonomy":"post_tag","embeddable":true,"href":"https:\/\/contabilidadecaxias.com.br\/index.php\/wp-json\/wp\/v2\/tags?post=13921"}],"curies":[{"name":"wp","href":"https:\/\/api.w.org\/{rel}","templated":true}]}}